{"id":10260,"date":"2009-02-01T15:41:18","date_gmt":"2009-02-01T14:41:18","guid":{"rendered":"http:\/\/www.visit-ulcinj.com\/blog\/?p=10260"},"modified":"2009-02-01T15:41:24","modified_gmt":"2009-02-01T14:41:24","slug":"perpjekja-per-percarjen-e-shqiptareve","status":"publish","type":"post","link":"https:\/\/www.visit-ulcinj.com\/blog\/2009\/02\/01\/perpjekja-per-percarjen-e-shqiptareve\/","title":{"rendered":"P\u00ebrpjekja p\u00ebr p\u00ebr\u00e7arjen e shqiptar\u00ebve"},"content":{"rendered":"<p><a rel=\"attachment wp-att-10261\" href=\"http:\/\/www.visit-ulcinj.com\/blog\/2009\/02\/01\/perpjekja-per-percarjen-e-shqiptareve\/vilajetin-e-shkodres\/\"><img loading=\"lazy\" class=\"alignleft size-full wp-image-10261\" title=\"vilajetin-e-shkodres\" src=\"http:\/\/www.visit-ulcinj.com\/blog\/wp-content\/uploads\/2009\/02\/vilajetin-e-shkodres.jpg\" alt=\"vilajetin-e-shkodres\" width=\"570\" height=\"302\" \/><\/a>N\u00eb manovr\u00ebn diplomatike Londra u mb\u00ebshtet m\u00eb tep\u00ebr n\u00eb bashk\u00ebpunimin e Vjen\u00ebs sesa n\u00eb at\u00eb t\u00eb Parisit. Ata mendonin se popullsia e k\u00ebtyre rajoneve nuk do t\u00eb pajtohej me humbjen e Ulqinit dhe se kjo pak\u00ebnaq\u00ebsi do t\u00eb mund t\u00eb kap\u00ebrcehej n\u00eb rast se do t`i jepeshin premtime p\u00ebr autonomi.<br \/>\nMe k\u00ebt\u00eb loj\u00eb diplomatike, qeveria britanike e Gledstonit, e cila nuk ishte aspak dakord me k\u00ebrkes\u00ebn e Lidhjes Shqiptare t\u00eb Prizrenit p\u00ebr krijimin e nj\u00eb vilajeti t\u00eb bashkuar shqiptar, duke par\u00eb se Perandoria Osmane nuk ishte n\u00eb gjendje t`i kund\u00ebrvihej haptas zem\u00ebrimit t\u00eb shqiptar\u00ebve, zgjodhi rrug\u00ebn e p\u00ebr\u00e7arjes s\u00eb shqiptar\u00ebve n\u00ebp\u00ebrmjet ides\u00eb autonomiste jo p\u00ebr t\u00ebr\u00eb trojet shqiptare, por vet\u00ebm p\u00ebr Vilajetin e Shkodr\u00ebs. N\u00eb k\u00ebt\u00eb manov\u00ebr diplomatik Londra u mb\u00ebshtet m\u00eb tep\u00ebr n\u00eb bashk\u00ebpunimin e Vjen\u00ebs sesa n\u00eb at\u00eb t\u00eb Parisit. Ata mendonin se popullsia e k\u00ebtyre rajoneve nuk do t\u00eb pajtohej me humbjen e Ulqinit dhe se kjo pak\u00ebnaq\u00ebsi do t\u00eb mund t\u00eb kap\u00ebrcehej n\u00eb rast se do t`i jepeshin premtime p\u00ebr autonomi.<br \/>\nP\u00ebr propozimin e dh\u00ebn\u00eb u deklaruan t\u00eb gjitha Fuqit\u00eb e M\u00ebdha.<br \/>\nRusia, si \u00e7doher\u00eb, duke qen\u00eb mbrojt\u00ebse e p\u00ebrbetuar e Malit t\u00eb Zi, kur mori vesh se, p\u00ebr shkak t\u00eb rezistenc\u00ebs s\u00eb shqiptar\u00ebve, partner\u00ebt e saj mendonin ta korrigjonin p\u00ebr t\u00eb tret\u00ebn her\u00eb vendimin e tyre p\u00ebr t`i dh\u00ebn\u00eb Malit t\u00eb Zi n\u00eb vend t\u00eb Hotit dhe Grud\u00ebs nj\u00eb krahin\u00eb tjet\u00ebr q\u00eb mbante Perandoria Osmane, ministri i saj i Pun\u00ebve t\u00eb Jashtme, Girs, deklaroi m\u00eb 5 qershor 1880 se ai ishte i pak\u00ebnaqur p\u00ebr t\u00eb dy projektet e Londr\u00ebs &#8211; si p\u00ebr dh\u00ebnien e Ulqinit Malit t\u00eb Zi ashtu edhe p\u00ebr njohjen e autonomis\u00eb s\u00eb Vilajetit t\u00eb Shkodr\u00ebs. Megjithat\u00eb, p\u00ebr dh\u00ebnien e Ulqinit Malit t\u00eb Zi deklaroi se pajtohej n\u00eb qoft\u00eb se do t\u00eb pajtohej Cetina. N\u00eb fund e p\u00ebrkrahi k\u00ebt\u00eb propozim me shpres\u00eb se aleatit t\u00eb saj t\u00eb vog\u00ebl n\u00eb Ballkan do t`i plot\u00ebsoheshin k\u00ebrkesat. Ajo insistonte n\u00eb nevoj\u00ebn q\u00eb Fuqit\u00eb e M\u00ebdha t\u00eb merreshin vesh p\u00ebr mjetet efikase q\u00eb duheshin p\u00ebrdorur p\u00ebr ta detyruar Port\u00ebn e Lart\u00eb q\u00eb t`i plot\u00ebsonte k\u00ebto vendime, sepse, sipas Rusis\u00eb, posedimi i rajoneve rreth Bun\u00ebs dhe Ulqini me bregdet jan\u00eb m\u00eb tep\u00ebr se kompensim p\u00ebr territoret e m\u00ebparshme.<br \/>\nItalia n\u00eb fillim shprehu rezerv\u00eb, sepse kishte frik\u00eb nga ndikimi austro-hungarez sipas nenit 29 t\u00eb Traktatit t\u00eb Berlinit, por m\u00eb n\u00eb fund i dha p\u00ebrkrahje t\u00eb plot\u00eb ides\u00eb s\u00eb Granvilit, duke theksuar faktin se \u00ebsht\u00eb e nevojshme q\u00eb m\u00eb par\u00eb t\u00eb analizohet se mos vall\u00eb Porta e Lart\u00eb kthehet n\u00eb realizimin e vendimit t\u00eb 12 prillit.<br \/>\nFranca e p\u00ebrkrahu propozimin p\u00ebr t`i dh\u00ebn\u00eb Malit t\u00eb Zi Ulqinin me rrethina, por theksin e vuri n\u00eb instrumentin diplomatik i cili duhej drejtuar Port\u00ebs. Sipas Franc\u00ebs, ky instrument diplomatik duhej t\u00eb ishte marr\u00ebveshja nd\u00ebrmjet t\u00eb gjitha kabineteve evropiane. Ajo d\u00ebshironte q\u00eb vendimi t\u00eb ishte rezultat i nj\u00eb q\u00ebndrimi t\u00eb p\u00ebrbashk\u00ebt dhe mund i t\u00eb gjitha Fuqive t\u00eb M\u00ebdha.<br \/>\nGjermania dha p\u00eblqim global p\u00ebr propozimin e dh\u00ebn\u00eb. Ajo theksonte se kjo \u00ebsht\u00eb nj\u00eb \u00e7\u00ebshtje urgjente q\u00eb do zgjidhje, prandaj edhe angazhohej p\u00ebr harmonizimin e aksionit t\u00eb p\u00ebrbashk\u00ebt t\u00eb Fuqive t\u00eb M\u00ebdha.<br \/>\n<strong>Mr. Riza Rexha<br \/>\nKoha Javore<\/strong><\/p>\n","protected":false},"excerpt":{"rendered":"<p>N\u00eb manovr\u00ebn diplomatike Londra u mb\u00ebshtet m\u00eb tep\u00ebr n\u00eb bashk\u00ebpunimin e Vjen\u00ebs sesa n\u00eb at\u00eb t\u00eb Parisit. Ata mendonin se popullsia e k\u00ebtyre rajoneve nuk do t\u00eb pajtohej me humbjen e Ulqinit dhe se kjo pak\u00ebnaq\u00ebsi do t\u00eb mund t\u00eb kap\u00ebrcehej n\u00eb rast se do t`i jepeshin premtime p\u00ebr autonomi. Me k\u00ebt\u00eb loj\u00eb diplomatike, qeveria [&hellip;]<\/p>\n","protected":false},"author":1,"featured_media":0,"comment_status":"open","ping_status":"closed","sticky":false,"template":"","format":"standard","meta":{"spay_email":"","jetpack_publicize_message":"","jetpack_is_tweetstorm":false,"jetpack_publicize_feature_enabled":true},"categories":[4],"tags":[6323,6324,6322],"jetpack_publicize_connections":[],"yoast_head":"<!-- This site is optimized with the Yoast SEO plugin v19.1 - https:\/\/yoast.com\/wordpress\/plugins\/seo\/ -->\n<title>P\u00ebrpjekja p\u00ebr p\u00ebr\u00e7arjen e shqiptar\u00ebve - Lajme nga Ulqini<\/title>\n<meta name=\"description\" content=\"N\u00eb manovr\u00ebn diplomatike Londra u mb\u00ebshtet m\u00eb tep\u00ebr n\u00eb bashk\u00ebpunimin e Vjen\u00ebs sesa n\u00eb at\u00eb t\u00eb Parisit. Ata mendonin se popullsia e k\u00ebtyre rajoneve nuk do t\u00eb\" \/>\n<meta name=\"robots\" content=\"index, follow, max-snippet:-1, max-image-preview:large, max-video-preview:-1\" \/>\n<link rel=\"canonical\" href=\"https:\/\/www.visit-ulcinj.com\/blog\/2009\/02\/01\/perpjekja-per-percarjen-e-shqiptareve\/\" \/>\n<meta property=\"og:locale\" content=\"en_US\" \/>\n<meta property=\"og:type\" content=\"article\" \/>\n<meta property=\"og:title\" content=\"P\u00ebrpjekja p\u00ebr p\u00ebr\u00e7arjen e shqiptar\u00ebve - Lajme nga Ulqini\" \/>\n<meta property=\"og:description\" content=\"N\u00eb manovr\u00ebn diplomatike Londra u mb\u00ebshtet m\u00eb tep\u00ebr n\u00eb bashk\u00ebpunimin e Vjen\u00ebs sesa n\u00eb at\u00eb t\u00eb Parisit. Ata mendonin se popullsia e k\u00ebtyre rajoneve nuk do t\u00eb\" \/>\n<meta property=\"og:url\" content=\"https:\/\/www.visit-ulcinj.com\/blog\/2009\/02\/01\/perpjekja-per-percarjen-e-shqiptareve\/\" \/>\n<meta property=\"og:site_name\" content=\"Lajme nga Ulqini\" \/>\n<meta property=\"article:published_time\" content=\"2009-02-01T14:41:18+00:00\" \/>\n<meta property=\"article:modified_time\" content=\"2009-02-01T14:41:24+00:00\" \/>\n<meta property=\"og:image\" content=\"http:\/\/www.visit-ulcinj.com\/blog\/wp-content\/uploads\/2009\/02\/vilajetin-e-shkodres.jpg\" \/>\n<meta name=\"twitter:label1\" content=\"Written by\" \/>\n\t<meta name=\"twitter:data1\" content=\"ulqini\" \/>\n\t<meta name=\"twitter:label2\" content=\"Est. reading time\" \/>\n\t<meta name=\"twitter:data2\" content=\"3 minutes\" \/>\n<script type=\"application\/ld+json\" class=\"yoast-schema-graph\">{\"@context\":\"https:\/\/schema.org\",\"@graph\":[{\"@type\":\"WebSite\",\"@id\":\"https:\/\/www.visit-ulcinj.com\/blog\/#website\",\"url\":\"https:\/\/www.visit-ulcinj.com\/blog\/\",\"name\":\"Lajme nga Ulqini\",\"description\":\"Lajme,Vijesti,Ulqini,Ulqin,Crna Gora,Mali i Zi\",\"potentialAction\":[{\"@type\":\"SearchAction\",\"target\":{\"@type\":\"EntryPoint\",\"urlTemplate\":\"https:\/\/www.visit-ulcinj.com\/blog\/?s={search_term_string}\"},\"query-input\":\"required name=search_term_string\"}],\"inLanguage\":\"en-US\"},{\"@type\":\"ImageObject\",\"inLanguage\":\"en-US\",\"@id\":\"https:\/\/www.visit-ulcinj.com\/blog\/2009\/02\/01\/perpjekja-per-percarjen-e-shqiptareve\/#primaryimage\",\"url\":\"https:\/\/www.visit-ulcinj.com\/blog\/wp-content\/uploads\/2009\/02\/vilajetin-e-shkodres.jpg\",\"contentUrl\":\"https:\/\/www.visit-ulcinj.com\/blog\/wp-content\/uploads\/2009\/02\/vilajetin-e-shkodres.jpg\",\"width\":\"429\",\"height\":\"302\"},{\"@type\":\"WebPage\",\"@id\":\"https:\/\/www.visit-ulcinj.com\/blog\/2009\/02\/01\/perpjekja-per-percarjen-e-shqiptareve\/#webpage\",\"url\":\"https:\/\/www.visit-ulcinj.com\/blog\/2009\/02\/01\/perpjekja-per-percarjen-e-shqiptareve\/\",\"name\":\"P\u00ebrpjekja p\u00ebr p\u00ebr\u00e7arjen e shqiptar\u00ebve - Lajme nga Ulqini\",\"isPartOf\":{\"@id\":\"https:\/\/www.visit-ulcinj.com\/blog\/#website\"},\"primaryImageOfPage\":{\"@id\":\"https:\/\/www.visit-ulcinj.com\/blog\/2009\/02\/01\/perpjekja-per-percarjen-e-shqiptareve\/#primaryimage\"},\"datePublished\":\"2009-02-01T14:41:18+00:00\",\"dateModified\":\"2009-02-01T14:41:24+00:00\",\"author\":{\"@id\":\"https:\/\/www.visit-ulcinj.com\/blog\/#\/schema\/person\/dcab619c614d3038751c63bc2aadc06d\"},\"description\":\"N\u00eb manovr\u00ebn diplomatike Londra u mb\u00ebshtet m\u00eb tep\u00ebr n\u00eb bashk\u00ebpunimin e Vjen\u00ebs sesa n\u00eb at\u00eb t\u00eb Parisit. Ata mendonin se popullsia e k\u00ebtyre rajoneve nuk do t\u00eb\",\"breadcrumb\":{\"@id\":\"https:\/\/www.visit-ulcinj.com\/blog\/2009\/02\/01\/perpjekja-per-percarjen-e-shqiptareve\/#breadcrumb\"},\"inLanguage\":\"en-US\",\"potentialAction\":[{\"@type\":\"ReadAction\",\"target\":[\"https:\/\/www.visit-ulcinj.com\/blog\/2009\/02\/01\/perpjekja-per-percarjen-e-shqiptareve\/\"]}]},{\"@type\":\"BreadcrumbList\",\"@id\":\"https:\/\/www.visit-ulcinj.com\/blog\/2009\/02\/01\/perpjekja-per-percarjen-e-shqiptareve\/#breadcrumb\",\"itemListElement\":[{\"@type\":\"ListItem\",\"position\":1,\"name\":\"P\u00ebrpjekja p\u00ebr p\u00ebr\u00e7arjen e shqiptar\u00ebve\"}]},{\"@type\":\"Person\",\"@id\":\"https:\/\/www.visit-ulcinj.com\/blog\/#\/schema\/person\/dcab619c614d3038751c63bc2aadc06d\",\"name\":\"ulqini\",\"sameAs\":[\"http:\/\/www.visit-ulcinj.com\"],\"url\":\"https:\/\/www.visit-ulcinj.com\/blog\/author\/admin\/\"}]}<\/script>\n<!-- \/ Yoast SEO plugin. -->","yoast_head_json":{"title":"P\u00ebrpjekja p\u00ebr p\u00ebr\u00e7arjen e shqiptar\u00ebve - Lajme nga Ulqini","description":"N\u00eb manovr\u00ebn diplomatike Londra u mb\u00ebshtet m\u00eb tep\u00ebr n\u00eb bashk\u00ebpunimin e Vjen\u00ebs sesa n\u00eb at\u00eb t\u00eb Parisit. Ata mendonin se popullsia e k\u00ebtyre rajoneve nuk do t\u00eb","robots":{"index":"index","follow":"follow","max-snippet":"max-snippet:-1","max-image-preview":"max-image-preview:large","max-video-preview":"max-video-preview:-1"},"canonical":"https:\/\/www.visit-ulcinj.com\/blog\/2009\/02\/01\/perpjekja-per-percarjen-e-shqiptareve\/","og_locale":"en_US","og_type":"article","og_title":"P\u00ebrpjekja p\u00ebr p\u00ebr\u00e7arjen e shqiptar\u00ebve - Lajme nga Ulqini","og_description":"N\u00eb manovr\u00ebn diplomatike Londra u mb\u00ebshtet m\u00eb tep\u00ebr n\u00eb bashk\u00ebpunimin e Vjen\u00ebs sesa n\u00eb at\u00eb t\u00eb Parisit. Ata mendonin se popullsia e k\u00ebtyre rajoneve nuk do t\u00eb","og_url":"https:\/\/www.visit-ulcinj.com\/blog\/2009\/02\/01\/perpjekja-per-percarjen-e-shqiptareve\/","og_site_name":"Lajme nga Ulqini","article_published_time":"2009-02-01T14:41:18+00:00","article_modified_time":"2009-02-01T14:41:24+00:00","og_image":[{"url":"http:\/\/www.visit-ulcinj.com\/blog\/wp-content\/uploads\/2009\/02\/vilajetin-e-shkodres.jpg"}],"twitter_misc":{"Written by":"ulqini","Est. reading time":"3 minutes"},"schema":{"@context":"https:\/\/schema.org","@graph":[{"@type":"WebSite","@id":"https:\/\/www.visit-ulcinj.com\/blog\/#website","url":"https:\/\/www.visit-ulcinj.com\/blog\/","name":"Lajme nga Ulqini","description":"Lajme,Vijesti,Ulqini,Ulqin,Crna Gora,Mali i Zi","potentialAction":[{"@type":"SearchAction","target":{"@type":"EntryPoint","urlTemplate":"https:\/\/www.visit-ulcinj.com\/blog\/?s={search_term_string}"},"query-input":"required name=search_term_string"}],"inLanguage":"en-US"},{"@type":"ImageObject","inLanguage":"en-US","@id":"https:\/\/www.visit-ulcinj.com\/blog\/2009\/02\/01\/perpjekja-per-percarjen-e-shqiptareve\/#primaryimage","url":"https:\/\/www.visit-ulcinj.com\/blog\/wp-content\/uploads\/2009\/02\/vilajetin-e-shkodres.jpg","contentUrl":"https:\/\/www.visit-ulcinj.com\/blog\/wp-content\/uploads\/2009\/02\/vilajetin-e-shkodres.jpg","width":"429","height":"302"},{"@type":"WebPage","@id":"https:\/\/www.visit-ulcinj.com\/blog\/2009\/02\/01\/perpjekja-per-percarjen-e-shqiptareve\/#webpage","url":"https:\/\/www.visit-ulcinj.com\/blog\/2009\/02\/01\/perpjekja-per-percarjen-e-shqiptareve\/","name":"P\u00ebrpjekja p\u00ebr p\u00ebr\u00e7arjen e shqiptar\u00ebve - Lajme nga Ulqini","isPartOf":{"@id":"https:\/\/www.visit-ulcinj.com\/blog\/#website"},"primaryImageOfPage":{"@id":"https:\/\/www.visit-ulcinj.com\/blog\/2009\/02\/01\/perpjekja-per-percarjen-e-shqiptareve\/#primaryimage"},"datePublished":"2009-02-01T14:41:18+00:00","dateModified":"2009-02-01T14:41:24+00:00","author":{"@id":"https:\/\/www.visit-ulcinj.com\/blog\/#\/schema\/person\/dcab619c614d3038751c63bc2aadc06d"},"description":"N\u00eb manovr\u00ebn diplomatike Londra u mb\u00ebshtet m\u00eb tep\u00ebr n\u00eb bashk\u00ebpunimin e Vjen\u00ebs sesa n\u00eb at\u00eb t\u00eb Parisit. Ata mendonin se popullsia e k\u00ebtyre rajoneve nuk do t\u00eb","breadcrumb":{"@id":"https:\/\/www.visit-ulcinj.com\/blog\/2009\/02\/01\/perpjekja-per-percarjen-e-shqiptareve\/#breadcrumb"},"inLanguage":"en-US","potentialAction":[{"@type":"ReadAction","target":["https:\/\/www.visit-ulcinj.com\/blog\/2009\/02\/01\/perpjekja-per-percarjen-e-shqiptareve\/"]}]},{"@type":"BreadcrumbList","@id":"https:\/\/www.visit-ulcinj.com\/blog\/2009\/02\/01\/perpjekja-per-percarjen-e-shqiptareve\/#breadcrumb","itemListElement":[{"@type":"ListItem","position":1,"name":"P\u00ebrpjekja p\u00ebr p\u00ebr\u00e7arjen e shqiptar\u00ebve"}]},{"@type":"Person","@id":"https:\/\/www.visit-ulcinj.com\/blog\/#\/schema\/person\/dcab619c614d3038751c63bc2aadc06d","name":"ulqini","sameAs":["http:\/\/www.visit-ulcinj.com"],"url":"https:\/\/www.visit-ulcinj.com\/blog\/author\/admin\/"}]}},"jetpack_featured_media_url":"","jetpack_sharing_enabled":true,"jetpack_shortlink":"https:\/\/wp.me\/pe6lTn-2Fu","_links":{"self":[{"href":"https:\/\/www.visit-ulcinj.com\/blog\/wp-json\/wp\/v2\/posts\/10260"}],"collection":[{"href":"https:\/\/www.visit-ulcinj.com\/blog\/wp-json\/wp\/v2\/posts"}],"about":[{"href":"https:\/\/www.visit-ulcinj.com\/blog\/wp-json\/wp\/v2\/types\/post"}],"author":[{"embeddable":true,"href":"https:\/\/www.visit-ulcinj.com\/blog\/wp-json\/wp\/v2\/users\/1"}],"replies":[{"embeddable":true,"href":"https:\/\/www.visit-ulcinj.com\/blog\/wp-json\/wp\/v2\/comments?post=10260"}],"version-history":[{"count":0,"href":"https:\/\/www.visit-ulcinj.com\/blog\/wp-json\/wp\/v2\/posts\/10260\/revisions"}],"wp:attachment":[{"href":"https:\/\/www.visit-ulcinj.com\/blog\/wp-json\/wp\/v2\/media?parent=10260"}],"wp:term":[{"taxonomy":"category","embeddable":true,"href":"https:\/\/www.visit-ulcinj.com\/blog\/wp-json\/wp\/v2\/categories?post=10260"},{"taxonomy":"post_tag","embeddable":true,"href":"https:\/\/www.visit-ulcinj.com\/blog\/wp-json\/wp\/v2\/tags?post=10260"}],"curies":[{"name":"wp","href":"https:\/\/api.w.org\/{rel}","templated":true}]}}