{"id":102600,"date":"2017-01-31T14:23:25","date_gmt":"2017-01-31T13:23:25","guid":{"rendered":"http:\/\/www.visit-ulcinj.com\/blog\/?p=102600"},"modified":"2017-01-31T14:23:48","modified_gmt":"2017-01-31T13:23:48","slug":"nika-ministri-malazez-ljumoviq-bashke-me-40-artistat-e-ulqinit-te-rrine-sa-me-larg-shasit","status":"publish","type":"post","link":"https:\/\/www.visit-ulcinj.com\/blog\/2017\/01\/31\/nika-ministri-malazez-ljumoviq-bashke-me-40-artistat-e-ulqinit-te-rrine-sa-me-larg-shasit\/","title":{"rendered":"Nika: Ministri malazez Ljumoviq bashk\u00eb me 40 artistat e Ulqinit, t\u00eb rrin\u00eb sa m\u00eb  larg Shasit ?!"},"content":{"rendered":"<p><a href=\"http:\/\/www.visit-ulcinj.com\/blog\/wp-content\/uploads\/2017\/01\/Ministar-Ljumovic-boravio-u-radnoj-posjeti-Ulcinju-2.jpg\"><img loading=\"lazy\" class=\"alignleft wp-image-102589\" src=\"http:\/\/www.visit-ulcinj.com\/blog\/wp-content\/uploads\/2017\/01\/Ministar-Ljumovic-boravio-u-radnoj-posjeti-Ulcinju-2.jpg\" alt=\"Ministar Ljumovic boravio u radnoj posjeti Ulcinju-2\" width=\"508\" height=\"338\" srcset=\"https:\/\/www.visit-ulcinj.com\/blog\/wp-content\/uploads\/2017\/01\/Ministar-Ljumovic-boravio-u-radnoj-posjeti-Ulcinju-2.jpg 470w, https:\/\/www.visit-ulcinj.com\/blog\/wp-content\/uploads\/2017\/01\/Ministar-Ljumovic-boravio-u-radnoj-posjeti-Ulcinju-2-300x200.jpg 300w\" sizes=\"(max-width: 508px) 100vw, 508px\" \/><\/a><\/p>\n<ul>\n<li><strong><em>Pse nuk b\u00ebn\u00eb\u00a0 t\u00eb prek\u00eb\u00a0 gjithkush n\u00eb kultur\u00ebn e Shasit- An\u00ebs s\u00eb Malit&#8230;?!<\/em><\/strong><\/li>\n<\/ul>\n<p>Sot\u00a0 \u00a0enigma \u00a0e mjegull\u00ebs s\u00eb \u00a0mundit serb p\u00ebr t\u00eb mohuar\u00a0 \u00a0trash\u00ebgimin\u00eb kulturore \u00a0\u00a0\u00a0\u00a0\u00a0ton\u00ebn \u00a0nga ajo ilire v\u00ebrejm\u00eb\u00a0\u00a0 se\u00a0 \u00e7ohet\u00a0\u00a0 me\u00a0\u00a0 gjetjet \u00a0arkeologjike t\u00eb \u00a0kultur\u00ebs s\u00eb civilizimit t\u00eb lasht\u00eb t\u00eb lugin\u00ebs s\u00eb lumit Koman brenda rr\u00ebnojave t\u00eb qytetit .<\/p>\n<p>D\u00ebshmit\u00eb e kultur\u00ebs s\u00eb Komanit , n\u00eb Shas , shkojn\u00eb kund\u00ebr teoris\u00eb serbe dhe \u00a0jan\u00eb si puna e asaj hallk\u00ebs lidh\u00ebse t\u00eb evolucionit q\u00eb mungon &#8211; t\u00eb\u00a0 species \u00a0gjysm\u00eb njeri dhe gjysm\u00eb majmun.., p\u00ebr t\u00eb kuptuar drejt\u00eb \u00a0prejardhjen ton\u00eb?!<\/p>\n<p>Gjetja e k\u00ebsaj kulture \u00a0e t\u00ebrbon vet\u00ebdijen e s\u00ebmur\u00eb serbo- malazeze dhe p\u00ebr pun\u00eb arkeologjike shkencore t\u00eb\u00a0 Shasit,\u00a0 le\u00a0 t\u00eb flasin shkenc\u00ebtar\u00ebt- akademit\u00eb e dy shteteve&#8230;.?!!<\/p>\n<p><a href=\"http:\/\/www.visit-ulcinj.com\/blog\/wp-content\/uploads\/2017\/01\/Shasi-n\u00eb-harta-p\u00ebrmendet-edhe-si-RRIZANA-.jpg\"><img loading=\"lazy\" class=\"alignleft wp-image-102601\" src=\"http:\/\/www.visit-ulcinj.com\/blog\/wp-content\/uploads\/2017\/01\/Shasi-n\u00eb-harta-p\u00ebrmendet-edhe-si-RRIZANA-.jpg\" alt=\"Shasi n\u00eb harta p\u00ebrmendet edhe si RRIZANA\" width=\"508\" height=\"351\" srcset=\"https:\/\/www.visit-ulcinj.com\/blog\/wp-content\/uploads\/2017\/01\/Shasi-n\u00eb-harta-p\u00ebrmendet-edhe-si-RRIZANA-.jpg 620w, https:\/\/www.visit-ulcinj.com\/blog\/wp-content\/uploads\/2017\/01\/Shasi-n\u00eb-harta-p\u00ebrmendet-edhe-si-RRIZANA--300x207.jpg 300w\" sizes=\"(max-width: 508px) 100vw, 508px\" \/><\/a><\/p>\n<p><strong>Tjet\u00ebr shtojm\u00eb se edhe n\u00eb nj\u00eb hart\u00eb t\u00eb vitit 1590, v\u00ebrejm\u00eb q\u00eb Ana e Malit, shquhej edhe \u00a0p\u00ebr rrug\u00eb t\u00eb karavaneve\u00a0 tregtare dhe\u00a0 kulla t\u00eb fortifikuara e me t\u00eb cilat b\u00ebhej edhe identifikimi i t\u00ebr\u00eb trev\u00ebs. <\/strong><\/p>\n<p><strong>Shasi n\u00eb harta \u00a0p\u00ebrmendet edhe si\u00a0 RRIZANA . Pra rrinin zanat.<\/strong><\/p>\n<p><strong>Sipas mitologjis\u00eb pellazge t\u00eb p\u00ebrvet\u00ebsuar\u00a0 nga grek\u00ebt \u00a0zanat(or\u00ebt)ishin \u00a0\u2013 bijat e Af\u00ebrdit\u00ebs dhe \u00a0Zeusit\u2026?!<\/strong><\/p>\n<p>Nd\u00ebrsa \u00a0momenti i dyt\u00eb i t\u00ebrbimit sllav, po duket \u00a0\u00ebsht\u00eb edhe gjetja e parave turke n\u00eb kishat e tij- nga g\u00ebrmimet e fundit \u00a0\u00a0q\u00eb hedh posht\u00eb teorin\u00eb serbe se qyteti u dogj nga \u00a0pushtuesit turq.\u00a0 Monedhat e gjetura\u00a0 d\u00ebshmojn\u00eb\u00a0 se\u00a0 ai\u00a0 kish jet\u00eb edhe pas ardhjes s\u00eb turqve n\u00eb k\u00ebto an\u00eb..<\/p>\n<p><strong><em>Koha e \u00a0injorant\u00ebve \u00a0duhet \u00a0t\u00eb ket\u00eb mbaruar dhe gabohet kur u ledhatohen \u00a0shpatullat?!<\/em><\/strong><\/p>\n<p><a href=\"http:\/\/www.visit-ulcinj.com\/blog\/wp-content\/uploads\/2017\/01\/Ministar-Ljumovic-boravio-u-radnoj-posjeti-Ulcinju-1.jpg\"><img loading=\"lazy\" class=\"alignleft wp-image-102590\" src=\"http:\/\/www.visit-ulcinj.com\/blog\/wp-content\/uploads\/2017\/01\/Ministar-Ljumovic-boravio-u-radnoj-posjeti-Ulcinju-1.jpg\" alt=\"Ministar Ljumovic boravio u radnoj posjeti Ulcinju-1\" width=\"508\" height=\"339\" srcset=\"https:\/\/www.visit-ulcinj.com\/blog\/wp-content\/uploads\/2017\/01\/Ministar-Ljumovic-boravio-u-radnoj-posjeti-Ulcinju-1.jpg 795w, https:\/\/www.visit-ulcinj.com\/blog\/wp-content\/uploads\/2017\/01\/Ministar-Ljumovic-boravio-u-radnoj-posjeti-Ulcinju-1-300x200.jpg 300w, https:\/\/www.visit-ulcinj.com\/blog\/wp-content\/uploads\/2017\/01\/Ministar-Ljumovic-boravio-u-radnoj-posjeti-Ulcinju-1-768x512.jpg 768w\" sizes=\"(max-width: 508px) 100vw, 508px\" \/><\/a><\/p>\n<p>Nga\u00a0 p\u00ebrvoja personale mund t\u00eb them pa gabuar se\u00a0 po duket q\u00eb\u00a0 \u00a0p\u00ebr gjykimin e\u00a0 nj\u00eb \u00e7\u00ebshtjeje\u00a0\u00a0 apo pun\u00eb me r\u00ebnd\u00ebsi \u00a0shpesh her\u00eb turren p\u00ebr hesape t\u00eb veta\u00a0 e n\u00eb em\u00ebr t\u00eb popullit edhe grupet jomeritore, pra\u00a0\u00a0 atyre q\u00eb nuk \u00a0u takon&#8230;.?!<\/p>\n<p>K\u00ebsaj radhe k\u00ebshtu \u00a0po duket ngjau edhe dje n\u00eb nj\u00eb vizite n\u00eb Ulqin, t\u00eb\u00a0 ministrit t\u00eb kultur\u00ebs\u00a0 s\u00eb Malit t\u00eb Zi, Janko Lumoviq, i cili m\u00ebsohet se \u201c paska\u00a0 respektuar\u00a0 artist\u00ebt dhe krijuesit &#8230;, \u201c pasi bisedoi me 40 artist\u00eb dhe krijues t\u00eb Ulqinit\u201d, p\u00ebr fatin e valorizimit t\u00eb Shasit turistik !<\/p>\n<p>Me\u00a0 k\u00ebt\u00eb rast ministri qe shprehur, se : \u201c pat\u00ebm nj\u00eb dit\u00eb t\u00eb lavdishme\u00a0 dhe me plot p\u00ebrmbajtje ..\u201d, shtoi se gjithashtu \u00a0\u201d paskan dakorduar\u00a0 edhe programin konkret t\u00eb pun\u00ebs n\u00eb k\u00ebt\u00eb vit&#8230;\u201d?!<\/p>\n<p>Pyetja realisht\u00a0 q\u00eb shtrohet, do ishte:\u00a0 K\u00ebt\u00eb program t\u00eb ministrit\u00a0 dhe \u201c 40 artist\u00ebve &#8230; ?! Goxha si shum\u00eb p\u00ebr nj\u00eb qyte ( si i yni), a iu ofrua banor\u00ebve t\u00eb trev\u00ebs s\u00eb An\u00ebs s\u00eb \u00a0Malit ose Kuvendit\u00a0 t\u00eb\u00a0 Komun\u00ebs s\u00eb Ulqinit p\u00ebr miratim , si\u00a0 t\u00eb vetmit \u00a0institucione\u00a0 \u201c meritore\u201d&#8230;?<\/p>\n<p>Dhe pyesim- \u00a0pse k\u00ebto\u00a0 dy hallka meritore vendim marr\u00ebse me ligj nxirren jasht\u00eb loje n\u00eb k\u00ebto pun\u00eb\u00a0 dhe shum\u00eb pun\u00eb tjera duke e b\u00ebr\u00eb pazarin\u201d pa hanxhiun ..\u201d?!<\/p>\n<p>Duke mos e zgjatur\u00a0 dhe duke iu p\u00ebrs\u00ebritur fjal\u00ebt e titullit, kjo q\u00eb po ngjet\u00a0 nga OJQ-t\u00eb\u00a0 me kultur\u00eb dhe Shas, po m\u00eb kujton\u00a0 p\u00ebr sherr at\u00eb q\u00eb m\u00eb ngjau edhe mua nj\u00eb her\u00eb e nj\u00eb koh\u00eb&#8230;, kur\u00a0 politika e njer\u00ebzve \u201c jo meritore..\u201d- si\u00e7 cek\u00ebm, \u00a0m\u00eb fut\u00ebn n\u00eb burg dhe m\u00eb d\u00ebnuan, kuptohet \u00a0n\u00eb em\u00ebr t\u00eb popullit\u00a0 si armik i tij dhe si nacionalist dhe irredentist\u00eb ?!\u00a0 Absurdi i gjith\u00eb\u00a0 k\u00ebtij gjykimi ishte n\u00eb at\u00eb , kur gjykat\u00ebsi \u00a0filloi e lexoi d\u00ebnimin\u00a0 \u00a0e marr\u00eb \u201c n\u00eb em\u00ebr t\u00eb popullit- u ime naroda\u201d \u00a0dhe n\u00eb prezenc\u00ebn e gjith\u00eb neve, pra edhe\u00a0 t\u00eb n\u00ebn\u00ebs sime, k\u00ebrkoi t\u00eb \u00e7ohemi n\u00eb k\u00ebmb\u00eb&#8230;?!<\/p>\n<p>Me ta \u00a0kuptohet\u00a0 q\u00eb \u00a0u \u00e7ua \u00a0edhe \u00a0n\u00ebna ime&#8230; dhe s\u2019b\u00ebnte ndryshe t\u00eb ndodhte sepse \u00a0gjykat\u00ebsi\u00a0 fliste \u00a0n\u00eb em\u00ebr t\u00eb popullit ..?!!<\/p>\n<p>Prandaj\u00a0 k\u00ebshtu edhe sot ec po deshe e ngrite z\u00ebrin&#8230;e t\u00eb jesh kund\u00ebr &#8230;, kur k\u00ebta flasin n\u00eb em\u00ebr t\u00eb interesit qytetar e kulturor e historik t\u00eb Shasit&#8230;.?!!<\/p>\n<p>&nbsp;<\/p>\n<p><strong>Vazhdon :<\/strong><\/p>\n<p><strong>Nj\u00eb fotoekspozit\u00eb \u00a0turistike \u00a0\u00a0e lajmeve nga Ulqini , p\u00ebr\u00a0 Shasin dhe zon\u00ebn e An\u00ebs s\u00eb Malit..?!!<\/strong><\/p>\n","protected":false},"excerpt":{"rendered":"<p>Pse nuk b\u00ebn\u00eb\u00a0 t\u00eb prek\u00eb\u00a0 gjithkush n\u00eb kultur\u00ebn e Shasit- An\u00ebs s\u00eb Malit&#8230;?! Sot\u00a0 \u00a0enigma \u00a0e mjegull\u00ebs s\u00eb \u00a0mundit serb p\u00ebr t\u00eb mohuar\u00a0 \u00a0trash\u00ebgimin\u00eb kulturore \u00a0\u00a0\u00a0\u00a0\u00a0ton\u00ebn \u00a0nga ajo ilire v\u00ebrejm\u00eb\u00a0\u00a0 se\u00a0 \u00e7ohet\u00a0\u00a0 me\u00a0\u00a0 gjetjet \u00a0arkeologjike t\u00eb \u00a0kultur\u00ebs s\u00eb civilizimit t\u00eb lasht\u00eb t\u00eb lugin\u00ebs s\u00eb lumit Koman brenda rr\u00ebnojave t\u00eb qytetit . D\u00ebshmit\u00eb e kultur\u00ebs s\u00eb [&hellip;]<\/p>\n","protected":false},"author":1,"featured_media":0,"comment_status":"closed","ping_status":"closed","sticky":false,"template":"","format":"standard","meta":{"spay_email":"","jetpack_publicize_message":"","jetpack_is_tweetstorm":false,"jetpack_publicize_feature_enabled":true},"categories":[14249],"tags":[],"jetpack_publicize_connections":[],"yoast_head":"<!-- This site is optimized with the Yoast SEO plugin v19.1 - https:\/\/yoast.com\/wordpress\/plugins\/seo\/ -->\n<title>Nika: Ministri malazez Ljumoviq bashk\u00eb me 40 artistat e Ulqinit, t\u00eb rrin\u00eb sa m\u00eb larg Shasit ?! - Lajme nga Ulqini<\/title>\n<meta name=\"description\" content=\"Pse nuk b\u00ebn\u00eb\u00a0 t\u00eb prek\u00eb\u00a0 gjithkush n\u00eb kultur\u00ebn e Shasit- An\u00ebs s\u00eb Malit...?! Sot\u00a0 \u00a0enigma \u00a0e mjegull\u00ebs s\u00eb \u00a0mundit serb p\u00ebr t\u00eb mohuar\u00a0 \u00a0trash\u00ebgimin\u00eb\" \/>\n<meta name=\"robots\" content=\"index, follow, max-snippet:-1, max-image-preview:large, max-video-preview:-1\" \/>\n<link rel=\"canonical\" href=\"https:\/\/www.visit-ulcinj.com\/blog\/2017\/01\/31\/nika-ministri-malazez-ljumoviq-bashke-me-40-artistat-e-ulqinit-te-rrine-sa-me-larg-shasit\/\" \/>\n<meta property=\"og:locale\" content=\"en_US\" \/>\n<meta property=\"og:type\" content=\"article\" \/>\n<meta property=\"og:title\" content=\"Nika: Ministri malazez Ljumoviq bashk\u00eb me 40 artistat e Ulqinit, t\u00eb rrin\u00eb sa m\u00eb larg Shasit ?! - Lajme nga Ulqini\" \/>\n<meta property=\"og:description\" content=\"Pse nuk b\u00ebn\u00eb\u00a0 t\u00eb prek\u00eb\u00a0 gjithkush n\u00eb kultur\u00ebn e Shasit- An\u00ebs s\u00eb Malit...?! Sot\u00a0 \u00a0enigma \u00a0e mjegull\u00ebs s\u00eb \u00a0mundit serb p\u00ebr t\u00eb mohuar\u00a0 \u00a0trash\u00ebgimin\u00eb\" \/>\n<meta property=\"og:url\" content=\"https:\/\/www.visit-ulcinj.com\/blog\/2017\/01\/31\/nika-ministri-malazez-ljumoviq-bashke-me-40-artistat-e-ulqinit-te-rrine-sa-me-larg-shasit\/\" \/>\n<meta property=\"og:site_name\" content=\"Lajme nga Ulqini\" \/>\n<meta property=\"article:published_time\" content=\"2017-01-31T13:23:25+00:00\" \/>\n<meta property=\"article:modified_time\" content=\"2017-01-31T13:23:48+00:00\" \/>\n<meta property=\"og:image\" content=\"http:\/\/www.visit-ulcinj.com\/blog\/wp-content\/uploads\/2017\/01\/Ministar-Ljumovic-boravio-u-radnoj-posjeti-Ulcinju-2.jpg\" \/>\n<meta name=\"twitter:label1\" content=\"Written by\" \/>\n\t<meta name=\"twitter:data1\" content=\"ulqini\" \/>\n\t<meta name=\"twitter:label2\" content=\"Est. reading time\" \/>\n\t<meta name=\"twitter:data2\" content=\"4 minutes\" \/>\n<script type=\"application\/ld+json\" class=\"yoast-schema-graph\">{\"@context\":\"https:\/\/schema.org\",\"@graph\":[{\"@type\":\"WebSite\",\"@id\":\"https:\/\/www.visit-ulcinj.com\/blog\/#website\",\"url\":\"https:\/\/www.visit-ulcinj.com\/blog\/\",\"name\":\"Lajme nga Ulqini\",\"description\":\"Lajme,Vijesti,Ulqini,Ulqin,Crna Gora,Mali i Zi\",\"potentialAction\":[{\"@type\":\"SearchAction\",\"target\":{\"@type\":\"EntryPoint\",\"urlTemplate\":\"https:\/\/www.visit-ulcinj.com\/blog\/?s={search_term_string}\"},\"query-input\":\"required name=search_term_string\"}],\"inLanguage\":\"en-US\"},{\"@type\":\"ImageObject\",\"inLanguage\":\"en-US\",\"@id\":\"https:\/\/www.visit-ulcinj.com\/blog\/2017\/01\/31\/nika-ministri-malazez-ljumoviq-bashke-me-40-artistat-e-ulqinit-te-rrine-sa-me-larg-shasit\/#primaryimage\",\"url\":\"https:\/\/www.visit-ulcinj.com\/blog\/wp-content\/uploads\/2017\/01\/Ministar-Ljumovic-boravio-u-radnoj-posjeti-Ulcinju-2.jpg\",\"contentUrl\":\"https:\/\/www.visit-ulcinj.com\/blog\/wp-content\/uploads\/2017\/01\/Ministar-Ljumovic-boravio-u-radnoj-posjeti-Ulcinju-2.jpg\",\"width\":470,\"height\":313},{\"@type\":\"WebPage\",\"@id\":\"https:\/\/www.visit-ulcinj.com\/blog\/2017\/01\/31\/nika-ministri-malazez-ljumoviq-bashke-me-40-artistat-e-ulqinit-te-rrine-sa-me-larg-shasit\/#webpage\",\"url\":\"https:\/\/www.visit-ulcinj.com\/blog\/2017\/01\/31\/nika-ministri-malazez-ljumoviq-bashke-me-40-artistat-e-ulqinit-te-rrine-sa-me-larg-shasit\/\",\"name\":\"Nika: Ministri malazez Ljumoviq bashk\u00eb me 40 artistat e Ulqinit, t\u00eb rrin\u00eb sa m\u00eb larg Shasit ?! - Lajme nga Ulqini\",\"isPartOf\":{\"@id\":\"https:\/\/www.visit-ulcinj.com\/blog\/#website\"},\"primaryImageOfPage\":{\"@id\":\"https:\/\/www.visit-ulcinj.com\/blog\/2017\/01\/31\/nika-ministri-malazez-ljumoviq-bashke-me-40-artistat-e-ulqinit-te-rrine-sa-me-larg-shasit\/#primaryimage\"},\"datePublished\":\"2017-01-31T13:23:25+00:00\",\"dateModified\":\"2017-01-31T13:23:48+00:00\",\"author\":{\"@id\":\"https:\/\/www.visit-ulcinj.com\/blog\/#\/schema\/person\/dcab619c614d3038751c63bc2aadc06d\"},\"description\":\"Pse nuk b\u00ebn\u00eb\u00a0 t\u00eb prek\u00eb\u00a0 gjithkush n\u00eb kultur\u00ebn e Shasit- An\u00ebs s\u00eb Malit...?! Sot\u00a0 \u00a0enigma \u00a0e mjegull\u00ebs s\u00eb \u00a0mundit serb p\u00ebr t\u00eb mohuar\u00a0 \u00a0trash\u00ebgimin\u00eb\",\"breadcrumb\":{\"@id\":\"https:\/\/www.visit-ulcinj.com\/blog\/2017\/01\/31\/nika-ministri-malazez-ljumoviq-bashke-me-40-artistat-e-ulqinit-te-rrine-sa-me-larg-shasit\/#breadcrumb\"},\"inLanguage\":\"en-US\",\"potentialAction\":[{\"@type\":\"ReadAction\",\"target\":[\"https:\/\/www.visit-ulcinj.com\/blog\/2017\/01\/31\/nika-ministri-malazez-ljumoviq-bashke-me-40-artistat-e-ulqinit-te-rrine-sa-me-larg-shasit\/\"]}]},{\"@type\":\"BreadcrumbList\",\"@id\":\"https:\/\/www.visit-ulcinj.com\/blog\/2017\/01\/31\/nika-ministri-malazez-ljumoviq-bashke-me-40-artistat-e-ulqinit-te-rrine-sa-me-larg-shasit\/#breadcrumb\",\"itemListElement\":[{\"@type\":\"ListItem\",\"position\":1,\"name\":\"Nika: Ministri malazez Ljumoviq bashk\u00eb me 40 artistat e Ulqinit, t\u00eb rrin\u00eb sa m\u00eb larg Shasit ?!\"}]},{\"@type\":\"Person\",\"@id\":\"https:\/\/www.visit-ulcinj.com\/blog\/#\/schema\/person\/dcab619c614d3038751c63bc2aadc06d\",\"name\":\"ulqini\",\"sameAs\":[\"http:\/\/www.visit-ulcinj.com\"],\"url\":\"https:\/\/www.visit-ulcinj.com\/blog\/author\/admin\/\"}]}<\/script>\n<!-- \/ Yoast SEO plugin. -->","yoast_head_json":{"title":"Nika: Ministri malazez Ljumoviq bashk\u00eb me 40 artistat e Ulqinit, t\u00eb rrin\u00eb sa m\u00eb larg Shasit ?! - Lajme nga Ulqini","description":"Pse nuk b\u00ebn\u00eb\u00a0 t\u00eb prek\u00eb\u00a0 gjithkush n\u00eb kultur\u00ebn e Shasit- An\u00ebs s\u00eb Malit...?! Sot\u00a0 \u00a0enigma \u00a0e mjegull\u00ebs s\u00eb \u00a0mundit serb p\u00ebr t\u00eb mohuar\u00a0 \u00a0trash\u00ebgimin\u00eb","robots":{"index":"index","follow":"follow","max-snippet":"max-snippet:-1","max-image-preview":"max-image-preview:large","max-video-preview":"max-video-preview:-1"},"canonical":"https:\/\/www.visit-ulcinj.com\/blog\/2017\/01\/31\/nika-ministri-malazez-ljumoviq-bashke-me-40-artistat-e-ulqinit-te-rrine-sa-me-larg-shasit\/","og_locale":"en_US","og_type":"article","og_title":"Nika: Ministri malazez Ljumoviq bashk\u00eb me 40 artistat e Ulqinit, t\u00eb rrin\u00eb sa m\u00eb larg Shasit ?! - Lajme nga Ulqini","og_description":"Pse nuk b\u00ebn\u00eb\u00a0 t\u00eb prek\u00eb\u00a0 gjithkush n\u00eb kultur\u00ebn e Shasit- An\u00ebs s\u00eb Malit...?! Sot\u00a0 \u00a0enigma \u00a0e mjegull\u00ebs s\u00eb \u00a0mundit serb p\u00ebr t\u00eb mohuar\u00a0 \u00a0trash\u00ebgimin\u00eb","og_url":"https:\/\/www.visit-ulcinj.com\/blog\/2017\/01\/31\/nika-ministri-malazez-ljumoviq-bashke-me-40-artistat-e-ulqinit-te-rrine-sa-me-larg-shasit\/","og_site_name":"Lajme nga Ulqini","article_published_time":"2017-01-31T13:23:25+00:00","article_modified_time":"2017-01-31T13:23:48+00:00","og_image":[{"url":"http:\/\/www.visit-ulcinj.com\/blog\/wp-content\/uploads\/2017\/01\/Ministar-Ljumovic-boravio-u-radnoj-posjeti-Ulcinju-2.jpg"}],"twitter_misc":{"Written by":"ulqini","Est. reading time":"4 minutes"},"schema":{"@context":"https:\/\/schema.org","@graph":[{"@type":"WebSite","@id":"https:\/\/www.visit-ulcinj.com\/blog\/#website","url":"https:\/\/www.visit-ulcinj.com\/blog\/","name":"Lajme nga Ulqini","description":"Lajme,Vijesti,Ulqini,Ulqin,Crna Gora,Mali i Zi","potentialAction":[{"@type":"SearchAction","target":{"@type":"EntryPoint","urlTemplate":"https:\/\/www.visit-ulcinj.com\/blog\/?s={search_term_string}"},"query-input":"required name=search_term_string"}],"inLanguage":"en-US"},{"@type":"ImageObject","inLanguage":"en-US","@id":"https:\/\/www.visit-ulcinj.com\/blog\/2017\/01\/31\/nika-ministri-malazez-ljumoviq-bashke-me-40-artistat-e-ulqinit-te-rrine-sa-me-larg-shasit\/#primaryimage","url":"https:\/\/www.visit-ulcinj.com\/blog\/wp-content\/uploads\/2017\/01\/Ministar-Ljumovic-boravio-u-radnoj-posjeti-Ulcinju-2.jpg","contentUrl":"https:\/\/www.visit-ulcinj.com\/blog\/wp-content\/uploads\/2017\/01\/Ministar-Ljumovic-boravio-u-radnoj-posjeti-Ulcinju-2.jpg","width":470,"height":313},{"@type":"WebPage","@id":"https:\/\/www.visit-ulcinj.com\/blog\/2017\/01\/31\/nika-ministri-malazez-ljumoviq-bashke-me-40-artistat-e-ulqinit-te-rrine-sa-me-larg-shasit\/#webpage","url":"https:\/\/www.visit-ulcinj.com\/blog\/2017\/01\/31\/nika-ministri-malazez-ljumoviq-bashke-me-40-artistat-e-ulqinit-te-rrine-sa-me-larg-shasit\/","name":"Nika: Ministri malazez Ljumoviq bashk\u00eb me 40 artistat e Ulqinit, t\u00eb rrin\u00eb sa m\u00eb larg Shasit ?! - Lajme nga Ulqini","isPartOf":{"@id":"https:\/\/www.visit-ulcinj.com\/blog\/#website"},"primaryImageOfPage":{"@id":"https:\/\/www.visit-ulcinj.com\/blog\/2017\/01\/31\/nika-ministri-malazez-ljumoviq-bashke-me-40-artistat-e-ulqinit-te-rrine-sa-me-larg-shasit\/#primaryimage"},"datePublished":"2017-01-31T13:23:25+00:00","dateModified":"2017-01-31T13:23:48+00:00","author":{"@id":"https:\/\/www.visit-ulcinj.com\/blog\/#\/schema\/person\/dcab619c614d3038751c63bc2aadc06d"},"description":"Pse nuk b\u00ebn\u00eb\u00a0 t\u00eb prek\u00eb\u00a0 gjithkush n\u00eb kultur\u00ebn e Shasit- An\u00ebs s\u00eb Malit...?! Sot\u00a0 \u00a0enigma \u00a0e mjegull\u00ebs s\u00eb \u00a0mundit serb p\u00ebr t\u00eb mohuar\u00a0 \u00a0trash\u00ebgimin\u00eb","breadcrumb":{"@id":"https:\/\/www.visit-ulcinj.com\/blog\/2017\/01\/31\/nika-ministri-malazez-ljumoviq-bashke-me-40-artistat-e-ulqinit-te-rrine-sa-me-larg-shasit\/#breadcrumb"},"inLanguage":"en-US","potentialAction":[{"@type":"ReadAction","target":["https:\/\/www.visit-ulcinj.com\/blog\/2017\/01\/31\/nika-ministri-malazez-ljumoviq-bashke-me-40-artistat-e-ulqinit-te-rrine-sa-me-larg-shasit\/"]}]},{"@type":"BreadcrumbList","@id":"https:\/\/www.visit-ulcinj.com\/blog\/2017\/01\/31\/nika-ministri-malazez-ljumoviq-bashke-me-40-artistat-e-ulqinit-te-rrine-sa-me-larg-shasit\/#breadcrumb","itemListElement":[{"@type":"ListItem","position":1,"name":"Nika: Ministri malazez Ljumoviq bashk\u00eb me 40 artistat e Ulqinit, t\u00eb rrin\u00eb sa m\u00eb larg Shasit ?!"}]},{"@type":"Person","@id":"https:\/\/www.visit-ulcinj.com\/blog\/#\/schema\/person\/dcab619c614d3038751c63bc2aadc06d","name":"ulqini","sameAs":["http:\/\/www.visit-ulcinj.com"],"url":"https:\/\/www.visit-ulcinj.com\/blog\/author\/admin\/"}]}},"jetpack_featured_media_url":"","jetpack_sharing_enabled":true,"jetpack_shortlink":"https:\/\/wp.me\/pe6lTn-qGQ","_links":{"self":[{"href":"https:\/\/www.visit-ulcinj.com\/blog\/wp-json\/wp\/v2\/posts\/102600"}],"collection":[{"href":"https:\/\/www.visit-ulcinj.com\/blog\/wp-json\/wp\/v2\/posts"}],"about":[{"href":"https:\/\/www.visit-ulcinj.com\/blog\/wp-json\/wp\/v2\/types\/post"}],"author":[{"embeddable":true,"href":"https:\/\/www.visit-ulcinj.com\/blog\/wp-json\/wp\/v2\/users\/1"}],"replies":[{"embeddable":true,"href":"https:\/\/www.visit-ulcinj.com\/blog\/wp-json\/wp\/v2\/comments?post=102600"}],"version-history":[{"count":2,"href":"https:\/\/www.visit-ulcinj.com\/blog\/wp-json\/wp\/v2\/posts\/102600\/revisions"}],"predecessor-version":[{"id":102603,"href":"https:\/\/www.visit-ulcinj.com\/blog\/wp-json\/wp\/v2\/posts\/102600\/revisions\/102603"}],"wp:attachment":[{"href":"https:\/\/www.visit-ulcinj.com\/blog\/wp-json\/wp\/v2\/media?parent=102600"}],"wp:term":[{"taxonomy":"category","embeddable":true,"href":"https:\/\/www.visit-ulcinj.com\/blog\/wp-json\/wp\/v2\/categories?post=102600"},{"taxonomy":"post_tag","embeddable":true,"href":"https:\/\/www.visit-ulcinj.com\/blog\/wp-json\/wp\/v2\/tags?post=102600"}],"curies":[{"name":"wp","href":"https:\/\/api.w.org\/{rel}","templated":true}]}}