{"id":102607,"date":"2017-01-31T19:32:37","date_gmt":"2017-01-31T18:32:37","guid":{"rendered":"http:\/\/www.visit-ulcinj.com\/blog\/?p=102607"},"modified":"2017-01-31T19:32:37","modified_gmt":"2017-01-31T18:32:37","slug":"progresi-malit-te-zi-drejt-anetaresimit-ne-nato-video","status":"publish","type":"post","link":"https:\/\/www.visit-ulcinj.com\/blog\/2017\/01\/31\/progresi-malit-te-zi-drejt-anetaresimit-ne-nato-video\/","title":{"rendered":"Progresi i Malit t\u00eb Zi drejt an\u00ebtar\u00ebsimit n\u00eb NATO &#8211; Video"},"content":{"rendered":"<div><a href=\"http:\/\/www.visit-ulcinj.com\/blog\/wp-content\/uploads\/2017\/01\/Progresi-i-Malit-t\u00eb-Zi-drejt-an\u00ebtar\u00ebsimit-n\u00eb-NATO.jpg\"><img loading=\"lazy\" class=\"alignleft wp-image-102608\" src=\"http:\/\/www.visit-ulcinj.com\/blog\/wp-content\/uploads\/2017\/01\/Progresi-i-Malit-t\u00eb-Zi-drejt-an\u00ebtar\u00ebsimit-n\u00eb-NATO.jpg\" alt=\"Progresi i Malit t\u00eb Zi drejt an\u00ebtar\u00ebsimit n\u00eb NATO\" width=\"508\" height=\"381\" srcset=\"https:\/\/www.visit-ulcinj.com\/blog\/wp-content\/uploads\/2017\/01\/Progresi-i-Malit-t\u00eb-Zi-drejt-an\u00ebtar\u00ebsimit-n\u00eb-NATO.jpg 480w, https:\/\/www.visit-ulcinj.com\/blog\/wp-content\/uploads\/2017\/01\/Progresi-i-Malit-t\u00eb-Zi-drejt-an\u00ebtar\u00ebsimit-n\u00eb-NATO-300x225.jpg 300w\" sizes=\"(max-width: 508px) 100vw, 508px\" \/><\/a>Podgorica zyrtare beson se deri n\u00eb qershor t\u00eb k\u00ebtij viti Mali i Zi do t\u00eb pranohet n\u00eb NATO dhe n\u00eb Samitin e k\u00ebtij viti do t\u00eb jet\u00eb i pranish\u00ebm si an\u00ebtar i plot\u00eb i saj.<\/p>\n<p>P\u00ebrfaq\u00ebsuesit e NATO-s dhe diplomat\u00ebt e huaj, shprehin k\u00ebnaq\u00ebsin\u00eb me dinamik\u00ebn e ratifikimit t\u00eb protokollit p\u00ebr an\u00ebtar\u00ebsimin e Malit t\u00eb Zi n\u00eb NATO. Kjo, sipas tyre, tregon gatishm\u00ebrin\u00eb p\u00ebr ta mb\u00ebshtetur Malin e Zi, por edhe Ballkanin n\u00eb rrug\u00ebn e siguris\u00eb dhe t\u00eb paqes n\u00eb rajon dhe Evrop\u00eb.<\/p>\n<p>Korrespondenti i Z\u00ebrit t\u00eb Amerik\u00ebs Ali Salaj p\u00ebrgatiti kronik\u00ebn:<br \/>\n<b>VAO<br \/>\n<\/b><\/div>\n<p><b>VIDEO:<\/b><\/p>\n<!--YouTube Error: bad URL entered-->\n","protected":false},"excerpt":{"rendered":"<p>Podgorica zyrtare beson se deri n\u00eb qershor t\u00eb k\u00ebtij viti Mali i Zi do t\u00eb pranohet n\u00eb NATO dhe n\u00eb Samitin e k\u00ebtij viti do t\u00eb jet\u00eb i pranish\u00ebm si an\u00ebtar i plot\u00eb i saj. P\u00ebrfaq\u00ebsuesit e NATO-s dhe diplomat\u00ebt e huaj, shprehin k\u00ebnaq\u00ebsin\u00eb me dinamik\u00ebn e ratifikimit t\u00eb protokollit p\u00ebr an\u00ebtar\u00ebsimin e Malit t\u00eb [&hellip;]<\/p>\n","protected":false},"author":1,"featured_media":0,"comment_status":"closed","ping_status":"closed","sticky":false,"template":"","format":"standard","meta":{"spay_email":"","jetpack_publicize_message":"","jetpack_is_tweetstorm":false,"jetpack_publicize_feature_enabled":true},"categories":[7],"tags":[],"jetpack_publicize_connections":[],"yoast_head":"<!-- This site is optimized with the Yoast SEO plugin v19.1 - https:\/\/yoast.com\/wordpress\/plugins\/seo\/ -->\n<title>Progresi i Malit t\u00eb Zi drejt an\u00ebtar\u00ebsimit n\u00eb NATO - Video - Lajme nga Ulqini<\/title>\n<meta name=\"description\" content=\"Podgorica zyrtare beson se deri n\u00eb qershor t\u00eb k\u00ebtij viti Mali i Zi do t\u00eb pranohet n\u00eb NATO dhe n\u00eb Samitin e k\u00ebtij viti do t\u00eb jet\u00eb i pranish\u00ebm si an\u00ebtar i\" \/>\n<meta name=\"robots\" content=\"index, follow, max-snippet:-1, max-image-preview:large, max-video-preview:-1\" \/>\n<link rel=\"canonical\" href=\"https:\/\/www.visit-ulcinj.com\/blog\/2017\/01\/31\/progresi-malit-te-zi-drejt-anetaresimit-ne-nato-video\/\" \/>\n<meta property=\"og:locale\" content=\"en_US\" \/>\n<meta property=\"og:type\" content=\"article\" \/>\n<meta property=\"og:title\" content=\"Progresi i Malit t\u00eb Zi drejt an\u00ebtar\u00ebsimit n\u00eb NATO - Video - Lajme nga Ulqini\" \/>\n<meta property=\"og:description\" content=\"Podgorica zyrtare beson se deri n\u00eb qershor t\u00eb k\u00ebtij viti Mali i Zi do t\u00eb pranohet n\u00eb NATO dhe n\u00eb Samitin e k\u00ebtij viti do t\u00eb jet\u00eb i pranish\u00ebm si an\u00ebtar i\" \/>\n<meta property=\"og:url\" content=\"https:\/\/www.visit-ulcinj.com\/blog\/2017\/01\/31\/progresi-malit-te-zi-drejt-anetaresimit-ne-nato-video\/\" \/>\n<meta property=\"og:site_name\" content=\"Lajme nga Ulqini\" \/>\n<meta property=\"article:published_time\" content=\"2017-01-31T18:32:37+00:00\" \/>\n<meta name=\"twitter:label1\" content=\"Written by\" \/>\n\t<meta name=\"twitter:data1\" content=\"ulqini\" \/>\n\t<meta name=\"twitter:label2\" content=\"Est. reading time\" \/>\n\t<meta name=\"twitter:data2\" content=\"1 minute\" \/>\n<script type=\"application\/ld+json\" class=\"yoast-schema-graph\">{\"@context\":\"https:\/\/schema.org\",\"@graph\":[{\"@type\":\"WebSite\",\"@id\":\"https:\/\/www.visit-ulcinj.com\/blog\/#website\",\"url\":\"https:\/\/www.visit-ulcinj.com\/blog\/\",\"name\":\"Lajme nga Ulqini\",\"description\":\"Lajme,Vijesti,Ulqini,Ulqin,Crna Gora,Mali i Zi\",\"potentialAction\":[{\"@type\":\"SearchAction\",\"target\":{\"@type\":\"EntryPoint\",\"urlTemplate\":\"https:\/\/www.visit-ulcinj.com\/blog\/?s={search_term_string}\"},\"query-input\":\"required name=search_term_string\"}],\"inLanguage\":\"en-US\"},{\"@type\":\"WebPage\",\"@id\":\"https:\/\/www.visit-ulcinj.com\/blog\/2017\/01\/31\/progresi-malit-te-zi-drejt-anetaresimit-ne-nato-video\/#webpage\",\"url\":\"https:\/\/www.visit-ulcinj.com\/blog\/2017\/01\/31\/progresi-malit-te-zi-drejt-anetaresimit-ne-nato-video\/\",\"name\":\"Progresi i Malit t\u00eb Zi drejt an\u00ebtar\u00ebsimit n\u00eb NATO - Video - Lajme nga Ulqini\",\"isPartOf\":{\"@id\":\"https:\/\/www.visit-ulcinj.com\/blog\/#website\"},\"datePublished\":\"2017-01-31T18:32:37+00:00\",\"dateModified\":\"2017-01-31T18:32:37+00:00\",\"author\":{\"@id\":\"https:\/\/www.visit-ulcinj.com\/blog\/#\/schema\/person\/dcab619c614d3038751c63bc2aadc06d\"},\"description\":\"Podgorica zyrtare beson se deri n\u00eb qershor t\u00eb k\u00ebtij viti Mali i Zi do t\u00eb pranohet n\u00eb NATO dhe n\u00eb Samitin e k\u00ebtij viti do t\u00eb jet\u00eb i pranish\u00ebm si an\u00ebtar i\",\"breadcrumb\":{\"@id\":\"https:\/\/www.visit-ulcinj.com\/blog\/2017\/01\/31\/progresi-malit-te-zi-drejt-anetaresimit-ne-nato-video\/#breadcrumb\"},\"inLanguage\":\"en-US\",\"potentialAction\":[{\"@type\":\"ReadAction\",\"target\":[\"https:\/\/www.visit-ulcinj.com\/blog\/2017\/01\/31\/progresi-malit-te-zi-drejt-anetaresimit-ne-nato-video\/\"]}]},{\"@type\":\"BreadcrumbList\",\"@id\":\"https:\/\/www.visit-ulcinj.com\/blog\/2017\/01\/31\/progresi-malit-te-zi-drejt-anetaresimit-ne-nato-video\/#breadcrumb\",\"itemListElement\":[{\"@type\":\"ListItem\",\"position\":1,\"name\":\"Progresi i Malit t\u00eb Zi drejt an\u00ebtar\u00ebsimit n\u00eb NATO &#8211; Video\"}]},{\"@type\":\"Person\",\"@id\":\"https:\/\/www.visit-ulcinj.com\/blog\/#\/schema\/person\/dcab619c614d3038751c63bc2aadc06d\",\"name\":\"ulqini\",\"sameAs\":[\"http:\/\/www.visit-ulcinj.com\"],\"url\":\"https:\/\/www.visit-ulcinj.com\/blog\/author\/admin\/\"}]}<\/script>\n<!-- \/ Yoast SEO plugin. -->","yoast_head_json":{"title":"Progresi i Malit t\u00eb Zi drejt an\u00ebtar\u00ebsimit n\u00eb NATO - Video - Lajme nga Ulqini","description":"Podgorica zyrtare beson se deri n\u00eb qershor t\u00eb k\u00ebtij viti Mali i Zi do t\u00eb pranohet n\u00eb NATO dhe n\u00eb Samitin e k\u00ebtij viti do t\u00eb jet\u00eb i pranish\u00ebm si an\u00ebtar i","robots":{"index":"index","follow":"follow","max-snippet":"max-snippet:-1","max-image-preview":"max-image-preview:large","max-video-preview":"max-video-preview:-1"},"canonical":"https:\/\/www.visit-ulcinj.com\/blog\/2017\/01\/31\/progresi-malit-te-zi-drejt-anetaresimit-ne-nato-video\/","og_locale":"en_US","og_type":"article","og_title":"Progresi i Malit t\u00eb Zi drejt an\u00ebtar\u00ebsimit n\u00eb NATO - Video - Lajme nga Ulqini","og_description":"Podgorica zyrtare beson se deri n\u00eb qershor t\u00eb k\u00ebtij viti Mali i Zi do t\u00eb pranohet n\u00eb NATO dhe n\u00eb Samitin e k\u00ebtij viti do t\u00eb jet\u00eb i pranish\u00ebm si an\u00ebtar i","og_url":"https:\/\/www.visit-ulcinj.com\/blog\/2017\/01\/31\/progresi-malit-te-zi-drejt-anetaresimit-ne-nato-video\/","og_site_name":"Lajme nga Ulqini","article_published_time":"2017-01-31T18:32:37+00:00","twitter_misc":{"Written by":"ulqini","Est. reading time":"1 minute"},"schema":{"@context":"https:\/\/schema.org","@graph":[{"@type":"WebSite","@id":"https:\/\/www.visit-ulcinj.com\/blog\/#website","url":"https:\/\/www.visit-ulcinj.com\/blog\/","name":"Lajme nga Ulqini","description":"Lajme,Vijesti,Ulqini,Ulqin,Crna Gora,Mali i Zi","potentialAction":[{"@type":"SearchAction","target":{"@type":"EntryPoint","urlTemplate":"https:\/\/www.visit-ulcinj.com\/blog\/?s={search_term_string}"},"query-input":"required name=search_term_string"}],"inLanguage":"en-US"},{"@type":"WebPage","@id":"https:\/\/www.visit-ulcinj.com\/blog\/2017\/01\/31\/progresi-malit-te-zi-drejt-anetaresimit-ne-nato-video\/#webpage","url":"https:\/\/www.visit-ulcinj.com\/blog\/2017\/01\/31\/progresi-malit-te-zi-drejt-anetaresimit-ne-nato-video\/","name":"Progresi i Malit t\u00eb Zi drejt an\u00ebtar\u00ebsimit n\u00eb NATO - Video - Lajme nga Ulqini","isPartOf":{"@id":"https:\/\/www.visit-ulcinj.com\/blog\/#website"},"datePublished":"2017-01-31T18:32:37+00:00","dateModified":"2017-01-31T18:32:37+00:00","author":{"@id":"https:\/\/www.visit-ulcinj.com\/blog\/#\/schema\/person\/dcab619c614d3038751c63bc2aadc06d"},"description":"Podgorica zyrtare beson se deri n\u00eb qershor t\u00eb k\u00ebtij viti Mali i Zi do t\u00eb pranohet n\u00eb NATO dhe n\u00eb Samitin e k\u00ebtij viti do t\u00eb jet\u00eb i pranish\u00ebm si an\u00ebtar i","breadcrumb":{"@id":"https:\/\/www.visit-ulcinj.com\/blog\/2017\/01\/31\/progresi-malit-te-zi-drejt-anetaresimit-ne-nato-video\/#breadcrumb"},"inLanguage":"en-US","potentialAction":[{"@type":"ReadAction","target":["https:\/\/www.visit-ulcinj.com\/blog\/2017\/01\/31\/progresi-malit-te-zi-drejt-anetaresimit-ne-nato-video\/"]}]},{"@type":"BreadcrumbList","@id":"https:\/\/www.visit-ulcinj.com\/blog\/2017\/01\/31\/progresi-malit-te-zi-drejt-anetaresimit-ne-nato-video\/#breadcrumb","itemListElement":[{"@type":"ListItem","position":1,"name":"Progresi i Malit t\u00eb Zi drejt an\u00ebtar\u00ebsimit n\u00eb NATO &#8211; Video"}]},{"@type":"Person","@id":"https:\/\/www.visit-ulcinj.com\/blog\/#\/schema\/person\/dcab619c614d3038751c63bc2aadc06d","name":"ulqini","sameAs":["http:\/\/www.visit-ulcinj.com"],"url":"https:\/\/www.visit-ulcinj.com\/blog\/author\/admin\/"}]}},"jetpack_featured_media_url":"","jetpack_sharing_enabled":true,"jetpack_shortlink":"https:\/\/wp.me\/pe6lTn-qGX","_links":{"self":[{"href":"https:\/\/www.visit-ulcinj.com\/blog\/wp-json\/wp\/v2\/posts\/102607"}],"collection":[{"href":"https:\/\/www.visit-ulcinj.com\/blog\/wp-json\/wp\/v2\/posts"}],"about":[{"href":"https:\/\/www.visit-ulcinj.com\/blog\/wp-json\/wp\/v2\/types\/post"}],"author":[{"embeddable":true,"href":"https:\/\/www.visit-ulcinj.com\/blog\/wp-json\/wp\/v2\/users\/1"}],"replies":[{"embeddable":true,"href":"https:\/\/www.visit-ulcinj.com\/blog\/wp-json\/wp\/v2\/comments?post=102607"}],"version-history":[{"count":1,"href":"https:\/\/www.visit-ulcinj.com\/blog\/wp-json\/wp\/v2\/posts\/102607\/revisions"}],"predecessor-version":[{"id":102609,"href":"https:\/\/www.visit-ulcinj.com\/blog\/wp-json\/wp\/v2\/posts\/102607\/revisions\/102609"}],"wp:attachment":[{"href":"https:\/\/www.visit-ulcinj.com\/blog\/wp-json\/wp\/v2\/media?parent=102607"}],"wp:term":[{"taxonomy":"category","embeddable":true,"href":"https:\/\/www.visit-ulcinj.com\/blog\/wp-json\/wp\/v2\/categories?post=102607"},{"taxonomy":"post_tag","embeddable":true,"href":"https:\/\/www.visit-ulcinj.com\/blog\/wp-json\/wp\/v2\/tags?post=102607"}],"curies":[{"name":"wp","href":"https:\/\/api.w.org\/{rel}","templated":true}]}}