{"id":102621,"date":"2017-02-01T17:33:13","date_gmt":"2017-02-01T16:33:13","guid":{"rendered":"http:\/\/www.visit-ulcinj.com\/blog\/?p=102621"},"modified":"2017-02-01T17:35:33","modified_gmt":"2017-02-01T16:35:33","slug":"haki-demolli-dinoshes-anetaresimi-malit-te-zi-ne-nato-sukses-edhe-rajonit","status":"publish","type":"post","link":"https:\/\/www.visit-ulcinj.com\/blog\/2017\/02\/01\/haki-demolli-dinoshes-anetaresimi-malit-te-zi-ne-nato-sukses-edhe-rajonit\/","title":{"rendered":"Haki Demolli &#8211; Dinosh\u00ebs: An\u00ebtar\u00ebsimi i Malit t\u00eb Zi n\u00eb NATO \u2013 sukses edhe i rajonit"},"content":{"rendered":"<p><a href=\"http:\/\/www.visit-ulcinj.com\/blog\/wp-content\/uploads\/2017\/02\/Demolli-Dinosha.jpg\"><img loading=\"lazy\" class=\"alignleft wp-image-102622\" src=\"http:\/\/www.visit-ulcinj.com\/blog\/wp-content\/uploads\/2017\/02\/Demolli-Dinosha.jpg\" alt=\"Demolli - Dinosha\" width=\"508\" height=\"325\" srcset=\"https:\/\/www.visit-ulcinj.com\/blog\/wp-content\/uploads\/2017\/02\/Demolli-Dinosha.jpg 640w, https:\/\/www.visit-ulcinj.com\/blog\/wp-content\/uploads\/2017\/02\/Demolli-Dinosha-300x192.jpg 300w\" sizes=\"(max-width: 508px) 100vw, 508px\" \/><\/a>Ministri i Forc\u00ebs s\u00eb Siguris\u00eb s\u00eb Kosov\u00ebs (FSK), Haki Demolli, priti n\u00eb takim, p\u00ebr her\u00eb t\u00eb par\u00eb, ambasadorin fuqiplot\u00eb t\u00eb Malit t\u00eb Zi n\u00eb Kosov\u00eb, Ferhat Dinosha.<\/p>\n<p>Demolli e njoftoi ambasadorin Dinosha me misionin, detyrat dhe aktivitetet e FSK-s\u00eb, si edhe p\u00ebr bashk\u00ebpunimin e saj me partner\u00ebt strategjik\u00eb n\u00eb rajon dhe m\u00eb gjer\u00eb.<\/p>\n<p>Demolli vler\u00ebsoi se marr\u00ebdh\u00ebniet e mira fqinj\u00ebsore nd\u00ebrmjet Kosov\u00ebs e Malit t\u00eb Zi duhet t\u00eb reflektohen edhe n\u00eb bashk\u00ebpunimin midis Ministris\u00eb p\u00ebr FSK dhe Ministris\u00eb s\u00eb Mbrojtjes t\u00eb Malit t\u00eb Zi. Ai theksoi se t\u00eb dy vendet kan\u00eb aspirata t\u00eb nj\u00ebjta, integrimin n\u00eb Bashkimin Evropian dhe an\u00ebtar\u00ebsimin n\u00eb NATO.<\/p>\n<p>Ministri Demolli e vler\u00ebsoi progresin e Malit t\u00eb Zi p\u00ebr an\u00ebtar\u00ebsimin e Malit t\u00eb Zi n\u00eb NATO, duke e cil\u00ebsuar k\u00ebt\u00eb si sukses jo vet\u00ebm p\u00ebr Malin e Zi, por p\u00ebr mbar\u00eb rajonin.<\/p>\n<p>Nga ana e tij, ambasadori Dinosha shprehu p\u00ebrkrahjen e parezerve t\u00eb Malit t\u00eb Zi p\u00ebr Kosov\u00ebn n\u00eb rrug\u00ebn e saj evropiane. Ai tha se marr\u00ebdh\u00ebnie e mira midis dy vendeve do t\u00eb vazhdojn\u00eb edhe n\u00eb t\u00eb ardhmen. Dinoshi theksoi se paqja dhe prosperitetit i shtetit t\u00eb Kosov\u00ebs \u00ebsht\u00eb n\u00eb interes t\u00eb rajonit n\u00eb p\u00ebrgjith\u00ebsi. (r.m.)<\/p>\n<p><strong> Telegrafi<\/strong><\/p>\n","protected":false},"excerpt":{"rendered":"<p>Ministri i Forc\u00ebs s\u00eb Siguris\u00eb s\u00eb Kosov\u00ebs (FSK), Haki Demolli, priti n\u00eb takim, p\u00ebr her\u00eb t\u00eb par\u00eb, ambasadorin fuqiplot\u00eb t\u00eb Malit t\u00eb Zi n\u00eb Kosov\u00eb, Ferhat Dinosha. Demolli e njoftoi ambasadorin Dinosha me misionin, detyrat dhe aktivitetet e FSK-s\u00eb, si edhe p\u00ebr bashk\u00ebpunimin e saj me partner\u00ebt strategjik\u00eb n\u00eb rajon dhe m\u00eb gjer\u00eb. Demolli vler\u00ebsoi [&hellip;]<\/p>\n","protected":false},"author":1,"featured_media":0,"comment_status":"closed","ping_status":"closed","sticky":false,"template":"","format":"standard","meta":{"spay_email":"","jetpack_publicize_message":"","jetpack_is_tweetstorm":false,"jetpack_publicize_feature_enabled":true},"categories":[6],"tags":[],"jetpack_publicize_connections":[],"yoast_head":"<!-- This site is optimized with the Yoast SEO plugin v19.1 - https:\/\/yoast.com\/wordpress\/plugins\/seo\/ -->\n<title>Haki Demolli - Dinosh\u00ebs: An\u00ebtar\u00ebsimi i Malit t\u00eb Zi n\u00eb NATO \u2013 sukses edhe i rajonit - Lajme nga Ulqini<\/title>\n<meta name=\"description\" content=\"Ministri i Forc\u00ebs s\u00eb Siguris\u00eb s\u00eb Kosov\u00ebs (FSK), Haki Demolli, priti n\u00eb takim, p\u00ebr her\u00eb t\u00eb par\u00eb, ambasadorin fuqiplot\u00eb t\u00eb Malit t\u00eb Zi n\u00eb Kosov\u00eb, Ferhat\" \/>\n<meta name=\"robots\" content=\"index, follow, max-snippet:-1, max-image-preview:large, max-video-preview:-1\" \/>\n<link rel=\"canonical\" href=\"https:\/\/www.visit-ulcinj.com\/blog\/2017\/02\/01\/haki-demolli-dinoshes-anetaresimi-malit-te-zi-ne-nato-sukses-edhe-rajonit\/\" \/>\n<meta property=\"og:locale\" content=\"en_US\" \/>\n<meta property=\"og:type\" content=\"article\" \/>\n<meta property=\"og:title\" content=\"Haki Demolli - Dinosh\u00ebs: An\u00ebtar\u00ebsimi i Malit t\u00eb Zi n\u00eb NATO \u2013 sukses edhe i rajonit - Lajme nga Ulqini\" \/>\n<meta property=\"og:description\" content=\"Ministri i Forc\u00ebs s\u00eb Siguris\u00eb s\u00eb Kosov\u00ebs (FSK), Haki Demolli, priti n\u00eb takim, p\u00ebr her\u00eb t\u00eb par\u00eb, ambasadorin fuqiplot\u00eb t\u00eb Malit t\u00eb Zi n\u00eb Kosov\u00eb, Ferhat\" \/>\n<meta property=\"og:url\" content=\"https:\/\/www.visit-ulcinj.com\/blog\/2017\/02\/01\/haki-demolli-dinoshes-anetaresimi-malit-te-zi-ne-nato-sukses-edhe-rajonit\/\" \/>\n<meta property=\"og:site_name\" content=\"Lajme nga Ulqini\" \/>\n<meta property=\"article:published_time\" content=\"2017-02-01T16:33:13+00:00\" \/>\n<meta property=\"article:modified_time\" content=\"2017-02-01T16:35:33+00:00\" \/>\n<meta property=\"og:image\" content=\"http:\/\/www.visit-ulcinj.com\/blog\/wp-content\/uploads\/2017\/02\/Demolli-Dinosha.jpg\" \/>\n<meta name=\"twitter:label1\" content=\"Written by\" \/>\n\t<meta name=\"twitter:data1\" content=\"ulqini\" \/>\n\t<meta name=\"twitter:label2\" content=\"Est. reading time\" \/>\n\t<meta name=\"twitter:data2\" content=\"1 minute\" \/>\n<script type=\"application\/ld+json\" class=\"yoast-schema-graph\">{\"@context\":\"https:\/\/schema.org\",\"@graph\":[{\"@type\":\"WebSite\",\"@id\":\"https:\/\/www.visit-ulcinj.com\/blog\/#website\",\"url\":\"https:\/\/www.visit-ulcinj.com\/blog\/\",\"name\":\"Lajme nga Ulqini\",\"description\":\"Lajme,Vijesti,Ulqini,Ulqin,Crna Gora,Mali i Zi\",\"potentialAction\":[{\"@type\":\"SearchAction\",\"target\":{\"@type\":\"EntryPoint\",\"urlTemplate\":\"https:\/\/www.visit-ulcinj.com\/blog\/?s={search_term_string}\"},\"query-input\":\"required name=search_term_string\"}],\"inLanguage\":\"en-US\"},{\"@type\":\"ImageObject\",\"inLanguage\":\"en-US\",\"@id\":\"https:\/\/www.visit-ulcinj.com\/blog\/2017\/02\/01\/haki-demolli-dinoshes-anetaresimi-malit-te-zi-ne-nato-sukses-edhe-rajonit\/#primaryimage\",\"url\":\"https:\/\/www.visit-ulcinj.com\/blog\/wp-content\/uploads\/2017\/02\/Demolli-Dinosha.jpg\",\"contentUrl\":\"https:\/\/www.visit-ulcinj.com\/blog\/wp-content\/uploads\/2017\/02\/Demolli-Dinosha.jpg\",\"width\":640,\"height\":410},{\"@type\":\"WebPage\",\"@id\":\"https:\/\/www.visit-ulcinj.com\/blog\/2017\/02\/01\/haki-demolli-dinoshes-anetaresimi-malit-te-zi-ne-nato-sukses-edhe-rajonit\/#webpage\",\"url\":\"https:\/\/www.visit-ulcinj.com\/blog\/2017\/02\/01\/haki-demolli-dinoshes-anetaresimi-malit-te-zi-ne-nato-sukses-edhe-rajonit\/\",\"name\":\"Haki Demolli - Dinosh\u00ebs: An\u00ebtar\u00ebsimi i Malit t\u00eb Zi n\u00eb NATO \u2013 sukses edhe i rajonit - Lajme nga Ulqini\",\"isPartOf\":{\"@id\":\"https:\/\/www.visit-ulcinj.com\/blog\/#website\"},\"primaryImageOfPage\":{\"@id\":\"https:\/\/www.visit-ulcinj.com\/blog\/2017\/02\/01\/haki-demolli-dinoshes-anetaresimi-malit-te-zi-ne-nato-sukses-edhe-rajonit\/#primaryimage\"},\"datePublished\":\"2017-02-01T16:33:13+00:00\",\"dateModified\":\"2017-02-01T16:35:33+00:00\",\"author\":{\"@id\":\"https:\/\/www.visit-ulcinj.com\/blog\/#\/schema\/person\/dcab619c614d3038751c63bc2aadc06d\"},\"description\":\"Ministri i Forc\u00ebs s\u00eb Siguris\u00eb s\u00eb Kosov\u00ebs (FSK), Haki Demolli, priti n\u00eb takim, p\u00ebr her\u00eb t\u00eb par\u00eb, ambasadorin fuqiplot\u00eb t\u00eb Malit t\u00eb Zi n\u00eb Kosov\u00eb, Ferhat\",\"breadcrumb\":{\"@id\":\"https:\/\/www.visit-ulcinj.com\/blog\/2017\/02\/01\/haki-demolli-dinoshes-anetaresimi-malit-te-zi-ne-nato-sukses-edhe-rajonit\/#breadcrumb\"},\"inLanguage\":\"en-US\",\"potentialAction\":[{\"@type\":\"ReadAction\",\"target\":[\"https:\/\/www.visit-ulcinj.com\/blog\/2017\/02\/01\/haki-demolli-dinoshes-anetaresimi-malit-te-zi-ne-nato-sukses-edhe-rajonit\/\"]}]},{\"@type\":\"BreadcrumbList\",\"@id\":\"https:\/\/www.visit-ulcinj.com\/blog\/2017\/02\/01\/haki-demolli-dinoshes-anetaresimi-malit-te-zi-ne-nato-sukses-edhe-rajonit\/#breadcrumb\",\"itemListElement\":[{\"@type\":\"ListItem\",\"position\":1,\"name\":\"Haki Demolli &#8211; Dinosh\u00ebs: An\u00ebtar\u00ebsimi i Malit t\u00eb Zi n\u00eb NATO \u2013 sukses edhe i rajonit\"}]},{\"@type\":\"Person\",\"@id\":\"https:\/\/www.visit-ulcinj.com\/blog\/#\/schema\/person\/dcab619c614d3038751c63bc2aadc06d\",\"name\":\"ulqini\",\"sameAs\":[\"http:\/\/www.visit-ulcinj.com\"],\"url\":\"https:\/\/www.visit-ulcinj.com\/blog\/author\/admin\/\"}]}<\/script>\n<!-- \/ Yoast SEO plugin. -->","yoast_head_json":{"title":"Haki Demolli - Dinosh\u00ebs: An\u00ebtar\u00ebsimi i Malit t\u00eb Zi n\u00eb NATO \u2013 sukses edhe i rajonit - Lajme nga Ulqini","description":"Ministri i Forc\u00ebs s\u00eb Siguris\u00eb s\u00eb Kosov\u00ebs (FSK), Haki Demolli, priti n\u00eb takim, p\u00ebr her\u00eb t\u00eb par\u00eb, ambasadorin fuqiplot\u00eb t\u00eb Malit t\u00eb Zi n\u00eb Kosov\u00eb, Ferhat","robots":{"index":"index","follow":"follow","max-snippet":"max-snippet:-1","max-image-preview":"max-image-preview:large","max-video-preview":"max-video-preview:-1"},"canonical":"https:\/\/www.visit-ulcinj.com\/blog\/2017\/02\/01\/haki-demolli-dinoshes-anetaresimi-malit-te-zi-ne-nato-sukses-edhe-rajonit\/","og_locale":"en_US","og_type":"article","og_title":"Haki Demolli - Dinosh\u00ebs: An\u00ebtar\u00ebsimi i Malit t\u00eb Zi n\u00eb NATO \u2013 sukses edhe i rajonit - Lajme nga Ulqini","og_description":"Ministri i Forc\u00ebs s\u00eb Siguris\u00eb s\u00eb Kosov\u00ebs (FSK), Haki Demolli, priti n\u00eb takim, p\u00ebr her\u00eb t\u00eb par\u00eb, ambasadorin fuqiplot\u00eb t\u00eb Malit t\u00eb Zi n\u00eb Kosov\u00eb, Ferhat","og_url":"https:\/\/www.visit-ulcinj.com\/blog\/2017\/02\/01\/haki-demolli-dinoshes-anetaresimi-malit-te-zi-ne-nato-sukses-edhe-rajonit\/","og_site_name":"Lajme nga Ulqini","article_published_time":"2017-02-01T16:33:13+00:00","article_modified_time":"2017-02-01T16:35:33+00:00","og_image":[{"url":"http:\/\/www.visit-ulcinj.com\/blog\/wp-content\/uploads\/2017\/02\/Demolli-Dinosha.jpg"}],"twitter_misc":{"Written by":"ulqini","Est. reading time":"1 minute"},"schema":{"@context":"https:\/\/schema.org","@graph":[{"@type":"WebSite","@id":"https:\/\/www.visit-ulcinj.com\/blog\/#website","url":"https:\/\/www.visit-ulcinj.com\/blog\/","name":"Lajme nga Ulqini","description":"Lajme,Vijesti,Ulqini,Ulqin,Crna Gora,Mali i Zi","potentialAction":[{"@type":"SearchAction","target":{"@type":"EntryPoint","urlTemplate":"https:\/\/www.visit-ulcinj.com\/blog\/?s={search_term_string}"},"query-input":"required name=search_term_string"}],"inLanguage":"en-US"},{"@type":"ImageObject","inLanguage":"en-US","@id":"https:\/\/www.visit-ulcinj.com\/blog\/2017\/02\/01\/haki-demolli-dinoshes-anetaresimi-malit-te-zi-ne-nato-sukses-edhe-rajonit\/#primaryimage","url":"https:\/\/www.visit-ulcinj.com\/blog\/wp-content\/uploads\/2017\/02\/Demolli-Dinosha.jpg","contentUrl":"https:\/\/www.visit-ulcinj.com\/blog\/wp-content\/uploads\/2017\/02\/Demolli-Dinosha.jpg","width":640,"height":410},{"@type":"WebPage","@id":"https:\/\/www.visit-ulcinj.com\/blog\/2017\/02\/01\/haki-demolli-dinoshes-anetaresimi-malit-te-zi-ne-nato-sukses-edhe-rajonit\/#webpage","url":"https:\/\/www.visit-ulcinj.com\/blog\/2017\/02\/01\/haki-demolli-dinoshes-anetaresimi-malit-te-zi-ne-nato-sukses-edhe-rajonit\/","name":"Haki Demolli - Dinosh\u00ebs: An\u00ebtar\u00ebsimi i Malit t\u00eb Zi n\u00eb NATO \u2013 sukses edhe i rajonit - Lajme nga Ulqini","isPartOf":{"@id":"https:\/\/www.visit-ulcinj.com\/blog\/#website"},"primaryImageOfPage":{"@id":"https:\/\/www.visit-ulcinj.com\/blog\/2017\/02\/01\/haki-demolli-dinoshes-anetaresimi-malit-te-zi-ne-nato-sukses-edhe-rajonit\/#primaryimage"},"datePublished":"2017-02-01T16:33:13+00:00","dateModified":"2017-02-01T16:35:33+00:00","author":{"@id":"https:\/\/www.visit-ulcinj.com\/blog\/#\/schema\/person\/dcab619c614d3038751c63bc2aadc06d"},"description":"Ministri i Forc\u00ebs s\u00eb Siguris\u00eb s\u00eb Kosov\u00ebs (FSK), Haki Demolli, priti n\u00eb takim, p\u00ebr her\u00eb t\u00eb par\u00eb, ambasadorin fuqiplot\u00eb t\u00eb Malit t\u00eb Zi n\u00eb Kosov\u00eb, Ferhat","breadcrumb":{"@id":"https:\/\/www.visit-ulcinj.com\/blog\/2017\/02\/01\/haki-demolli-dinoshes-anetaresimi-malit-te-zi-ne-nato-sukses-edhe-rajonit\/#breadcrumb"},"inLanguage":"en-US","potentialAction":[{"@type":"ReadAction","target":["https:\/\/www.visit-ulcinj.com\/blog\/2017\/02\/01\/haki-demolli-dinoshes-anetaresimi-malit-te-zi-ne-nato-sukses-edhe-rajonit\/"]}]},{"@type":"BreadcrumbList","@id":"https:\/\/www.visit-ulcinj.com\/blog\/2017\/02\/01\/haki-demolli-dinoshes-anetaresimi-malit-te-zi-ne-nato-sukses-edhe-rajonit\/#breadcrumb","itemListElement":[{"@type":"ListItem","position":1,"name":"Haki Demolli &#8211; Dinosh\u00ebs: An\u00ebtar\u00ebsimi i Malit t\u00eb Zi n\u00eb NATO \u2013 sukses edhe i rajonit"}]},{"@type":"Person","@id":"https:\/\/www.visit-ulcinj.com\/blog\/#\/schema\/person\/dcab619c614d3038751c63bc2aadc06d","name":"ulqini","sameAs":["http:\/\/www.visit-ulcinj.com"],"url":"https:\/\/www.visit-ulcinj.com\/blog\/author\/admin\/"}]}},"jetpack_featured_media_url":"","jetpack_sharing_enabled":true,"jetpack_shortlink":"https:\/\/wp.me\/pe6lTn-qHb","_links":{"self":[{"href":"https:\/\/www.visit-ulcinj.com\/blog\/wp-json\/wp\/v2\/posts\/102621"}],"collection":[{"href":"https:\/\/www.visit-ulcinj.com\/blog\/wp-json\/wp\/v2\/posts"}],"about":[{"href":"https:\/\/www.visit-ulcinj.com\/blog\/wp-json\/wp\/v2\/types\/post"}],"author":[{"embeddable":true,"href":"https:\/\/www.visit-ulcinj.com\/blog\/wp-json\/wp\/v2\/users\/1"}],"replies":[{"embeddable":true,"href":"https:\/\/www.visit-ulcinj.com\/blog\/wp-json\/wp\/v2\/comments?post=102621"}],"version-history":[{"count":2,"href":"https:\/\/www.visit-ulcinj.com\/blog\/wp-json\/wp\/v2\/posts\/102621\/revisions"}],"predecessor-version":[{"id":102624,"href":"https:\/\/www.visit-ulcinj.com\/blog\/wp-json\/wp\/v2\/posts\/102621\/revisions\/102624"}],"wp:attachment":[{"href":"https:\/\/www.visit-ulcinj.com\/blog\/wp-json\/wp\/v2\/media?parent=102621"}],"wp:term":[{"taxonomy":"category","embeddable":true,"href":"https:\/\/www.visit-ulcinj.com\/blog\/wp-json\/wp\/v2\/categories?post=102621"},{"taxonomy":"post_tag","embeddable":true,"href":"https:\/\/www.visit-ulcinj.com\/blog\/wp-json\/wp\/v2\/tags?post=102621"}],"curies":[{"name":"wp","href":"https:\/\/api.w.org\/{rel}","templated":true}]}}