{"id":102629,"date":"2017-02-01T18:04:39","date_gmt":"2017-02-01T17:04:39","guid":{"rendered":"http:\/\/www.visit-ulcinj.com\/blog\/?p=102629"},"modified":"2017-02-01T18:04:39","modified_gmt":"2017-02-01T17:04:39","slug":"mali-zi-te-shkaterroje-403-tone-arme","status":"publish","type":"post","link":"https:\/\/www.visit-ulcinj.com\/blog\/2017\/02\/01\/mali-zi-te-shkaterroje-403-tone-arme\/","title":{"rendered":"Mali i Zi do t\u00eb shkat\u00ebrroj\u00eb 403 ton\u00eb arm\u00eb"},"content":{"rendered":"<p><a href=\"http:\/\/www.visit-ulcinj.com\/blog\/wp-content\/uploads\/2017\/02\/Ministri-mbrojtjes-Slobodan-Filipovic-NATO.jpg\"><img loading=\"lazy\" class=\"alignleft wp-image-102631\" src=\"http:\/\/www.visit-ulcinj.com\/blog\/wp-content\/uploads\/2017\/02\/Ministri-mbrojtjes-Slobodan-Filipovic-NATO.jpg\" alt=\"Ministri-mbrojtjes-Slobodan Filipovic -NATO\" width=\"508\" height=\"362\" srcset=\"https:\/\/www.visit-ulcinj.com\/blog\/wp-content\/uploads\/2017\/02\/Ministri-mbrojtjes-Slobodan-Filipovic-NATO.jpg 800w, https:\/\/www.visit-ulcinj.com\/blog\/wp-content\/uploads\/2017\/02\/Ministri-mbrojtjes-Slobodan-Filipovic-NATO-300x214.jpg 300w, https:\/\/www.visit-ulcinj.com\/blog\/wp-content\/uploads\/2017\/02\/Ministri-mbrojtjes-Slobodan-Filipovic-NATO-768x547.jpg 768w\" sizes=\"(max-width: 508px) 100vw, 508px\" \/><\/a>Mali i Zi n\u00eb 15 muajt e ardhsh\u00ebm duhet t\u00eb shkat\u00ebrroj\u00eb 403 ton\u00eb armatim t\u00eb tep\u00ebrt, q\u00eb do t\u00eb paraqes\u00eb fillimin e projektit Fondi i NATO-s p\u00ebr demilitarizim, kumtoi sot Ministria e Mbrojtjes e Malit t\u00eb Zi.<\/p>\n<p>Aksioni, p\u00ebr t\u00eb cilin Fondi i NATO-s do t\u00eb ndaj\u00eb 700.000 euro ka p\u00ebr q\u00ebllim shkat\u00ebrrimin e arm\u00ebve n\u00eb m\u00ebnyr\u00eb e cila garanton siguri p\u00ebr mjedisin jet\u00ebsor dhe qytetar\u00ebt malazez, njofton RTCG. Teprica e arm\u00ebve do t\u00eb shkat\u00ebrrohet n\u00eb ndonj\u00eb lokacion n\u00eb Mal t\u00eb Zi.<\/p>\n<p>Sipas t\u00eb dh\u00ebnave t\u00eb Ministris\u00eb s\u00eb Mbrojtjes n\u00eb depot\u00eb e arm\u00ebve n\u00eb vend p\u00ebr momentin jan\u00eb rreth 2.000 ton\u00eb armatim i tep\u00ebrt. Pas shkat\u00ebrrimit t\u00eb planifikuar t\u00eb 403 ton\u00ebve, do t\u00eb mbeten edhe 1.600 ton\u00eb.<\/p>\n<p>Sekretari shtet\u00ebror n\u00eb Ministri, Sllobodan Filipoviq deklaroi se kur b\u00ebhet fjal\u00eb p\u00ebr arm\u00eb t\u00eb tep\u00ebrta, duhet t\u00eb merret parasysh konteksti historik dhe ngjarjet konfliktuoze n\u00eb k\u00ebto hap\u00ebsira, si dhe numri i funksionimit t\u00eb ushtris\u00eb s\u00eb dikurshme.<\/p>\n<p><a href=\"http:\/\/www.visit-ulcinj.com\/blog\/wp-content\/uploads\/2017\/02\/Ambasador-Viting-Britania-Madhe.png\"><img loading=\"lazy\" class=\"alignleft wp-image-102632\" src=\"http:\/\/www.visit-ulcinj.com\/blog\/wp-content\/uploads\/2017\/02\/Ambasador-Viting-Britania-Madhe.png\" alt=\"Ambasador Viting-Britania Madhe\" width=\"508\" height=\"265\" srcset=\"https:\/\/www.visit-ulcinj.com\/blog\/wp-content\/uploads\/2017\/02\/Ambasador-Viting-Britania-Madhe.png 768w, https:\/\/www.visit-ulcinj.com\/blog\/wp-content\/uploads\/2017\/02\/Ambasador-Viting-Britania-Madhe-300x156.png 300w\" sizes=\"(max-width: 508px) 100vw, 508px\" \/><\/a><\/p>\n<p>Ambasadori i Britanis\u00eb s\u00eb Madhe n\u00eb Mal t\u00eb Zi, Jan Viting elaboroi se i gjith\u00eb procesi i shkat\u00ebrrimit t\u00eb k\u00ebtyre 403 ton\u00ebve arm\u00eb t\u00eb vjetra do t\u00eb zgjas\u00eb 15 muaj dhe se do t\u00eb kontribuoj\u00eb p\u00ebr sigurin\u00eb e qytetar\u00ebve malazez.<\/p>\n<p>Tetova Sot<\/p>\n","protected":false},"excerpt":{"rendered":"<p>Mali i Zi n\u00eb 15 muajt e ardhsh\u00ebm duhet t\u00eb shkat\u00ebrroj\u00eb 403 ton\u00eb armatim t\u00eb tep\u00ebrt, q\u00eb do t\u00eb paraqes\u00eb fillimin e projektit Fondi i NATO-s p\u00ebr demilitarizim, kumtoi sot Ministria e Mbrojtjes e Malit t\u00eb Zi. Aksioni, p\u00ebr t\u00eb cilin Fondi i NATO-s do t\u00eb ndaj\u00eb 700.000 euro ka p\u00ebr q\u00ebllim shkat\u00ebrrimin e arm\u00ebve [&hellip;]<\/p>\n","protected":false},"author":1,"featured_media":0,"comment_status":"closed","ping_status":"closed","sticky":false,"template":"","format":"standard","meta":{"spay_email":"","jetpack_publicize_message":"","jetpack_is_tweetstorm":false,"jetpack_publicize_feature_enabled":true},"categories":[12],"tags":[],"jetpack_publicize_connections":[],"yoast_head":"<!-- This site is optimized with the Yoast SEO plugin v19.1 - https:\/\/yoast.com\/wordpress\/plugins\/seo\/ -->\n<title>Mali i Zi do t\u00eb shkat\u00ebrroj\u00eb 403 ton\u00eb arm\u00eb - Lajme nga Ulqini<\/title>\n<meta name=\"description\" content=\"Mali i Zi n\u00eb 15 muajt e ardhsh\u00ebm duhet t\u00eb shkat\u00ebrroj\u00eb 403 ton\u00eb armatim t\u00eb tep\u00ebrt, q\u00eb do t\u00eb paraqes\u00eb fillimin e projektit Fondi i NATO-s p\u00ebr demilitarizim,\" \/>\n<meta name=\"robots\" content=\"index, follow, max-snippet:-1, max-image-preview:large, max-video-preview:-1\" \/>\n<link rel=\"canonical\" href=\"https:\/\/www.visit-ulcinj.com\/blog\/2017\/02\/01\/mali-zi-te-shkaterroje-403-tone-arme\/\" \/>\n<meta property=\"og:locale\" content=\"en_US\" \/>\n<meta property=\"og:type\" content=\"article\" \/>\n<meta property=\"og:title\" content=\"Mali i Zi do t\u00eb shkat\u00ebrroj\u00eb 403 ton\u00eb arm\u00eb - Lajme nga Ulqini\" \/>\n<meta property=\"og:description\" content=\"Mali i Zi n\u00eb 15 muajt e ardhsh\u00ebm duhet t\u00eb shkat\u00ebrroj\u00eb 403 ton\u00eb armatim t\u00eb tep\u00ebrt, q\u00eb do t\u00eb paraqes\u00eb fillimin e projektit Fondi i NATO-s p\u00ebr demilitarizim,\" \/>\n<meta property=\"og:url\" content=\"https:\/\/www.visit-ulcinj.com\/blog\/2017\/02\/01\/mali-zi-te-shkaterroje-403-tone-arme\/\" \/>\n<meta property=\"og:site_name\" content=\"Lajme nga Ulqini\" \/>\n<meta property=\"article:published_time\" content=\"2017-02-01T17:04:39+00:00\" \/>\n<meta property=\"og:image\" content=\"http:\/\/www.visit-ulcinj.com\/blog\/wp-content\/uploads\/2017\/02\/Ministri-mbrojtjes-Slobodan-Filipovic-NATO.jpg\" \/>\n<meta name=\"twitter:label1\" content=\"Written by\" \/>\n\t<meta name=\"twitter:data1\" content=\"ulqini\" \/>\n\t<meta name=\"twitter:label2\" content=\"Est. reading time\" \/>\n\t<meta name=\"twitter:data2\" content=\"1 minute\" \/>\n<script type=\"application\/ld+json\" class=\"yoast-schema-graph\">{\"@context\":\"https:\/\/schema.org\",\"@graph\":[{\"@type\":\"WebSite\",\"@id\":\"https:\/\/www.visit-ulcinj.com\/blog\/#website\",\"url\":\"https:\/\/www.visit-ulcinj.com\/blog\/\",\"name\":\"Lajme nga Ulqini\",\"description\":\"Lajme,Vijesti,Ulqini,Ulqin,Crna Gora,Mali i Zi\",\"potentialAction\":[{\"@type\":\"SearchAction\",\"target\":{\"@type\":\"EntryPoint\",\"urlTemplate\":\"https:\/\/www.visit-ulcinj.com\/blog\/?s={search_term_string}\"},\"query-input\":\"required name=search_term_string\"}],\"inLanguage\":\"en-US\"},{\"@type\":\"ImageObject\",\"inLanguage\":\"en-US\",\"@id\":\"https:\/\/www.visit-ulcinj.com\/blog\/2017\/02\/01\/mali-zi-te-shkaterroje-403-tone-arme\/#primaryimage\",\"url\":\"https:\/\/www.visit-ulcinj.com\/blog\/wp-content\/uploads\/2017\/02\/Ministri-mbrojtjes-Slobodan-Filipovic-NATO.jpg\",\"contentUrl\":\"https:\/\/www.visit-ulcinj.com\/blog\/wp-content\/uploads\/2017\/02\/Ministri-mbrojtjes-Slobodan-Filipovic-NATO.jpg\",\"width\":800,\"height\":570},{\"@type\":\"WebPage\",\"@id\":\"https:\/\/www.visit-ulcinj.com\/blog\/2017\/02\/01\/mali-zi-te-shkaterroje-403-tone-arme\/#webpage\",\"url\":\"https:\/\/www.visit-ulcinj.com\/blog\/2017\/02\/01\/mali-zi-te-shkaterroje-403-tone-arme\/\",\"name\":\"Mali i Zi do t\u00eb shkat\u00ebrroj\u00eb 403 ton\u00eb arm\u00eb - Lajme nga Ulqini\",\"isPartOf\":{\"@id\":\"https:\/\/www.visit-ulcinj.com\/blog\/#website\"},\"primaryImageOfPage\":{\"@id\":\"https:\/\/www.visit-ulcinj.com\/blog\/2017\/02\/01\/mali-zi-te-shkaterroje-403-tone-arme\/#primaryimage\"},\"datePublished\":\"2017-02-01T17:04:39+00:00\",\"dateModified\":\"2017-02-01T17:04:39+00:00\",\"author\":{\"@id\":\"https:\/\/www.visit-ulcinj.com\/blog\/#\/schema\/person\/dcab619c614d3038751c63bc2aadc06d\"},\"description\":\"Mali i Zi n\u00eb 15 muajt e ardhsh\u00ebm duhet t\u00eb shkat\u00ebrroj\u00eb 403 ton\u00eb armatim t\u00eb tep\u00ebrt, q\u00eb do t\u00eb paraqes\u00eb fillimin e projektit Fondi i NATO-s p\u00ebr demilitarizim,\",\"breadcrumb\":{\"@id\":\"https:\/\/www.visit-ulcinj.com\/blog\/2017\/02\/01\/mali-zi-te-shkaterroje-403-tone-arme\/#breadcrumb\"},\"inLanguage\":\"en-US\",\"potentialAction\":[{\"@type\":\"ReadAction\",\"target\":[\"https:\/\/www.visit-ulcinj.com\/blog\/2017\/02\/01\/mali-zi-te-shkaterroje-403-tone-arme\/\"]}]},{\"@type\":\"BreadcrumbList\",\"@id\":\"https:\/\/www.visit-ulcinj.com\/blog\/2017\/02\/01\/mali-zi-te-shkaterroje-403-tone-arme\/#breadcrumb\",\"itemListElement\":[{\"@type\":\"ListItem\",\"position\":1,\"name\":\"Mali i Zi do t\u00eb shkat\u00ebrroj\u00eb 403 ton\u00eb arm\u00eb\"}]},{\"@type\":\"Person\",\"@id\":\"https:\/\/www.visit-ulcinj.com\/blog\/#\/schema\/person\/dcab619c614d3038751c63bc2aadc06d\",\"name\":\"ulqini\",\"sameAs\":[\"http:\/\/www.visit-ulcinj.com\"],\"url\":\"https:\/\/www.visit-ulcinj.com\/blog\/author\/admin\/\"}]}<\/script>\n<!-- \/ Yoast SEO plugin. -->","yoast_head_json":{"title":"Mali i Zi do t\u00eb shkat\u00ebrroj\u00eb 403 ton\u00eb arm\u00eb - Lajme nga Ulqini","description":"Mali i Zi n\u00eb 15 muajt e ardhsh\u00ebm duhet t\u00eb shkat\u00ebrroj\u00eb 403 ton\u00eb armatim t\u00eb tep\u00ebrt, q\u00eb do t\u00eb paraqes\u00eb fillimin e projektit Fondi i NATO-s p\u00ebr demilitarizim,","robots":{"index":"index","follow":"follow","max-snippet":"max-snippet:-1","max-image-preview":"max-image-preview:large","max-video-preview":"max-video-preview:-1"},"canonical":"https:\/\/www.visit-ulcinj.com\/blog\/2017\/02\/01\/mali-zi-te-shkaterroje-403-tone-arme\/","og_locale":"en_US","og_type":"article","og_title":"Mali i Zi do t\u00eb shkat\u00ebrroj\u00eb 403 ton\u00eb arm\u00eb - Lajme nga Ulqini","og_description":"Mali i Zi n\u00eb 15 muajt e ardhsh\u00ebm duhet t\u00eb shkat\u00ebrroj\u00eb 403 ton\u00eb armatim t\u00eb tep\u00ebrt, q\u00eb do t\u00eb paraqes\u00eb fillimin e projektit Fondi i NATO-s p\u00ebr demilitarizim,","og_url":"https:\/\/www.visit-ulcinj.com\/blog\/2017\/02\/01\/mali-zi-te-shkaterroje-403-tone-arme\/","og_site_name":"Lajme nga Ulqini","article_published_time":"2017-02-01T17:04:39+00:00","og_image":[{"url":"http:\/\/www.visit-ulcinj.com\/blog\/wp-content\/uploads\/2017\/02\/Ministri-mbrojtjes-Slobodan-Filipovic-NATO.jpg"}],"twitter_misc":{"Written by":"ulqini","Est. reading time":"1 minute"},"schema":{"@context":"https:\/\/schema.org","@graph":[{"@type":"WebSite","@id":"https:\/\/www.visit-ulcinj.com\/blog\/#website","url":"https:\/\/www.visit-ulcinj.com\/blog\/","name":"Lajme nga Ulqini","description":"Lajme,Vijesti,Ulqini,Ulqin,Crna Gora,Mali i Zi","potentialAction":[{"@type":"SearchAction","target":{"@type":"EntryPoint","urlTemplate":"https:\/\/www.visit-ulcinj.com\/blog\/?s={search_term_string}"},"query-input":"required name=search_term_string"}],"inLanguage":"en-US"},{"@type":"ImageObject","inLanguage":"en-US","@id":"https:\/\/www.visit-ulcinj.com\/blog\/2017\/02\/01\/mali-zi-te-shkaterroje-403-tone-arme\/#primaryimage","url":"https:\/\/www.visit-ulcinj.com\/blog\/wp-content\/uploads\/2017\/02\/Ministri-mbrojtjes-Slobodan-Filipovic-NATO.jpg","contentUrl":"https:\/\/www.visit-ulcinj.com\/blog\/wp-content\/uploads\/2017\/02\/Ministri-mbrojtjes-Slobodan-Filipovic-NATO.jpg","width":800,"height":570},{"@type":"WebPage","@id":"https:\/\/www.visit-ulcinj.com\/blog\/2017\/02\/01\/mali-zi-te-shkaterroje-403-tone-arme\/#webpage","url":"https:\/\/www.visit-ulcinj.com\/blog\/2017\/02\/01\/mali-zi-te-shkaterroje-403-tone-arme\/","name":"Mali i Zi do t\u00eb shkat\u00ebrroj\u00eb 403 ton\u00eb arm\u00eb - Lajme nga Ulqini","isPartOf":{"@id":"https:\/\/www.visit-ulcinj.com\/blog\/#website"},"primaryImageOfPage":{"@id":"https:\/\/www.visit-ulcinj.com\/blog\/2017\/02\/01\/mali-zi-te-shkaterroje-403-tone-arme\/#primaryimage"},"datePublished":"2017-02-01T17:04:39+00:00","dateModified":"2017-02-01T17:04:39+00:00","author":{"@id":"https:\/\/www.visit-ulcinj.com\/blog\/#\/schema\/person\/dcab619c614d3038751c63bc2aadc06d"},"description":"Mali i Zi n\u00eb 15 muajt e ardhsh\u00ebm duhet t\u00eb shkat\u00ebrroj\u00eb 403 ton\u00eb armatim t\u00eb tep\u00ebrt, q\u00eb do t\u00eb paraqes\u00eb fillimin e projektit Fondi i NATO-s p\u00ebr demilitarizim,","breadcrumb":{"@id":"https:\/\/www.visit-ulcinj.com\/blog\/2017\/02\/01\/mali-zi-te-shkaterroje-403-tone-arme\/#breadcrumb"},"inLanguage":"en-US","potentialAction":[{"@type":"ReadAction","target":["https:\/\/www.visit-ulcinj.com\/blog\/2017\/02\/01\/mali-zi-te-shkaterroje-403-tone-arme\/"]}]},{"@type":"BreadcrumbList","@id":"https:\/\/www.visit-ulcinj.com\/blog\/2017\/02\/01\/mali-zi-te-shkaterroje-403-tone-arme\/#breadcrumb","itemListElement":[{"@type":"ListItem","position":1,"name":"Mali i Zi do t\u00eb shkat\u00ebrroj\u00eb 403 ton\u00eb arm\u00eb"}]},{"@type":"Person","@id":"https:\/\/www.visit-ulcinj.com\/blog\/#\/schema\/person\/dcab619c614d3038751c63bc2aadc06d","name":"ulqini","sameAs":["http:\/\/www.visit-ulcinj.com"],"url":"https:\/\/www.visit-ulcinj.com\/blog\/author\/admin\/"}]}},"jetpack_featured_media_url":"","jetpack_sharing_enabled":true,"jetpack_shortlink":"https:\/\/wp.me\/pe6lTn-qHj","_links":{"self":[{"href":"https:\/\/www.visit-ulcinj.com\/blog\/wp-json\/wp\/v2\/posts\/102629"}],"collection":[{"href":"https:\/\/www.visit-ulcinj.com\/blog\/wp-json\/wp\/v2\/posts"}],"about":[{"href":"https:\/\/www.visit-ulcinj.com\/blog\/wp-json\/wp\/v2\/types\/post"}],"author":[{"embeddable":true,"href":"https:\/\/www.visit-ulcinj.com\/blog\/wp-json\/wp\/v2\/users\/1"}],"replies":[{"embeddable":true,"href":"https:\/\/www.visit-ulcinj.com\/blog\/wp-json\/wp\/v2\/comments?post=102629"}],"version-history":[{"count":1,"href":"https:\/\/www.visit-ulcinj.com\/blog\/wp-json\/wp\/v2\/posts\/102629\/revisions"}],"predecessor-version":[{"id":102633,"href":"https:\/\/www.visit-ulcinj.com\/blog\/wp-json\/wp\/v2\/posts\/102629\/revisions\/102633"}],"wp:attachment":[{"href":"https:\/\/www.visit-ulcinj.com\/blog\/wp-json\/wp\/v2\/media?parent=102629"}],"wp:term":[{"taxonomy":"category","embeddable":true,"href":"https:\/\/www.visit-ulcinj.com\/blog\/wp-json\/wp\/v2\/categories?post=102629"},{"taxonomy":"post_tag","embeddable":true,"href":"https:\/\/www.visit-ulcinj.com\/blog\/wp-json\/wp\/v2\/tags?post=102629"}],"curies":[{"name":"wp","href":"https:\/\/api.w.org\/{rel}","templated":true}]}}