{"id":102634,"date":"2017-02-01T18:28:57","date_gmt":"2017-02-01T17:28:57","guid":{"rendered":"http:\/\/www.visit-ulcinj.com\/blog\/?p=102634"},"modified":"2017-02-01T18:28:57","modified_gmt":"2017-02-01T17:28:57","slug":"cungu-merruni-probleme-reale-te-qytetareve","status":"publish","type":"post","link":"https:\/\/www.visit-ulcinj.com\/blog\/2017\/02\/01\/cungu-merruni-probleme-reale-te-qytetareve\/","title":{"rendered":"Cungu: Merruni me probleme reale t\u00eb qytetar\u00ebve"},"content":{"rendered":"<p><a href=\"http:\/\/www.visit-ulcinj.com\/blog\/wp-content\/uploads\/2017\/02\/Nazif-Cungu-ne-mbledhje-Merruni-me-probleme-reale-t\u00eb-qytetar\u00ebve.jpg\"><img loading=\"lazy\" class=\"alignleft wp-image-102635\" src=\"http:\/\/www.visit-ulcinj.com\/blog\/wp-content\/uploads\/2017\/02\/Nazif-Cungu-ne-mbledhje-Merruni-me-probleme-reale-t\u00eb-qytetar\u00ebve.jpg\" alt=\"Nazif-Cungu ne mbledhje- Merruni me probleme reale t\u00eb qytetar\u00ebve\" width=\"508\" height=\"243\" srcset=\"https:\/\/www.visit-ulcinj.com\/blog\/wp-content\/uploads\/2017\/02\/Nazif-Cungu-ne-mbledhje-Merruni-me-probleme-reale-t\u00eb-qytetar\u00ebve.jpg 702w, https:\/\/www.visit-ulcinj.com\/blog\/wp-content\/uploads\/2017\/02\/Nazif-Cungu-ne-mbledhje-Merruni-me-probleme-reale-t\u00eb-qytetar\u00ebve-300x144.jpg 300w\" sizes=\"(max-width: 508px) 100vw, 508px\" \/><\/a>N\u00eb hotel &#8220;Dolcino&#8221; sot u mbajt mbledhja e trupit koordinues p\u00ebr p\u00ebrgatitjen e sezonit turistik, n\u00eb t\u00eb cil\u00ebn mor\u00ebn pjes\u00eb p\u00ebrfaq\u00ebsues t\u00eb institucioneve publike lokale dhe qendrore, si dhe ato t\u00eb bizneseve vendas, raporton portali TV Teuta.<\/p>\n<p>N\u00eb mbledhje u parashtruan problemet me t\u00eb cilat p\u00ebrballet Ulqini gjat\u00eb sezonit turistik, si dhe u diskutuan m\u00ebnyrat p\u00ebr tejkalimin e tyre.<\/p>\n<p>Disa nga \u00e7\u00ebshtjet m\u00eb problematike kan\u00eb vite q\u00eb p\u00ebrs\u00ebrititen, tha kryetari\u00a0 i Komun\u00ebs Nazif Cungu, edhe pse disa prej tyre n\u00eb form\u00eb m\u00eb t\u00eb leht\u00ebsuar se m\u00eb par\u00eb. Problemet me vendet e parkimit, bag\u00ebtit\u00eb n\u00eb rrug\u00ebt e Shtojit, nd\u00ebrtimet e shumta pa leje, mungesa e infrastruktur\u00ebs s\u00eb duhur n\u00eb disa zona, kan\u00eb koh\u00eb q\u00eb p\u00ebrs\u00ebriten, dhe zyrtar\u00ebt lokal por edhe p\u00ebrfaq\u00ebsuesit e institucioneve t\u00eb tjera publike , i cil\u00ebsuan si prioritete q\u00eb duhet t\u00eb zgjidhen sa m\u00eb shpejt. Ato u dakorduan q\u00eb n\u00eb periudh\u00ebn e ardhshme t\u00eb intensifikohet bashk\u00ebpunimi dhe puna me q\u00ebllim q\u00eb sezoni turistik t\u00eb pritet sa m\u00eb mir\u00eb.<\/p>\n","protected":false},"excerpt":{"rendered":"<p>N\u00eb hotel &#8220;Dolcino&#8221; sot u mbajt mbledhja e trupit koordinues p\u00ebr p\u00ebrgatitjen e sezonit turistik, n\u00eb t\u00eb cil\u00ebn mor\u00ebn pjes\u00eb p\u00ebrfaq\u00ebsues t\u00eb institucioneve publike lokale dhe qendrore, si dhe ato t\u00eb bizneseve vendas, raporton portali TV Teuta. N\u00eb mbledhje u parashtruan problemet me t\u00eb cilat p\u00ebrballet Ulqini gjat\u00eb sezonit turistik, si dhe u diskutuan m\u00ebnyrat [&hellip;]<\/p>\n","protected":false},"author":1,"featured_media":0,"comment_status":"closed","ping_status":"closed","sticky":false,"template":"","format":"standard","meta":{"spay_email":"","jetpack_publicize_message":"","jetpack_is_tweetstorm":false,"jetpack_publicize_feature_enabled":true},"categories":[15],"tags":[],"jetpack_publicize_connections":[],"yoast_head":"<!-- This site is optimized with the Yoast SEO plugin v19.1 - https:\/\/yoast.com\/wordpress\/plugins\/seo\/ -->\n<title>Cungu: Merruni me probleme reale t\u00eb qytetar\u00ebve - Lajme nga Ulqini<\/title>\n<meta name=\"description\" content=\"N\u00eb hotel &quot;Dolcino&quot; sot u mbajt mbledhja e trupit koordinues p\u00ebr p\u00ebrgatitjen e sezonit turistik, n\u00eb t\u00eb cil\u00ebn mor\u00ebn pjes\u00eb p\u00ebrfaq\u00ebsues t\u00eb institucioneve\" \/>\n<meta name=\"robots\" content=\"index, follow, max-snippet:-1, max-image-preview:large, max-video-preview:-1\" \/>\n<link rel=\"canonical\" href=\"https:\/\/www.visit-ulcinj.com\/blog\/2017\/02\/01\/cungu-merruni-probleme-reale-te-qytetareve\/\" \/>\n<meta property=\"og:locale\" content=\"en_US\" \/>\n<meta property=\"og:type\" content=\"article\" \/>\n<meta property=\"og:title\" content=\"Cungu: Merruni me probleme reale t\u00eb qytetar\u00ebve - Lajme nga Ulqini\" \/>\n<meta property=\"og:description\" content=\"N\u00eb hotel &quot;Dolcino&quot; sot u mbajt mbledhja e trupit koordinues p\u00ebr p\u00ebrgatitjen e sezonit turistik, n\u00eb t\u00eb cil\u00ebn mor\u00ebn pjes\u00eb p\u00ebrfaq\u00ebsues t\u00eb institucioneve\" \/>\n<meta property=\"og:url\" content=\"https:\/\/www.visit-ulcinj.com\/blog\/2017\/02\/01\/cungu-merruni-probleme-reale-te-qytetareve\/\" \/>\n<meta property=\"og:site_name\" content=\"Lajme nga Ulqini\" \/>\n<meta property=\"article:published_time\" content=\"2017-02-01T17:28:57+00:00\" \/>\n<meta name=\"twitter:label1\" content=\"Written by\" \/>\n\t<meta name=\"twitter:data1\" content=\"ulqini\" \/>\n\t<meta name=\"twitter:label2\" content=\"Est. reading time\" \/>\n\t<meta name=\"twitter:data2\" content=\"1 minute\" \/>\n<script type=\"application\/ld+json\" class=\"yoast-schema-graph\">{\"@context\":\"https:\/\/schema.org\",\"@graph\":[{\"@type\":\"WebSite\",\"@id\":\"https:\/\/www.visit-ulcinj.com\/blog\/#website\",\"url\":\"https:\/\/www.visit-ulcinj.com\/blog\/\",\"name\":\"Lajme nga Ulqini\",\"description\":\"Lajme,Vijesti,Ulqini,Ulqin,Crna Gora,Mali i Zi\",\"potentialAction\":[{\"@type\":\"SearchAction\",\"target\":{\"@type\":\"EntryPoint\",\"urlTemplate\":\"https:\/\/www.visit-ulcinj.com\/blog\/?s={search_term_string}\"},\"query-input\":\"required name=search_term_string\"}],\"inLanguage\":\"en-US\"},{\"@type\":\"WebPage\",\"@id\":\"https:\/\/www.visit-ulcinj.com\/blog\/2017\/02\/01\/cungu-merruni-probleme-reale-te-qytetareve\/#webpage\",\"url\":\"https:\/\/www.visit-ulcinj.com\/blog\/2017\/02\/01\/cungu-merruni-probleme-reale-te-qytetareve\/\",\"name\":\"Cungu: Merruni me probleme reale t\u00eb qytetar\u00ebve - Lajme nga Ulqini\",\"isPartOf\":{\"@id\":\"https:\/\/www.visit-ulcinj.com\/blog\/#website\"},\"datePublished\":\"2017-02-01T17:28:57+00:00\",\"dateModified\":\"2017-02-01T17:28:57+00:00\",\"author\":{\"@id\":\"https:\/\/www.visit-ulcinj.com\/blog\/#\/schema\/person\/dcab619c614d3038751c63bc2aadc06d\"},\"description\":\"N\u00eb hotel \\\"Dolcino\\\" sot u mbajt mbledhja e trupit koordinues p\u00ebr p\u00ebrgatitjen e sezonit turistik, n\u00eb t\u00eb cil\u00ebn mor\u00ebn pjes\u00eb p\u00ebrfaq\u00ebsues t\u00eb institucioneve\",\"breadcrumb\":{\"@id\":\"https:\/\/www.visit-ulcinj.com\/blog\/2017\/02\/01\/cungu-merruni-probleme-reale-te-qytetareve\/#breadcrumb\"},\"inLanguage\":\"en-US\",\"potentialAction\":[{\"@type\":\"ReadAction\",\"target\":[\"https:\/\/www.visit-ulcinj.com\/blog\/2017\/02\/01\/cungu-merruni-probleme-reale-te-qytetareve\/\"]}]},{\"@type\":\"BreadcrumbList\",\"@id\":\"https:\/\/www.visit-ulcinj.com\/blog\/2017\/02\/01\/cungu-merruni-probleme-reale-te-qytetareve\/#breadcrumb\",\"itemListElement\":[{\"@type\":\"ListItem\",\"position\":1,\"name\":\"Cungu: Merruni me probleme reale t\u00eb qytetar\u00ebve\"}]},{\"@type\":\"Person\",\"@id\":\"https:\/\/www.visit-ulcinj.com\/blog\/#\/schema\/person\/dcab619c614d3038751c63bc2aadc06d\",\"name\":\"ulqini\",\"sameAs\":[\"http:\/\/www.visit-ulcinj.com\"],\"url\":\"https:\/\/www.visit-ulcinj.com\/blog\/author\/admin\/\"}]}<\/script>\n<!-- \/ Yoast SEO plugin. -->","yoast_head_json":{"title":"Cungu: Merruni me probleme reale t\u00eb qytetar\u00ebve - Lajme nga Ulqini","description":"N\u00eb hotel \"Dolcino\" sot u mbajt mbledhja e trupit koordinues p\u00ebr p\u00ebrgatitjen e sezonit turistik, n\u00eb t\u00eb cil\u00ebn mor\u00ebn pjes\u00eb p\u00ebrfaq\u00ebsues t\u00eb institucioneve","robots":{"index":"index","follow":"follow","max-snippet":"max-snippet:-1","max-image-preview":"max-image-preview:large","max-video-preview":"max-video-preview:-1"},"canonical":"https:\/\/www.visit-ulcinj.com\/blog\/2017\/02\/01\/cungu-merruni-probleme-reale-te-qytetareve\/","og_locale":"en_US","og_type":"article","og_title":"Cungu: Merruni me probleme reale t\u00eb qytetar\u00ebve - Lajme nga Ulqini","og_description":"N\u00eb hotel \"Dolcino\" sot u mbajt mbledhja e trupit koordinues p\u00ebr p\u00ebrgatitjen e sezonit turistik, n\u00eb t\u00eb cil\u00ebn mor\u00ebn pjes\u00eb p\u00ebrfaq\u00ebsues t\u00eb institucioneve","og_url":"https:\/\/www.visit-ulcinj.com\/blog\/2017\/02\/01\/cungu-merruni-probleme-reale-te-qytetareve\/","og_site_name":"Lajme nga Ulqini","article_published_time":"2017-02-01T17:28:57+00:00","twitter_misc":{"Written by":"ulqini","Est. reading time":"1 minute"},"schema":{"@context":"https:\/\/schema.org","@graph":[{"@type":"WebSite","@id":"https:\/\/www.visit-ulcinj.com\/blog\/#website","url":"https:\/\/www.visit-ulcinj.com\/blog\/","name":"Lajme nga Ulqini","description":"Lajme,Vijesti,Ulqini,Ulqin,Crna Gora,Mali i Zi","potentialAction":[{"@type":"SearchAction","target":{"@type":"EntryPoint","urlTemplate":"https:\/\/www.visit-ulcinj.com\/blog\/?s={search_term_string}"},"query-input":"required name=search_term_string"}],"inLanguage":"en-US"},{"@type":"WebPage","@id":"https:\/\/www.visit-ulcinj.com\/blog\/2017\/02\/01\/cungu-merruni-probleme-reale-te-qytetareve\/#webpage","url":"https:\/\/www.visit-ulcinj.com\/blog\/2017\/02\/01\/cungu-merruni-probleme-reale-te-qytetareve\/","name":"Cungu: Merruni me probleme reale t\u00eb qytetar\u00ebve - Lajme nga Ulqini","isPartOf":{"@id":"https:\/\/www.visit-ulcinj.com\/blog\/#website"},"datePublished":"2017-02-01T17:28:57+00:00","dateModified":"2017-02-01T17:28:57+00:00","author":{"@id":"https:\/\/www.visit-ulcinj.com\/blog\/#\/schema\/person\/dcab619c614d3038751c63bc2aadc06d"},"description":"N\u00eb hotel \"Dolcino\" sot u mbajt mbledhja e trupit koordinues p\u00ebr p\u00ebrgatitjen e sezonit turistik, n\u00eb t\u00eb cil\u00ebn mor\u00ebn pjes\u00eb p\u00ebrfaq\u00ebsues t\u00eb institucioneve","breadcrumb":{"@id":"https:\/\/www.visit-ulcinj.com\/blog\/2017\/02\/01\/cungu-merruni-probleme-reale-te-qytetareve\/#breadcrumb"},"inLanguage":"en-US","potentialAction":[{"@type":"ReadAction","target":["https:\/\/www.visit-ulcinj.com\/blog\/2017\/02\/01\/cungu-merruni-probleme-reale-te-qytetareve\/"]}]},{"@type":"BreadcrumbList","@id":"https:\/\/www.visit-ulcinj.com\/blog\/2017\/02\/01\/cungu-merruni-probleme-reale-te-qytetareve\/#breadcrumb","itemListElement":[{"@type":"ListItem","position":1,"name":"Cungu: Merruni me probleme reale t\u00eb qytetar\u00ebve"}]},{"@type":"Person","@id":"https:\/\/www.visit-ulcinj.com\/blog\/#\/schema\/person\/dcab619c614d3038751c63bc2aadc06d","name":"ulqini","sameAs":["http:\/\/www.visit-ulcinj.com"],"url":"https:\/\/www.visit-ulcinj.com\/blog\/author\/admin\/"}]}},"jetpack_featured_media_url":"","jetpack_sharing_enabled":true,"jetpack_shortlink":"https:\/\/wp.me\/pe6lTn-qHo","_links":{"self":[{"href":"https:\/\/www.visit-ulcinj.com\/blog\/wp-json\/wp\/v2\/posts\/102634"}],"collection":[{"href":"https:\/\/www.visit-ulcinj.com\/blog\/wp-json\/wp\/v2\/posts"}],"about":[{"href":"https:\/\/www.visit-ulcinj.com\/blog\/wp-json\/wp\/v2\/types\/post"}],"author":[{"embeddable":true,"href":"https:\/\/www.visit-ulcinj.com\/blog\/wp-json\/wp\/v2\/users\/1"}],"replies":[{"embeddable":true,"href":"https:\/\/www.visit-ulcinj.com\/blog\/wp-json\/wp\/v2\/comments?post=102634"}],"version-history":[{"count":1,"href":"https:\/\/www.visit-ulcinj.com\/blog\/wp-json\/wp\/v2\/posts\/102634\/revisions"}],"predecessor-version":[{"id":102636,"href":"https:\/\/www.visit-ulcinj.com\/blog\/wp-json\/wp\/v2\/posts\/102634\/revisions\/102636"}],"wp:attachment":[{"href":"https:\/\/www.visit-ulcinj.com\/blog\/wp-json\/wp\/v2\/media?parent=102634"}],"wp:term":[{"taxonomy":"category","embeddable":true,"href":"https:\/\/www.visit-ulcinj.com\/blog\/wp-json\/wp\/v2\/categories?post=102634"},{"taxonomy":"post_tag","embeddable":true,"href":"https:\/\/www.visit-ulcinj.com\/blog\/wp-json\/wp\/v2\/tags?post=102634"}],"curies":[{"name":"wp","href":"https:\/\/api.w.org\/{rel}","templated":true}]}}