{"id":102637,"date":"2017-02-01T19:29:28","date_gmt":"2017-02-01T18:29:28","guid":{"rendered":"http:\/\/www.visit-ulcinj.com\/blog\/?p=102637"},"modified":"2017-02-01T19:50:55","modified_gmt":"2017-02-01T18:50:55","slug":"krim-ne-familje-ne-tivar-burri-vret-gruan-dhe-veten-plagos-vjehrren-te-gjthe-nga-peja","status":"publish","type":"post","link":"https:\/\/www.visit-ulcinj.com\/blog\/2017\/02\/01\/krim-ne-familje-ne-tivar-burri-vret-gruan-dhe-veten-plagos-vjehrren-te-gjthe-nga-peja\/","title":{"rendered":"Krim n\u00eb familje n\u00eb Tivar, burri vret gruan dhe veten, plagos vjehrr\u00ebn t\u00eb gjith\u00eb nga Peja &#8211; Video"},"content":{"rendered":"<p><strong><a href=\"http:\/\/www.visit-ulcinj.com\/blog\/wp-content\/uploads\/2017\/02\/Krim-n\u00eb-familje-n\u00eb-Tivar.jpg\"><img loading=\"lazy\" class=\"alignleft wp-image-102638\" src=\"http:\/\/www.visit-ulcinj.com\/blog\/wp-content\/uploads\/2017\/02\/Krim-n\u00eb-familje-n\u00eb-Tivar.jpg\" alt=\"Krim n\u00eb familje n\u00eb Tivar,\" width=\"508\" height=\"308\" srcset=\"https:\/\/www.visit-ulcinj.com\/blog\/wp-content\/uploads\/2017\/02\/Krim-n\u00eb-familje-n\u00eb-Tivar.jpg 999w, https:\/\/www.visit-ulcinj.com\/blog\/wp-content\/uploads\/2017\/02\/Krim-n\u00eb-familje-n\u00eb-Tivar-300x182.jpg 300w, https:\/\/www.visit-ulcinj.com\/blog\/wp-content\/uploads\/2017\/02\/Krim-n\u00eb-familje-n\u00eb-Tivar-768x465.jpg 768w\" sizes=\"(max-width: 508px) 100vw, 508px\" \/><\/a>Sot nj\u00eb ngjarje e r\u00ebnd\u00eb tragjike ka ndodhur brenda nj\u00eb familjeje n\u00eb Tivarin e vjet\u00ebr, raporton portali barinfo.me, si dhe gazeta malazeze &#8220;Vijesti&#8221;.<\/strong><\/p>\n<p>Raportohet se Nexhat Berisha 30 vje\u00e7ar nga Peja \u00a0ka ther\u00eb me thik\u00eb p\u00ebr vdekje gruan e tij t\u00eb pa kuror\u00ebzuar Dude Sokolaj nd\u00ebrsa e ka plagosur n\u00ebnen e gruas e tij Hatixhe Sokolaj qe u d\u00ebrguan n\u00eb spitalin e Tivarit.<\/p>\n<p>Krimi brenda familjes i merr jet\u00ebn gruas s\u00eb tij\u00eb t\u00eb pa kuror\u00ebzuar, nd\u00ebrkoh\u00eb q\u00eb autori Nexhat Berisha m\u00eb pas kreu vet\u00ebvrasje n\u00eb sht\u00ebpin\u00eb e babait t\u00eb gruas n\u00eb Tivar<\/p>\n<p>Policia e Tivarit ka shkuar n\u00eb vendin e ngjarjes dhe ka nisur hetimet p\u00ebr zbardhjen e shkaqeve t\u00eb ketij aksidenti tragjik.<\/p>\n<p><strong>Video Tv Vijesti<\/strong><\/p>\n<!--YouTube Error: bad URL entered-->\n","protected":false},"excerpt":{"rendered":"<p>Sot nj\u00eb ngjarje e r\u00ebnd\u00eb tragjike ka ndodhur brenda nj\u00eb familjeje n\u00eb Tivarin e vjet\u00ebr, raporton portali barinfo.me, si dhe gazeta malazeze &#8220;Vijesti&#8221;. Raportohet se Nexhat Berisha 30 vje\u00e7ar nga Peja \u00a0ka ther\u00eb me thik\u00eb p\u00ebr vdekje gruan e tij t\u00eb pa kuror\u00ebzuar Dude Sokolaj nd\u00ebrsa e ka plagosur n\u00ebnen e gruas e tij Hatixhe [&hellip;]<\/p>\n","protected":false},"author":1,"featured_media":0,"comment_status":"closed","ping_status":"closed","sticky":false,"template":"","format":"standard","meta":{"spay_email":"","jetpack_publicize_message":"","jetpack_is_tweetstorm":false,"jetpack_publicize_feature_enabled":true},"categories":[6950],"tags":[],"jetpack_publicize_connections":[],"yoast_head":"<!-- This site is optimized with the Yoast SEO plugin v19.1 - https:\/\/yoast.com\/wordpress\/plugins\/seo\/ -->\n<title>Krim n\u00eb familje n\u00eb Tivar, burri vret gruan dhe veten, plagos vjehrr\u00ebn t\u00eb gjith\u00eb nga Peja - Video - Lajme nga Ulqini<\/title>\n<meta name=\"description\" content=\"Sot nj\u00eb ngjarje e r\u00ebnd\u00eb tragjike ka ndodhur brenda nj\u00eb familjeje n\u00eb Tivarin e vjet\u00ebr, raporton portali barinfo.me, si dhe gazeta malazeze &quot;Vijesti&quot;.\" \/>\n<meta name=\"robots\" content=\"index, follow, max-snippet:-1, max-image-preview:large, max-video-preview:-1\" \/>\n<link rel=\"canonical\" href=\"https:\/\/www.visit-ulcinj.com\/blog\/2017\/02\/01\/krim-ne-familje-ne-tivar-burri-vret-gruan-dhe-veten-plagos-vjehrren-te-gjthe-nga-peja\/\" \/>\n<meta property=\"og:locale\" content=\"en_US\" \/>\n<meta property=\"og:type\" content=\"article\" \/>\n<meta property=\"og:title\" content=\"Krim n\u00eb familje n\u00eb Tivar, burri vret gruan dhe veten, plagos vjehrr\u00ebn t\u00eb gjith\u00eb nga Peja - Video - Lajme nga Ulqini\" \/>\n<meta property=\"og:description\" content=\"Sot nj\u00eb ngjarje e r\u00ebnd\u00eb tragjike ka ndodhur brenda nj\u00eb familjeje n\u00eb Tivarin e vjet\u00ebr, raporton portali barinfo.me, si dhe gazeta malazeze &quot;Vijesti&quot;.\" \/>\n<meta property=\"og:url\" content=\"https:\/\/www.visit-ulcinj.com\/blog\/2017\/02\/01\/krim-ne-familje-ne-tivar-burri-vret-gruan-dhe-veten-plagos-vjehrren-te-gjthe-nga-peja\/\" \/>\n<meta property=\"og:site_name\" content=\"Lajme nga Ulqini\" \/>\n<meta property=\"article:published_time\" content=\"2017-02-01T18:29:28+00:00\" \/>\n<meta property=\"article:modified_time\" content=\"2017-02-01T18:50:55+00:00\" \/>\n<meta name=\"twitter:label1\" content=\"Written by\" \/>\n\t<meta name=\"twitter:data1\" content=\"ulqini\" \/>\n\t<meta name=\"twitter:label2\" content=\"Est. reading time\" \/>\n\t<meta name=\"twitter:data2\" content=\"1 minute\" \/>\n<script type=\"application\/ld+json\" class=\"yoast-schema-graph\">{\"@context\":\"https:\/\/schema.org\",\"@graph\":[{\"@type\":\"WebSite\",\"@id\":\"https:\/\/www.visit-ulcinj.com\/blog\/#website\",\"url\":\"https:\/\/www.visit-ulcinj.com\/blog\/\",\"name\":\"Lajme nga Ulqini\",\"description\":\"Lajme,Vijesti,Ulqini,Ulqin,Crna Gora,Mali i Zi\",\"potentialAction\":[{\"@type\":\"SearchAction\",\"target\":{\"@type\":\"EntryPoint\",\"urlTemplate\":\"https:\/\/www.visit-ulcinj.com\/blog\/?s={search_term_string}\"},\"query-input\":\"required name=search_term_string\"}],\"inLanguage\":\"en-US\"},{\"@type\":\"WebPage\",\"@id\":\"https:\/\/www.visit-ulcinj.com\/blog\/2017\/02\/01\/krim-ne-familje-ne-tivar-burri-vret-gruan-dhe-veten-plagos-vjehrren-te-gjthe-nga-peja\/#webpage\",\"url\":\"https:\/\/www.visit-ulcinj.com\/blog\/2017\/02\/01\/krim-ne-familje-ne-tivar-burri-vret-gruan-dhe-veten-plagos-vjehrren-te-gjthe-nga-peja\/\",\"name\":\"Krim n\u00eb familje n\u00eb Tivar, burri vret gruan dhe veten, plagos vjehrr\u00ebn t\u00eb gjith\u00eb nga Peja - Video - Lajme nga Ulqini\",\"isPartOf\":{\"@id\":\"https:\/\/www.visit-ulcinj.com\/blog\/#website\"},\"datePublished\":\"2017-02-01T18:29:28+00:00\",\"dateModified\":\"2017-02-01T18:50:55+00:00\",\"author\":{\"@id\":\"https:\/\/www.visit-ulcinj.com\/blog\/#\/schema\/person\/dcab619c614d3038751c63bc2aadc06d\"},\"description\":\"Sot nj\u00eb ngjarje e r\u00ebnd\u00eb tragjike ka ndodhur brenda nj\u00eb familjeje n\u00eb Tivarin e vjet\u00ebr, raporton portali barinfo.me, si dhe gazeta malazeze \\\"Vijesti\\\".\",\"breadcrumb\":{\"@id\":\"https:\/\/www.visit-ulcinj.com\/blog\/2017\/02\/01\/krim-ne-familje-ne-tivar-burri-vret-gruan-dhe-veten-plagos-vjehrren-te-gjthe-nga-peja\/#breadcrumb\"},\"inLanguage\":\"en-US\",\"potentialAction\":[{\"@type\":\"ReadAction\",\"target\":[\"https:\/\/www.visit-ulcinj.com\/blog\/2017\/02\/01\/krim-ne-familje-ne-tivar-burri-vret-gruan-dhe-veten-plagos-vjehrren-te-gjthe-nga-peja\/\"]}]},{\"@type\":\"BreadcrumbList\",\"@id\":\"https:\/\/www.visit-ulcinj.com\/blog\/2017\/02\/01\/krim-ne-familje-ne-tivar-burri-vret-gruan-dhe-veten-plagos-vjehrren-te-gjthe-nga-peja\/#breadcrumb\",\"itemListElement\":[{\"@type\":\"ListItem\",\"position\":1,\"name\":\"Krim n\u00eb familje n\u00eb Tivar, burri vret gruan dhe veten, plagos vjehrr\u00ebn t\u00eb gjith\u00eb nga Peja &#8211; Video\"}]},{\"@type\":\"Person\",\"@id\":\"https:\/\/www.visit-ulcinj.com\/blog\/#\/schema\/person\/dcab619c614d3038751c63bc2aadc06d\",\"name\":\"ulqini\",\"sameAs\":[\"http:\/\/www.visit-ulcinj.com\"],\"url\":\"https:\/\/www.visit-ulcinj.com\/blog\/author\/admin\/\"}]}<\/script>\n<!-- \/ Yoast SEO plugin. -->","yoast_head_json":{"title":"Krim n\u00eb familje n\u00eb Tivar, burri vret gruan dhe veten, plagos vjehrr\u00ebn t\u00eb gjith\u00eb nga Peja - Video - Lajme nga Ulqini","description":"Sot nj\u00eb ngjarje e r\u00ebnd\u00eb tragjike ka ndodhur brenda nj\u00eb familjeje n\u00eb Tivarin e vjet\u00ebr, raporton portali barinfo.me, si dhe gazeta malazeze \"Vijesti\".","robots":{"index":"index","follow":"follow","max-snippet":"max-snippet:-1","max-image-preview":"max-image-preview:large","max-video-preview":"max-video-preview:-1"},"canonical":"https:\/\/www.visit-ulcinj.com\/blog\/2017\/02\/01\/krim-ne-familje-ne-tivar-burri-vret-gruan-dhe-veten-plagos-vjehrren-te-gjthe-nga-peja\/","og_locale":"en_US","og_type":"article","og_title":"Krim n\u00eb familje n\u00eb Tivar, burri vret gruan dhe veten, plagos vjehrr\u00ebn t\u00eb gjith\u00eb nga Peja - Video - Lajme nga Ulqini","og_description":"Sot nj\u00eb ngjarje e r\u00ebnd\u00eb tragjike ka ndodhur brenda nj\u00eb familjeje n\u00eb Tivarin e vjet\u00ebr, raporton portali barinfo.me, si dhe gazeta malazeze \"Vijesti\".","og_url":"https:\/\/www.visit-ulcinj.com\/blog\/2017\/02\/01\/krim-ne-familje-ne-tivar-burri-vret-gruan-dhe-veten-plagos-vjehrren-te-gjthe-nga-peja\/","og_site_name":"Lajme nga Ulqini","article_published_time":"2017-02-01T18:29:28+00:00","article_modified_time":"2017-02-01T18:50:55+00:00","twitter_misc":{"Written by":"ulqini","Est. reading time":"1 minute"},"schema":{"@context":"https:\/\/schema.org","@graph":[{"@type":"WebSite","@id":"https:\/\/www.visit-ulcinj.com\/blog\/#website","url":"https:\/\/www.visit-ulcinj.com\/blog\/","name":"Lajme nga Ulqini","description":"Lajme,Vijesti,Ulqini,Ulqin,Crna Gora,Mali i Zi","potentialAction":[{"@type":"SearchAction","target":{"@type":"EntryPoint","urlTemplate":"https:\/\/www.visit-ulcinj.com\/blog\/?s={search_term_string}"},"query-input":"required name=search_term_string"}],"inLanguage":"en-US"},{"@type":"WebPage","@id":"https:\/\/www.visit-ulcinj.com\/blog\/2017\/02\/01\/krim-ne-familje-ne-tivar-burri-vret-gruan-dhe-veten-plagos-vjehrren-te-gjthe-nga-peja\/#webpage","url":"https:\/\/www.visit-ulcinj.com\/blog\/2017\/02\/01\/krim-ne-familje-ne-tivar-burri-vret-gruan-dhe-veten-plagos-vjehrren-te-gjthe-nga-peja\/","name":"Krim n\u00eb familje n\u00eb Tivar, burri vret gruan dhe veten, plagos vjehrr\u00ebn t\u00eb gjith\u00eb nga Peja - Video - Lajme nga Ulqini","isPartOf":{"@id":"https:\/\/www.visit-ulcinj.com\/blog\/#website"},"datePublished":"2017-02-01T18:29:28+00:00","dateModified":"2017-02-01T18:50:55+00:00","author":{"@id":"https:\/\/www.visit-ulcinj.com\/blog\/#\/schema\/person\/dcab619c614d3038751c63bc2aadc06d"},"description":"Sot nj\u00eb ngjarje e r\u00ebnd\u00eb tragjike ka ndodhur brenda nj\u00eb familjeje n\u00eb Tivarin e vjet\u00ebr, raporton portali barinfo.me, si dhe gazeta malazeze \"Vijesti\".","breadcrumb":{"@id":"https:\/\/www.visit-ulcinj.com\/blog\/2017\/02\/01\/krim-ne-familje-ne-tivar-burri-vret-gruan-dhe-veten-plagos-vjehrren-te-gjthe-nga-peja\/#breadcrumb"},"inLanguage":"en-US","potentialAction":[{"@type":"ReadAction","target":["https:\/\/www.visit-ulcinj.com\/blog\/2017\/02\/01\/krim-ne-familje-ne-tivar-burri-vret-gruan-dhe-veten-plagos-vjehrren-te-gjthe-nga-peja\/"]}]},{"@type":"BreadcrumbList","@id":"https:\/\/www.visit-ulcinj.com\/blog\/2017\/02\/01\/krim-ne-familje-ne-tivar-burri-vret-gruan-dhe-veten-plagos-vjehrren-te-gjthe-nga-peja\/#breadcrumb","itemListElement":[{"@type":"ListItem","position":1,"name":"Krim n\u00eb familje n\u00eb Tivar, burri vret gruan dhe veten, plagos vjehrr\u00ebn t\u00eb gjith\u00eb nga Peja &#8211; Video"}]},{"@type":"Person","@id":"https:\/\/www.visit-ulcinj.com\/blog\/#\/schema\/person\/dcab619c614d3038751c63bc2aadc06d","name":"ulqini","sameAs":["http:\/\/www.visit-ulcinj.com"],"url":"https:\/\/www.visit-ulcinj.com\/blog\/author\/admin\/"}]}},"jetpack_featured_media_url":"","jetpack_sharing_enabled":true,"jetpack_shortlink":"https:\/\/wp.me\/pe6lTn-qHr","_links":{"self":[{"href":"https:\/\/www.visit-ulcinj.com\/blog\/wp-json\/wp\/v2\/posts\/102637"}],"collection":[{"href":"https:\/\/www.visit-ulcinj.com\/blog\/wp-json\/wp\/v2\/posts"}],"about":[{"href":"https:\/\/www.visit-ulcinj.com\/blog\/wp-json\/wp\/v2\/types\/post"}],"author":[{"embeddable":true,"href":"https:\/\/www.visit-ulcinj.com\/blog\/wp-json\/wp\/v2\/users\/1"}],"replies":[{"embeddable":true,"href":"https:\/\/www.visit-ulcinj.com\/blog\/wp-json\/wp\/v2\/comments?post=102637"}],"version-history":[{"count":3,"href":"https:\/\/www.visit-ulcinj.com\/blog\/wp-json\/wp\/v2\/posts\/102637\/revisions"}],"predecessor-version":[{"id":102641,"href":"https:\/\/www.visit-ulcinj.com\/blog\/wp-json\/wp\/v2\/posts\/102637\/revisions\/102641"}],"wp:attachment":[{"href":"https:\/\/www.visit-ulcinj.com\/blog\/wp-json\/wp\/v2\/media?parent=102637"}],"wp:term":[{"taxonomy":"category","embeddable":true,"href":"https:\/\/www.visit-ulcinj.com\/blog\/wp-json\/wp\/v2\/categories?post=102637"},{"taxonomy":"post_tag","embeddable":true,"href":"https:\/\/www.visit-ulcinj.com\/blog\/wp-json\/wp\/v2\/tags?post=102637"}],"curies":[{"name":"wp","href":"https:\/\/api.w.org\/{rel}","templated":true}]}}