{"id":102649,"date":"2017-02-02T14:50:53","date_gmt":"2017-02-02T13:50:53","guid":{"rendered":"http:\/\/www.visit-ulcinj.com\/blog\/?p=102649"},"modified":"2017-02-03T19:39:54","modified_gmt":"2017-02-03T18:39:54","slug":"dhjete-mije-euro-investime-te-reja-ne-shkollen-e-mesme-vellazerim-bashkim-te-ulqinit","status":"publish","type":"post","link":"https:\/\/www.visit-ulcinj.com\/blog\/2017\/02\/02\/dhjete-mije-euro-investime-te-reja-ne-shkollen-e-mesme-vellazerim-bashkim-te-ulqinit\/","title":{"rendered":"Dhjet\u00eb mij\u00eb euro investime t\u00eb reja n\u00eb Shkoll\u00ebn e Mesme \u201c V\u00ebllaz\u00ebrim-Bashkim t\u00eb Ulqinit"},"content":{"rendered":"<p><strong><a href=\"http:\/\/www.visit-ulcinj.com\/blog\/wp-content\/uploads\/2014\/03\/Gjimnazi-Bashkim-Vellazerim-Ulqin.jpg\"><img loading=\"lazy\" class=\"alignleft wp-image-80966\" src=\"http:\/\/www.visit-ulcinj.com\/blog\/wp-content\/uploads\/2014\/03\/Gjimnazi-Bashkim-Vellazerim-Ulqin.jpg\" alt=\"Gjimnazi-Bashkim-Vellazerim-Ulqin\" width=\"508\" height=\"202\" srcset=\"https:\/\/www.visit-ulcinj.com\/blog\/wp-content\/uploads\/2014\/03\/Gjimnazi-Bashkim-Vellazerim-Ulqin.jpg 999w, https:\/\/www.visit-ulcinj.com\/blog\/wp-content\/uploads\/2014\/03\/Gjimnazi-Bashkim-Vellazerim-Ulqin-300x119.jpg 300w\" sizes=\"(max-width: 508px) 100vw, 508px\" \/><\/a>Vazhdojn donacionet p\u00ebr shkollat publike n\u00eb Ulqin nga biznesmen\u00ebt ulqinak\u00eb Ilmi Kurti dhe Bajram Maxharri<br \/>\n<\/strong><\/p>\n<p>Biznesmen\u00ebt ulqinak\u00eb Ilmi Kurti dhe Bajram Maxharri\u00a0 vazhdojn\u00eb t\u00eb investojn\u00eb n\u00eb p\u00ebrmir\u00ebsimin e infrastruktur\u00ebs n\u00eb Institucionin Publik, Shkolla e Mesme \u201cV\u00ebllaz\u00ebrim-Bashkim\u00a0 n\u00eb Ulqin. Fal\u00eb donacioneve t\u00eb tyre n\u00eb shum\u00eb prej 9.000 dollar\u00ebsh amerikan\u00eb (Kurti 7.000 $ e Maxharri 2.000 $) dhe 1.500 euro investime nga mjetet buxhetore t\u00eb shkoll\u00ebs,\u00a0\u00a0 gjat\u00eb pushimeve dim\u00ebrore, u b\u00eb rikonstruksioni i disa hap\u00ebsirave t\u00eb brendshme\u00a0 shkollore, t\u00eb cilat duksh\u00ebm\u00a0 do t\u00eb ndikojn\u00eb n\u00eb p\u00ebrmir\u00ebsimin e kushteve m\u00ebsimore n\u00eb k\u00ebt\u00eb vat\u00ebr t\u00eb arsimit dhe edukimit t\u00eb brezit t\u00eb ri.<\/p>\n<p><a href=\"http:\/\/www.visit-ulcinj.com\/blog\/wp-content\/uploads\/2017\/02\/Dhurat\u00eb-e-\u00e7muar-e-Ilmi-Kurtit-per-shkollen-Vllazerim-Bashkim-Ulqin.jpg\"><img loading=\"lazy\" class=\"alignleft wp-image-102650\" src=\"http:\/\/www.visit-ulcinj.com\/blog\/wp-content\/uploads\/2017\/02\/Dhurat\u00eb-e-\u00e7muar-e-Ilmi-Kurtit-per-shkollen-Vllazerim-Bashkim-Ulqin.jpg\" alt=\"Dhurat\u00eb e \u00e7muar e Ilmi Kurtit per shkollen Vllazerim-Bashkim-Ulqin\" width=\"508\" height=\"381\" srcset=\"https:\/\/www.visit-ulcinj.com\/blog\/wp-content\/uploads\/2017\/02\/Dhurat\u00eb-e-\u00e7muar-e-Ilmi-Kurtit-per-shkollen-Vllazerim-Bashkim-Ulqin.jpg 960w, https:\/\/www.visit-ulcinj.com\/blog\/wp-content\/uploads\/2017\/02\/Dhurat\u00eb-e-\u00e7muar-e-Ilmi-Kurtit-per-shkollen-Vllazerim-Bashkim-Ulqin-300x225.jpg 300w, https:\/\/www.visit-ulcinj.com\/blog\/wp-content\/uploads\/2017\/02\/Dhurat\u00eb-e-\u00e7muar-e-Ilmi-Kurtit-per-shkollen-Vllazerim-Bashkim-Ulqin-768x576.jpg 768w\" sizes=\"(max-width: 508px) 100vw, 508px\" \/><\/a> <strong>Foto nga Arkiva<\/strong><\/p>\n<p>Profesori i k\u00ebsaj shkoll\u00eb dhe\u00a0 koordinatori i k\u00ebtyre investimeve Basri Molla,duke shprehur k\u00ebnaq\u00ebsin\u00eb dhe mir\u00ebnjohjen\u00a0 p\u00ebr investitor\u00ebt tha se fal\u00eb k\u00ebmb\u00ebnguljes, bashk\u00ebpunimit dhe vullnetit t\u00eb tyre si dhe partneriteit publik-privat, u b\u00eb i mundur realizimi i investimeve t\u00eb reja n\u00eb k\u00ebt\u00eb shkoll\u00eb , duke u krijuar n\u00eb k\u00ebt\u00eb m\u00ebnyr\u00eb\u00a0\u00a0 nx\u00ebn\u00ebsve t\u00eb rinj nj\u00eb ambient normal p\u00ebr zvillimin e aft\u00ebsive t\u00eb tyre m\u00ebsimore.<\/p>\n<p>Molla shtoi se edhe\u00a0 shkolla ec\u00ebn p\u00ebrpara vet\u00ebm me nj\u00eb gj\u00eb: vet\u00ebm me pun\u00eb konkrete dhe me angazhim tek ajo q\u00eb\u00a0 kemi pasion. Sipas Moll\u00ebs p\u00ebrkrahjet e k\u00ebtilla financiare nga dashamir\u00ebt e arsimit p\u00ebrb\u00ebn infuzion t\u00eb paz\u00ebvend\u00ebsuesh\u00ebm p\u00ebr p\u00ebrmir\u00ebsimin e kushteve\u00a0 p\u00ebr nx\u00ebn\u00ebsit e k\u00ebsaj shkoll\u00eb sikurse edhe p\u00ebr rritjen e cil\u00ebsis\u00eb s\u00eb arsimit.<strong> (Gj.Gjonaj)<\/strong><\/p>\n\n\t\t<style type=\"text\/css\">\n\t\t\t#gallery-1 {\n\t\t\t\tmargin: auto;\n\t\t\t}\n\t\t\t#gallery-1 .gallery-item {\n\t\t\t\tfloat: left;\n\t\t\t\tmargin-top: 10px;\n\t\t\t\ttext-align: center;\n\t\t\t\twidth: 33%;\n\t\t\t}\n\t\t\t#gallery-1 img {\n\t\t\t\tborder: 2px solid #cfcfcf;\n\t\t\t}\n\t\t\t#gallery-1 .gallery-caption {\n\t\t\t\tmargin-left: 0;\n\t\t\t}\n\t\t\t\/* see gallery_shortcode() in wp-includes\/media.php *\/\n\t\t<\/style>\n\t\t<div id='gallery-1' class='gallery galleryid-102649 gallery-columns-3 gallery-size-thumbnail'><dl class='gallery-item'>\n\t\t\t<dt class='gallery-icon portrait'>\n\t\t\t\t<a href='https:\/\/www.visit-ulcinj.com\/blog\/2017\/02\/02\/dhjete-mije-euro-investime-te-reja-ne-shkollen-e-mesme-vellazerim-bashkim-te-ulqinit\/dhjete-mije-euro-investime-te-reja-ne-shkollen-e-mesme-vellazerim-bashkim-te-ulqinit-3\/'><img width=\"150\" height=\"150\" src=\"https:\/\/www.visit-ulcinj.com\/blog\/wp-content\/uploads\/2017\/02\/Dhjet\u00eb-mij\u00eb-euro-investime-t\u00eb-reja-n\u00eb-Shkoll\u00ebn-e-Mesme-V\u00ebllaz\u00ebrim-Bashkim-t\u00eb-Ulqinit-1-150x150.jpg\" class=\"attachment-thumbnail size-thumbnail\" alt=\"\" loading=\"lazy\" \/><\/a>\n\t\t\t<\/dt><\/dl><dl class='gallery-item'>\n\t\t\t<dt class='gallery-icon portrait'>\n\t\t\t\t<a href='https:\/\/www.visit-ulcinj.com\/blog\/2017\/02\/02\/dhjete-mije-euro-investime-te-reja-ne-shkollen-e-mesme-vellazerim-bashkim-te-ulqinit\/dhjete-mije-euro-investime-te-reja-ne-shkollen-e-mesme-vellazerim-bashkim-te-ulqinit-1\/'><img width=\"150\" height=\"150\" src=\"https:\/\/www.visit-ulcinj.com\/blog\/wp-content\/uploads\/2017\/02\/Dhjet\u00eb-mij\u00eb-euro-investime-t\u00eb-reja-n\u00eb-Shkoll\u00ebn-e-Mesme-V\u00ebllaz\u00ebrim-Bashkim-t\u00eb-Ulqinit-1-1-150x150.jpg\" class=\"attachment-thumbnail size-thumbnail\" alt=\"\" loading=\"lazy\" \/><\/a>\n\t\t\t<\/dt><\/dl>\n\t\t\t<br style='clear: both' \/>\n\t\t<\/div>\n\n","protected":false},"excerpt":{"rendered":"<p>Vazhdojn donacionet p\u00ebr shkollat publike n\u00eb Ulqin nga biznesmen\u00ebt ulqinak\u00eb Ilmi Kurti dhe Bajram Maxharri Biznesmen\u00ebt ulqinak\u00eb Ilmi Kurti dhe Bajram Maxharri\u00a0 vazhdojn\u00eb t\u00eb investojn\u00eb n\u00eb p\u00ebrmir\u00ebsimin e infrastruktur\u00ebs n\u00eb Institucionin Publik, Shkolla e Mesme \u201cV\u00ebllaz\u00ebrim-Bashkim\u00a0 n\u00eb Ulqin. Fal\u00eb donacioneve t\u00eb tyre n\u00eb shum\u00eb prej 9.000 dollar\u00ebsh amerikan\u00eb (Kurti 7.000 $ e Maxharri 2.000 $) [&hellip;]<\/p>\n","protected":false},"author":1,"featured_media":0,"comment_status":"closed","ping_status":"closed","sticky":false,"template":"","format":"standard","meta":{"spay_email":"","jetpack_publicize_message":"","jetpack_is_tweetstorm":false,"jetpack_publicize_feature_enabled":true},"categories":[1,13],"tags":[],"jetpack_publicize_connections":[],"yoast_head":"<!-- This site is optimized with the Yoast SEO plugin v19.1 - https:\/\/yoast.com\/wordpress\/plugins\/seo\/ -->\n<title>Dhjet\u00eb mij\u00eb euro investime t\u00eb reja n\u00eb Shkoll\u00ebn e Mesme \u201c V\u00ebllaz\u00ebrim-Bashkim t\u00eb Ulqinit - Lajme nga Ulqini<\/title>\n<meta name=\"description\" content=\"Vazhdojn donacionet p\u00ebr shkollat publike n\u00eb Ulqin nga biznesmen\u00ebt ulqinak\u00eb Ilmi Kurti dhe Bajram Maxharri Biznesmen\u00ebt ulqinak\u00eb Ilmi Kurti dhe Bajram\" \/>\n<meta name=\"robots\" content=\"index, follow, max-snippet:-1, max-image-preview:large, max-video-preview:-1\" \/>\n<link rel=\"canonical\" href=\"https:\/\/www.visit-ulcinj.com\/blog\/2017\/02\/02\/dhjete-mije-euro-investime-te-reja-ne-shkollen-e-mesme-vellazerim-bashkim-te-ulqinit\/\" \/>\n<meta property=\"og:locale\" content=\"en_US\" \/>\n<meta property=\"og:type\" content=\"article\" \/>\n<meta property=\"og:title\" content=\"Dhjet\u00eb mij\u00eb euro investime t\u00eb reja n\u00eb Shkoll\u00ebn e Mesme \u201c V\u00ebllaz\u00ebrim-Bashkim t\u00eb Ulqinit - Lajme nga Ulqini\" \/>\n<meta property=\"og:description\" content=\"Vazhdojn donacionet p\u00ebr shkollat publike n\u00eb Ulqin nga biznesmen\u00ebt ulqinak\u00eb Ilmi Kurti dhe Bajram Maxharri Biznesmen\u00ebt ulqinak\u00eb Ilmi Kurti dhe Bajram\" \/>\n<meta property=\"og:url\" content=\"https:\/\/www.visit-ulcinj.com\/blog\/2017\/02\/02\/dhjete-mije-euro-investime-te-reja-ne-shkollen-e-mesme-vellazerim-bashkim-te-ulqinit\/\" \/>\n<meta property=\"og:site_name\" content=\"Lajme nga Ulqini\" \/>\n<meta property=\"article:published_time\" content=\"2017-02-02T13:50:53+00:00\" \/>\n<meta property=\"article:modified_time\" content=\"2017-02-03T18:39:54+00:00\" \/>\n<meta property=\"og:image\" content=\"https:\/\/www.visit-ulcinj.com\/blog\/wp-content\/uploads\/2017\/02\/Dhjet\u00eb-mij\u00eb-euro-investime-t\u00eb-reja-n\u00eb-Shkoll\u00ebn-e-Mesme-V\u00ebllaz\u00ebrim-Bashkim-t\u00eb-Ulqinit-1-150x150.jpg\" \/>\n<meta name=\"twitter:label1\" content=\"Written by\" \/>\n\t<meta name=\"twitter:data1\" content=\"ulqini\" \/>\n\t<meta name=\"twitter:label2\" content=\"Est. reading time\" \/>\n\t<meta name=\"twitter:data2\" content=\"1 minute\" \/>\n<script type=\"application\/ld+json\" class=\"yoast-schema-graph\">{\"@context\":\"https:\/\/schema.org\",\"@graph\":[{\"@type\":\"WebSite\",\"@id\":\"https:\/\/www.visit-ulcinj.com\/blog\/#website\",\"url\":\"https:\/\/www.visit-ulcinj.com\/blog\/\",\"name\":\"Lajme nga Ulqini\",\"description\":\"Lajme,Vijesti,Ulqini,Ulqin,Crna Gora,Mali i Zi\",\"potentialAction\":[{\"@type\":\"SearchAction\",\"target\":{\"@type\":\"EntryPoint\",\"urlTemplate\":\"https:\/\/www.visit-ulcinj.com\/blog\/?s={search_term_string}\"},\"query-input\":\"required name=search_term_string\"}],\"inLanguage\":\"en-US\"},{\"@type\":\"ImageObject\",\"inLanguage\":\"en-US\",\"@id\":\"https:\/\/www.visit-ulcinj.com\/blog\/2017\/02\/02\/dhjete-mije-euro-investime-te-reja-ne-shkollen-e-mesme-vellazerim-bashkim-te-ulqinit\/#primaryimage\",\"url\":\"https:\/\/www.visit-ulcinj.com\/blog\/wp-content\/uploads\/2014\/03\/Gjimnazi-Bashkim-Vellazerim-Ulqin.jpg\",\"contentUrl\":\"https:\/\/www.visit-ulcinj.com\/blog\/wp-content\/uploads\/2014\/03\/Gjimnazi-Bashkim-Vellazerim-Ulqin.jpg\",\"width\":999,\"height\":397},{\"@type\":\"WebPage\",\"@id\":\"https:\/\/www.visit-ulcinj.com\/blog\/2017\/02\/02\/dhjete-mije-euro-investime-te-reja-ne-shkollen-e-mesme-vellazerim-bashkim-te-ulqinit\/#webpage\",\"url\":\"https:\/\/www.visit-ulcinj.com\/blog\/2017\/02\/02\/dhjete-mije-euro-investime-te-reja-ne-shkollen-e-mesme-vellazerim-bashkim-te-ulqinit\/\",\"name\":\"Dhjet\u00eb mij\u00eb euro investime t\u00eb reja n\u00eb Shkoll\u00ebn e Mesme \u201c V\u00ebllaz\u00ebrim-Bashkim t\u00eb Ulqinit - Lajme nga Ulqini\",\"isPartOf\":{\"@id\":\"https:\/\/www.visit-ulcinj.com\/blog\/#website\"},\"primaryImageOfPage\":{\"@id\":\"https:\/\/www.visit-ulcinj.com\/blog\/2017\/02\/02\/dhjete-mije-euro-investime-te-reja-ne-shkollen-e-mesme-vellazerim-bashkim-te-ulqinit\/#primaryimage\"},\"datePublished\":\"2017-02-02T13:50:53+00:00\",\"dateModified\":\"2017-02-03T18:39:54+00:00\",\"author\":{\"@id\":\"https:\/\/www.visit-ulcinj.com\/blog\/#\/schema\/person\/dcab619c614d3038751c63bc2aadc06d\"},\"description\":\"Vazhdojn donacionet p\u00ebr shkollat publike n\u00eb Ulqin nga biznesmen\u00ebt ulqinak\u00eb Ilmi Kurti dhe Bajram Maxharri Biznesmen\u00ebt ulqinak\u00eb Ilmi Kurti dhe Bajram\",\"breadcrumb\":{\"@id\":\"https:\/\/www.visit-ulcinj.com\/blog\/2017\/02\/02\/dhjete-mije-euro-investime-te-reja-ne-shkollen-e-mesme-vellazerim-bashkim-te-ulqinit\/#breadcrumb\"},\"inLanguage\":\"en-US\",\"potentialAction\":[{\"@type\":\"ReadAction\",\"target\":[\"https:\/\/www.visit-ulcinj.com\/blog\/2017\/02\/02\/dhjete-mije-euro-investime-te-reja-ne-shkollen-e-mesme-vellazerim-bashkim-te-ulqinit\/\"]}]},{\"@type\":\"BreadcrumbList\",\"@id\":\"https:\/\/www.visit-ulcinj.com\/blog\/2017\/02\/02\/dhjete-mije-euro-investime-te-reja-ne-shkollen-e-mesme-vellazerim-bashkim-te-ulqinit\/#breadcrumb\",\"itemListElement\":[{\"@type\":\"ListItem\",\"position\":1,\"name\":\"Dhjet\u00eb mij\u00eb euro investime t\u00eb reja n\u00eb Shkoll\u00ebn e Mesme \u201c V\u00ebllaz\u00ebrim-Bashkim t\u00eb Ulqinit\"}]},{\"@type\":\"Person\",\"@id\":\"https:\/\/www.visit-ulcinj.com\/blog\/#\/schema\/person\/dcab619c614d3038751c63bc2aadc06d\",\"name\":\"ulqini\",\"sameAs\":[\"http:\/\/www.visit-ulcinj.com\"],\"url\":\"https:\/\/www.visit-ulcinj.com\/blog\/author\/admin\/\"}]}<\/script>\n<!-- \/ Yoast SEO plugin. -->","yoast_head_json":{"title":"Dhjet\u00eb mij\u00eb euro investime t\u00eb reja n\u00eb Shkoll\u00ebn e Mesme \u201c V\u00ebllaz\u00ebrim-Bashkim t\u00eb Ulqinit - Lajme nga Ulqini","description":"Vazhdojn donacionet p\u00ebr shkollat publike n\u00eb Ulqin nga biznesmen\u00ebt ulqinak\u00eb Ilmi Kurti dhe Bajram Maxharri Biznesmen\u00ebt ulqinak\u00eb Ilmi Kurti dhe Bajram","robots":{"index":"index","follow":"follow","max-snippet":"max-snippet:-1","max-image-preview":"max-image-preview:large","max-video-preview":"max-video-preview:-1"},"canonical":"https:\/\/www.visit-ulcinj.com\/blog\/2017\/02\/02\/dhjete-mije-euro-investime-te-reja-ne-shkollen-e-mesme-vellazerim-bashkim-te-ulqinit\/","og_locale":"en_US","og_type":"article","og_title":"Dhjet\u00eb mij\u00eb euro investime t\u00eb reja n\u00eb Shkoll\u00ebn e Mesme \u201c V\u00ebllaz\u00ebrim-Bashkim t\u00eb Ulqinit - Lajme nga Ulqini","og_description":"Vazhdojn donacionet p\u00ebr shkollat publike n\u00eb Ulqin nga biznesmen\u00ebt ulqinak\u00eb Ilmi Kurti dhe Bajram Maxharri Biznesmen\u00ebt ulqinak\u00eb Ilmi Kurti dhe Bajram","og_url":"https:\/\/www.visit-ulcinj.com\/blog\/2017\/02\/02\/dhjete-mije-euro-investime-te-reja-ne-shkollen-e-mesme-vellazerim-bashkim-te-ulqinit\/","og_site_name":"Lajme nga Ulqini","article_published_time":"2017-02-02T13:50:53+00:00","article_modified_time":"2017-02-03T18:39:54+00:00","og_image":[{"url":"https:\/\/www.visit-ulcinj.com\/blog\/wp-content\/uploads\/2017\/02\/Dhjet\u00eb-mij\u00eb-euro-investime-t\u00eb-reja-n\u00eb-Shkoll\u00ebn-e-Mesme-V\u00ebllaz\u00ebrim-Bashkim-t\u00eb-Ulqinit-1-150x150.jpg"}],"twitter_misc":{"Written by":"ulqini","Est. reading time":"1 minute"},"schema":{"@context":"https:\/\/schema.org","@graph":[{"@type":"WebSite","@id":"https:\/\/www.visit-ulcinj.com\/blog\/#website","url":"https:\/\/www.visit-ulcinj.com\/blog\/","name":"Lajme nga Ulqini","description":"Lajme,Vijesti,Ulqini,Ulqin,Crna Gora,Mali i Zi","potentialAction":[{"@type":"SearchAction","target":{"@type":"EntryPoint","urlTemplate":"https:\/\/www.visit-ulcinj.com\/blog\/?s={search_term_string}"},"query-input":"required name=search_term_string"}],"inLanguage":"en-US"},{"@type":"ImageObject","inLanguage":"en-US","@id":"https:\/\/www.visit-ulcinj.com\/blog\/2017\/02\/02\/dhjete-mije-euro-investime-te-reja-ne-shkollen-e-mesme-vellazerim-bashkim-te-ulqinit\/#primaryimage","url":"https:\/\/www.visit-ulcinj.com\/blog\/wp-content\/uploads\/2014\/03\/Gjimnazi-Bashkim-Vellazerim-Ulqin.jpg","contentUrl":"https:\/\/www.visit-ulcinj.com\/blog\/wp-content\/uploads\/2014\/03\/Gjimnazi-Bashkim-Vellazerim-Ulqin.jpg","width":999,"height":397},{"@type":"WebPage","@id":"https:\/\/www.visit-ulcinj.com\/blog\/2017\/02\/02\/dhjete-mije-euro-investime-te-reja-ne-shkollen-e-mesme-vellazerim-bashkim-te-ulqinit\/#webpage","url":"https:\/\/www.visit-ulcinj.com\/blog\/2017\/02\/02\/dhjete-mije-euro-investime-te-reja-ne-shkollen-e-mesme-vellazerim-bashkim-te-ulqinit\/","name":"Dhjet\u00eb mij\u00eb euro investime t\u00eb reja n\u00eb Shkoll\u00ebn e Mesme \u201c V\u00ebllaz\u00ebrim-Bashkim t\u00eb Ulqinit - Lajme nga Ulqini","isPartOf":{"@id":"https:\/\/www.visit-ulcinj.com\/blog\/#website"},"primaryImageOfPage":{"@id":"https:\/\/www.visit-ulcinj.com\/blog\/2017\/02\/02\/dhjete-mije-euro-investime-te-reja-ne-shkollen-e-mesme-vellazerim-bashkim-te-ulqinit\/#primaryimage"},"datePublished":"2017-02-02T13:50:53+00:00","dateModified":"2017-02-03T18:39:54+00:00","author":{"@id":"https:\/\/www.visit-ulcinj.com\/blog\/#\/schema\/person\/dcab619c614d3038751c63bc2aadc06d"},"description":"Vazhdojn donacionet p\u00ebr shkollat publike n\u00eb Ulqin nga biznesmen\u00ebt ulqinak\u00eb Ilmi Kurti dhe Bajram Maxharri Biznesmen\u00ebt ulqinak\u00eb Ilmi Kurti dhe Bajram","breadcrumb":{"@id":"https:\/\/www.visit-ulcinj.com\/blog\/2017\/02\/02\/dhjete-mije-euro-investime-te-reja-ne-shkollen-e-mesme-vellazerim-bashkim-te-ulqinit\/#breadcrumb"},"inLanguage":"en-US","potentialAction":[{"@type":"ReadAction","target":["https:\/\/www.visit-ulcinj.com\/blog\/2017\/02\/02\/dhjete-mije-euro-investime-te-reja-ne-shkollen-e-mesme-vellazerim-bashkim-te-ulqinit\/"]}]},{"@type":"BreadcrumbList","@id":"https:\/\/www.visit-ulcinj.com\/blog\/2017\/02\/02\/dhjete-mije-euro-investime-te-reja-ne-shkollen-e-mesme-vellazerim-bashkim-te-ulqinit\/#breadcrumb","itemListElement":[{"@type":"ListItem","position":1,"name":"Dhjet\u00eb mij\u00eb euro investime t\u00eb reja n\u00eb Shkoll\u00ebn e Mesme \u201c V\u00ebllaz\u00ebrim-Bashkim t\u00eb Ulqinit"}]},{"@type":"Person","@id":"https:\/\/www.visit-ulcinj.com\/blog\/#\/schema\/person\/dcab619c614d3038751c63bc2aadc06d","name":"ulqini","sameAs":["http:\/\/www.visit-ulcinj.com"],"url":"https:\/\/www.visit-ulcinj.com\/blog\/author\/admin\/"}]}},"jetpack_featured_media_url":"","jetpack_sharing_enabled":true,"jetpack_shortlink":"https:\/\/wp.me\/pe6lTn-qHD","_links":{"self":[{"href":"https:\/\/www.visit-ulcinj.com\/blog\/wp-json\/wp\/v2\/posts\/102649"}],"collection":[{"href":"https:\/\/www.visit-ulcinj.com\/blog\/wp-json\/wp\/v2\/posts"}],"about":[{"href":"https:\/\/www.visit-ulcinj.com\/blog\/wp-json\/wp\/v2\/types\/post"}],"author":[{"embeddable":true,"href":"https:\/\/www.visit-ulcinj.com\/blog\/wp-json\/wp\/v2\/users\/1"}],"replies":[{"embeddable":true,"href":"https:\/\/www.visit-ulcinj.com\/blog\/wp-json\/wp\/v2\/comments?post=102649"}],"version-history":[{"count":3,"href":"https:\/\/www.visit-ulcinj.com\/blog\/wp-json\/wp\/v2\/posts\/102649\/revisions"}],"predecessor-version":[{"id":102656,"href":"https:\/\/www.visit-ulcinj.com\/blog\/wp-json\/wp\/v2\/posts\/102649\/revisions\/102656"}],"wp:attachment":[{"href":"https:\/\/www.visit-ulcinj.com\/blog\/wp-json\/wp\/v2\/media?parent=102649"}],"wp:term":[{"taxonomy":"category","embeddable":true,"href":"https:\/\/www.visit-ulcinj.com\/blog\/wp-json\/wp\/v2\/categories?post=102649"},{"taxonomy":"post_tag","embeddable":true,"href":"https:\/\/www.visit-ulcinj.com\/blog\/wp-json\/wp\/v2\/tags?post=102649"}],"curies":[{"name":"wp","href":"https:\/\/api.w.org\/{rel}","templated":true}]}}