{"id":102663,"date":"2017-02-02T15:18:09","date_gmt":"2017-02-02T14:18:09","guid":{"rendered":"http:\/\/www.visit-ulcinj.com\/blog\/?p=102663"},"modified":"2017-02-02T15:18:09","modified_gmt":"2017-02-02T14:18:09","slug":"ulqin-prezantimi-agrobuxhetit-per-2017-dhe-ipard-like-2-2","status":"publish","type":"post","link":"https:\/\/www.visit-ulcinj.com\/blog\/2017\/02\/02\/ulqin-prezantimi-agrobuxhetit-per-2017-dhe-ipard-like-2-2\/","title":{"rendered":"Ulqin: Prezantimi i agrobuxhetit per 2017 dhe IPARD LIKE 2.2"},"content":{"rendered":"<div><a href=\"http:\/\/www.visit-ulcinj.com\/blog\/wp-content\/uploads\/2011\/12\/Lamiga-ne-Ane-te-Malit_rruga_Krythe_Ulqin.jpg\"><img loading=\"lazy\" class=\"alignleft wp-image-54240\" src=\"http:\/\/www.visit-ulcinj.com\/blog\/wp-content\/uploads\/2011\/12\/Lamiga-ne-Ane-te-Malit_rruga_Krythe_Ulqin.jpg\" alt=\"Lamiga ne Ane te Malit_rruga_Krythe_Ulqin\" width=\"508\" height=\"339\" srcset=\"https:\/\/www.visit-ulcinj.com\/blog\/wp-content\/uploads\/2011\/12\/Lamiga-ne-Ane-te-Malit_rruga_Krythe_Ulqin.jpg 720w, https:\/\/www.visit-ulcinj.com\/blog\/wp-content\/uploads\/2011\/12\/Lamiga-ne-Ane-te-Malit_rruga_Krythe_Ulqin-300x200.jpg 300w\" sizes=\"(max-width: 508px) 100vw, 508px\" \/><\/a>Ministria e Buj<span lang=\"SQ\">q\u00ebsis\u00eb dhe Zhvillimit Rural n\u00eb bashk\u00ebpunim me Komun\u00ebn e Ulqinit organizon prezantimin e agrobuxhetit p\u00ebr vitin 2017 dhe programit t\u00eb fondeve evropiane IPARD LIKE 2.2.<u><\/u><u><\/u><\/span><\/div>\n<div><span lang=\"SQ\">\u00a0<\/span><\/div>\n<div><span lang=\"SQ\">N\u00eb takim do t\u00eb marrin pjes\u00eb Nazif Cungu \u2013 kryetar i Komun\u00eb s\u00eb Ulqinit, Danijela Stolica \u2013 drejtore e Drejtoratit per bujq\u00ebsi dhe peshkim, Marija Krsti<\/span><span lang=\"HR\">\u0107 \u2013 Drejtoria p<\/span><span lang=\"SQ\">\u00ebr prodhimin e bim\u00ebve, Gojko Babovi<\/span><span lang=\"HR\">\u0107 \u2013 k<\/span><span lang=\"SQ\">\u00ebshilltar p\u00ebr blektori, Dragana <\/span><span lang=\"HR\">\u0160utovi\u0107 \u2013 k<\/span><span lang=\"SQ\">\u00ebshilltare p\u00ebr bletari dhe Gani Rexha\u00a0 &#8211; k\u00ebshilltar p\u00ebr bujq\u00ebsi n\u00eb Sekretariatin p\u00ebr ekonomi t\u00eb Komun\u00ebs s\u00eb Ulqinit.<u><\/u><u><\/u><\/span><\/div>\n<div><span lang=\"SQ\">\u00a0<\/span><\/div>\n<div><b><span lang=\"SQ\">Prezentimi do t\u00eb organizohet me dat\u00ebn 3 shkurt (e premte) n\u00eb restorantin Lamiga Kat\u00ebrkoll\u00eb, me fillim n\u00eb or\u00ebn 10:00.<u><\/u><u><\/u><\/span><\/b><\/div>\n<div><span lang=\"SQ\">\u00a0<\/span><\/div>\n<div><span lang=\"SQ\">Ftohen t\u00eb gjith\u00eb t\u00eb interesuarit t\u00eb marrin pjes\u00eb!<\/span><\/div>\n<div><\/div>\n","protected":false},"excerpt":{"rendered":"<p>Ministria e Bujq\u00ebsis\u00eb dhe Zhvillimit Rural n\u00eb bashk\u00ebpunim me Komun\u00ebn e Ulqinit organizon prezantimin e agrobuxhetit p\u00ebr vitin 2017 dhe programit t\u00eb fondeve evropiane IPARD LIKE 2.2. \u00a0 N\u00eb takim do t\u00eb marrin pjes\u00eb Nazif Cungu \u2013 kryetar i Komun\u00eb s\u00eb Ulqinit, Danijela Stolica \u2013 drejtore e Drejtoratit per bujq\u00ebsi dhe peshkim, Marija Krsti\u0107 \u2013 [&hellip;]<\/p>\n","protected":false},"author":1,"featured_media":0,"comment_status":"closed","ping_status":"closed","sticky":false,"template":"","format":"standard","meta":{"spay_email":"","jetpack_publicize_message":"","jetpack_is_tweetstorm":false,"jetpack_publicize_feature_enabled":true},"categories":[12],"tags":[],"jetpack_publicize_connections":[],"yoast_head":"<!-- This site is optimized with the Yoast SEO plugin v19.1 - https:\/\/yoast.com\/wordpress\/plugins\/seo\/ -->\n<title>Ulqin: Prezantimi i agrobuxhetit per 2017 dhe IPARD LIKE 2.2 - Lajme nga Ulqini<\/title>\n<meta name=\"description\" content=\"Ministria e Bujq\u00ebsis\u00eb dhe Zhvillimit Rural n\u00eb bashk\u00ebpunim me Komun\u00ebn e Ulqinit organizon prezantimin e agrobuxhetit p\u00ebr vitin 2017 dhe programit t\u00eb\" \/>\n<meta name=\"robots\" content=\"index, follow, max-snippet:-1, max-image-preview:large, max-video-preview:-1\" \/>\n<link rel=\"canonical\" href=\"https:\/\/www.visit-ulcinj.com\/blog\/2017\/02\/02\/ulqin-prezantimi-agrobuxhetit-per-2017-dhe-ipard-like-2-2\/\" \/>\n<meta property=\"og:locale\" content=\"en_US\" \/>\n<meta property=\"og:type\" content=\"article\" \/>\n<meta property=\"og:title\" content=\"Ulqin: Prezantimi i agrobuxhetit per 2017 dhe IPARD LIKE 2.2 - Lajme nga Ulqini\" \/>\n<meta property=\"og:description\" content=\"Ministria e Bujq\u00ebsis\u00eb dhe Zhvillimit Rural n\u00eb bashk\u00ebpunim me Komun\u00ebn e Ulqinit organizon prezantimin e agrobuxhetit p\u00ebr vitin 2017 dhe programit t\u00eb\" \/>\n<meta property=\"og:url\" content=\"https:\/\/www.visit-ulcinj.com\/blog\/2017\/02\/02\/ulqin-prezantimi-agrobuxhetit-per-2017-dhe-ipard-like-2-2\/\" \/>\n<meta property=\"og:site_name\" content=\"Lajme nga Ulqini\" \/>\n<meta property=\"article:published_time\" content=\"2017-02-02T14:18:09+00:00\" \/>\n<meta property=\"og:image\" content=\"http:\/\/www.visit-ulcinj.com\/blog\/wp-content\/uploads\/2011\/12\/Lamiga-ne-Ane-te-Malit_rruga_Krythe_Ulqin.jpg\" \/>\n<meta name=\"twitter:label1\" content=\"Written by\" \/>\n\t<meta name=\"twitter:data1\" content=\"ulqini\" \/>\n\t<meta name=\"twitter:label2\" content=\"Est. reading time\" \/>\n\t<meta name=\"twitter:data2\" content=\"1 minute\" \/>\n<script type=\"application\/ld+json\" class=\"yoast-schema-graph\">{\"@context\":\"https:\/\/schema.org\",\"@graph\":[{\"@type\":\"WebSite\",\"@id\":\"https:\/\/www.visit-ulcinj.com\/blog\/#website\",\"url\":\"https:\/\/www.visit-ulcinj.com\/blog\/\",\"name\":\"Lajme nga Ulqini\",\"description\":\"Lajme,Vijesti,Ulqini,Ulqin,Crna Gora,Mali i Zi\",\"potentialAction\":[{\"@type\":\"SearchAction\",\"target\":{\"@type\":\"EntryPoint\",\"urlTemplate\":\"https:\/\/www.visit-ulcinj.com\/blog\/?s={search_term_string}\"},\"query-input\":\"required name=search_term_string\"}],\"inLanguage\":\"en-US\"},{\"@type\":\"ImageObject\",\"inLanguage\":\"en-US\",\"@id\":\"https:\/\/www.visit-ulcinj.com\/blog\/2017\/02\/02\/ulqin-prezantimi-agrobuxhetit-per-2017-dhe-ipard-like-2-2\/#primaryimage\",\"url\":\"https:\/\/www.visit-ulcinj.com\/blog\/wp-content\/uploads\/2011\/12\/Lamiga-ne-Ane-te-Malit_rruga_Krythe_Ulqin.jpg\",\"contentUrl\":\"https:\/\/www.visit-ulcinj.com\/blog\/wp-content\/uploads\/2011\/12\/Lamiga-ne-Ane-te-Malit_rruga_Krythe_Ulqin.jpg\",\"width\":\"720\",\"height\":\"480\"},{\"@type\":\"WebPage\",\"@id\":\"https:\/\/www.visit-ulcinj.com\/blog\/2017\/02\/02\/ulqin-prezantimi-agrobuxhetit-per-2017-dhe-ipard-like-2-2\/#webpage\",\"url\":\"https:\/\/www.visit-ulcinj.com\/blog\/2017\/02\/02\/ulqin-prezantimi-agrobuxhetit-per-2017-dhe-ipard-like-2-2\/\",\"name\":\"Ulqin: Prezantimi i agrobuxhetit per 2017 dhe IPARD LIKE 2.2 - Lajme nga Ulqini\",\"isPartOf\":{\"@id\":\"https:\/\/www.visit-ulcinj.com\/blog\/#website\"},\"primaryImageOfPage\":{\"@id\":\"https:\/\/www.visit-ulcinj.com\/blog\/2017\/02\/02\/ulqin-prezantimi-agrobuxhetit-per-2017-dhe-ipard-like-2-2\/#primaryimage\"},\"datePublished\":\"2017-02-02T14:18:09+00:00\",\"dateModified\":\"2017-02-02T14:18:09+00:00\",\"author\":{\"@id\":\"https:\/\/www.visit-ulcinj.com\/blog\/#\/schema\/person\/dcab619c614d3038751c63bc2aadc06d\"},\"description\":\"Ministria e Bujq\u00ebsis\u00eb dhe Zhvillimit Rural n\u00eb bashk\u00ebpunim me Komun\u00ebn e Ulqinit organizon prezantimin e agrobuxhetit p\u00ebr vitin 2017 dhe programit t\u00eb\",\"breadcrumb\":{\"@id\":\"https:\/\/www.visit-ulcinj.com\/blog\/2017\/02\/02\/ulqin-prezantimi-agrobuxhetit-per-2017-dhe-ipard-like-2-2\/#breadcrumb\"},\"inLanguage\":\"en-US\",\"potentialAction\":[{\"@type\":\"ReadAction\",\"target\":[\"https:\/\/www.visit-ulcinj.com\/blog\/2017\/02\/02\/ulqin-prezantimi-agrobuxhetit-per-2017-dhe-ipard-like-2-2\/\"]}]},{\"@type\":\"BreadcrumbList\",\"@id\":\"https:\/\/www.visit-ulcinj.com\/blog\/2017\/02\/02\/ulqin-prezantimi-agrobuxhetit-per-2017-dhe-ipard-like-2-2\/#breadcrumb\",\"itemListElement\":[{\"@type\":\"ListItem\",\"position\":1,\"name\":\"Ulqin: Prezantimi i agrobuxhetit per 2017 dhe IPARD LIKE 2.2\"}]},{\"@type\":\"Person\",\"@id\":\"https:\/\/www.visit-ulcinj.com\/blog\/#\/schema\/person\/dcab619c614d3038751c63bc2aadc06d\",\"name\":\"ulqini\",\"sameAs\":[\"http:\/\/www.visit-ulcinj.com\"],\"url\":\"https:\/\/www.visit-ulcinj.com\/blog\/author\/admin\/\"}]}<\/script>\n<!-- \/ Yoast SEO plugin. -->","yoast_head_json":{"title":"Ulqin: Prezantimi i agrobuxhetit per 2017 dhe IPARD LIKE 2.2 - Lajme nga Ulqini","description":"Ministria e Bujq\u00ebsis\u00eb dhe Zhvillimit Rural n\u00eb bashk\u00ebpunim me Komun\u00ebn e Ulqinit organizon prezantimin e agrobuxhetit p\u00ebr vitin 2017 dhe programit t\u00eb","robots":{"index":"index","follow":"follow","max-snippet":"max-snippet:-1","max-image-preview":"max-image-preview:large","max-video-preview":"max-video-preview:-1"},"canonical":"https:\/\/www.visit-ulcinj.com\/blog\/2017\/02\/02\/ulqin-prezantimi-agrobuxhetit-per-2017-dhe-ipard-like-2-2\/","og_locale":"en_US","og_type":"article","og_title":"Ulqin: Prezantimi i agrobuxhetit per 2017 dhe IPARD LIKE 2.2 - Lajme nga Ulqini","og_description":"Ministria e Bujq\u00ebsis\u00eb dhe Zhvillimit Rural n\u00eb bashk\u00ebpunim me Komun\u00ebn e Ulqinit organizon prezantimin e agrobuxhetit p\u00ebr vitin 2017 dhe programit t\u00eb","og_url":"https:\/\/www.visit-ulcinj.com\/blog\/2017\/02\/02\/ulqin-prezantimi-agrobuxhetit-per-2017-dhe-ipard-like-2-2\/","og_site_name":"Lajme nga Ulqini","article_published_time":"2017-02-02T14:18:09+00:00","og_image":[{"url":"http:\/\/www.visit-ulcinj.com\/blog\/wp-content\/uploads\/2011\/12\/Lamiga-ne-Ane-te-Malit_rruga_Krythe_Ulqin.jpg"}],"twitter_misc":{"Written by":"ulqini","Est. reading time":"1 minute"},"schema":{"@context":"https:\/\/schema.org","@graph":[{"@type":"WebSite","@id":"https:\/\/www.visit-ulcinj.com\/blog\/#website","url":"https:\/\/www.visit-ulcinj.com\/blog\/","name":"Lajme nga Ulqini","description":"Lajme,Vijesti,Ulqini,Ulqin,Crna Gora,Mali i Zi","potentialAction":[{"@type":"SearchAction","target":{"@type":"EntryPoint","urlTemplate":"https:\/\/www.visit-ulcinj.com\/blog\/?s={search_term_string}"},"query-input":"required name=search_term_string"}],"inLanguage":"en-US"},{"@type":"ImageObject","inLanguage":"en-US","@id":"https:\/\/www.visit-ulcinj.com\/blog\/2017\/02\/02\/ulqin-prezantimi-agrobuxhetit-per-2017-dhe-ipard-like-2-2\/#primaryimage","url":"https:\/\/www.visit-ulcinj.com\/blog\/wp-content\/uploads\/2011\/12\/Lamiga-ne-Ane-te-Malit_rruga_Krythe_Ulqin.jpg","contentUrl":"https:\/\/www.visit-ulcinj.com\/blog\/wp-content\/uploads\/2011\/12\/Lamiga-ne-Ane-te-Malit_rruga_Krythe_Ulqin.jpg","width":"720","height":"480"},{"@type":"WebPage","@id":"https:\/\/www.visit-ulcinj.com\/blog\/2017\/02\/02\/ulqin-prezantimi-agrobuxhetit-per-2017-dhe-ipard-like-2-2\/#webpage","url":"https:\/\/www.visit-ulcinj.com\/blog\/2017\/02\/02\/ulqin-prezantimi-agrobuxhetit-per-2017-dhe-ipard-like-2-2\/","name":"Ulqin: Prezantimi i agrobuxhetit per 2017 dhe IPARD LIKE 2.2 - Lajme nga Ulqini","isPartOf":{"@id":"https:\/\/www.visit-ulcinj.com\/blog\/#website"},"primaryImageOfPage":{"@id":"https:\/\/www.visit-ulcinj.com\/blog\/2017\/02\/02\/ulqin-prezantimi-agrobuxhetit-per-2017-dhe-ipard-like-2-2\/#primaryimage"},"datePublished":"2017-02-02T14:18:09+00:00","dateModified":"2017-02-02T14:18:09+00:00","author":{"@id":"https:\/\/www.visit-ulcinj.com\/blog\/#\/schema\/person\/dcab619c614d3038751c63bc2aadc06d"},"description":"Ministria e Bujq\u00ebsis\u00eb dhe Zhvillimit Rural n\u00eb bashk\u00ebpunim me Komun\u00ebn e Ulqinit organizon prezantimin e agrobuxhetit p\u00ebr vitin 2017 dhe programit t\u00eb","breadcrumb":{"@id":"https:\/\/www.visit-ulcinj.com\/blog\/2017\/02\/02\/ulqin-prezantimi-agrobuxhetit-per-2017-dhe-ipard-like-2-2\/#breadcrumb"},"inLanguage":"en-US","potentialAction":[{"@type":"ReadAction","target":["https:\/\/www.visit-ulcinj.com\/blog\/2017\/02\/02\/ulqin-prezantimi-agrobuxhetit-per-2017-dhe-ipard-like-2-2\/"]}]},{"@type":"BreadcrumbList","@id":"https:\/\/www.visit-ulcinj.com\/blog\/2017\/02\/02\/ulqin-prezantimi-agrobuxhetit-per-2017-dhe-ipard-like-2-2\/#breadcrumb","itemListElement":[{"@type":"ListItem","position":1,"name":"Ulqin: Prezantimi i agrobuxhetit per 2017 dhe IPARD LIKE 2.2"}]},{"@type":"Person","@id":"https:\/\/www.visit-ulcinj.com\/blog\/#\/schema\/person\/dcab619c614d3038751c63bc2aadc06d","name":"ulqini","sameAs":["http:\/\/www.visit-ulcinj.com"],"url":"https:\/\/www.visit-ulcinj.com\/blog\/author\/admin\/"}]}},"jetpack_featured_media_url":"","jetpack_sharing_enabled":true,"jetpack_shortlink":"https:\/\/wp.me\/pe6lTn-qHR","_links":{"self":[{"href":"https:\/\/www.visit-ulcinj.com\/blog\/wp-json\/wp\/v2\/posts\/102663"}],"collection":[{"href":"https:\/\/www.visit-ulcinj.com\/blog\/wp-json\/wp\/v2\/posts"}],"about":[{"href":"https:\/\/www.visit-ulcinj.com\/blog\/wp-json\/wp\/v2\/types\/post"}],"author":[{"embeddable":true,"href":"https:\/\/www.visit-ulcinj.com\/blog\/wp-json\/wp\/v2\/users\/1"}],"replies":[{"embeddable":true,"href":"https:\/\/www.visit-ulcinj.com\/blog\/wp-json\/wp\/v2\/comments?post=102663"}],"version-history":[{"count":1,"href":"https:\/\/www.visit-ulcinj.com\/blog\/wp-json\/wp\/v2\/posts\/102663\/revisions"}],"predecessor-version":[{"id":102664,"href":"https:\/\/www.visit-ulcinj.com\/blog\/wp-json\/wp\/v2\/posts\/102663\/revisions\/102664"}],"wp:attachment":[{"href":"https:\/\/www.visit-ulcinj.com\/blog\/wp-json\/wp\/v2\/media?parent=102663"}],"wp:term":[{"taxonomy":"category","embeddable":true,"href":"https:\/\/www.visit-ulcinj.com\/blog\/wp-json\/wp\/v2\/categories?post=102663"},{"taxonomy":"post_tag","embeddable":true,"href":"https:\/\/www.visit-ulcinj.com\/blog\/wp-json\/wp\/v2\/tags?post=102663"}],"curies":[{"name":"wp","href":"https:\/\/api.w.org\/{rel}","templated":true}]}}