{"id":102665,"date":"2017-02-02T15:21:22","date_gmt":"2017-02-02T14:21:22","guid":{"rendered":"http:\/\/www.visit-ulcinj.com\/blog\/?p=102665"},"modified":"2017-02-02T15:21:22","modified_gmt":"2017-02-02T14:21:22","slug":"ulcinj-prezentacija-agrobudzeta-za-2017-ipard-like-2-2","status":"publish","type":"post","link":"https:\/\/www.visit-ulcinj.com\/blog\/2017\/02\/02\/ulcinj-prezentacija-agrobudzeta-za-2017-ipard-like-2-2\/","title":{"rendered":"Ulcinj: Prezentacija agrobudzeta za 2017 i IPARD LIKE 2.2"},"content":{"rendered":"<div><span lang=\"SQ\"><a href=\"http:\/\/www.visit-ulcinj.com\/blog\/wp-content\/uploads\/2012\/05\/Lamiga-_ambjent-relaksues-per-turistet_Ulqin_Shkoder.jpg\"><img loading=\"lazy\" class=\"alignleft wp-image-60580\" src=\"http:\/\/www.visit-ulcinj.com\/blog\/wp-content\/uploads\/2012\/05\/Lamiga-_ambjent-relaksues-per-turistet_Ulqin_Shkoder.jpg\" alt=\"Lamiga _ambjent relaksues per turistet_Ulqin_Shkoder\" width=\"508\" height=\"185\" srcset=\"https:\/\/www.visit-ulcinj.com\/blog\/wp-content\/uploads\/2012\/05\/Lamiga-_ambjent-relaksues-per-turistet_Ulqin_Shkoder.jpg 1000w, https:\/\/www.visit-ulcinj.com\/blog\/wp-content\/uploads\/2012\/05\/Lamiga-_ambjent-relaksues-per-turistet_Ulqin_Shkoder-300x109.jpg 300w\" sizes=\"(max-width: 508px) 100vw, 508px\" \/><\/a>Ministarstvo poljoprivrede i ruralnog razvoja Crne Gore, u saradnji sa Op<\/span><span lang=\"HR\">\u0161tinom Ulcinj, organizuje prezentaciju agrobud\u017eeta za 2017. godinu i programa evropskih fondova za poljoprivredu IPARD LIKE 2.2.<u><\/u><u><\/u><\/span><\/div>\n<div><span lang=\"HR\">\u00a0<\/span><\/div>\n<div><span lang=\"HR\">Na sastanku u\u010destvova\u0107e Nazif Cungu \u00a0&#8211; predsjednik Op\u0161tine Ulcinj, Danijela Stolica \u2013 generalni direktor Direktorijata za poljoprivredu i ribarstvo, Marija Krsti\u0107 \u2013 na\u010delnica Direkcije za biljnu proizvodnju, Gojko Dabovi\u0107 \u2013 Slu\u017eba za selekciju stoke, Dragana \u0160utovi\u0107 \u2013 savjetnica za p\u010delarstvo i Gani Red\u017ea \u2013 savjetnik za poljoprivredu u Sekretarijatu za ekonomski razvoj Op\u0161tine Ulcinj.<u><\/u><u><\/u><\/span><\/div>\n<div><span lang=\"HR\">\u00a0<\/span><\/div>\n<div><b><span lang=\"HR\">Prezentacija \u0107e se odr\u017eati 3 februara (petak) u 10:00 \u010dasova u restoranu Lamiga u Vladimiru.<u><\/u><u><\/u><\/span><\/b><\/div>\n<div><span lang=\"HR\">\u00a0<\/span><\/div>\n<div><\/div>\n<div><span lang=\"HR\">Pozivamo sve zainteresovane da prisustvuju prezentaciji!<\/span><\/div>\n","protected":false},"excerpt":{"rendered":"<p>Ministarstvo poljoprivrede i ruralnog razvoja Crne Gore, u saradnji sa Op\u0161tinom Ulcinj, organizuje prezentaciju agrobud\u017eeta za 2017. godinu i programa evropskih fondova za poljoprivredu IPARD LIKE 2.2. \u00a0 Na sastanku u\u010destvova\u0107e Nazif Cungu \u00a0&#8211; predsjednik Op\u0161tine Ulcinj, Danijela Stolica \u2013 generalni direktor Direktorijata za poljoprivredu i ribarstvo, Marija Krsti\u0107 \u2013 na\u010delnica Direkcije za biljnu proizvodnju, [&hellip;]<\/p>\n","protected":false},"author":1,"featured_media":0,"comment_status":"closed","ping_status":"closed","sticky":false,"template":"","format":"standard","meta":{"spay_email":"","jetpack_publicize_message":"","jetpack_is_tweetstorm":false,"jetpack_publicize_feature_enabled":true},"categories":[8337],"tags":[],"jetpack_publicize_connections":[],"yoast_head":"<!-- This site is optimized with the Yoast SEO plugin v19.1 - https:\/\/yoast.com\/wordpress\/plugins\/seo\/ -->\n<title>Ulcinj: Prezentacija agrobudzeta za 2017 i IPARD LIKE 2.2 - Lajme nga Ulqini<\/title>\n<meta name=\"description\" content=\"Ministarstvo poljoprivrede i ruralnog razvoja Crne Gore, u saradnji sa Op\u0161tinom Ulcinj, organizuje prezentaciju agrobud\u017eeta za 2017. godinu i programa\" \/>\n<meta name=\"robots\" content=\"index, follow, max-snippet:-1, max-image-preview:large, max-video-preview:-1\" \/>\n<link rel=\"canonical\" href=\"https:\/\/www.visit-ulcinj.com\/blog\/2017\/02\/02\/ulcinj-prezentacija-agrobudzeta-za-2017-ipard-like-2-2\/\" \/>\n<meta property=\"og:locale\" content=\"en_US\" \/>\n<meta property=\"og:type\" content=\"article\" \/>\n<meta property=\"og:title\" content=\"Ulcinj: Prezentacija agrobudzeta za 2017 i IPARD LIKE 2.2 - Lajme nga Ulqini\" \/>\n<meta property=\"og:description\" content=\"Ministarstvo poljoprivrede i ruralnog razvoja Crne Gore, u saradnji sa Op\u0161tinom Ulcinj, organizuje prezentaciju agrobud\u017eeta za 2017. godinu i programa\" \/>\n<meta property=\"og:url\" content=\"https:\/\/www.visit-ulcinj.com\/blog\/2017\/02\/02\/ulcinj-prezentacija-agrobudzeta-za-2017-ipard-like-2-2\/\" \/>\n<meta property=\"og:site_name\" content=\"Lajme nga Ulqini\" \/>\n<meta property=\"article:published_time\" content=\"2017-02-02T14:21:22+00:00\" \/>\n<meta property=\"og:image\" content=\"http:\/\/www.visit-ulcinj.com\/blog\/wp-content\/uploads\/2012\/05\/Lamiga-_ambjent-relaksues-per-turistet_Ulqin_Shkoder.jpg\" \/>\n<meta name=\"twitter:label1\" content=\"Written by\" \/>\n\t<meta name=\"twitter:data1\" content=\"ulqini\" \/>\n\t<meta name=\"twitter:label2\" content=\"Est. reading time\" \/>\n\t<meta name=\"twitter:data2\" content=\"1 minute\" \/>\n<script type=\"application\/ld+json\" class=\"yoast-schema-graph\">{\"@context\":\"https:\/\/schema.org\",\"@graph\":[{\"@type\":\"WebSite\",\"@id\":\"https:\/\/www.visit-ulcinj.com\/blog\/#website\",\"url\":\"https:\/\/www.visit-ulcinj.com\/blog\/\",\"name\":\"Lajme nga Ulqini\",\"description\":\"Lajme,Vijesti,Ulqini,Ulqin,Crna Gora,Mali i Zi\",\"potentialAction\":[{\"@type\":\"SearchAction\",\"target\":{\"@type\":\"EntryPoint\",\"urlTemplate\":\"https:\/\/www.visit-ulcinj.com\/blog\/?s={search_term_string}\"},\"query-input\":\"required name=search_term_string\"}],\"inLanguage\":\"en-US\"},{\"@type\":\"ImageObject\",\"inLanguage\":\"en-US\",\"@id\":\"https:\/\/www.visit-ulcinj.com\/blog\/2017\/02\/02\/ulcinj-prezentacija-agrobudzeta-za-2017-ipard-like-2-2\/#primaryimage\",\"url\":\"https:\/\/www.visit-ulcinj.com\/blog\/wp-content\/uploads\/2012\/05\/Lamiga-_ambjent-relaksues-per-turistet_Ulqin_Shkoder.jpg\",\"contentUrl\":\"https:\/\/www.visit-ulcinj.com\/blog\/wp-content\/uploads\/2012\/05\/Lamiga-_ambjent-relaksues-per-turistet_Ulqin_Shkoder.jpg\",\"width\":\"1000\",\"height\":\"365\"},{\"@type\":\"WebPage\",\"@id\":\"https:\/\/www.visit-ulcinj.com\/blog\/2017\/02\/02\/ulcinj-prezentacija-agrobudzeta-za-2017-ipard-like-2-2\/#webpage\",\"url\":\"https:\/\/www.visit-ulcinj.com\/blog\/2017\/02\/02\/ulcinj-prezentacija-agrobudzeta-za-2017-ipard-like-2-2\/\",\"name\":\"Ulcinj: Prezentacija agrobudzeta za 2017 i IPARD LIKE 2.2 - Lajme nga Ulqini\",\"isPartOf\":{\"@id\":\"https:\/\/www.visit-ulcinj.com\/blog\/#website\"},\"primaryImageOfPage\":{\"@id\":\"https:\/\/www.visit-ulcinj.com\/blog\/2017\/02\/02\/ulcinj-prezentacija-agrobudzeta-za-2017-ipard-like-2-2\/#primaryimage\"},\"datePublished\":\"2017-02-02T14:21:22+00:00\",\"dateModified\":\"2017-02-02T14:21:22+00:00\",\"author\":{\"@id\":\"https:\/\/www.visit-ulcinj.com\/blog\/#\/schema\/person\/dcab619c614d3038751c63bc2aadc06d\"},\"description\":\"Ministarstvo poljoprivrede i ruralnog razvoja Crne Gore, u saradnji sa Op\u0161tinom Ulcinj, organizuje prezentaciju agrobud\u017eeta za 2017. godinu i programa\",\"breadcrumb\":{\"@id\":\"https:\/\/www.visit-ulcinj.com\/blog\/2017\/02\/02\/ulcinj-prezentacija-agrobudzeta-za-2017-ipard-like-2-2\/#breadcrumb\"},\"inLanguage\":\"en-US\",\"potentialAction\":[{\"@type\":\"ReadAction\",\"target\":[\"https:\/\/www.visit-ulcinj.com\/blog\/2017\/02\/02\/ulcinj-prezentacija-agrobudzeta-za-2017-ipard-like-2-2\/\"]}]},{\"@type\":\"BreadcrumbList\",\"@id\":\"https:\/\/www.visit-ulcinj.com\/blog\/2017\/02\/02\/ulcinj-prezentacija-agrobudzeta-za-2017-ipard-like-2-2\/#breadcrumb\",\"itemListElement\":[{\"@type\":\"ListItem\",\"position\":1,\"name\":\"Ulcinj: Prezentacija agrobudzeta za 2017 i IPARD LIKE 2.2\"}]},{\"@type\":\"Person\",\"@id\":\"https:\/\/www.visit-ulcinj.com\/blog\/#\/schema\/person\/dcab619c614d3038751c63bc2aadc06d\",\"name\":\"ulqini\",\"sameAs\":[\"http:\/\/www.visit-ulcinj.com\"],\"url\":\"https:\/\/www.visit-ulcinj.com\/blog\/author\/admin\/\"}]}<\/script>\n<!-- \/ Yoast SEO plugin. -->","yoast_head_json":{"title":"Ulcinj: Prezentacija agrobudzeta za 2017 i IPARD LIKE 2.2 - Lajme nga Ulqini","description":"Ministarstvo poljoprivrede i ruralnog razvoja Crne Gore, u saradnji sa Op\u0161tinom Ulcinj, organizuje prezentaciju agrobud\u017eeta za 2017. godinu i programa","robots":{"index":"index","follow":"follow","max-snippet":"max-snippet:-1","max-image-preview":"max-image-preview:large","max-video-preview":"max-video-preview:-1"},"canonical":"https:\/\/www.visit-ulcinj.com\/blog\/2017\/02\/02\/ulcinj-prezentacija-agrobudzeta-za-2017-ipard-like-2-2\/","og_locale":"en_US","og_type":"article","og_title":"Ulcinj: Prezentacija agrobudzeta za 2017 i IPARD LIKE 2.2 - Lajme nga Ulqini","og_description":"Ministarstvo poljoprivrede i ruralnog razvoja Crne Gore, u saradnji sa Op\u0161tinom Ulcinj, organizuje prezentaciju agrobud\u017eeta za 2017. godinu i programa","og_url":"https:\/\/www.visit-ulcinj.com\/blog\/2017\/02\/02\/ulcinj-prezentacija-agrobudzeta-za-2017-ipard-like-2-2\/","og_site_name":"Lajme nga Ulqini","article_published_time":"2017-02-02T14:21:22+00:00","og_image":[{"url":"http:\/\/www.visit-ulcinj.com\/blog\/wp-content\/uploads\/2012\/05\/Lamiga-_ambjent-relaksues-per-turistet_Ulqin_Shkoder.jpg"}],"twitter_misc":{"Written by":"ulqini","Est. reading time":"1 minute"},"schema":{"@context":"https:\/\/schema.org","@graph":[{"@type":"WebSite","@id":"https:\/\/www.visit-ulcinj.com\/blog\/#website","url":"https:\/\/www.visit-ulcinj.com\/blog\/","name":"Lajme nga Ulqini","description":"Lajme,Vijesti,Ulqini,Ulqin,Crna Gora,Mali i Zi","potentialAction":[{"@type":"SearchAction","target":{"@type":"EntryPoint","urlTemplate":"https:\/\/www.visit-ulcinj.com\/blog\/?s={search_term_string}"},"query-input":"required name=search_term_string"}],"inLanguage":"en-US"},{"@type":"ImageObject","inLanguage":"en-US","@id":"https:\/\/www.visit-ulcinj.com\/blog\/2017\/02\/02\/ulcinj-prezentacija-agrobudzeta-za-2017-ipard-like-2-2\/#primaryimage","url":"https:\/\/www.visit-ulcinj.com\/blog\/wp-content\/uploads\/2012\/05\/Lamiga-_ambjent-relaksues-per-turistet_Ulqin_Shkoder.jpg","contentUrl":"https:\/\/www.visit-ulcinj.com\/blog\/wp-content\/uploads\/2012\/05\/Lamiga-_ambjent-relaksues-per-turistet_Ulqin_Shkoder.jpg","width":"1000","height":"365"},{"@type":"WebPage","@id":"https:\/\/www.visit-ulcinj.com\/blog\/2017\/02\/02\/ulcinj-prezentacija-agrobudzeta-za-2017-ipard-like-2-2\/#webpage","url":"https:\/\/www.visit-ulcinj.com\/blog\/2017\/02\/02\/ulcinj-prezentacija-agrobudzeta-za-2017-ipard-like-2-2\/","name":"Ulcinj: Prezentacija agrobudzeta za 2017 i IPARD LIKE 2.2 - Lajme nga Ulqini","isPartOf":{"@id":"https:\/\/www.visit-ulcinj.com\/blog\/#website"},"primaryImageOfPage":{"@id":"https:\/\/www.visit-ulcinj.com\/blog\/2017\/02\/02\/ulcinj-prezentacija-agrobudzeta-za-2017-ipard-like-2-2\/#primaryimage"},"datePublished":"2017-02-02T14:21:22+00:00","dateModified":"2017-02-02T14:21:22+00:00","author":{"@id":"https:\/\/www.visit-ulcinj.com\/blog\/#\/schema\/person\/dcab619c614d3038751c63bc2aadc06d"},"description":"Ministarstvo poljoprivrede i ruralnog razvoja Crne Gore, u saradnji sa Op\u0161tinom Ulcinj, organizuje prezentaciju agrobud\u017eeta za 2017. godinu i programa","breadcrumb":{"@id":"https:\/\/www.visit-ulcinj.com\/blog\/2017\/02\/02\/ulcinj-prezentacija-agrobudzeta-za-2017-ipard-like-2-2\/#breadcrumb"},"inLanguage":"en-US","potentialAction":[{"@type":"ReadAction","target":["https:\/\/www.visit-ulcinj.com\/blog\/2017\/02\/02\/ulcinj-prezentacija-agrobudzeta-za-2017-ipard-like-2-2\/"]}]},{"@type":"BreadcrumbList","@id":"https:\/\/www.visit-ulcinj.com\/blog\/2017\/02\/02\/ulcinj-prezentacija-agrobudzeta-za-2017-ipard-like-2-2\/#breadcrumb","itemListElement":[{"@type":"ListItem","position":1,"name":"Ulcinj: Prezentacija agrobudzeta za 2017 i IPARD LIKE 2.2"}]},{"@type":"Person","@id":"https:\/\/www.visit-ulcinj.com\/blog\/#\/schema\/person\/dcab619c614d3038751c63bc2aadc06d","name":"ulqini","sameAs":["http:\/\/www.visit-ulcinj.com"],"url":"https:\/\/www.visit-ulcinj.com\/blog\/author\/admin\/"}]}},"jetpack_featured_media_url":"","jetpack_sharing_enabled":true,"jetpack_shortlink":"https:\/\/wp.me\/pe6lTn-qHT","_links":{"self":[{"href":"https:\/\/www.visit-ulcinj.com\/blog\/wp-json\/wp\/v2\/posts\/102665"}],"collection":[{"href":"https:\/\/www.visit-ulcinj.com\/blog\/wp-json\/wp\/v2\/posts"}],"about":[{"href":"https:\/\/www.visit-ulcinj.com\/blog\/wp-json\/wp\/v2\/types\/post"}],"author":[{"embeddable":true,"href":"https:\/\/www.visit-ulcinj.com\/blog\/wp-json\/wp\/v2\/users\/1"}],"replies":[{"embeddable":true,"href":"https:\/\/www.visit-ulcinj.com\/blog\/wp-json\/wp\/v2\/comments?post=102665"}],"version-history":[{"count":1,"href":"https:\/\/www.visit-ulcinj.com\/blog\/wp-json\/wp\/v2\/posts\/102665\/revisions"}],"predecessor-version":[{"id":102666,"href":"https:\/\/www.visit-ulcinj.com\/blog\/wp-json\/wp\/v2\/posts\/102665\/revisions\/102666"}],"wp:attachment":[{"href":"https:\/\/www.visit-ulcinj.com\/blog\/wp-json\/wp\/v2\/media?parent=102665"}],"wp:term":[{"taxonomy":"category","embeddable":true,"href":"https:\/\/www.visit-ulcinj.com\/blog\/wp-json\/wp\/v2\/categories?post=102665"},{"taxonomy":"post_tag","embeddable":true,"href":"https:\/\/www.visit-ulcinj.com\/blog\/wp-json\/wp\/v2\/tags?post=102665"}],"curies":[{"name":"wp","href":"https:\/\/api.w.org\/{rel}","templated":true}]}}