{"id":102667,"date":"2017-02-02T15:28:18","date_gmt":"2017-02-02T14:28:18","guid":{"rendered":"http:\/\/www.visit-ulcinj.com\/blog\/?p=102667"},"modified":"2017-02-02T18:23:12","modified_gmt":"2017-02-02T17:23:12","slug":"ulqin-palmat-drejt-zhdukjes-shkak-prania-e-buburrecit-vrases","status":"publish","type":"post","link":"https:\/\/www.visit-ulcinj.com\/blog\/2017\/02\/02\/ulqin-palmat-drejt-zhdukjes-shkak-prania-e-buburrecit-vrases\/","title":{"rendered":"Ulqin, palmat drejt zhdukjes shkak prania e buburrecit &#8216;vras\u00ebs&#8217; &#8211; Foto"},"content":{"rendered":"<p id=\":139\" class=\"hP\" tabindex=\"-1\"><strong><a href=\"http:\/\/www.visit-ulcinj.com\/blog\/wp-content\/uploads\/2017\/02\/Ulqin-palmat-drejt-zhdukjes-shkak-prania-e-buburrecit-mbledhja.jpg\"><img loading=\"lazy\" class=\"alignleft wp-image-102669\" src=\"http:\/\/www.visit-ulcinj.com\/blog\/wp-content\/uploads\/2017\/02\/Ulqin-palmat-drejt-zhdukjes-shkak-prania-e-buburrecit-mbledhja.jpg\" alt=\"Ulqin, palmat drejt zhdukjes shkak prania e buburrecit-mbledhja\" width=\"508\" height=\"259\" srcset=\"https:\/\/www.visit-ulcinj.com\/blog\/wp-content\/uploads\/2017\/02\/Ulqin-palmat-drejt-zhdukjes-shkak-prania-e-buburrecit-mbledhja.jpg 900w, https:\/\/www.visit-ulcinj.com\/blog\/wp-content\/uploads\/2017\/02\/Ulqin-palmat-drejt-zhdukjes-shkak-prania-e-buburrecit-mbledhja-300x153.jpg 300w, https:\/\/www.visit-ulcinj.com\/blog\/wp-content\/uploads\/2017\/02\/Ulqin-palmat-drejt-zhdukjes-shkak-prania-e-buburrecit-mbledhja-768x392.jpg 768w\" sizes=\"(max-width: 508px) 100vw, 508px\" \/><\/a>Situata alarmante me bubrrecin e kuq t\u00eb palmave n\u00eb Ulqin<\/strong><\/p>\n<p>N\u00eb Komun\u00eb t\u00eb Ulqinit \u00ebsht\u00eb organizuar takimi i p\u00ebrbashk\u00ebt i <strong>Drejtoris\u00eb p\u00ebr sigurin\u00eb e ushqimit, veterin\u00ebn dhe pun\u00ebt fitosanitare<\/strong>, p\u00ebrfaq\u00ebsuesve t\u00eb Komunave t\u00eb Ulqinit dhe Tivarit, nd\u00ebrmarrjeve komunale t\u00eb Ulqinit dhe Tivarit dhe inspekcionit fitosanitar.<\/p>\n<p>Drejtoresha Vesna Dakoviq informoi t\u00eb pranishmit p\u00ebr seriozitetin e situat\u00ebs t\u00eb d\u00ebmeve t\u00eb <strong>bubrrecit t\u00eb kuq t\u00eb palmave<\/strong> t\u00eb cil\u00ebn e vler\u00ebsoj si alarmante. Bubrreci i kuq deri tani ka sulmuar llojin e palm\u00ebs feniks, por ekziston rreziku t\u00eb p\u00ebrhapet edhe n\u00eb llojet t\u00eb tjera.<\/p>\n<p>\u00cbsht\u00eb r\u00ebn\u00eb dakord t\u00eb b\u00ebhet identifikimi i t\u00eb gjitha palmave t\u00eb sulmuara nga ky insekt dhe t\u00eb p\u00ebrgatiten vendimet p\u00ebr menajnimin e tyre. Poashtu duhet informuar qytetar\u00ebt t\u00eb cil\u00ebt n\u00eb pronat e tyre kan\u00eb palma t\u00eb sulmuara nga ky shkat\u00ebrrues, q\u00eb duhen t\u00eb veprojn\u00eb sipas udh\u00ebzimeve t\u00eb Drejtoris\u00eb p\u00ebr sigurin\u00eb e ushqimit, veterin\u00ebn dhe pun\u00ebt fitosanitare, sepse n\u00eb t\u00eb kund\u00ebrt\u00ebn parashifen d\u00ebnimet t\u00eb larta p\u00ebr mosrrespektimin e rregullave.<\/p>\n<p>N\u00eb takim morri pjes\u00eb kryetari i Komun\u00ebs s\u00eb Ulqinit Nazif Cungu, kryetari i Kuvendit Komunal Loro Nrekiq dhe n\u00ebnkryetar\u00ebt e Tivarit dhe Ulqinit Slagjana Zhivanoviq dhe Vaso Radoviq.<\/p>\n\n\t\t<style type=\"text\/css\">\n\t\t\t#gallery-1 {\n\t\t\t\tmargin: auto;\n\t\t\t}\n\t\t\t#gallery-1 .gallery-item {\n\t\t\t\tfloat: left;\n\t\t\t\tmargin-top: 10px;\n\t\t\t\ttext-align: center;\n\t\t\t\twidth: 33%;\n\t\t\t}\n\t\t\t#gallery-1 img {\n\t\t\t\tborder: 2px solid #cfcfcf;\n\t\t\t}\n\t\t\t#gallery-1 .gallery-caption {\n\t\t\t\tmargin-left: 0;\n\t\t\t}\n\t\t\t\/* see gallery_shortcode() in wp-includes\/media.php *\/\n\t\t<\/style>\n\t\t<div id='gallery-1' class='gallery galleryid-102667 gallery-columns-3 gallery-size-thumbnail'><dl class='gallery-item'>\n\t\t\t<dt class='gallery-icon landscape'>\n\t\t\t\t<a href='https:\/\/www.visit-ulcinj.com\/blog\/2016\/11\/25\/palmat-e-ulqinit-drejt-zhdukjes-shkak-buburreci-kuq\/palmat-e-ulqinit-drejt-zhdukjes-8\/'><img width=\"150\" height=\"150\" src=\"https:\/\/www.visit-ulcinj.com\/blog\/wp-content\/uploads\/2016\/11\/Palmat-e-Ulqinit-drejt-zhdukjes-8-150x150.jpg\" class=\"attachment-thumbnail size-thumbnail\" alt=\"\" loading=\"lazy\" \/><\/a>\n\t\t\t<\/dt><\/dl><dl class='gallery-item'>\n\t\t\t<dt class='gallery-icon landscape'>\n\t\t\t\t<a href='https:\/\/www.visit-ulcinj.com\/blog\/2016\/11\/25\/palmat-e-ulqinit-drejt-zhdukjes-shkak-buburreci-kuq\/palmat-e-ulqinit-drejt-zhdukjes-4\/'><img width=\"150\" height=\"150\" src=\"https:\/\/www.visit-ulcinj.com\/blog\/wp-content\/uploads\/2016\/11\/Palmat-e-Ulqinit-drejt-zhdukjes-4-150x150.jpg\" class=\"attachment-thumbnail size-thumbnail\" alt=\"\" loading=\"lazy\" \/><\/a>\n\t\t\t<\/dt><\/dl><dl class='gallery-item'>\n\t\t\t<dt class='gallery-icon portrait'>\n\t\t\t\t<a href='https:\/\/www.visit-ulcinj.com\/blog\/2016\/11\/25\/palmat-e-ulqinit-drejt-zhdukjes-shkak-buburreci-kuq\/palmat-e-ulqinit-drejt-zhdukjes-3-2\/'><img width=\"150\" height=\"150\" src=\"https:\/\/www.visit-ulcinj.com\/blog\/wp-content\/uploads\/2016\/11\/Palmat-e-Ulqinit-drejt-zhdukjes-3-1-150x150.jpg\" class=\"attachment-thumbnail size-thumbnail\" alt=\"\" loading=\"lazy\" \/><\/a>\n\t\t\t<\/dt><\/dl><br style=\"clear: both\" \/><dl class='gallery-item'>\n\t\t\t<dt class='gallery-icon portrait'>\n\t\t\t\t<a href='https:\/\/www.visit-ulcinj.com\/blog\/2016\/11\/25\/palmat-e-ulqinit-drejt-zhdukjes-shkak-buburreci-kuq\/palmat-e-ulqinit-drejt-zhdukjes-2\/'><img width=\"150\" height=\"150\" src=\"https:\/\/www.visit-ulcinj.com\/blog\/wp-content\/uploads\/2016\/11\/Palmat-e-Ulqinit-drejt-zhdukjes-2-150x150.jpg\" class=\"attachment-thumbnail size-thumbnail\" alt=\"\" loading=\"lazy\" \/><\/a>\n\t\t\t<\/dt><\/dl><dl class='gallery-item'>\n\t\t\t<dt class='gallery-icon portrait'>\n\t\t\t\t<a href='https:\/\/www.visit-ulcinj.com\/blog\/2016\/11\/25\/palmat-e-ulqinit-drejt-zhdukjes-shkak-buburreci-kuq\/palmat-e-ulqinit-drejt-zhdukjes-1\/'><img width=\"150\" height=\"150\" src=\"https:\/\/www.visit-ulcinj.com\/blog\/wp-content\/uploads\/2016\/11\/Palmat-e-Ulqinit-drejt-zhdukjes-1-150x150.jpg\" class=\"attachment-thumbnail size-thumbnail\" alt=\"\" loading=\"lazy\" \/><\/a>\n\t\t\t<\/dt><\/dl><dl class='gallery-item'>\n\t\t\t<dt class='gallery-icon portrait'>\n\t\t\t\t<a href='https:\/\/www.visit-ulcinj.com\/blog\/2016\/11\/25\/palmat-e-ulqinit-drejt-zhdukjes-shkak-buburreci-kuq\/palmat-e-ulqinit-drejt-zhdukjes\/'><img width=\"150\" height=\"150\" src=\"https:\/\/www.visit-ulcinj.com\/blog\/wp-content\/uploads\/2016\/11\/Palmat-e-Ulqinit-drejt-zhdukjes--150x150.jpg\" class=\"attachment-thumbnail size-thumbnail\" alt=\"\" loading=\"lazy\" \/><\/a>\n\t\t\t<\/dt><\/dl><br style=\"clear: both\" \/><dl class='gallery-item'>\n\t\t\t<dt class='gallery-icon landscape'>\n\t\t\t\t<a href='https:\/\/www.visit-ulcinj.com\/blog\/2016\/03\/17\/po-thahen-dhe-po-zhduken-palmat-e-bregdetit-te-ulqinit\/doseza-e-kuqe-ne-palmat-e-ulqinit\/'><img width=\"150\" height=\"150\" src=\"https:\/\/www.visit-ulcinj.com\/blog\/wp-content\/uploads\/2016\/03\/Dos\u00ebza-e-kuqe-ne-Palmat-e-Ulqinit-150x150.jpg\" class=\"attachment-thumbnail size-thumbnail\" alt=\"\" loading=\"lazy\" \/><\/a>\n\t\t\t<\/dt><\/dl>\n\t\t\t<br style='clear: both' \/>\n\t\t<\/div>\n\n","protected":false},"excerpt":{"rendered":"<p>Situata alarmante me bubrrecin e kuq t\u00eb palmave n\u00eb Ulqin N\u00eb Komun\u00eb t\u00eb Ulqinit \u00ebsht\u00eb organizuar takimi i p\u00ebrbashk\u00ebt i Drejtoris\u00eb p\u00ebr sigurin\u00eb e ushqimit, veterin\u00ebn dhe pun\u00ebt fitosanitare, p\u00ebrfaq\u00ebsuesve t\u00eb Komunave t\u00eb Ulqinit dhe Tivarit, nd\u00ebrmarrjeve komunale t\u00eb Ulqinit dhe Tivarit dhe inspekcionit fitosanitar. Drejtoresha Vesna Dakoviq informoi t\u00eb pranishmit p\u00ebr seriozitetin e situat\u00ebs [&hellip;]<\/p>\n","protected":false},"author":1,"featured_media":0,"comment_status":"closed","ping_status":"closed","sticky":false,"template":"","format":"standard","meta":{"spay_email":"","jetpack_publicize_message":"","jetpack_is_tweetstorm":false,"jetpack_publicize_feature_enabled":true},"categories":[8,11],"tags":[],"jetpack_publicize_connections":[],"yoast_head":"<!-- This site is optimized with the Yoast SEO plugin v19.1 - https:\/\/yoast.com\/wordpress\/plugins\/seo\/ -->\n<title>Ulqin, palmat drejt zhdukjes shkak prania e buburrecit &#039;vras\u00ebs&#039; - Foto - Lajme nga Ulqini<\/title>\n<meta name=\"description\" content=\"Situata alarmante me bubrrecin e kuq t\u00eb palmave n\u00eb Ulqin N\u00eb Komun\u00eb t\u00eb Ulqinit \u00ebsht\u00eb organizuar takimi i p\u00ebrbashk\u00ebt i Drejtoris\u00eb p\u00ebr sigurin\u00eb e ushqimit,\" \/>\n<meta name=\"robots\" content=\"index, follow, max-snippet:-1, max-image-preview:large, max-video-preview:-1\" \/>\n<link rel=\"canonical\" href=\"https:\/\/www.visit-ulcinj.com\/blog\/2017\/02\/02\/ulqin-palmat-drejt-zhdukjes-shkak-prania-e-buburrecit-vrases\/\" \/>\n<meta property=\"og:locale\" content=\"en_US\" \/>\n<meta property=\"og:type\" content=\"article\" \/>\n<meta property=\"og:title\" content=\"Ulqin, palmat drejt zhdukjes shkak prania e buburrecit &#039;vras\u00ebs&#039; - Foto - Lajme nga Ulqini\" \/>\n<meta property=\"og:description\" content=\"Situata alarmante me bubrrecin e kuq t\u00eb palmave n\u00eb Ulqin N\u00eb Komun\u00eb t\u00eb Ulqinit \u00ebsht\u00eb organizuar takimi i p\u00ebrbashk\u00ebt i Drejtoris\u00eb p\u00ebr sigurin\u00eb e ushqimit,\" \/>\n<meta property=\"og:url\" content=\"https:\/\/www.visit-ulcinj.com\/blog\/2017\/02\/02\/ulqin-palmat-drejt-zhdukjes-shkak-prania-e-buburrecit-vrases\/\" \/>\n<meta property=\"og:site_name\" content=\"Lajme nga Ulqini\" \/>\n<meta property=\"article:published_time\" content=\"2017-02-02T14:28:18+00:00\" \/>\n<meta property=\"article:modified_time\" content=\"2017-02-02T17:23:12+00:00\" \/>\n<meta property=\"og:image\" content=\"https:\/\/www.visit-ulcinj.com\/blog\/wp-content\/uploads\/2016\/11\/Palmat-e-Ulqinit-drejt-zhdukjes-8-150x150.jpg\" \/>\n<meta name=\"twitter:label1\" content=\"Written by\" \/>\n\t<meta name=\"twitter:data1\" content=\"ulqini\" \/>\n\t<meta name=\"twitter:label2\" content=\"Est. reading time\" \/>\n\t<meta name=\"twitter:data2\" content=\"1 minute\" \/>\n<script type=\"application\/ld+json\" class=\"yoast-schema-graph\">{\"@context\":\"https:\/\/schema.org\",\"@graph\":[{\"@type\":\"WebSite\",\"@id\":\"https:\/\/www.visit-ulcinj.com\/blog\/#website\",\"url\":\"https:\/\/www.visit-ulcinj.com\/blog\/\",\"name\":\"Lajme nga Ulqini\",\"description\":\"Lajme,Vijesti,Ulqini,Ulqin,Crna Gora,Mali i Zi\",\"potentialAction\":[{\"@type\":\"SearchAction\",\"target\":{\"@type\":\"EntryPoint\",\"urlTemplate\":\"https:\/\/www.visit-ulcinj.com\/blog\/?s={search_term_string}\"},\"query-input\":\"required name=search_term_string\"}],\"inLanguage\":\"en-US\"},{\"@type\":\"ImageObject\",\"inLanguage\":\"en-US\",\"@id\":\"https:\/\/www.visit-ulcinj.com\/blog\/2017\/02\/02\/ulqin-palmat-drejt-zhdukjes-shkak-prania-e-buburrecit-vrases\/#primaryimage\",\"url\":\"https:\/\/www.visit-ulcinj.com\/blog\/wp-content\/uploads\/2017\/02\/Ulqin-palmat-drejt-zhdukjes-shkak-prania-e-buburrecit-mbledhja.jpg\",\"contentUrl\":\"https:\/\/www.visit-ulcinj.com\/blog\/wp-content\/uploads\/2017\/02\/Ulqin-palmat-drejt-zhdukjes-shkak-prania-e-buburrecit-mbledhja.jpg\",\"width\":900,\"height\":459},{\"@type\":\"WebPage\",\"@id\":\"https:\/\/www.visit-ulcinj.com\/blog\/2017\/02\/02\/ulqin-palmat-drejt-zhdukjes-shkak-prania-e-buburrecit-vrases\/#webpage\",\"url\":\"https:\/\/www.visit-ulcinj.com\/blog\/2017\/02\/02\/ulqin-palmat-drejt-zhdukjes-shkak-prania-e-buburrecit-vrases\/\",\"name\":\"Ulqin, palmat drejt zhdukjes shkak prania e buburrecit 'vras\u00ebs' - Foto - Lajme nga Ulqini\",\"isPartOf\":{\"@id\":\"https:\/\/www.visit-ulcinj.com\/blog\/#website\"},\"primaryImageOfPage\":{\"@id\":\"https:\/\/www.visit-ulcinj.com\/blog\/2017\/02\/02\/ulqin-palmat-drejt-zhdukjes-shkak-prania-e-buburrecit-vrases\/#primaryimage\"},\"datePublished\":\"2017-02-02T14:28:18+00:00\",\"dateModified\":\"2017-02-02T17:23:12+00:00\",\"author\":{\"@id\":\"https:\/\/www.visit-ulcinj.com\/blog\/#\/schema\/person\/dcab619c614d3038751c63bc2aadc06d\"},\"description\":\"Situata alarmante me bubrrecin e kuq t\u00eb palmave n\u00eb Ulqin N\u00eb Komun\u00eb t\u00eb Ulqinit \u00ebsht\u00eb organizuar takimi i p\u00ebrbashk\u00ebt i Drejtoris\u00eb p\u00ebr sigurin\u00eb e ushqimit,\",\"breadcrumb\":{\"@id\":\"https:\/\/www.visit-ulcinj.com\/blog\/2017\/02\/02\/ulqin-palmat-drejt-zhdukjes-shkak-prania-e-buburrecit-vrases\/#breadcrumb\"},\"inLanguage\":\"en-US\",\"potentialAction\":[{\"@type\":\"ReadAction\",\"target\":[\"https:\/\/www.visit-ulcinj.com\/blog\/2017\/02\/02\/ulqin-palmat-drejt-zhdukjes-shkak-prania-e-buburrecit-vrases\/\"]}]},{\"@type\":\"BreadcrumbList\",\"@id\":\"https:\/\/www.visit-ulcinj.com\/blog\/2017\/02\/02\/ulqin-palmat-drejt-zhdukjes-shkak-prania-e-buburrecit-vrases\/#breadcrumb\",\"itemListElement\":[{\"@type\":\"ListItem\",\"position\":1,\"name\":\"Ulqin, palmat drejt zhdukjes shkak prania e buburrecit &#8216;vras\u00ebs&#8217; &#8211; Foto\"}]},{\"@type\":\"Person\",\"@id\":\"https:\/\/www.visit-ulcinj.com\/blog\/#\/schema\/person\/dcab619c614d3038751c63bc2aadc06d\",\"name\":\"ulqini\",\"sameAs\":[\"http:\/\/www.visit-ulcinj.com\"],\"url\":\"https:\/\/www.visit-ulcinj.com\/blog\/author\/admin\/\"}]}<\/script>\n<!-- \/ Yoast SEO plugin. -->","yoast_head_json":{"title":"Ulqin, palmat drejt zhdukjes shkak prania e buburrecit 'vras\u00ebs' - Foto - Lajme nga Ulqini","description":"Situata alarmante me bubrrecin e kuq t\u00eb palmave n\u00eb Ulqin N\u00eb Komun\u00eb t\u00eb Ulqinit \u00ebsht\u00eb organizuar takimi i p\u00ebrbashk\u00ebt i Drejtoris\u00eb p\u00ebr sigurin\u00eb e ushqimit,","robots":{"index":"index","follow":"follow","max-snippet":"max-snippet:-1","max-image-preview":"max-image-preview:large","max-video-preview":"max-video-preview:-1"},"canonical":"https:\/\/www.visit-ulcinj.com\/blog\/2017\/02\/02\/ulqin-palmat-drejt-zhdukjes-shkak-prania-e-buburrecit-vrases\/","og_locale":"en_US","og_type":"article","og_title":"Ulqin, palmat drejt zhdukjes shkak prania e buburrecit 'vras\u00ebs' - Foto - Lajme nga Ulqini","og_description":"Situata alarmante me bubrrecin e kuq t\u00eb palmave n\u00eb Ulqin N\u00eb Komun\u00eb t\u00eb Ulqinit \u00ebsht\u00eb organizuar takimi i p\u00ebrbashk\u00ebt i Drejtoris\u00eb p\u00ebr sigurin\u00eb e ushqimit,","og_url":"https:\/\/www.visit-ulcinj.com\/blog\/2017\/02\/02\/ulqin-palmat-drejt-zhdukjes-shkak-prania-e-buburrecit-vrases\/","og_site_name":"Lajme nga Ulqini","article_published_time":"2017-02-02T14:28:18+00:00","article_modified_time":"2017-02-02T17:23:12+00:00","og_image":[{"url":"https:\/\/www.visit-ulcinj.com\/blog\/wp-content\/uploads\/2016\/11\/Palmat-e-Ulqinit-drejt-zhdukjes-8-150x150.jpg"}],"twitter_misc":{"Written by":"ulqini","Est. reading time":"1 minute"},"schema":{"@context":"https:\/\/schema.org","@graph":[{"@type":"WebSite","@id":"https:\/\/www.visit-ulcinj.com\/blog\/#website","url":"https:\/\/www.visit-ulcinj.com\/blog\/","name":"Lajme nga Ulqini","description":"Lajme,Vijesti,Ulqini,Ulqin,Crna Gora,Mali i Zi","potentialAction":[{"@type":"SearchAction","target":{"@type":"EntryPoint","urlTemplate":"https:\/\/www.visit-ulcinj.com\/blog\/?s={search_term_string}"},"query-input":"required name=search_term_string"}],"inLanguage":"en-US"},{"@type":"ImageObject","inLanguage":"en-US","@id":"https:\/\/www.visit-ulcinj.com\/blog\/2017\/02\/02\/ulqin-palmat-drejt-zhdukjes-shkak-prania-e-buburrecit-vrases\/#primaryimage","url":"https:\/\/www.visit-ulcinj.com\/blog\/wp-content\/uploads\/2017\/02\/Ulqin-palmat-drejt-zhdukjes-shkak-prania-e-buburrecit-mbledhja.jpg","contentUrl":"https:\/\/www.visit-ulcinj.com\/blog\/wp-content\/uploads\/2017\/02\/Ulqin-palmat-drejt-zhdukjes-shkak-prania-e-buburrecit-mbledhja.jpg","width":900,"height":459},{"@type":"WebPage","@id":"https:\/\/www.visit-ulcinj.com\/blog\/2017\/02\/02\/ulqin-palmat-drejt-zhdukjes-shkak-prania-e-buburrecit-vrases\/#webpage","url":"https:\/\/www.visit-ulcinj.com\/blog\/2017\/02\/02\/ulqin-palmat-drejt-zhdukjes-shkak-prania-e-buburrecit-vrases\/","name":"Ulqin, palmat drejt zhdukjes shkak prania e buburrecit 'vras\u00ebs' - Foto - Lajme nga Ulqini","isPartOf":{"@id":"https:\/\/www.visit-ulcinj.com\/blog\/#website"},"primaryImageOfPage":{"@id":"https:\/\/www.visit-ulcinj.com\/blog\/2017\/02\/02\/ulqin-palmat-drejt-zhdukjes-shkak-prania-e-buburrecit-vrases\/#primaryimage"},"datePublished":"2017-02-02T14:28:18+00:00","dateModified":"2017-02-02T17:23:12+00:00","author":{"@id":"https:\/\/www.visit-ulcinj.com\/blog\/#\/schema\/person\/dcab619c614d3038751c63bc2aadc06d"},"description":"Situata alarmante me bubrrecin e kuq t\u00eb palmave n\u00eb Ulqin N\u00eb Komun\u00eb t\u00eb Ulqinit \u00ebsht\u00eb organizuar takimi i p\u00ebrbashk\u00ebt i Drejtoris\u00eb p\u00ebr sigurin\u00eb e ushqimit,","breadcrumb":{"@id":"https:\/\/www.visit-ulcinj.com\/blog\/2017\/02\/02\/ulqin-palmat-drejt-zhdukjes-shkak-prania-e-buburrecit-vrases\/#breadcrumb"},"inLanguage":"en-US","potentialAction":[{"@type":"ReadAction","target":["https:\/\/www.visit-ulcinj.com\/blog\/2017\/02\/02\/ulqin-palmat-drejt-zhdukjes-shkak-prania-e-buburrecit-vrases\/"]}]},{"@type":"BreadcrumbList","@id":"https:\/\/www.visit-ulcinj.com\/blog\/2017\/02\/02\/ulqin-palmat-drejt-zhdukjes-shkak-prania-e-buburrecit-vrases\/#breadcrumb","itemListElement":[{"@type":"ListItem","position":1,"name":"Ulqin, palmat drejt zhdukjes shkak prania e buburrecit &#8216;vras\u00ebs&#8217; &#8211; Foto"}]},{"@type":"Person","@id":"https:\/\/www.visit-ulcinj.com\/blog\/#\/schema\/person\/dcab619c614d3038751c63bc2aadc06d","name":"ulqini","sameAs":["http:\/\/www.visit-ulcinj.com"],"url":"https:\/\/www.visit-ulcinj.com\/blog\/author\/admin\/"}]}},"jetpack_featured_media_url":"","jetpack_sharing_enabled":true,"jetpack_shortlink":"https:\/\/wp.me\/pe6lTn-qHV","_links":{"self":[{"href":"https:\/\/www.visit-ulcinj.com\/blog\/wp-json\/wp\/v2\/posts\/102667"}],"collection":[{"href":"https:\/\/www.visit-ulcinj.com\/blog\/wp-json\/wp\/v2\/posts"}],"about":[{"href":"https:\/\/www.visit-ulcinj.com\/blog\/wp-json\/wp\/v2\/types\/post"}],"author":[{"embeddable":true,"href":"https:\/\/www.visit-ulcinj.com\/blog\/wp-json\/wp\/v2\/users\/1"}],"replies":[{"embeddable":true,"href":"https:\/\/www.visit-ulcinj.com\/blog\/wp-json\/wp\/v2\/comments?post=102667"}],"version-history":[{"count":4,"href":"https:\/\/www.visit-ulcinj.com\/blog\/wp-json\/wp\/v2\/posts\/102667\/revisions"}],"predecessor-version":[{"id":102673,"href":"https:\/\/www.visit-ulcinj.com\/blog\/wp-json\/wp\/v2\/posts\/102667\/revisions\/102673"}],"wp:attachment":[{"href":"https:\/\/www.visit-ulcinj.com\/blog\/wp-json\/wp\/v2\/media?parent=102667"}],"wp:term":[{"taxonomy":"category","embeddable":true,"href":"https:\/\/www.visit-ulcinj.com\/blog\/wp-json\/wp\/v2\/categories?post=102667"},{"taxonomy":"post_tag","embeddable":true,"href":"https:\/\/www.visit-ulcinj.com\/blog\/wp-json\/wp\/v2\/tags?post=102667"}],"curies":[{"name":"wp","href":"https:\/\/api.w.org\/{rel}","templated":true}]}}