{"id":102674,"date":"2017-02-02T15:35:11","date_gmt":"2017-02-02T14:35:11","guid":{"rendered":"http:\/\/www.visit-ulcinj.com\/blog\/?p=102674"},"modified":"2017-02-02T15:35:26","modified_gmt":"2017-02-02T14:35:26","slug":"ulcinj-alarmantna-situacija-sa-palminim-surlasem-surlasom-foto","status":"publish","type":"post","link":"https:\/\/www.visit-ulcinj.com\/blog\/2017\/02\/02\/ulcinj-alarmantna-situacija-sa-palminim-surlasem-surlasom-foto\/","title":{"rendered":"Ulcinj: Alarmantna situacija sa palminim surla\u0161em surla\u0161om &#8211; Foto"},"content":{"rendered":"<p><a href=\"http:\/\/www.visit-ulcinj.com\/blog\/wp-content\/uploads\/2017\/02\/Ulqin-palmat-drejt-zhdukjes-shkak-prania-e-buburrecit-mbledhja.jpg\"><img loading=\"lazy\" class=\"alignleft wp-image-102669\" src=\"http:\/\/www.visit-ulcinj.com\/blog\/wp-content\/uploads\/2017\/02\/Ulqin-palmat-drejt-zhdukjes-shkak-prania-e-buburrecit-mbledhja.jpg\" alt=\"Ulqin, palmat drejt zhdukjes shkak prania e buburrecit-mbledhja\" width=\"508\" height=\"259\" srcset=\"https:\/\/www.visit-ulcinj.com\/blog\/wp-content\/uploads\/2017\/02\/Ulqin-palmat-drejt-zhdukjes-shkak-prania-e-buburrecit-mbledhja.jpg 900w, https:\/\/www.visit-ulcinj.com\/blog\/wp-content\/uploads\/2017\/02\/Ulqin-palmat-drejt-zhdukjes-shkak-prania-e-buburrecit-mbledhja-300x153.jpg 300w, https:\/\/www.visit-ulcinj.com\/blog\/wp-content\/uploads\/2017\/02\/Ulqin-palmat-drejt-zhdukjes-shkak-prania-e-buburrecit-mbledhja-768x392.jpg 768w\" sizes=\"(max-width: 508px) 100vw, 508px\" \/><\/a>U Op\u0161tini Ulcinj odr\u017ean je zajedni\u010dki sastanak <strong>Uprave za bezbjednost hrane, veterinu i fitosanitarne poslove<\/strong>, predstavnika Op\u0161tine Ulcinj i Op\u0161tine Bar, komunalnih preduze\u0107a Ulcinja i Bara i fitosanitarnih inspektora.<\/p>\n<p>Direktorica Uprave Vesna Dakovi\u0107 je upoznala prisutne sa ozbiljno\u0161\u0107u situacije izazvane palminim surla\u0161em koju je ocijenila kao alarmantnom. Palmin surla\u0161 za sada napada palme vrste feniks, ali bi veoma brzo mogao da se pro\u0161iri i po drugim palminin vrstama.<\/p>\n<p>Dogovoreno je da se hitno identifikuju sve zara\u017eene palme ne teritoriji op\u0161tine Ulcinj i Bar, i da se donesu rje\u0161enja o njihovom ukljanjanju. Tako\u0111e, dogovoreno je da se upozore gra\u0111ani koji u svojima imanjima imaju zara\u017eene palme da su du\u017eni da postupe po instrukcijama Uprave za bezbjednost hrane, veterinu i fitosanitarne poslove jer su u suprotnom predvi\u0111ene visoke kazne za nepo\u0161tovanje pravila.<\/p>\n<p>Sastanku su prisutvovali predsjednik Op\u0161tine Ulcinj Nazif Cungu, predsjednik SO Ljoro Nreki\u0107 i potpredsjednici Bara i Ulcinja &#8211; Sla\u0111ana \u017divanovi\u0107 i Vaso Radovi\u0107.<\/p>\n\n\t\t<style type=\"text\/css\">\n\t\t\t#gallery-1 {\n\t\t\t\tmargin: auto;\n\t\t\t}\n\t\t\t#gallery-1 .gallery-item {\n\t\t\t\tfloat: left;\n\t\t\t\tmargin-top: 10px;\n\t\t\t\ttext-align: center;\n\t\t\t\twidth: 33%;\n\t\t\t}\n\t\t\t#gallery-1 img {\n\t\t\t\tborder: 2px solid #cfcfcf;\n\t\t\t}\n\t\t\t#gallery-1 .gallery-caption {\n\t\t\t\tmargin-left: 0;\n\t\t\t}\n\t\t\t\/* see gallery_shortcode() in wp-includes\/media.php *\/\n\t\t<\/style>\n\t\t<div id='gallery-1' class='gallery galleryid-102674 gallery-columns-3 gallery-size-thumbnail'><dl class='gallery-item'>\n\t\t\t<dt class='gallery-icon landscape'>\n\t\t\t\t<a href='https:\/\/www.visit-ulcinj.com\/blog\/2016\/11\/25\/palmat-e-ulqinit-drejt-zhdukjes-shkak-buburreci-kuq\/palmat-e-ulqinit-drejt-zhdukjes-8\/'><img width=\"150\" height=\"150\" src=\"https:\/\/www.visit-ulcinj.com\/blog\/wp-content\/uploads\/2016\/11\/Palmat-e-Ulqinit-drejt-zhdukjes-8-150x150.jpg\" class=\"attachment-thumbnail size-thumbnail\" alt=\"\" loading=\"lazy\" \/><\/a>\n\t\t\t<\/dt><\/dl><dl class='gallery-item'>\n\t\t\t<dt class='gallery-icon landscape'>\n\t\t\t\t<a href='https:\/\/www.visit-ulcinj.com\/blog\/2016\/11\/25\/palmat-e-ulqinit-drejt-zhdukjes-shkak-buburreci-kuq\/palmat-e-ulqinit-drejt-zhdukjes-4\/'><img width=\"150\" height=\"150\" src=\"https:\/\/www.visit-ulcinj.com\/blog\/wp-content\/uploads\/2016\/11\/Palmat-e-Ulqinit-drejt-zhdukjes-4-150x150.jpg\" class=\"attachment-thumbnail size-thumbnail\" alt=\"\" loading=\"lazy\" \/><\/a>\n\t\t\t<\/dt><\/dl><dl class='gallery-item'>\n\t\t\t<dt class='gallery-icon portrait'>\n\t\t\t\t<a href='https:\/\/www.visit-ulcinj.com\/blog\/2016\/11\/25\/palmat-e-ulqinit-drejt-zhdukjes-shkak-buburreci-kuq\/palmat-e-ulqinit-drejt-zhdukjes-3-2\/'><img width=\"150\" height=\"150\" src=\"https:\/\/www.visit-ulcinj.com\/blog\/wp-content\/uploads\/2016\/11\/Palmat-e-Ulqinit-drejt-zhdukjes-3-1-150x150.jpg\" class=\"attachment-thumbnail size-thumbnail\" alt=\"\" loading=\"lazy\" \/><\/a>\n\t\t\t<\/dt><\/dl><br style=\"clear: both\" \/><dl class='gallery-item'>\n\t\t\t<dt class='gallery-icon portrait'>\n\t\t\t\t<a href='https:\/\/www.visit-ulcinj.com\/blog\/2016\/11\/25\/palmat-e-ulqinit-drejt-zhdukjes-shkak-buburreci-kuq\/palmat-e-ulqinit-drejt-zhdukjes-2\/'><img width=\"150\" height=\"150\" src=\"https:\/\/www.visit-ulcinj.com\/blog\/wp-content\/uploads\/2016\/11\/Palmat-e-Ulqinit-drejt-zhdukjes-2-150x150.jpg\" class=\"attachment-thumbnail size-thumbnail\" alt=\"\" loading=\"lazy\" \/><\/a>\n\t\t\t<\/dt><\/dl><dl class='gallery-item'>\n\t\t\t<dt class='gallery-icon portrait'>\n\t\t\t\t<a href='https:\/\/www.visit-ulcinj.com\/blog\/2016\/11\/25\/palmat-e-ulqinit-drejt-zhdukjes-shkak-buburreci-kuq\/palmat-e-ulqinit-drejt-zhdukjes-1\/'><img width=\"150\" height=\"150\" src=\"https:\/\/www.visit-ulcinj.com\/blog\/wp-content\/uploads\/2016\/11\/Palmat-e-Ulqinit-drejt-zhdukjes-1-150x150.jpg\" class=\"attachment-thumbnail size-thumbnail\" alt=\"\" loading=\"lazy\" \/><\/a>\n\t\t\t<\/dt><\/dl><dl class='gallery-item'>\n\t\t\t<dt class='gallery-icon portrait'>\n\t\t\t\t<a href='https:\/\/www.visit-ulcinj.com\/blog\/2016\/11\/25\/palmat-e-ulqinit-drejt-zhdukjes-shkak-buburreci-kuq\/palmat-e-ulqinit-drejt-zhdukjes\/'><img width=\"150\" height=\"150\" src=\"https:\/\/www.visit-ulcinj.com\/blog\/wp-content\/uploads\/2016\/11\/Palmat-e-Ulqinit-drejt-zhdukjes--150x150.jpg\" class=\"attachment-thumbnail size-thumbnail\" alt=\"\" loading=\"lazy\" \/><\/a>\n\t\t\t<\/dt><\/dl><br style=\"clear: both\" \/><dl class='gallery-item'>\n\t\t\t<dt class='gallery-icon landscape'>\n\t\t\t\t<a href='https:\/\/www.visit-ulcinj.com\/blog\/2016\/03\/17\/po-thahen-dhe-po-zhduken-palmat-e-bregdetit-te-ulqinit\/doseza-e-kuqe-ne-palmat-e-ulqinit\/'><img width=\"150\" height=\"150\" src=\"https:\/\/www.visit-ulcinj.com\/blog\/wp-content\/uploads\/2016\/03\/Dos\u00ebza-e-kuqe-ne-Palmat-e-Ulqinit-150x150.jpg\" class=\"attachment-thumbnail size-thumbnail\" alt=\"\" loading=\"lazy\" \/><\/a>\n\t\t\t<\/dt><\/dl><dl class='gallery-item'>\n\t\t\t<dt class='gallery-icon landscape'>\n\t\t\t\t<a href='https:\/\/www.visit-ulcinj.com\/blog\/2016\/03\/17\/po-thahen-dhe-po-zhduken-palmat-e-bregdetit-te-ulqinit\/doseza-e-kuqe-ne-palmat-e-ulqinit-1\/'><img width=\"150\" height=\"150\" src=\"https:\/\/www.visit-ulcinj.com\/blog\/wp-content\/uploads\/2016\/03\/Dos\u00ebza-e-kuqe-ne-Palmat-e-Ulqinit-1-150x150.jpg\" class=\"attachment-thumbnail size-thumbnail\" alt=\"\" loading=\"lazy\" \/><\/a>\n\t\t\t<\/dt><\/dl><dl class='gallery-item'>\n\t\t\t<dt class='gallery-icon landscape'>\n\t\t\t\t<a href='https:\/\/www.visit-ulcinj.com\/blog\/2013\/11\/05\/trajtimi-palmave-ne-territorin-e-komunes-se-ulqinit\/palmat-e-ulqinit\/'><img width=\"150\" height=\"150\" src=\"https:\/\/www.visit-ulcinj.com\/blog\/wp-content\/uploads\/2013\/11\/Palmat-e-Ulqinit-150x150.jpg\" class=\"attachment-thumbnail size-thumbnail\" alt=\"\" loading=\"lazy\" \/><\/a>\n\t\t\t<\/dt><\/dl><br style=\"clear: both\" \/>\n\t\t<\/div>\n\n","protected":false},"excerpt":{"rendered":"<p>U Op\u0161tini Ulcinj odr\u017ean je zajedni\u010dki sastanak Uprave za bezbjednost hrane, veterinu i fitosanitarne poslove, predstavnika Op\u0161tine Ulcinj i Op\u0161tine Bar, komunalnih preduze\u0107a Ulcinja i Bara i fitosanitarnih inspektora. Direktorica Uprave Vesna Dakovi\u0107 je upoznala prisutne sa ozbiljno\u0161\u0107u situacije izazvane palminim surla\u0161em koju je ocijenila kao alarmantnom. Palmin surla\u0161 za sada napada palme vrste feniks, [&hellip;]<\/p>\n","protected":false},"author":1,"featured_media":0,"comment_status":"closed","ping_status":"closed","sticky":false,"template":"","format":"standard","meta":{"spay_email":"","jetpack_publicize_message":"","jetpack_is_tweetstorm":false,"jetpack_publicize_feature_enabled":true},"categories":[8337],"tags":[],"jetpack_publicize_connections":[],"yoast_head":"<!-- This site is optimized with the Yoast SEO plugin v19.1 - https:\/\/yoast.com\/wordpress\/plugins\/seo\/ -->\n<title>Ulcinj: Alarmantna situacija sa palminim surla\u0161em surla\u0161om - Foto - Lajme nga Ulqini<\/title>\n<meta name=\"description\" content=\"U Op\u0161tini Ulcinj odr\u017ean je zajedni\u010dki sastanak Uprave za bezbjednost hrane, veterinu i fitosanitarne poslove, predstavnika Op\u0161tine Ulcinj i Op\u0161tine Bar,\" \/>\n<meta name=\"robots\" content=\"index, follow, max-snippet:-1, max-image-preview:large, max-video-preview:-1\" \/>\n<link rel=\"canonical\" href=\"https:\/\/www.visit-ulcinj.com\/blog\/2017\/02\/02\/ulcinj-alarmantna-situacija-sa-palminim-surlasem-surlasom-foto\/\" \/>\n<meta property=\"og:locale\" content=\"en_US\" \/>\n<meta property=\"og:type\" content=\"article\" \/>\n<meta property=\"og:title\" content=\"Ulcinj: Alarmantna situacija sa palminim surla\u0161em surla\u0161om - Foto - Lajme nga Ulqini\" \/>\n<meta property=\"og:description\" content=\"U Op\u0161tini Ulcinj odr\u017ean je zajedni\u010dki sastanak Uprave za bezbjednost hrane, veterinu i fitosanitarne poslove, predstavnika Op\u0161tine Ulcinj i Op\u0161tine Bar,\" \/>\n<meta property=\"og:url\" content=\"https:\/\/www.visit-ulcinj.com\/blog\/2017\/02\/02\/ulcinj-alarmantna-situacija-sa-palminim-surlasem-surlasom-foto\/\" \/>\n<meta property=\"og:site_name\" content=\"Lajme nga Ulqini\" \/>\n<meta property=\"article:published_time\" content=\"2017-02-02T14:35:11+00:00\" \/>\n<meta property=\"article:modified_time\" content=\"2017-02-02T14:35:26+00:00\" \/>\n<meta property=\"og:image\" content=\"https:\/\/www.visit-ulcinj.com\/blog\/wp-content\/uploads\/2016\/11\/Palmat-e-Ulqinit-drejt-zhdukjes-5-150x150.jpg\" \/>\n<meta name=\"twitter:label1\" content=\"Written by\" \/>\n\t<meta name=\"twitter:data1\" content=\"ulqini\" \/>\n\t<meta name=\"twitter:label2\" content=\"Est. reading time\" \/>\n\t<meta name=\"twitter:data2\" content=\"1 minute\" \/>\n<script type=\"application\/ld+json\" class=\"yoast-schema-graph\">{\"@context\":\"https:\/\/schema.org\",\"@graph\":[{\"@type\":\"WebSite\",\"@id\":\"https:\/\/www.visit-ulcinj.com\/blog\/#website\",\"url\":\"https:\/\/www.visit-ulcinj.com\/blog\/\",\"name\":\"Lajme nga Ulqini\",\"description\":\"Lajme,Vijesti,Ulqini,Ulqin,Crna Gora,Mali i Zi\",\"potentialAction\":[{\"@type\":\"SearchAction\",\"target\":{\"@type\":\"EntryPoint\",\"urlTemplate\":\"https:\/\/www.visit-ulcinj.com\/blog\/?s={search_term_string}\"},\"query-input\":\"required name=search_term_string\"}],\"inLanguage\":\"en-US\"},{\"@type\":\"ImageObject\",\"inLanguage\":\"en-US\",\"@id\":\"https:\/\/www.visit-ulcinj.com\/blog\/2017\/02\/02\/ulcinj-alarmantna-situacija-sa-palminim-surlasem-surlasom-foto\/#primaryimage\",\"url\":\"https:\/\/www.visit-ulcinj.com\/blog\/wp-content\/uploads\/2017\/02\/Ulqin-palmat-drejt-zhdukjes-shkak-prania-e-buburrecit-mbledhja.jpg\",\"contentUrl\":\"https:\/\/www.visit-ulcinj.com\/blog\/wp-content\/uploads\/2017\/02\/Ulqin-palmat-drejt-zhdukjes-shkak-prania-e-buburrecit-mbledhja.jpg\",\"width\":900,\"height\":459},{\"@type\":\"WebPage\",\"@id\":\"https:\/\/www.visit-ulcinj.com\/blog\/2017\/02\/02\/ulcinj-alarmantna-situacija-sa-palminim-surlasem-surlasom-foto\/#webpage\",\"url\":\"https:\/\/www.visit-ulcinj.com\/blog\/2017\/02\/02\/ulcinj-alarmantna-situacija-sa-palminim-surlasem-surlasom-foto\/\",\"name\":\"Ulcinj: Alarmantna situacija sa palminim surla\u0161em surla\u0161om - Foto - Lajme nga Ulqini\",\"isPartOf\":{\"@id\":\"https:\/\/www.visit-ulcinj.com\/blog\/#website\"},\"primaryImageOfPage\":{\"@id\":\"https:\/\/www.visit-ulcinj.com\/blog\/2017\/02\/02\/ulcinj-alarmantna-situacija-sa-palminim-surlasem-surlasom-foto\/#primaryimage\"},\"datePublished\":\"2017-02-02T14:35:11+00:00\",\"dateModified\":\"2017-02-02T14:35:26+00:00\",\"author\":{\"@id\":\"https:\/\/www.visit-ulcinj.com\/blog\/#\/schema\/person\/dcab619c614d3038751c63bc2aadc06d\"},\"description\":\"U Op\u0161tini Ulcinj odr\u017ean je zajedni\u010dki sastanak Uprave za bezbjednost hrane, veterinu i fitosanitarne poslove, predstavnika Op\u0161tine Ulcinj i Op\u0161tine Bar,\",\"breadcrumb\":{\"@id\":\"https:\/\/www.visit-ulcinj.com\/blog\/2017\/02\/02\/ulcinj-alarmantna-situacija-sa-palminim-surlasem-surlasom-foto\/#breadcrumb\"},\"inLanguage\":\"en-US\",\"potentialAction\":[{\"@type\":\"ReadAction\",\"target\":[\"https:\/\/www.visit-ulcinj.com\/blog\/2017\/02\/02\/ulcinj-alarmantna-situacija-sa-palminim-surlasem-surlasom-foto\/\"]}]},{\"@type\":\"BreadcrumbList\",\"@id\":\"https:\/\/www.visit-ulcinj.com\/blog\/2017\/02\/02\/ulcinj-alarmantna-situacija-sa-palminim-surlasem-surlasom-foto\/#breadcrumb\",\"itemListElement\":[{\"@type\":\"ListItem\",\"position\":1,\"name\":\"Ulcinj: Alarmantna situacija sa palminim surla\u0161em surla\u0161om &#8211; Foto\"}]},{\"@type\":\"Person\",\"@id\":\"https:\/\/www.visit-ulcinj.com\/blog\/#\/schema\/person\/dcab619c614d3038751c63bc2aadc06d\",\"name\":\"ulqini\",\"sameAs\":[\"http:\/\/www.visit-ulcinj.com\"],\"url\":\"https:\/\/www.visit-ulcinj.com\/blog\/author\/admin\/\"}]}<\/script>\n<!-- \/ Yoast SEO plugin. -->","yoast_head_json":{"title":"Ulcinj: Alarmantna situacija sa palminim surla\u0161em surla\u0161om - Foto - Lajme nga Ulqini","description":"U Op\u0161tini Ulcinj odr\u017ean je zajedni\u010dki sastanak Uprave za bezbjednost hrane, veterinu i fitosanitarne poslove, predstavnika Op\u0161tine Ulcinj i Op\u0161tine Bar,","robots":{"index":"index","follow":"follow","max-snippet":"max-snippet:-1","max-image-preview":"max-image-preview:large","max-video-preview":"max-video-preview:-1"},"canonical":"https:\/\/www.visit-ulcinj.com\/blog\/2017\/02\/02\/ulcinj-alarmantna-situacija-sa-palminim-surlasem-surlasom-foto\/","og_locale":"en_US","og_type":"article","og_title":"Ulcinj: Alarmantna situacija sa palminim surla\u0161em surla\u0161om - Foto - Lajme nga Ulqini","og_description":"U Op\u0161tini Ulcinj odr\u017ean je zajedni\u010dki sastanak Uprave za bezbjednost hrane, veterinu i fitosanitarne poslove, predstavnika Op\u0161tine Ulcinj i Op\u0161tine Bar,","og_url":"https:\/\/www.visit-ulcinj.com\/blog\/2017\/02\/02\/ulcinj-alarmantna-situacija-sa-palminim-surlasem-surlasom-foto\/","og_site_name":"Lajme nga Ulqini","article_published_time":"2017-02-02T14:35:11+00:00","article_modified_time":"2017-02-02T14:35:26+00:00","og_image":[{"url":"https:\/\/www.visit-ulcinj.com\/blog\/wp-content\/uploads\/2016\/11\/Palmat-e-Ulqinit-drejt-zhdukjes-5-150x150.jpg"}],"twitter_misc":{"Written by":"ulqini","Est. reading time":"1 minute"},"schema":{"@context":"https:\/\/schema.org","@graph":[{"@type":"WebSite","@id":"https:\/\/www.visit-ulcinj.com\/blog\/#website","url":"https:\/\/www.visit-ulcinj.com\/blog\/","name":"Lajme nga Ulqini","description":"Lajme,Vijesti,Ulqini,Ulqin,Crna Gora,Mali i Zi","potentialAction":[{"@type":"SearchAction","target":{"@type":"EntryPoint","urlTemplate":"https:\/\/www.visit-ulcinj.com\/blog\/?s={search_term_string}"},"query-input":"required name=search_term_string"}],"inLanguage":"en-US"},{"@type":"ImageObject","inLanguage":"en-US","@id":"https:\/\/www.visit-ulcinj.com\/blog\/2017\/02\/02\/ulcinj-alarmantna-situacija-sa-palminim-surlasem-surlasom-foto\/#primaryimage","url":"https:\/\/www.visit-ulcinj.com\/blog\/wp-content\/uploads\/2017\/02\/Ulqin-palmat-drejt-zhdukjes-shkak-prania-e-buburrecit-mbledhja.jpg","contentUrl":"https:\/\/www.visit-ulcinj.com\/blog\/wp-content\/uploads\/2017\/02\/Ulqin-palmat-drejt-zhdukjes-shkak-prania-e-buburrecit-mbledhja.jpg","width":900,"height":459},{"@type":"WebPage","@id":"https:\/\/www.visit-ulcinj.com\/blog\/2017\/02\/02\/ulcinj-alarmantna-situacija-sa-palminim-surlasem-surlasom-foto\/#webpage","url":"https:\/\/www.visit-ulcinj.com\/blog\/2017\/02\/02\/ulcinj-alarmantna-situacija-sa-palminim-surlasem-surlasom-foto\/","name":"Ulcinj: Alarmantna situacija sa palminim surla\u0161em surla\u0161om - Foto - Lajme nga Ulqini","isPartOf":{"@id":"https:\/\/www.visit-ulcinj.com\/blog\/#website"},"primaryImageOfPage":{"@id":"https:\/\/www.visit-ulcinj.com\/blog\/2017\/02\/02\/ulcinj-alarmantna-situacija-sa-palminim-surlasem-surlasom-foto\/#primaryimage"},"datePublished":"2017-02-02T14:35:11+00:00","dateModified":"2017-02-02T14:35:26+00:00","author":{"@id":"https:\/\/www.visit-ulcinj.com\/blog\/#\/schema\/person\/dcab619c614d3038751c63bc2aadc06d"},"description":"U Op\u0161tini Ulcinj odr\u017ean je zajedni\u010dki sastanak Uprave za bezbjednost hrane, veterinu i fitosanitarne poslove, predstavnika Op\u0161tine Ulcinj i Op\u0161tine Bar,","breadcrumb":{"@id":"https:\/\/www.visit-ulcinj.com\/blog\/2017\/02\/02\/ulcinj-alarmantna-situacija-sa-palminim-surlasem-surlasom-foto\/#breadcrumb"},"inLanguage":"en-US","potentialAction":[{"@type":"ReadAction","target":["https:\/\/www.visit-ulcinj.com\/blog\/2017\/02\/02\/ulcinj-alarmantna-situacija-sa-palminim-surlasem-surlasom-foto\/"]}]},{"@type":"BreadcrumbList","@id":"https:\/\/www.visit-ulcinj.com\/blog\/2017\/02\/02\/ulcinj-alarmantna-situacija-sa-palminim-surlasem-surlasom-foto\/#breadcrumb","itemListElement":[{"@type":"ListItem","position":1,"name":"Ulcinj: Alarmantna situacija sa palminim surla\u0161em surla\u0161om &#8211; Foto"}]},{"@type":"Person","@id":"https:\/\/www.visit-ulcinj.com\/blog\/#\/schema\/person\/dcab619c614d3038751c63bc2aadc06d","name":"ulqini","sameAs":["http:\/\/www.visit-ulcinj.com"],"url":"https:\/\/www.visit-ulcinj.com\/blog\/author\/admin\/"}]}},"jetpack_featured_media_url":"","jetpack_sharing_enabled":true,"jetpack_shortlink":"https:\/\/wp.me\/pe6lTn-qI2","_links":{"self":[{"href":"https:\/\/www.visit-ulcinj.com\/blog\/wp-json\/wp\/v2\/posts\/102674"}],"collection":[{"href":"https:\/\/www.visit-ulcinj.com\/blog\/wp-json\/wp\/v2\/posts"}],"about":[{"href":"https:\/\/www.visit-ulcinj.com\/blog\/wp-json\/wp\/v2\/types\/post"}],"author":[{"embeddable":true,"href":"https:\/\/www.visit-ulcinj.com\/blog\/wp-json\/wp\/v2\/users\/1"}],"replies":[{"embeddable":true,"href":"https:\/\/www.visit-ulcinj.com\/blog\/wp-json\/wp\/v2\/comments?post=102674"}],"version-history":[{"count":1,"href":"https:\/\/www.visit-ulcinj.com\/blog\/wp-json\/wp\/v2\/posts\/102674\/revisions"}],"predecessor-version":[{"id":102675,"href":"https:\/\/www.visit-ulcinj.com\/blog\/wp-json\/wp\/v2\/posts\/102674\/revisions\/102675"}],"wp:attachment":[{"href":"https:\/\/www.visit-ulcinj.com\/blog\/wp-json\/wp\/v2\/media?parent=102674"}],"wp:term":[{"taxonomy":"category","embeddable":true,"href":"https:\/\/www.visit-ulcinj.com\/blog\/wp-json\/wp\/v2\/categories?post=102674"},{"taxonomy":"post_tag","embeddable":true,"href":"https:\/\/www.visit-ulcinj.com\/blog\/wp-json\/wp\/v2\/tags?post=102674"}],"curies":[{"name":"wp","href":"https:\/\/api.w.org\/{rel}","templated":true}]}}