{"id":102679,"date":"2017-02-02T18:50:08","date_gmt":"2017-02-02T17:50:08","guid":{"rendered":"http:\/\/www.visit-ulcinj.com\/blog\/?p=102679"},"modified":"2017-02-02T18:50:08","modified_gmt":"2017-02-02T17:50:08","slug":"mali-zi-vendi-peste-braktisur-ne-europe","status":"publish","type":"post","link":"https:\/\/www.visit-ulcinj.com\/blog\/2017\/02\/02\/mali-zi-vendi-peste-braktisur-ne-europe\/","title":{"rendered":"Mali i Zi, vendi i pest\u00eb i braktisur n\u00eb Europ\u00eb"},"content":{"rendered":"<p><a href=\"http:\/\/www.visit-ulcinj.com\/blog\/wp-content\/uploads\/2017\/02\/Mali-i-Zi-vendi-i-pest\u00eb-i-braktisur-n\u00eb-Europ\u00eb-mapa.jpg\"><img loading=\"lazy\" class=\"alignleft wp-image-102680\" src=\"http:\/\/www.visit-ulcinj.com\/blog\/wp-content\/uploads\/2017\/02\/Mali-i-Zi-vendi-i-pest\u00eb-i-braktisur-n\u00eb-Europ\u00eb-mapa.jpg\" alt=\"Mali i Zi, vendi i pest\u00eb i braktisur n\u00eb Europ\u00eb-mapa\" width=\"508\" height=\"504\" srcset=\"https:\/\/www.visit-ulcinj.com\/blog\/wp-content\/uploads\/2017\/02\/Mali-i-Zi-vendi-i-pest\u00eb-i-braktisur-n\u00eb-Europ\u00eb-mapa.jpg 484w, https:\/\/www.visit-ulcinj.com\/blog\/wp-content\/uploads\/2017\/02\/Mali-i-Zi-vendi-i-pest\u00eb-i-braktisur-n\u00eb-Europ\u00eb-mapa-150x150.jpg 150w, https:\/\/www.visit-ulcinj.com\/blog\/wp-content\/uploads\/2017\/02\/Mali-i-Zi-vendi-i-pest\u00eb-i-braktisur-n\u00eb-Europ\u00eb-mapa-300x298.jpg 300w\" sizes=\"(max-width: 508px) 100vw, 508px\" \/><\/a>Nj\u00eb hart\u00eb e re e Europ\u00ebs zbulon vendet m\u00eb t\u00eb braktisura t\u00eb Europ\u00ebs nga qytetar\u00ebt e saj. Harta p\u00ebrfshin vende si Portugalia, Kroacia. Maqedonia, Shqip\u00ebria, Mali i Zi dhe Moldavia.<\/p>\n<p>Bosnje \u2013 Herzegovina \u2013 43.3 % z\u00eb vendin e par\u00eb, Shqip\u00ebria z\u00eb vendin e dyt\u00eb me 38.8 p\u00ebrqind t\u00eb popullsis\u00eb t\u00eb larguar nga vendi, kurse Mali i Zi z\u00eb vendin e pest\u00eb me\u00a022.1 % p\u00ebrqind t\u00eb popullsis\u00eb larguar nga vendi.<\/p>\n<p>Kjo p\u00ebrqindje p\u00ebrkon me m\u00eb shum\u00eb se 1 milion\u00eb banor\u00eb q\u00eb kan\u00eb vendosur t\u00eb emigrojn\u00eb.<\/p>\n<p><strong>10 VENDET ME NUMRIN M\u00cb T\u00cb MADH T\u00cb POPULLSIS\u00cb S\u00cb LARGUAR<\/strong><\/p>\n<p><strong>Bosnje \u2013 Herzegovina \u2013 43.3 %<\/strong><\/p>\n<p><strong>Shqip\u00ebria \u2013 38.8 %<\/strong><\/p>\n<p><strong>Maqedonia \u2013 24.8 %<\/strong><\/p>\n<p><strong>Portugalia \u2013 22.3 %<\/strong><\/p>\n<p><strong>Mali i Zi \u2013 22.1 %<\/strong><\/p>\n<p><strong>Moldavia \u2013 21.8 %<\/strong><\/p>\n<p><strong>Kroacia \u2013 20.4 %<\/strong><\/p>\n<p><strong>Lituania \u2013 18.9 %<\/strong><\/p>\n<p><strong>Irlanda \u2013 18.8 %<\/strong><\/p>\n<p><strong>Rumania \u2013 17.5 %<\/strong><\/p>\n<p>Mali i Zi\u00a0 zun\u00eb n\u00eb 2014 \u2013 2015 vend t\u00eb pest\u00eb p\u00ebr numrin e k\u00ebrkesave p\u00ebr azil n\u00eb vende si Zvicra, SHBA, Gjermania, Holanda, shtetet Skandinave etj.<\/p>\n<p>Autoritetet n\u00eb k\u00ebto vende ndryshuan procedurat e kthimit t\u00eb p\u00ebrgjigjeve dhe riatdhesimit t\u00eb azilk\u00ebrkuesve, vet\u00ebm p\u00ebr t\u00eb frenuar aplikimet nga Mali i Zi,\u00a0Bosnje \u2013 Herzegovina, Shqip\u00ebria, Kosova etj.<\/p>\n<p>N\u00eb disa raste, shqiptar\u00ebt ua kaluan edhe sirian\u00ebve p\u00ebr numrin e aplikimeve n\u00eb Gjermani, shkruan Lapsi.<\/p>\n<p>&nbsp;<\/p>\n","protected":false},"excerpt":{"rendered":"<p>Nj\u00eb hart\u00eb e re e Europ\u00ebs zbulon vendet m\u00eb t\u00eb braktisura t\u00eb Europ\u00ebs nga qytetar\u00ebt e saj. Harta p\u00ebrfshin vende si Portugalia, Kroacia. Maqedonia, Shqip\u00ebria, Mali i Zi dhe Moldavia. Bosnje \u2013 Herzegovina \u2013 43.3 % z\u00eb vendin e par\u00eb, Shqip\u00ebria z\u00eb vendin e dyt\u00eb me 38.8 p\u00ebrqind t\u00eb popullsis\u00eb t\u00eb larguar nga vendi, kurse [&hellip;]<\/p>\n","protected":false},"author":1,"featured_media":0,"comment_status":"closed","ping_status":"closed","sticky":false,"template":"","format":"standard","meta":{"spay_email":"","jetpack_publicize_message":"","jetpack_is_tweetstorm":false,"jetpack_publicize_feature_enabled":true},"categories":[7],"tags":[],"jetpack_publicize_connections":[],"yoast_head":"<!-- This site is optimized with the Yoast SEO plugin v19.1 - https:\/\/yoast.com\/wordpress\/plugins\/seo\/ -->\n<title>Mali i Zi, vendi i pest\u00eb i braktisur n\u00eb Europ\u00eb - Lajme nga Ulqini<\/title>\n<meta name=\"description\" content=\"Nj\u00eb hart\u00eb e re e Europ\u00ebs zbulon vendet m\u00eb t\u00eb braktisura t\u00eb Europ\u00ebs nga qytetar\u00ebt e saj. Harta p\u00ebrfshin vende si Portugalia, Kroacia. Maqedonia, Shqip\u00ebria,\" \/>\n<meta name=\"robots\" content=\"index, follow, max-snippet:-1, max-image-preview:large, max-video-preview:-1\" \/>\n<link rel=\"canonical\" href=\"https:\/\/www.visit-ulcinj.com\/blog\/2017\/02\/02\/mali-zi-vendi-peste-braktisur-ne-europe\/\" \/>\n<meta property=\"og:locale\" content=\"en_US\" \/>\n<meta property=\"og:type\" content=\"article\" \/>\n<meta property=\"og:title\" content=\"Mali i Zi, vendi i pest\u00eb i braktisur n\u00eb Europ\u00eb - Lajme nga Ulqini\" \/>\n<meta property=\"og:description\" content=\"Nj\u00eb hart\u00eb e re e Europ\u00ebs zbulon vendet m\u00eb t\u00eb braktisura t\u00eb Europ\u00ebs nga qytetar\u00ebt e saj. Harta p\u00ebrfshin vende si Portugalia, Kroacia. Maqedonia, Shqip\u00ebria,\" \/>\n<meta property=\"og:url\" content=\"https:\/\/www.visit-ulcinj.com\/blog\/2017\/02\/02\/mali-zi-vendi-peste-braktisur-ne-europe\/\" \/>\n<meta property=\"og:site_name\" content=\"Lajme nga Ulqini\" \/>\n<meta property=\"article:published_time\" content=\"2017-02-02T17:50:08+00:00\" \/>\n<meta name=\"twitter:label1\" content=\"Written by\" \/>\n\t<meta name=\"twitter:data1\" content=\"ulqini\" \/>\n\t<meta name=\"twitter:label2\" content=\"Est. reading time\" \/>\n\t<meta name=\"twitter:data2\" content=\"1 minute\" \/>\n<script type=\"application\/ld+json\" class=\"yoast-schema-graph\">{\"@context\":\"https:\/\/schema.org\",\"@graph\":[{\"@type\":\"WebSite\",\"@id\":\"https:\/\/www.visit-ulcinj.com\/blog\/#website\",\"url\":\"https:\/\/www.visit-ulcinj.com\/blog\/\",\"name\":\"Lajme nga Ulqini\",\"description\":\"Lajme,Vijesti,Ulqini,Ulqin,Crna Gora,Mali i Zi\",\"potentialAction\":[{\"@type\":\"SearchAction\",\"target\":{\"@type\":\"EntryPoint\",\"urlTemplate\":\"https:\/\/www.visit-ulcinj.com\/blog\/?s={search_term_string}\"},\"query-input\":\"required name=search_term_string\"}],\"inLanguage\":\"en-US\"},{\"@type\":\"WebPage\",\"@id\":\"https:\/\/www.visit-ulcinj.com\/blog\/2017\/02\/02\/mali-zi-vendi-peste-braktisur-ne-europe\/#webpage\",\"url\":\"https:\/\/www.visit-ulcinj.com\/blog\/2017\/02\/02\/mali-zi-vendi-peste-braktisur-ne-europe\/\",\"name\":\"Mali i Zi, vendi i pest\u00eb i braktisur n\u00eb Europ\u00eb - Lajme nga Ulqini\",\"isPartOf\":{\"@id\":\"https:\/\/www.visit-ulcinj.com\/blog\/#website\"},\"datePublished\":\"2017-02-02T17:50:08+00:00\",\"dateModified\":\"2017-02-02T17:50:08+00:00\",\"author\":{\"@id\":\"https:\/\/www.visit-ulcinj.com\/blog\/#\/schema\/person\/dcab619c614d3038751c63bc2aadc06d\"},\"description\":\"Nj\u00eb hart\u00eb e re e Europ\u00ebs zbulon vendet m\u00eb t\u00eb braktisura t\u00eb Europ\u00ebs nga qytetar\u00ebt e saj. Harta p\u00ebrfshin vende si Portugalia, Kroacia. Maqedonia, Shqip\u00ebria,\",\"breadcrumb\":{\"@id\":\"https:\/\/www.visit-ulcinj.com\/blog\/2017\/02\/02\/mali-zi-vendi-peste-braktisur-ne-europe\/#breadcrumb\"},\"inLanguage\":\"en-US\",\"potentialAction\":[{\"@type\":\"ReadAction\",\"target\":[\"https:\/\/www.visit-ulcinj.com\/blog\/2017\/02\/02\/mali-zi-vendi-peste-braktisur-ne-europe\/\"]}]},{\"@type\":\"BreadcrumbList\",\"@id\":\"https:\/\/www.visit-ulcinj.com\/blog\/2017\/02\/02\/mali-zi-vendi-peste-braktisur-ne-europe\/#breadcrumb\",\"itemListElement\":[{\"@type\":\"ListItem\",\"position\":1,\"name\":\"Mali i Zi, vendi i pest\u00eb i braktisur n\u00eb Europ\u00eb\"}]},{\"@type\":\"Person\",\"@id\":\"https:\/\/www.visit-ulcinj.com\/blog\/#\/schema\/person\/dcab619c614d3038751c63bc2aadc06d\",\"name\":\"ulqini\",\"sameAs\":[\"http:\/\/www.visit-ulcinj.com\"],\"url\":\"https:\/\/www.visit-ulcinj.com\/blog\/author\/admin\/\"}]}<\/script>\n<!-- \/ Yoast SEO plugin. -->","yoast_head_json":{"title":"Mali i Zi, vendi i pest\u00eb i braktisur n\u00eb Europ\u00eb - Lajme nga Ulqini","description":"Nj\u00eb hart\u00eb e re e Europ\u00ebs zbulon vendet m\u00eb t\u00eb braktisura t\u00eb Europ\u00ebs nga qytetar\u00ebt e saj. Harta p\u00ebrfshin vende si Portugalia, Kroacia. Maqedonia, Shqip\u00ebria,","robots":{"index":"index","follow":"follow","max-snippet":"max-snippet:-1","max-image-preview":"max-image-preview:large","max-video-preview":"max-video-preview:-1"},"canonical":"https:\/\/www.visit-ulcinj.com\/blog\/2017\/02\/02\/mali-zi-vendi-peste-braktisur-ne-europe\/","og_locale":"en_US","og_type":"article","og_title":"Mali i Zi, vendi i pest\u00eb i braktisur n\u00eb Europ\u00eb - Lajme nga Ulqini","og_description":"Nj\u00eb hart\u00eb e re e Europ\u00ebs zbulon vendet m\u00eb t\u00eb braktisura t\u00eb Europ\u00ebs nga qytetar\u00ebt e saj. Harta p\u00ebrfshin vende si Portugalia, Kroacia. Maqedonia, Shqip\u00ebria,","og_url":"https:\/\/www.visit-ulcinj.com\/blog\/2017\/02\/02\/mali-zi-vendi-peste-braktisur-ne-europe\/","og_site_name":"Lajme nga Ulqini","article_published_time":"2017-02-02T17:50:08+00:00","twitter_misc":{"Written by":"ulqini","Est. reading time":"1 minute"},"schema":{"@context":"https:\/\/schema.org","@graph":[{"@type":"WebSite","@id":"https:\/\/www.visit-ulcinj.com\/blog\/#website","url":"https:\/\/www.visit-ulcinj.com\/blog\/","name":"Lajme nga Ulqini","description":"Lajme,Vijesti,Ulqini,Ulqin,Crna Gora,Mali i Zi","potentialAction":[{"@type":"SearchAction","target":{"@type":"EntryPoint","urlTemplate":"https:\/\/www.visit-ulcinj.com\/blog\/?s={search_term_string}"},"query-input":"required name=search_term_string"}],"inLanguage":"en-US"},{"@type":"WebPage","@id":"https:\/\/www.visit-ulcinj.com\/blog\/2017\/02\/02\/mali-zi-vendi-peste-braktisur-ne-europe\/#webpage","url":"https:\/\/www.visit-ulcinj.com\/blog\/2017\/02\/02\/mali-zi-vendi-peste-braktisur-ne-europe\/","name":"Mali i Zi, vendi i pest\u00eb i braktisur n\u00eb Europ\u00eb - Lajme nga Ulqini","isPartOf":{"@id":"https:\/\/www.visit-ulcinj.com\/blog\/#website"},"datePublished":"2017-02-02T17:50:08+00:00","dateModified":"2017-02-02T17:50:08+00:00","author":{"@id":"https:\/\/www.visit-ulcinj.com\/blog\/#\/schema\/person\/dcab619c614d3038751c63bc2aadc06d"},"description":"Nj\u00eb hart\u00eb e re e Europ\u00ebs zbulon vendet m\u00eb t\u00eb braktisura t\u00eb Europ\u00ebs nga qytetar\u00ebt e saj. Harta p\u00ebrfshin vende si Portugalia, Kroacia. Maqedonia, Shqip\u00ebria,","breadcrumb":{"@id":"https:\/\/www.visit-ulcinj.com\/blog\/2017\/02\/02\/mali-zi-vendi-peste-braktisur-ne-europe\/#breadcrumb"},"inLanguage":"en-US","potentialAction":[{"@type":"ReadAction","target":["https:\/\/www.visit-ulcinj.com\/blog\/2017\/02\/02\/mali-zi-vendi-peste-braktisur-ne-europe\/"]}]},{"@type":"BreadcrumbList","@id":"https:\/\/www.visit-ulcinj.com\/blog\/2017\/02\/02\/mali-zi-vendi-peste-braktisur-ne-europe\/#breadcrumb","itemListElement":[{"@type":"ListItem","position":1,"name":"Mali i Zi, vendi i pest\u00eb i braktisur n\u00eb Europ\u00eb"}]},{"@type":"Person","@id":"https:\/\/www.visit-ulcinj.com\/blog\/#\/schema\/person\/dcab619c614d3038751c63bc2aadc06d","name":"ulqini","sameAs":["http:\/\/www.visit-ulcinj.com"],"url":"https:\/\/www.visit-ulcinj.com\/blog\/author\/admin\/"}]}},"jetpack_featured_media_url":"","jetpack_sharing_enabled":true,"jetpack_shortlink":"https:\/\/wp.me\/pe6lTn-qI7","_links":{"self":[{"href":"https:\/\/www.visit-ulcinj.com\/blog\/wp-json\/wp\/v2\/posts\/102679"}],"collection":[{"href":"https:\/\/www.visit-ulcinj.com\/blog\/wp-json\/wp\/v2\/posts"}],"about":[{"href":"https:\/\/www.visit-ulcinj.com\/blog\/wp-json\/wp\/v2\/types\/post"}],"author":[{"embeddable":true,"href":"https:\/\/www.visit-ulcinj.com\/blog\/wp-json\/wp\/v2\/users\/1"}],"replies":[{"embeddable":true,"href":"https:\/\/www.visit-ulcinj.com\/blog\/wp-json\/wp\/v2\/comments?post=102679"}],"version-history":[{"count":1,"href":"https:\/\/www.visit-ulcinj.com\/blog\/wp-json\/wp\/v2\/posts\/102679\/revisions"}],"predecessor-version":[{"id":102681,"href":"https:\/\/www.visit-ulcinj.com\/blog\/wp-json\/wp\/v2\/posts\/102679\/revisions\/102681"}],"wp:attachment":[{"href":"https:\/\/www.visit-ulcinj.com\/blog\/wp-json\/wp\/v2\/media?parent=102679"}],"wp:term":[{"taxonomy":"category","embeddable":true,"href":"https:\/\/www.visit-ulcinj.com\/blog\/wp-json\/wp\/v2\/categories?post=102679"},{"taxonomy":"post_tag","embeddable":true,"href":"https:\/\/www.visit-ulcinj.com\/blog\/wp-json\/wp\/v2\/tags?post=102679"}],"curies":[{"name":"wp","href":"https:\/\/api.w.org\/{rel}","templated":true}]}}