{"id":102687,"date":"2017-02-03T19:29:59","date_gmt":"2017-02-03T18:29:59","guid":{"rendered":"http:\/\/www.visit-ulcinj.com\/blog\/?p=102687"},"modified":"2017-02-03T19:29:59","modified_gmt":"2017-02-03T18:29:59","slug":"vdes-ikona-e-letrave-shqipe-dritero-agolli","status":"publish","type":"post","link":"https:\/\/www.visit-ulcinj.com\/blog\/2017\/02\/03\/vdes-ikona-e-letrave-shqipe-dritero-agolli\/","title":{"rendered":"Vdes ikona e letrave shqipe, Drit\u00ebro Agolli"},"content":{"rendered":"<p><strong><a href=\"http:\/\/www.visit-ulcinj.com\/blog\/wp-content\/uploads\/2017\/02\/Drit\u00ebro-Agolli.jpg\"><img loading=\"lazy\" class=\"alignleft wp-image-102688\" src=\"http:\/\/www.visit-ulcinj.com\/blog\/wp-content\/uploads\/2017\/02\/Drit\u00ebro-Agolli.jpg\" alt=\"Drit\u00ebro Agolli\" width=\"508\" height=\"339\" srcset=\"https:\/\/www.visit-ulcinj.com\/blog\/wp-content\/uploads\/2017\/02\/Drit\u00ebro-Agolli.jpg 600w, https:\/\/www.visit-ulcinj.com\/blog\/wp-content\/uploads\/2017\/02\/Drit\u00ebro-Agolli-300x200.jpg 300w\" sizes=\"(max-width: 508px) 100vw, 508px\" \/><\/a>N\u00eb muajin tetor 2016, shkrimtari i njohur festoi 85-vjetorin, shkruan KultPlus.<\/strong><\/p>\n<p>Shkrimtari i madh Drit\u00ebro Agolli ka nd\u00ebrruar jet\u00eb k\u00ebt\u00eb t\u00eb premte n\u00eb mosh\u00ebn 85 vje\u00e7are. Lajmin e kan\u00eb b\u00ebr\u00eb t\u00eb ditur familjar\u00eb t\u00eb shkrimtarit, raporton TCH. Agolli ishte shtruar n\u00eb spitalin e Senatoriumit prej disa dit\u00ebsh p\u00ebr shkak t\u00eb nj\u00eb komplikacioni n\u00eb mushk\u00ebri. Nj\u00eb s\u00ebmundje t\u00eb cil\u00ebn Drit\u00ebro Agolli e vuante prej koh\u00ebsh.<\/p>\n<p>Drit\u00ebro Agolli poet, prozator dhe publicist, q\u00eb nga viti 1973 kryetar i Lidhjes s\u00eb Shkrimtar\u00ebve dhe t\u00eb Artist\u00ebve t\u00eb Shqip\u00ebris\u00eb, lindi n\u00eb Menkulas t\u00eb Devollit. Pasi mori m\u00ebsimet e para n\u00eb vendlindje, vazhdoi gj\u00ecmnazin e Gjirokastr\u00ebs, nj\u00eb shkoll\u00eb me mjaft tradit\u00eb. Studimet e larta p\u00ebr let\u00ebrsi i mbaroi n\u00eb Pet\u00ebrburg. Ka punuar shum\u00eb koh\u00eb gazetar n\u00eb gazet\u00ebn e p\u00ebrditshme &#8220;Z\u00ebri i popullit&#8221;, dhe p\u00ebr shum\u00eb vjet ka qen\u00eb Kryetar i Lidhjes s\u00eb shkrimtar\u00ebve dhe artist\u00ebve t\u00eb Shqip\u00ebris\u00eb.<\/p>\n<p>P\u00ebr tridhjet\u00eb vjet me radh\u00eb Drit\u00ebro Agolli u zgjodh deputet. Krijimtaria e tij letrare \u00ebsht\u00eb mjaft e pasur n\u00eb gjini e lloje t\u00eb ndryshme: poezi, poema, tregime, novela, romane, drama, skenar\u00eb filmash etj. \u00cbsht\u00eb fitues i disa \u00e7mimeve dhe i nderimeve t\u00eb tjera. Disa prej veprave m\u00eb t\u00eb r\u00ebnd\u00ebsishme t\u00eb tij jan\u00eb p\u00ebrkthyer n\u00eb Per\u00ebndim e n\u00eb Lindje. Drit\u00ebro Agolli hyri q\u00eb n\u00eb fillim n\u00eb let\u00ebrsin\u00eb shqiptare (vitet&#8217;60) si nj\u00eb protagonist i saj, duke i ndryshuar p\u00ebrmas\u00ebn e s\u00eb ardhmes. N\u00eb vepr\u00ebn e Agollit e pa veten si protagonist bujku dhe bariu, fshatari dhe studenti, mal\u00ebsori dhe fusharaku. Agolli i b\u00eb poeti i tok\u00ebs dhe i dashuris\u00eb p\u00ebr t\u00eb, shkrimtari i filozofis\u00eb dhe i dhimbjes njer\u00ebzore.<\/p>\n<p>Vepra letrare e Drit\u00ebro Agollit krijoi tradit\u00ebn e re t\u00eb let\u00ebrsis\u00eb shqiptare. Ajo na b\u00ebn t\u00eb ndihemi me dinjitet p\u00ebrball\u00eb bot\u00ebs s\u00eb madhe. Shkrimtar i madh i nj\u00eb &#8220;gjuhe t\u00eb vog\u00ebl&#8221;, ai \u00ebsht\u00eb po aq i dashur prej lexuesve bashk\u00ebkombas, sa dhe n\u00eb metropolet e kultur\u00ebs bot\u00ebrore. Drit\u00ebro Agolli dhe brezi i tij letrar (vitet &#8217;60) nuk u paraqit\u00ebn me ndonj\u00eb poetik\u00eb t\u00eb re, sido q\u00eb u diskutua mjaft edhe p\u00ebr rim\u00ebn dhe ritmin, p\u00ebr vargun e lir\u00eb dhe vargun e rregullt, p\u00ebr &#8220;rrept\u00ebsin\u00eb&#8221; e poezis\u00eb. M\u00eb shum\u00eb p\u00ebrvoja e tij krijuese, se traktatet teorike, b\u00ebri q\u00eb t\u00eb ndryshohej rr\u00ebnj\u00ebsisht tradita e vjersh\u00ebrimit shqip.<\/p>\n<p>Drit\u00ebro Agolli u shfaq n\u00eb let\u00ebrsi si nj\u00eb autor me k\u00ebrkesa t\u00eb larta p\u00ebr poezin\u00eb. Ai synoi nj\u00eb poezi m\u00eb t\u00eb p\u00ebrve\u00e7me, me m\u00eb shum\u00eb individualitet. Agolli krijoi poezin\u00eb e &#8220;un-it&#8221;, p\u00ebrkund\u00ebr poezis\u00eb s\u00eb &#8220;ne-ve&#8221;, q\u00eb shkruhej &#8220;p\u00ebr t\u00eb bashkuar masat&#8221;. Agolli krijoi nj\u00eb model t\u00eb ri vjersh\u00ebrimi n\u00eb problematik\u00eb dhe n\u00eb mjesht\u00ebrin\u00eb letrare, g\u00ebrshetoi natyrsh\u00ebm vlerat tradicionale t\u00eb poezis\u00eb me m\u00ebnyra t\u00eb reja t\u00eb shprehjes poetike. Thjesht\u00ebsia e komunikimit, mesazhet universale dhe shprehja e hapur e ndjeshm\u00ebris\u00eb jan\u00eb shtyllat e forta ku mb\u00ebshtetet poezia e tij. N\u00eb proz\u00ebn e tij Agolli solli risi vet\u00ebm n\u00eb struktur\u00ebn narrative, por dhe n\u00eb galerin\u00eb e personazheve t\u00eb veta. Ata lan\u00eb sa t\u00eb \u00e7uditsh\u00ebm aq dhe t\u00eb zakonsh\u00ebm, sa tragjik\u00eb aq edhe komik\u00eb, sa t\u00eb thjesht\u00eb aq edhe madh\u00ebshtor\u00eb.<\/p>\n<p>Frazeologjia e pasur popullore dhe filosofia jet\u00ebsore e b\u00ebjn\u00eb p\u00ebrgjith\u00ebsisht t\u00ebr\u00eb vepr\u00ebn letrare t\u00eb Agollit sot p\u00ebr sot nd\u00ebr m\u00eb t\u00eb lexuar\u00ebn. \/<strong>KultPlus.com<\/strong><\/p>\n","protected":false},"excerpt":{"rendered":"<p>N\u00eb muajin tetor 2016, shkrimtari i njohur festoi 85-vjetorin, shkruan KultPlus. Shkrimtari i madh Drit\u00ebro Agolli ka nd\u00ebrruar jet\u00eb k\u00ebt\u00eb t\u00eb premte n\u00eb mosh\u00ebn 85 vje\u00e7are. Lajmin e kan\u00eb b\u00ebr\u00eb t\u00eb ditur familjar\u00eb t\u00eb shkrimtarit, raporton TCH. Agolli ishte shtruar n\u00eb spitalin e Senatoriumit prej disa dit\u00ebsh p\u00ebr shkak t\u00eb nj\u00eb komplikacioni n\u00eb mushk\u00ebri. Nj\u00eb [&hellip;]<\/p>\n","protected":false},"author":1,"featured_media":0,"comment_status":"closed","ping_status":"closed","sticky":false,"template":"","format":"standard","meta":{"spay_email":"","jetpack_publicize_message":"","jetpack_is_tweetstorm":false,"jetpack_publicize_feature_enabled":true},"categories":[4],"tags":[],"jetpack_publicize_connections":[],"yoast_head":"<!-- This site is optimized with the Yoast SEO plugin v19.1 - https:\/\/yoast.com\/wordpress\/plugins\/seo\/ -->\n<title>Vdes ikona e letrave shqipe, Drit\u00ebro Agolli - Lajme nga Ulqini<\/title>\n<meta name=\"description\" content=\"N\u00eb muajin tetor 2016, shkrimtari i njohur festoi 85-vjetorin, shkruan KultPlus. Shkrimtari i madh Drit\u00ebro Agolli ka nd\u00ebrruar jet\u00eb k\u00ebt\u00eb t\u00eb premte n\u00eb mosh\u00ebn\" \/>\n<meta name=\"robots\" content=\"index, follow, max-snippet:-1, max-image-preview:large, max-video-preview:-1\" \/>\n<link rel=\"canonical\" href=\"https:\/\/www.visit-ulcinj.com\/blog\/2017\/02\/03\/vdes-ikona-e-letrave-shqipe-dritero-agolli\/\" \/>\n<meta property=\"og:locale\" content=\"en_US\" \/>\n<meta property=\"og:type\" content=\"article\" \/>\n<meta property=\"og:title\" content=\"Vdes ikona e letrave shqipe, Drit\u00ebro Agolli - Lajme nga Ulqini\" \/>\n<meta property=\"og:description\" content=\"N\u00eb muajin tetor 2016, shkrimtari i njohur festoi 85-vjetorin, shkruan KultPlus. Shkrimtari i madh Drit\u00ebro Agolli ka nd\u00ebrruar jet\u00eb k\u00ebt\u00eb t\u00eb premte n\u00eb mosh\u00ebn\" \/>\n<meta property=\"og:url\" content=\"https:\/\/www.visit-ulcinj.com\/blog\/2017\/02\/03\/vdes-ikona-e-letrave-shqipe-dritero-agolli\/\" \/>\n<meta property=\"og:site_name\" content=\"Lajme nga Ulqini\" \/>\n<meta property=\"article:published_time\" content=\"2017-02-03T18:29:59+00:00\" \/>\n<meta name=\"twitter:label1\" content=\"Written by\" \/>\n\t<meta name=\"twitter:data1\" content=\"ulqini\" \/>\n\t<meta name=\"twitter:label2\" content=\"Est. reading time\" \/>\n\t<meta name=\"twitter:data2\" content=\"3 minutes\" \/>\n<script type=\"application\/ld+json\" class=\"yoast-schema-graph\">{\"@context\":\"https:\/\/schema.org\",\"@graph\":[{\"@type\":\"WebSite\",\"@id\":\"https:\/\/www.visit-ulcinj.com\/blog\/#website\",\"url\":\"https:\/\/www.visit-ulcinj.com\/blog\/\",\"name\":\"Lajme nga Ulqini\",\"description\":\"Lajme,Vijesti,Ulqini,Ulqin,Crna Gora,Mali i Zi\",\"potentialAction\":[{\"@type\":\"SearchAction\",\"target\":{\"@type\":\"EntryPoint\",\"urlTemplate\":\"https:\/\/www.visit-ulcinj.com\/blog\/?s={search_term_string}\"},\"query-input\":\"required name=search_term_string\"}],\"inLanguage\":\"en-US\"},{\"@type\":\"WebPage\",\"@id\":\"https:\/\/www.visit-ulcinj.com\/blog\/2017\/02\/03\/vdes-ikona-e-letrave-shqipe-dritero-agolli\/#webpage\",\"url\":\"https:\/\/www.visit-ulcinj.com\/blog\/2017\/02\/03\/vdes-ikona-e-letrave-shqipe-dritero-agolli\/\",\"name\":\"Vdes ikona e letrave shqipe, Drit\u00ebro Agolli - Lajme nga Ulqini\",\"isPartOf\":{\"@id\":\"https:\/\/www.visit-ulcinj.com\/blog\/#website\"},\"datePublished\":\"2017-02-03T18:29:59+00:00\",\"dateModified\":\"2017-02-03T18:29:59+00:00\",\"author\":{\"@id\":\"https:\/\/www.visit-ulcinj.com\/blog\/#\/schema\/person\/dcab619c614d3038751c63bc2aadc06d\"},\"description\":\"N\u00eb muajin tetor 2016, shkrimtari i njohur festoi 85-vjetorin, shkruan KultPlus. Shkrimtari i madh Drit\u00ebro Agolli ka nd\u00ebrruar jet\u00eb k\u00ebt\u00eb t\u00eb premte n\u00eb mosh\u00ebn\",\"breadcrumb\":{\"@id\":\"https:\/\/www.visit-ulcinj.com\/blog\/2017\/02\/03\/vdes-ikona-e-letrave-shqipe-dritero-agolli\/#breadcrumb\"},\"inLanguage\":\"en-US\",\"potentialAction\":[{\"@type\":\"ReadAction\",\"target\":[\"https:\/\/www.visit-ulcinj.com\/blog\/2017\/02\/03\/vdes-ikona-e-letrave-shqipe-dritero-agolli\/\"]}]},{\"@type\":\"BreadcrumbList\",\"@id\":\"https:\/\/www.visit-ulcinj.com\/blog\/2017\/02\/03\/vdes-ikona-e-letrave-shqipe-dritero-agolli\/#breadcrumb\",\"itemListElement\":[{\"@type\":\"ListItem\",\"position\":1,\"name\":\"Vdes ikona e letrave shqipe, Drit\u00ebro Agolli\"}]},{\"@type\":\"Person\",\"@id\":\"https:\/\/www.visit-ulcinj.com\/blog\/#\/schema\/person\/dcab619c614d3038751c63bc2aadc06d\",\"name\":\"ulqini\",\"sameAs\":[\"http:\/\/www.visit-ulcinj.com\"],\"url\":\"https:\/\/www.visit-ulcinj.com\/blog\/author\/admin\/\"}]}<\/script>\n<!-- \/ Yoast SEO plugin. -->","yoast_head_json":{"title":"Vdes ikona e letrave shqipe, Drit\u00ebro Agolli - Lajme nga Ulqini","description":"N\u00eb muajin tetor 2016, shkrimtari i njohur festoi 85-vjetorin, shkruan KultPlus. Shkrimtari i madh Drit\u00ebro Agolli ka nd\u00ebrruar jet\u00eb k\u00ebt\u00eb t\u00eb premte n\u00eb mosh\u00ebn","robots":{"index":"index","follow":"follow","max-snippet":"max-snippet:-1","max-image-preview":"max-image-preview:large","max-video-preview":"max-video-preview:-1"},"canonical":"https:\/\/www.visit-ulcinj.com\/blog\/2017\/02\/03\/vdes-ikona-e-letrave-shqipe-dritero-agolli\/","og_locale":"en_US","og_type":"article","og_title":"Vdes ikona e letrave shqipe, Drit\u00ebro Agolli - Lajme nga Ulqini","og_description":"N\u00eb muajin tetor 2016, shkrimtari i njohur festoi 85-vjetorin, shkruan KultPlus. Shkrimtari i madh Drit\u00ebro Agolli ka nd\u00ebrruar jet\u00eb k\u00ebt\u00eb t\u00eb premte n\u00eb mosh\u00ebn","og_url":"https:\/\/www.visit-ulcinj.com\/blog\/2017\/02\/03\/vdes-ikona-e-letrave-shqipe-dritero-agolli\/","og_site_name":"Lajme nga Ulqini","article_published_time":"2017-02-03T18:29:59+00:00","twitter_misc":{"Written by":"ulqini","Est. reading time":"3 minutes"},"schema":{"@context":"https:\/\/schema.org","@graph":[{"@type":"WebSite","@id":"https:\/\/www.visit-ulcinj.com\/blog\/#website","url":"https:\/\/www.visit-ulcinj.com\/blog\/","name":"Lajme nga Ulqini","description":"Lajme,Vijesti,Ulqini,Ulqin,Crna Gora,Mali i Zi","potentialAction":[{"@type":"SearchAction","target":{"@type":"EntryPoint","urlTemplate":"https:\/\/www.visit-ulcinj.com\/blog\/?s={search_term_string}"},"query-input":"required name=search_term_string"}],"inLanguage":"en-US"},{"@type":"WebPage","@id":"https:\/\/www.visit-ulcinj.com\/blog\/2017\/02\/03\/vdes-ikona-e-letrave-shqipe-dritero-agolli\/#webpage","url":"https:\/\/www.visit-ulcinj.com\/blog\/2017\/02\/03\/vdes-ikona-e-letrave-shqipe-dritero-agolli\/","name":"Vdes ikona e letrave shqipe, Drit\u00ebro Agolli - Lajme nga Ulqini","isPartOf":{"@id":"https:\/\/www.visit-ulcinj.com\/blog\/#website"},"datePublished":"2017-02-03T18:29:59+00:00","dateModified":"2017-02-03T18:29:59+00:00","author":{"@id":"https:\/\/www.visit-ulcinj.com\/blog\/#\/schema\/person\/dcab619c614d3038751c63bc2aadc06d"},"description":"N\u00eb muajin tetor 2016, shkrimtari i njohur festoi 85-vjetorin, shkruan KultPlus. Shkrimtari i madh Drit\u00ebro Agolli ka nd\u00ebrruar jet\u00eb k\u00ebt\u00eb t\u00eb premte n\u00eb mosh\u00ebn","breadcrumb":{"@id":"https:\/\/www.visit-ulcinj.com\/blog\/2017\/02\/03\/vdes-ikona-e-letrave-shqipe-dritero-agolli\/#breadcrumb"},"inLanguage":"en-US","potentialAction":[{"@type":"ReadAction","target":["https:\/\/www.visit-ulcinj.com\/blog\/2017\/02\/03\/vdes-ikona-e-letrave-shqipe-dritero-agolli\/"]}]},{"@type":"BreadcrumbList","@id":"https:\/\/www.visit-ulcinj.com\/blog\/2017\/02\/03\/vdes-ikona-e-letrave-shqipe-dritero-agolli\/#breadcrumb","itemListElement":[{"@type":"ListItem","position":1,"name":"Vdes ikona e letrave shqipe, Drit\u00ebro Agolli"}]},{"@type":"Person","@id":"https:\/\/www.visit-ulcinj.com\/blog\/#\/schema\/person\/dcab619c614d3038751c63bc2aadc06d","name":"ulqini","sameAs":["http:\/\/www.visit-ulcinj.com"],"url":"https:\/\/www.visit-ulcinj.com\/blog\/author\/admin\/"}]}},"jetpack_featured_media_url":"","jetpack_sharing_enabled":true,"jetpack_shortlink":"https:\/\/wp.me\/pe6lTn-qIf","_links":{"self":[{"href":"https:\/\/www.visit-ulcinj.com\/blog\/wp-json\/wp\/v2\/posts\/102687"}],"collection":[{"href":"https:\/\/www.visit-ulcinj.com\/blog\/wp-json\/wp\/v2\/posts"}],"about":[{"href":"https:\/\/www.visit-ulcinj.com\/blog\/wp-json\/wp\/v2\/types\/post"}],"author":[{"embeddable":true,"href":"https:\/\/www.visit-ulcinj.com\/blog\/wp-json\/wp\/v2\/users\/1"}],"replies":[{"embeddable":true,"href":"https:\/\/www.visit-ulcinj.com\/blog\/wp-json\/wp\/v2\/comments?post=102687"}],"version-history":[{"count":1,"href":"https:\/\/www.visit-ulcinj.com\/blog\/wp-json\/wp\/v2\/posts\/102687\/revisions"}],"predecessor-version":[{"id":102689,"href":"https:\/\/www.visit-ulcinj.com\/blog\/wp-json\/wp\/v2\/posts\/102687\/revisions\/102689"}],"wp:attachment":[{"href":"https:\/\/www.visit-ulcinj.com\/blog\/wp-json\/wp\/v2\/media?parent=102687"}],"wp:term":[{"taxonomy":"category","embeddable":true,"href":"https:\/\/www.visit-ulcinj.com\/blog\/wp-json\/wp\/v2\/categories?post=102687"},{"taxonomy":"post_tag","embeddable":true,"href":"https:\/\/www.visit-ulcinj.com\/blog\/wp-json\/wp\/v2\/tags?post=102687"}],"curies":[{"name":"wp","href":"https:\/\/api.w.org\/{rel}","templated":true}]}}