{"id":102692,"date":"2017-02-03T19:47:46","date_gmt":"2017-02-03T18:47:46","guid":{"rendered":"http:\/\/www.visit-ulcinj.com\/blog\/?p=102692"},"modified":"2017-02-03T19:50:44","modified_gmt":"2017-02-03T18:50:44","slug":"dinosha-hyseni-kosova-bashkepunon-mali-e-zi-ne-luften-kunder-terrorizmit","status":"publish","type":"post","link":"https:\/\/www.visit-ulcinj.com\/blog\/2017\/02\/03\/dinosha-hyseni-kosova-bashkepunon-mali-e-zi-ne-luften-kunder-terrorizmit\/","title":{"rendered":"Dinosha &#8211; Hyseni: Kosova bashk\u00ebpunon me Mali e Zi n\u00eb luft\u00ebn kund\u00ebr terrorizmit"},"content":{"rendered":"<h4><a href=\"http:\/\/www.visit-ulcinj.com\/blog\/wp-content\/uploads\/2017\/02\/Dinosha-Hyseni.jpg\"><img loading=\"lazy\" class=\"alignleft wp-image-102693\" src=\"http:\/\/www.visit-ulcinj.com\/blog\/wp-content\/uploads\/2017\/02\/Dinosha-Hyseni.jpg\" alt=\"Dinosha - Hyseni\" width=\"508\" height=\"242\" srcset=\"https:\/\/www.visit-ulcinj.com\/blog\/wp-content\/uploads\/2017\/02\/Dinosha-Hyseni.jpg 933w, https:\/\/www.visit-ulcinj.com\/blog\/wp-content\/uploads\/2017\/02\/Dinosha-Hyseni-300x143.jpg 300w, https:\/\/www.visit-ulcinj.com\/blog\/wp-content\/uploads\/2017\/02\/Dinosha-Hyseni-768x366.jpg 768w\" sizes=\"(max-width: 508px) 100vw, 508px\" \/><\/a><\/h4>\n<div class=\"right-content\">\n<div class=\"content-wrap\">\n<p>Ministri i Pun\u00ebve t\u00eb Brendshme, Skender Hyseni, priti n\u00eb takim ambasadorin e Republik\u00ebs s\u00eb Malit t\u00eb Zi n\u00eb Republik\u00ebn e Kosov\u00ebs, Ferhat Dinosha.<\/p>\n<p>Me k\u00ebt\u00eb rast ministri Hyseni i uroi detyr\u00ebn e re diplomatit nga Mali i Zi dhe e njoftoi me misionin, detyrat dhe aktivitetet e Ministris\u00eb s\u00eb Pun\u00ebve t\u00eb Brendshme, si dhe p\u00ebr gjendjen e p\u00ebrgjithshme t\u00eb siguris\u00eb n\u00eb Republik\u00ebn e Kosov\u00ebs.<\/p>\n<p>Hyseni vler\u00ebsoi lart\u00eb bashk\u00ebpunimin mes dy vendeve, me theks t\u00eb ve\u00e7ant\u00eb n\u00eb luftimin e krimit t\u00eb organizuar, trafikimit me njer\u00ebz dhe terrorizimit. Ai tha se tashm\u00eb mes dy vendeve jan\u00eb n\u00ebnshkruar edhe marr\u00ebveshjet p\u00ebr luftimin e krimit dhe marr\u00ebveshjet tjera ne fush\u00ebn e rendit dhe siguris\u00eb publike.<\/p>\n<p>Nd\u00ebrsa, ambasadori i Republik\u00ebs s\u00eb Malit t\u00eb zi n\u00eb Kosov\u00eb, Ferhat Dinosha, fal\u00ebnderoi ministrin Hyseni p\u00ebr pritjen, duke v\u00ebn\u00eb n\u00eb pah bashk\u00ebpunimin shum\u00eb t\u00eb mir\u00eb nd\u00ebrshtet\u00ebror mes dy vendeve dhe theksoi se edhe n\u00eb t\u00eb ardhmen do t\u00eb ket\u00eb projekte dhe veprime konkrete sa i p\u00ebrket thellimit t\u00eb bashk\u00ebpunimit t\u00eb institucioneve t\u00eb siguris\u00eb s\u00eb dy vendeve.<\/p>\n<\/div>\n<\/div>\n<p><strong>KosovaLive360<\/strong><\/p>\n","protected":false},"excerpt":{"rendered":"<p>Ministri i Pun\u00ebve t\u00eb Brendshme, Skender Hyseni, priti n\u00eb takim ambasadorin e Republik\u00ebs s\u00eb Malit t\u00eb Zi n\u00eb Republik\u00ebn e Kosov\u00ebs, Ferhat Dinosha. Me k\u00ebt\u00eb rast ministri Hyseni i uroi detyr\u00ebn e re diplomatit nga Mali i Zi dhe e njoftoi me misionin, detyrat dhe aktivitetet e Ministris\u00eb s\u00eb Pun\u00ebve t\u00eb Brendshme, si dhe p\u00ebr [&hellip;]<\/p>\n","protected":false},"author":1,"featured_media":0,"comment_status":"closed","ping_status":"closed","sticky":false,"template":"","format":"standard","meta":{"spay_email":"","jetpack_publicize_message":"","jetpack_is_tweetstorm":false,"jetpack_publicize_feature_enabled":true},"categories":[14],"tags":[],"jetpack_publicize_connections":[],"yoast_head":"<!-- This site is optimized with the Yoast SEO plugin v19.1 - https:\/\/yoast.com\/wordpress\/plugins\/seo\/ -->\n<title>Dinosha - Hyseni: Kosova bashk\u00ebpunon me Mali e Zi n\u00eb luft\u00ebn kund\u00ebr terrorizmit - Lajme nga Ulqini<\/title>\n<meta name=\"description\" content=\"Ministri i Pun\u00ebve t\u00eb Brendshme, Skender Hyseni, priti n\u00eb takim ambasadorin e Republik\u00ebs s\u00eb Malit t\u00eb Zi n\u00eb Republik\u00ebn e Kosov\u00ebs, Ferhat Dinosha. Me k\u00ebt\u00eb\" \/>\n<meta name=\"robots\" content=\"index, follow, max-snippet:-1, max-image-preview:large, max-video-preview:-1\" \/>\n<link rel=\"canonical\" href=\"https:\/\/www.visit-ulcinj.com\/blog\/2017\/02\/03\/dinosha-hyseni-kosova-bashkepunon-mali-e-zi-ne-luften-kunder-terrorizmit\/\" \/>\n<meta property=\"og:locale\" content=\"en_US\" \/>\n<meta property=\"og:type\" content=\"article\" \/>\n<meta property=\"og:title\" content=\"Dinosha - Hyseni: Kosova bashk\u00ebpunon me Mali e Zi n\u00eb luft\u00ebn kund\u00ebr terrorizmit - Lajme nga Ulqini\" \/>\n<meta property=\"og:description\" content=\"Ministri i Pun\u00ebve t\u00eb Brendshme, Skender Hyseni, priti n\u00eb takim ambasadorin e Republik\u00ebs s\u00eb Malit t\u00eb Zi n\u00eb Republik\u00ebn e Kosov\u00ebs, Ferhat Dinosha. Me k\u00ebt\u00eb\" \/>\n<meta property=\"og:url\" content=\"https:\/\/www.visit-ulcinj.com\/blog\/2017\/02\/03\/dinosha-hyseni-kosova-bashkepunon-mali-e-zi-ne-luften-kunder-terrorizmit\/\" \/>\n<meta property=\"og:site_name\" content=\"Lajme nga Ulqini\" \/>\n<meta property=\"article:published_time\" content=\"2017-02-03T18:47:46+00:00\" \/>\n<meta property=\"article:modified_time\" content=\"2017-02-03T18:50:44+00:00\" \/>\n<meta property=\"og:image\" content=\"http:\/\/www.visit-ulcinj.com\/blog\/wp-content\/uploads\/2017\/02\/Dinosha-Hyseni.jpg\" \/>\n<meta name=\"twitter:label1\" content=\"Written by\" \/>\n\t<meta name=\"twitter:data1\" content=\"ulqini\" \/>\n\t<meta name=\"twitter:label2\" content=\"Est. reading time\" \/>\n\t<meta name=\"twitter:data2\" content=\"1 minute\" \/>\n<script type=\"application\/ld+json\" class=\"yoast-schema-graph\">{\"@context\":\"https:\/\/schema.org\",\"@graph\":[{\"@type\":\"WebSite\",\"@id\":\"https:\/\/www.visit-ulcinj.com\/blog\/#website\",\"url\":\"https:\/\/www.visit-ulcinj.com\/blog\/\",\"name\":\"Lajme nga Ulqini\",\"description\":\"Lajme,Vijesti,Ulqini,Ulqin,Crna Gora,Mali i Zi\",\"potentialAction\":[{\"@type\":\"SearchAction\",\"target\":{\"@type\":\"EntryPoint\",\"urlTemplate\":\"https:\/\/www.visit-ulcinj.com\/blog\/?s={search_term_string}\"},\"query-input\":\"required name=search_term_string\"}],\"inLanguage\":\"en-US\"},{\"@type\":\"ImageObject\",\"inLanguage\":\"en-US\",\"@id\":\"https:\/\/www.visit-ulcinj.com\/blog\/2017\/02\/03\/dinosha-hyseni-kosova-bashkepunon-mali-e-zi-ne-luften-kunder-terrorizmit\/#primaryimage\",\"url\":\"https:\/\/www.visit-ulcinj.com\/blog\/wp-content\/uploads\/2017\/02\/Dinosha-Hyseni.jpg\",\"contentUrl\":\"https:\/\/www.visit-ulcinj.com\/blog\/wp-content\/uploads\/2017\/02\/Dinosha-Hyseni.jpg\",\"width\":933,\"height\":445},{\"@type\":\"WebPage\",\"@id\":\"https:\/\/www.visit-ulcinj.com\/blog\/2017\/02\/03\/dinosha-hyseni-kosova-bashkepunon-mali-e-zi-ne-luften-kunder-terrorizmit\/#webpage\",\"url\":\"https:\/\/www.visit-ulcinj.com\/blog\/2017\/02\/03\/dinosha-hyseni-kosova-bashkepunon-mali-e-zi-ne-luften-kunder-terrorizmit\/\",\"name\":\"Dinosha - Hyseni: Kosova bashk\u00ebpunon me Mali e Zi n\u00eb luft\u00ebn kund\u00ebr terrorizmit - Lajme nga Ulqini\",\"isPartOf\":{\"@id\":\"https:\/\/www.visit-ulcinj.com\/blog\/#website\"},\"primaryImageOfPage\":{\"@id\":\"https:\/\/www.visit-ulcinj.com\/blog\/2017\/02\/03\/dinosha-hyseni-kosova-bashkepunon-mali-e-zi-ne-luften-kunder-terrorizmit\/#primaryimage\"},\"datePublished\":\"2017-02-03T18:47:46+00:00\",\"dateModified\":\"2017-02-03T18:50:44+00:00\",\"author\":{\"@id\":\"https:\/\/www.visit-ulcinj.com\/blog\/#\/schema\/person\/dcab619c614d3038751c63bc2aadc06d\"},\"description\":\"Ministri i Pun\u00ebve t\u00eb Brendshme, Skender Hyseni, priti n\u00eb takim ambasadorin e Republik\u00ebs s\u00eb Malit t\u00eb Zi n\u00eb Republik\u00ebn e Kosov\u00ebs, Ferhat Dinosha. Me k\u00ebt\u00eb\",\"breadcrumb\":{\"@id\":\"https:\/\/www.visit-ulcinj.com\/blog\/2017\/02\/03\/dinosha-hyseni-kosova-bashkepunon-mali-e-zi-ne-luften-kunder-terrorizmit\/#breadcrumb\"},\"inLanguage\":\"en-US\",\"potentialAction\":[{\"@type\":\"ReadAction\",\"target\":[\"https:\/\/www.visit-ulcinj.com\/blog\/2017\/02\/03\/dinosha-hyseni-kosova-bashkepunon-mali-e-zi-ne-luften-kunder-terrorizmit\/\"]}]},{\"@type\":\"BreadcrumbList\",\"@id\":\"https:\/\/www.visit-ulcinj.com\/blog\/2017\/02\/03\/dinosha-hyseni-kosova-bashkepunon-mali-e-zi-ne-luften-kunder-terrorizmit\/#breadcrumb\",\"itemListElement\":[{\"@type\":\"ListItem\",\"position\":1,\"name\":\"Dinosha &#8211; Hyseni: Kosova bashk\u00ebpunon me Mali e Zi n\u00eb luft\u00ebn kund\u00ebr terrorizmit\"}]},{\"@type\":\"Person\",\"@id\":\"https:\/\/www.visit-ulcinj.com\/blog\/#\/schema\/person\/dcab619c614d3038751c63bc2aadc06d\",\"name\":\"ulqini\",\"sameAs\":[\"http:\/\/www.visit-ulcinj.com\"],\"url\":\"https:\/\/www.visit-ulcinj.com\/blog\/author\/admin\/\"}]}<\/script>\n<!-- \/ Yoast SEO plugin. -->","yoast_head_json":{"title":"Dinosha - Hyseni: Kosova bashk\u00ebpunon me Mali e Zi n\u00eb luft\u00ebn kund\u00ebr terrorizmit - Lajme nga Ulqini","description":"Ministri i Pun\u00ebve t\u00eb Brendshme, Skender Hyseni, priti n\u00eb takim ambasadorin e Republik\u00ebs s\u00eb Malit t\u00eb Zi n\u00eb Republik\u00ebn e Kosov\u00ebs, Ferhat Dinosha. Me k\u00ebt\u00eb","robots":{"index":"index","follow":"follow","max-snippet":"max-snippet:-1","max-image-preview":"max-image-preview:large","max-video-preview":"max-video-preview:-1"},"canonical":"https:\/\/www.visit-ulcinj.com\/blog\/2017\/02\/03\/dinosha-hyseni-kosova-bashkepunon-mali-e-zi-ne-luften-kunder-terrorizmit\/","og_locale":"en_US","og_type":"article","og_title":"Dinosha - Hyseni: Kosova bashk\u00ebpunon me Mali e Zi n\u00eb luft\u00ebn kund\u00ebr terrorizmit - Lajme nga Ulqini","og_description":"Ministri i Pun\u00ebve t\u00eb Brendshme, Skender Hyseni, priti n\u00eb takim ambasadorin e Republik\u00ebs s\u00eb Malit t\u00eb Zi n\u00eb Republik\u00ebn e Kosov\u00ebs, Ferhat Dinosha. Me k\u00ebt\u00eb","og_url":"https:\/\/www.visit-ulcinj.com\/blog\/2017\/02\/03\/dinosha-hyseni-kosova-bashkepunon-mali-e-zi-ne-luften-kunder-terrorizmit\/","og_site_name":"Lajme nga Ulqini","article_published_time":"2017-02-03T18:47:46+00:00","article_modified_time":"2017-02-03T18:50:44+00:00","og_image":[{"url":"http:\/\/www.visit-ulcinj.com\/blog\/wp-content\/uploads\/2017\/02\/Dinosha-Hyseni.jpg"}],"twitter_misc":{"Written by":"ulqini","Est. reading time":"1 minute"},"schema":{"@context":"https:\/\/schema.org","@graph":[{"@type":"WebSite","@id":"https:\/\/www.visit-ulcinj.com\/blog\/#website","url":"https:\/\/www.visit-ulcinj.com\/blog\/","name":"Lajme nga Ulqini","description":"Lajme,Vijesti,Ulqini,Ulqin,Crna Gora,Mali i Zi","potentialAction":[{"@type":"SearchAction","target":{"@type":"EntryPoint","urlTemplate":"https:\/\/www.visit-ulcinj.com\/blog\/?s={search_term_string}"},"query-input":"required name=search_term_string"}],"inLanguage":"en-US"},{"@type":"ImageObject","inLanguage":"en-US","@id":"https:\/\/www.visit-ulcinj.com\/blog\/2017\/02\/03\/dinosha-hyseni-kosova-bashkepunon-mali-e-zi-ne-luften-kunder-terrorizmit\/#primaryimage","url":"https:\/\/www.visit-ulcinj.com\/blog\/wp-content\/uploads\/2017\/02\/Dinosha-Hyseni.jpg","contentUrl":"https:\/\/www.visit-ulcinj.com\/blog\/wp-content\/uploads\/2017\/02\/Dinosha-Hyseni.jpg","width":933,"height":445},{"@type":"WebPage","@id":"https:\/\/www.visit-ulcinj.com\/blog\/2017\/02\/03\/dinosha-hyseni-kosova-bashkepunon-mali-e-zi-ne-luften-kunder-terrorizmit\/#webpage","url":"https:\/\/www.visit-ulcinj.com\/blog\/2017\/02\/03\/dinosha-hyseni-kosova-bashkepunon-mali-e-zi-ne-luften-kunder-terrorizmit\/","name":"Dinosha - Hyseni: Kosova bashk\u00ebpunon me Mali e Zi n\u00eb luft\u00ebn kund\u00ebr terrorizmit - Lajme nga Ulqini","isPartOf":{"@id":"https:\/\/www.visit-ulcinj.com\/blog\/#website"},"primaryImageOfPage":{"@id":"https:\/\/www.visit-ulcinj.com\/blog\/2017\/02\/03\/dinosha-hyseni-kosova-bashkepunon-mali-e-zi-ne-luften-kunder-terrorizmit\/#primaryimage"},"datePublished":"2017-02-03T18:47:46+00:00","dateModified":"2017-02-03T18:50:44+00:00","author":{"@id":"https:\/\/www.visit-ulcinj.com\/blog\/#\/schema\/person\/dcab619c614d3038751c63bc2aadc06d"},"description":"Ministri i Pun\u00ebve t\u00eb Brendshme, Skender Hyseni, priti n\u00eb takim ambasadorin e Republik\u00ebs s\u00eb Malit t\u00eb Zi n\u00eb Republik\u00ebn e Kosov\u00ebs, Ferhat Dinosha. Me k\u00ebt\u00eb","breadcrumb":{"@id":"https:\/\/www.visit-ulcinj.com\/blog\/2017\/02\/03\/dinosha-hyseni-kosova-bashkepunon-mali-e-zi-ne-luften-kunder-terrorizmit\/#breadcrumb"},"inLanguage":"en-US","potentialAction":[{"@type":"ReadAction","target":["https:\/\/www.visit-ulcinj.com\/blog\/2017\/02\/03\/dinosha-hyseni-kosova-bashkepunon-mali-e-zi-ne-luften-kunder-terrorizmit\/"]}]},{"@type":"BreadcrumbList","@id":"https:\/\/www.visit-ulcinj.com\/blog\/2017\/02\/03\/dinosha-hyseni-kosova-bashkepunon-mali-e-zi-ne-luften-kunder-terrorizmit\/#breadcrumb","itemListElement":[{"@type":"ListItem","position":1,"name":"Dinosha &#8211; Hyseni: Kosova bashk\u00ebpunon me Mali e Zi n\u00eb luft\u00ebn kund\u00ebr terrorizmit"}]},{"@type":"Person","@id":"https:\/\/www.visit-ulcinj.com\/blog\/#\/schema\/person\/dcab619c614d3038751c63bc2aadc06d","name":"ulqini","sameAs":["http:\/\/www.visit-ulcinj.com"],"url":"https:\/\/www.visit-ulcinj.com\/blog\/author\/admin\/"}]}},"jetpack_featured_media_url":"","jetpack_sharing_enabled":true,"jetpack_shortlink":"https:\/\/wp.me\/pe6lTn-qIk","_links":{"self":[{"href":"https:\/\/www.visit-ulcinj.com\/blog\/wp-json\/wp\/v2\/posts\/102692"}],"collection":[{"href":"https:\/\/www.visit-ulcinj.com\/blog\/wp-json\/wp\/v2\/posts"}],"about":[{"href":"https:\/\/www.visit-ulcinj.com\/blog\/wp-json\/wp\/v2\/types\/post"}],"author":[{"embeddable":true,"href":"https:\/\/www.visit-ulcinj.com\/blog\/wp-json\/wp\/v2\/users\/1"}],"replies":[{"embeddable":true,"href":"https:\/\/www.visit-ulcinj.com\/blog\/wp-json\/wp\/v2\/comments?post=102692"}],"version-history":[{"count":2,"href":"https:\/\/www.visit-ulcinj.com\/blog\/wp-json\/wp\/v2\/posts\/102692\/revisions"}],"predecessor-version":[{"id":102695,"href":"https:\/\/www.visit-ulcinj.com\/blog\/wp-json\/wp\/v2\/posts\/102692\/revisions\/102695"}],"wp:attachment":[{"href":"https:\/\/www.visit-ulcinj.com\/blog\/wp-json\/wp\/v2\/media?parent=102692"}],"wp:term":[{"taxonomy":"category","embeddable":true,"href":"https:\/\/www.visit-ulcinj.com\/blog\/wp-json\/wp\/v2\/categories?post=102692"},{"taxonomy":"post_tag","embeddable":true,"href":"https:\/\/www.visit-ulcinj.com\/blog\/wp-json\/wp\/v2\/tags?post=102692"}],"curies":[{"name":"wp","href":"https:\/\/api.w.org\/{rel}","templated":true}]}}