{"id":102717,"date":"2017-02-04T23:00:41","date_gmt":"2017-02-04T22:00:41","guid":{"rendered":"http:\/\/www.visit-ulcinj.com\/blog\/?p=102717"},"modified":"2017-02-04T23:00:41","modified_gmt":"2017-02-04T22:00:41","slug":"nimanbegu-flase-ne-emer-te-te-gjithe-shqiptareve-te-malit-te-zi","status":"publish","type":"post","link":"https:\/\/www.visit-ulcinj.com\/blog\/2017\/02\/04\/nimanbegu-flase-ne-emer-te-te-gjithe-shqiptareve-te-malit-te-zi\/","title":{"rendered":"Nimanbegu: Do flas\u00eb n\u00eb em\u00ebr t\u00eb t\u00eb gjith\u00eb shqiptar\u00ebve t\u00eb Malit t\u00eb Zi"},"content":{"rendered":"<p><a href=\"http:\/\/www.visit-ulcinj.com\/blog\/wp-content\/uploads\/2017\/02\/Ilmira-Lika-Genci-Nimanbegu.jpg\"><img loading=\"lazy\" class=\"alignleft wp-image-102719\" src=\"http:\/\/www.visit-ulcinj.com\/blog\/wp-content\/uploads\/2017\/02\/Ilmira-Lika-Genci-Nimanbegu.jpg\" alt=\"Ilmira-Lika-Genci-Nimanbegu\" width=\"508\" height=\"244\" srcset=\"https:\/\/www.visit-ulcinj.com\/blog\/wp-content\/uploads\/2017\/02\/Ilmira-Lika-Genci-Nimanbegu.jpg 999w, https:\/\/www.visit-ulcinj.com\/blog\/wp-content\/uploads\/2017\/02\/Ilmira-Lika-Genci-Nimanbegu-300x144.jpg 300w, https:\/\/www.visit-ulcinj.com\/blog\/wp-content\/uploads\/2017\/02\/Ilmira-Lika-Genci-Nimanbegu-768x369.jpg 768w\" sizes=\"(max-width: 508px) 100vw, 508px\" \/><\/a>Gjat\u00eb nj\u00eb interviste p\u00ebr TV Teuta\u00a0 n\u00ebnkryetari i parlamentit t\u00eb Malit t\u00eb Zi <strong>Genci Nimanbegu<\/strong>,\u00a0 deklaroi se k\u00ebt\u00eb post do ta ushtroj\u00eb n\u00eb em\u00ebr t\u00eb t\u00eb gjith\u00eb shqiptar\u00ebve dhe jo vet\u00ebm t\u00eb atyre q\u00eb e votuan koalicionin \u201cShqiptar\u00ebt t\u00eb vendosur\u201d por, theksoi Nimanbegu <strong>\u201cnuk jam deputet I atyre strukturave politke shqiptare t\u00eb cilat kan\u00eb keqp\u00ebrdorur pozitat e veta dhe p\u00ebr interesa vetjake e kan\u00eb djegur vot\u00ebn\u201d.<\/strong><\/p>\n<p>\u201cMe keqardhje them se subjektet politike shqiptare n\u00eb parlament jan\u00eb t\u00eb p\u00ebrfaq\u00ebsuar\u00a0 vet\u00ebm me nj\u00eb deputet por kjo duhet t\u00eb reflektoj\u00eb tek votuesit se kujt ia kan\u00eb dh\u00ebn\u00eb p\u00ebrkrahjen sepse nuk mund te ecim p\u00ebrpara si shoq\u00ebri n\u00ebse nuk keni k\u00ebrkesa t\u00eb qarta, n\u00ebse nuk keni q\u00ebndrime t\u00eb qarta, nese nuk keni etike njer\u00ebzore,poilitke dhe morale p\u00ebr t\u00eb p\u00ebrfaq\u00ebsuar.<\/p>\n<p><strong>P\u00ebrfaq\u00ebsimi \u00ebsht\u00eb besimi q\u00eb ju jep populli dhe \u00ebsht\u00eb m\u00ebkat I madh q\u00eb ai besim t\u00eb keqp\u00ebrdorohet, por ne k\u00ebt\u00eb besim jemi t\u00eb vendosur q\u00eb do ta kthejm\u00eb me rezultate\u201d, vler\u00ebsoi Nimanbegu. \u00a0<\/strong>\u00a0 \u00a0 \u00a0 \u00a0 \u00a0 \u00a0 \u00a0 \u00a0 \u00a0 \u00a0 \u00a0 \u00a0 \u00a0 \u00a0 \u00a0 \u00a0 \u00a0 \u00a0 \u00a0 \u00a0 \u00a0 \u00a0 \u00a0 \u00a0 \u00a0 \u00a0 \u00a0 \u00a0 \u00a0 \u00a0 \u00a0 \u00a0 \u00a0 \u00a0 \u00a0 \u00a0 \u00a0 \u00a0 \u00a0 \u00a0 \u00a0 \u00a0 \u00a0 \u00a0 \u00a0 \u00a0 \u00a0 \u00a0 \u00a0 \u00a0 \u00a0 \u00a0 \u00a0 \u00a0 \u00a0 \u00a0 \u00a0 \u00a0 \u00a0 \u00a0 \u00a0 \u00a0 \u00a0 \u00a0 \u00a0 \u00a0 \u00a0 \u00a0Sa I perket rritjes se numrit te punesimit t\u00eb shqiptar\u00ebve n\u00eb institucione shtet\u00ebrore, e cila deri m\u00eb tani rezulton shum\u00eb e ul\u00ebt, Nimanbegu theksoi se me an\u00eb t\u00eb marr\u00ebveshtjes kan\u00eb arritur q\u00eb t\u00eb ken\u00eb nj\u00eb p\u00ebrqindje t\u00eb pjes\u00ebmarrjes se ushtrimit t\u00eb pushtetit, gj\u00eb e cila do t\u00eb ndikoj\u00eb n\u00eb rriten e pun\u00ebsimeve n\u00eb institucionet shtet\u00ebrore p\u00ebrmes em\u00ebrimeve, por do t\u00eb insistojn\u00eb q\u00eb n\u00eb \u00e7do institucion publik t\u00eb rritet duksh\u00ebm numri I t\u00eb pun\u00ebsuarve shqiptar\u00eb. \u00a0 \u00a0 \u00a0 \u00a0 \u00a0 \u00a0 \u00a0 \u00a0 \u00a0 \u00a0 \u00a0 \u00a0 \u00a0 \u00a0 \u00a0 \u00a0 \u00a0 Nimanbegu poashtu vler\u00ebsoi se tani \u00ebsht\u00eb mund\u00ebsia q\u00eb t\u00eb realizohen k\u00ebrkesat e kahmotshme dhe m\u00eb pas t\u00eb fokusohen tek problematikat e radh\u00ebs, duke I ftuar edhe mediat dhe intelektualet q\u00eb t\u00eb jen\u00eb m\u00eb t\u00eb hapur dhe mos t\u00eb b\u00ebjn\u00eb barazimin dhe njollosjen e t\u00eb gjith\u00eb politikan\u00ebve n\u00eb m\u00ebnyr\u00eb t\u00eb p\u00ebrgjithshme:\u00a0 \u201cRealizimi I k\u00ebrkesave tona politike do t\u00eb b\u00ebj\u00eb q\u00eb nj\u00eb\u00a0 seri e problemeve t\u00eb shum\u00ebkohshme kur t\u00eb zgjidhet do t\u00eb na jap mund\u00ebsi q\u00eb t\u00eb fokusohemi tek \u00e7\u00ebshtjet tjera.<\/p>\n<p><strong>Forca e re demokratike ka pasur momente kur ka pasur shum\u00eb m\u00eb tep\u00ebr vota, por tani kemi mund\u00ebsi q\u00eb t\u00eb realizojm\u00eb k\u00ebrkesat tona politike n\u00eb baz\u00eb t\u00eb s\u00eb cil\u00ebs edhe jemi themeluar.<\/strong><\/p>\n<p>Votuesi shqiptar\u00eb duhet t\u00eb ngris\u00eb besimin tek subjektet shqiptare por edhe tek vetvetja, sepse nuk \u00ebsht\u00eb e mundshme q\u00eb cdo gj\u00eb t\u00eb zgjidhet nga nj\u00eb subjekt politik dhe nga nj\u00eb individ. Duhet e gjith\u00eb shoq\u00ebria, mediat por edhe intelektual\u00ebt t\u00eb cil\u00ebt shum\u00eb pak ndihen p\u00ebr disa aspekte t\u00eb politik\u00ebs, apo kan\u00eb frik\u00eb me em\u00ebr ti quajn\u00eb ata t\u00eb cil\u00ebt ndikojn\u00eb negativisht apo pozitivisht n\u00eb sken\u00ebn politike shqiptare, por n\u00eb nj\u00eb m\u00ebnyr\u00eb t\u00eb p\u00ebrgjithshme I barazojn\u00eb t\u00eb gjith\u00eb. Ata duhet t\u00eb jen\u00eb m\u00eb t\u00eb hapur, t\u00eb flasin me emra, me fakte konkrete, sepse njollosja e lider\u00ebve politik shqiptar\u00eb n\u00eb afat t\u00eb gjat\u00eb nuk na kontribuon neve kur \u00ebsht\u00eb pa fakte, por I kontribuon atyre t\u00eb cil\u00ebt nuk duan realizimin e q\u00ebllimeve tona politike\u201d-deklaroi n\u00ebnkryetari Nimanbegu.<\/p>\n<p><strong>N\u00ebnkryetari Nimanbegu vler\u00ebsoi se p\u00ebr t\u00eb p\u00ebrmir\u00ebsuar pozit\u00ebn e shqiptar\u00ebve n\u00eb Mal t\u00eb Zi duhet t\u00eb veprohet n\u00eb t\u00eb gjitha sferat e shoq\u00ebris\u00eb, duke u fokusuar t\u00eb gjith\u00eb n\u00eb pun\u00ebn e vet\u00eb dhe at\u00eb \u00e7do dit\u00eb ta punojn\u00eb sa m\u00eb mire q\u00eb munden sepse vet\u00ebm me at\u00eb q\u00ebndrim dhe ato synime mund t\u00eb themi se do t\u00eb p\u00ebrmir\u00ebsohet pozita e shqiptar\u00ebve.<\/strong><\/p>\n","protected":false},"excerpt":{"rendered":"<p>Gjat\u00eb nj\u00eb interviste p\u00ebr TV Teuta\u00a0 n\u00ebnkryetari i parlamentit t\u00eb Malit t\u00eb Zi Genci Nimanbegu,\u00a0 deklaroi se k\u00ebt\u00eb post do ta ushtroj\u00eb n\u00eb em\u00ebr t\u00eb t\u00eb gjith\u00eb shqiptar\u00ebve dhe jo vet\u00ebm t\u00eb atyre q\u00eb e votuan koalicionin \u201cShqiptar\u00ebt t\u00eb vendosur\u201d por, theksoi Nimanbegu \u201cnuk jam deputet I atyre strukturave politke shqiptare t\u00eb cilat kan\u00eb keqp\u00ebrdorur [&hellip;]<\/p>\n","protected":false},"author":1,"featured_media":0,"comment_status":"closed","ping_status":"closed","sticky":false,"template":"","format":"standard","meta":{"spay_email":"","jetpack_publicize_message":"","jetpack_is_tweetstorm":false,"jetpack_publicize_feature_enabled":true},"categories":[6],"tags":[],"jetpack_publicize_connections":[],"yoast_head":"<!-- This site is optimized with the Yoast SEO plugin v19.1 - https:\/\/yoast.com\/wordpress\/plugins\/seo\/ -->\n<title>Nimanbegu: Do flas\u00eb n\u00eb em\u00ebr t\u00eb t\u00eb gjith\u00eb shqiptar\u00ebve t\u00eb Malit t\u00eb Zi - Lajme nga Ulqini<\/title>\n<meta name=\"description\" content=\"Gjat\u00eb nj\u00eb interviste p\u00ebr TV Teuta\u00a0 n\u00ebnkryetari i parlamentit t\u00eb Malit t\u00eb Zi Genci Nimanbegu,\u00a0 deklaroi se k\u00ebt\u00eb post do ta ushtroj\u00eb n\u00eb em\u00ebr t\u00eb t\u00eb gjith\u00eb\" \/>\n<meta name=\"robots\" content=\"index, follow, max-snippet:-1, max-image-preview:large, max-video-preview:-1\" \/>\n<link rel=\"canonical\" href=\"https:\/\/www.visit-ulcinj.com\/blog\/2017\/02\/04\/nimanbegu-flase-ne-emer-te-te-gjithe-shqiptareve-te-malit-te-zi\/\" \/>\n<meta property=\"og:locale\" content=\"en_US\" \/>\n<meta property=\"og:type\" content=\"article\" \/>\n<meta property=\"og:title\" content=\"Nimanbegu: Do flas\u00eb n\u00eb em\u00ebr t\u00eb t\u00eb gjith\u00eb shqiptar\u00ebve t\u00eb Malit t\u00eb Zi - Lajme nga Ulqini\" \/>\n<meta property=\"og:description\" content=\"Gjat\u00eb nj\u00eb interviste p\u00ebr TV Teuta\u00a0 n\u00ebnkryetari i parlamentit t\u00eb Malit t\u00eb Zi Genci Nimanbegu,\u00a0 deklaroi se k\u00ebt\u00eb post do ta ushtroj\u00eb n\u00eb em\u00ebr t\u00eb t\u00eb gjith\u00eb\" \/>\n<meta property=\"og:url\" content=\"https:\/\/www.visit-ulcinj.com\/blog\/2017\/02\/04\/nimanbegu-flase-ne-emer-te-te-gjithe-shqiptareve-te-malit-te-zi\/\" \/>\n<meta property=\"og:site_name\" content=\"Lajme nga Ulqini\" \/>\n<meta property=\"article:published_time\" content=\"2017-02-04T22:00:41+00:00\" \/>\n<meta property=\"og:image\" content=\"http:\/\/www.visit-ulcinj.com\/blog\/wp-content\/uploads\/2017\/02\/Ilmira-Lika-Genci-Nimanbegu.jpg\" \/>\n<meta name=\"twitter:label1\" content=\"Written by\" \/>\n\t<meta name=\"twitter:data1\" content=\"ulqini\" \/>\n\t<meta name=\"twitter:label2\" content=\"Est. reading time\" \/>\n\t<meta name=\"twitter:data2\" content=\"3 minutes\" \/>\n<script type=\"application\/ld+json\" class=\"yoast-schema-graph\">{\"@context\":\"https:\/\/schema.org\",\"@graph\":[{\"@type\":\"WebSite\",\"@id\":\"https:\/\/www.visit-ulcinj.com\/blog\/#website\",\"url\":\"https:\/\/www.visit-ulcinj.com\/blog\/\",\"name\":\"Lajme nga Ulqini\",\"description\":\"Lajme,Vijesti,Ulqini,Ulqin,Crna Gora,Mali i Zi\",\"potentialAction\":[{\"@type\":\"SearchAction\",\"target\":{\"@type\":\"EntryPoint\",\"urlTemplate\":\"https:\/\/www.visit-ulcinj.com\/blog\/?s={search_term_string}\"},\"query-input\":\"required name=search_term_string\"}],\"inLanguage\":\"en-US\"},{\"@type\":\"ImageObject\",\"inLanguage\":\"en-US\",\"@id\":\"https:\/\/www.visit-ulcinj.com\/blog\/2017\/02\/04\/nimanbegu-flase-ne-emer-te-te-gjithe-shqiptareve-te-malit-te-zi\/#primaryimage\",\"url\":\"https:\/\/www.visit-ulcinj.com\/blog\/wp-content\/uploads\/2017\/02\/Ilmira-Lika-Genci-Nimanbegu.jpg\",\"contentUrl\":\"https:\/\/www.visit-ulcinj.com\/blog\/wp-content\/uploads\/2017\/02\/Ilmira-Lika-Genci-Nimanbegu.jpg\",\"width\":999,\"height\":480},{\"@type\":\"WebPage\",\"@id\":\"https:\/\/www.visit-ulcinj.com\/blog\/2017\/02\/04\/nimanbegu-flase-ne-emer-te-te-gjithe-shqiptareve-te-malit-te-zi\/#webpage\",\"url\":\"https:\/\/www.visit-ulcinj.com\/blog\/2017\/02\/04\/nimanbegu-flase-ne-emer-te-te-gjithe-shqiptareve-te-malit-te-zi\/\",\"name\":\"Nimanbegu: Do flas\u00eb n\u00eb em\u00ebr t\u00eb t\u00eb gjith\u00eb shqiptar\u00ebve t\u00eb Malit t\u00eb Zi - Lajme nga Ulqini\",\"isPartOf\":{\"@id\":\"https:\/\/www.visit-ulcinj.com\/blog\/#website\"},\"primaryImageOfPage\":{\"@id\":\"https:\/\/www.visit-ulcinj.com\/blog\/2017\/02\/04\/nimanbegu-flase-ne-emer-te-te-gjithe-shqiptareve-te-malit-te-zi\/#primaryimage\"},\"datePublished\":\"2017-02-04T22:00:41+00:00\",\"dateModified\":\"2017-02-04T22:00:41+00:00\",\"author\":{\"@id\":\"https:\/\/www.visit-ulcinj.com\/blog\/#\/schema\/person\/dcab619c614d3038751c63bc2aadc06d\"},\"description\":\"Gjat\u00eb nj\u00eb interviste p\u00ebr TV Teuta\u00a0 n\u00ebnkryetari i parlamentit t\u00eb Malit t\u00eb Zi Genci Nimanbegu,\u00a0 deklaroi se k\u00ebt\u00eb post do ta ushtroj\u00eb n\u00eb em\u00ebr t\u00eb t\u00eb gjith\u00eb\",\"breadcrumb\":{\"@id\":\"https:\/\/www.visit-ulcinj.com\/blog\/2017\/02\/04\/nimanbegu-flase-ne-emer-te-te-gjithe-shqiptareve-te-malit-te-zi\/#breadcrumb\"},\"inLanguage\":\"en-US\",\"potentialAction\":[{\"@type\":\"ReadAction\",\"target\":[\"https:\/\/www.visit-ulcinj.com\/blog\/2017\/02\/04\/nimanbegu-flase-ne-emer-te-te-gjithe-shqiptareve-te-malit-te-zi\/\"]}]},{\"@type\":\"BreadcrumbList\",\"@id\":\"https:\/\/www.visit-ulcinj.com\/blog\/2017\/02\/04\/nimanbegu-flase-ne-emer-te-te-gjithe-shqiptareve-te-malit-te-zi\/#breadcrumb\",\"itemListElement\":[{\"@type\":\"ListItem\",\"position\":1,\"name\":\"Nimanbegu: Do flas\u00eb n\u00eb em\u00ebr t\u00eb t\u00eb gjith\u00eb shqiptar\u00ebve t\u00eb Malit t\u00eb Zi\"}]},{\"@type\":\"Person\",\"@id\":\"https:\/\/www.visit-ulcinj.com\/blog\/#\/schema\/person\/dcab619c614d3038751c63bc2aadc06d\",\"name\":\"ulqini\",\"sameAs\":[\"http:\/\/www.visit-ulcinj.com\"],\"url\":\"https:\/\/www.visit-ulcinj.com\/blog\/author\/admin\/\"}]}<\/script>\n<!-- \/ Yoast SEO plugin. -->","yoast_head_json":{"title":"Nimanbegu: Do flas\u00eb n\u00eb em\u00ebr t\u00eb t\u00eb gjith\u00eb shqiptar\u00ebve t\u00eb Malit t\u00eb Zi - Lajme nga Ulqini","description":"Gjat\u00eb nj\u00eb interviste p\u00ebr TV Teuta\u00a0 n\u00ebnkryetari i parlamentit t\u00eb Malit t\u00eb Zi Genci Nimanbegu,\u00a0 deklaroi se k\u00ebt\u00eb post do ta ushtroj\u00eb n\u00eb em\u00ebr t\u00eb t\u00eb gjith\u00eb","robots":{"index":"index","follow":"follow","max-snippet":"max-snippet:-1","max-image-preview":"max-image-preview:large","max-video-preview":"max-video-preview:-1"},"canonical":"https:\/\/www.visit-ulcinj.com\/blog\/2017\/02\/04\/nimanbegu-flase-ne-emer-te-te-gjithe-shqiptareve-te-malit-te-zi\/","og_locale":"en_US","og_type":"article","og_title":"Nimanbegu: Do flas\u00eb n\u00eb em\u00ebr t\u00eb t\u00eb gjith\u00eb shqiptar\u00ebve t\u00eb Malit t\u00eb Zi - Lajme nga Ulqini","og_description":"Gjat\u00eb nj\u00eb interviste p\u00ebr TV Teuta\u00a0 n\u00ebnkryetari i parlamentit t\u00eb Malit t\u00eb Zi Genci Nimanbegu,\u00a0 deklaroi se k\u00ebt\u00eb post do ta ushtroj\u00eb n\u00eb em\u00ebr t\u00eb t\u00eb gjith\u00eb","og_url":"https:\/\/www.visit-ulcinj.com\/blog\/2017\/02\/04\/nimanbegu-flase-ne-emer-te-te-gjithe-shqiptareve-te-malit-te-zi\/","og_site_name":"Lajme nga Ulqini","article_published_time":"2017-02-04T22:00:41+00:00","og_image":[{"url":"http:\/\/www.visit-ulcinj.com\/blog\/wp-content\/uploads\/2017\/02\/Ilmira-Lika-Genci-Nimanbegu.jpg"}],"twitter_misc":{"Written by":"ulqini","Est. reading time":"3 minutes"},"schema":{"@context":"https:\/\/schema.org","@graph":[{"@type":"WebSite","@id":"https:\/\/www.visit-ulcinj.com\/blog\/#website","url":"https:\/\/www.visit-ulcinj.com\/blog\/","name":"Lajme nga Ulqini","description":"Lajme,Vijesti,Ulqini,Ulqin,Crna Gora,Mali i Zi","potentialAction":[{"@type":"SearchAction","target":{"@type":"EntryPoint","urlTemplate":"https:\/\/www.visit-ulcinj.com\/blog\/?s={search_term_string}"},"query-input":"required name=search_term_string"}],"inLanguage":"en-US"},{"@type":"ImageObject","inLanguage":"en-US","@id":"https:\/\/www.visit-ulcinj.com\/blog\/2017\/02\/04\/nimanbegu-flase-ne-emer-te-te-gjithe-shqiptareve-te-malit-te-zi\/#primaryimage","url":"https:\/\/www.visit-ulcinj.com\/blog\/wp-content\/uploads\/2017\/02\/Ilmira-Lika-Genci-Nimanbegu.jpg","contentUrl":"https:\/\/www.visit-ulcinj.com\/blog\/wp-content\/uploads\/2017\/02\/Ilmira-Lika-Genci-Nimanbegu.jpg","width":999,"height":480},{"@type":"WebPage","@id":"https:\/\/www.visit-ulcinj.com\/blog\/2017\/02\/04\/nimanbegu-flase-ne-emer-te-te-gjithe-shqiptareve-te-malit-te-zi\/#webpage","url":"https:\/\/www.visit-ulcinj.com\/blog\/2017\/02\/04\/nimanbegu-flase-ne-emer-te-te-gjithe-shqiptareve-te-malit-te-zi\/","name":"Nimanbegu: Do flas\u00eb n\u00eb em\u00ebr t\u00eb t\u00eb gjith\u00eb shqiptar\u00ebve t\u00eb Malit t\u00eb Zi - Lajme nga Ulqini","isPartOf":{"@id":"https:\/\/www.visit-ulcinj.com\/blog\/#website"},"primaryImageOfPage":{"@id":"https:\/\/www.visit-ulcinj.com\/blog\/2017\/02\/04\/nimanbegu-flase-ne-emer-te-te-gjithe-shqiptareve-te-malit-te-zi\/#primaryimage"},"datePublished":"2017-02-04T22:00:41+00:00","dateModified":"2017-02-04T22:00:41+00:00","author":{"@id":"https:\/\/www.visit-ulcinj.com\/blog\/#\/schema\/person\/dcab619c614d3038751c63bc2aadc06d"},"description":"Gjat\u00eb nj\u00eb interviste p\u00ebr TV Teuta\u00a0 n\u00ebnkryetari i parlamentit t\u00eb Malit t\u00eb Zi Genci Nimanbegu,\u00a0 deklaroi se k\u00ebt\u00eb post do ta ushtroj\u00eb n\u00eb em\u00ebr t\u00eb t\u00eb gjith\u00eb","breadcrumb":{"@id":"https:\/\/www.visit-ulcinj.com\/blog\/2017\/02\/04\/nimanbegu-flase-ne-emer-te-te-gjithe-shqiptareve-te-malit-te-zi\/#breadcrumb"},"inLanguage":"en-US","potentialAction":[{"@type":"ReadAction","target":["https:\/\/www.visit-ulcinj.com\/blog\/2017\/02\/04\/nimanbegu-flase-ne-emer-te-te-gjithe-shqiptareve-te-malit-te-zi\/"]}]},{"@type":"BreadcrumbList","@id":"https:\/\/www.visit-ulcinj.com\/blog\/2017\/02\/04\/nimanbegu-flase-ne-emer-te-te-gjithe-shqiptareve-te-malit-te-zi\/#breadcrumb","itemListElement":[{"@type":"ListItem","position":1,"name":"Nimanbegu: Do flas\u00eb n\u00eb em\u00ebr t\u00eb t\u00eb gjith\u00eb shqiptar\u00ebve t\u00eb Malit t\u00eb Zi"}]},{"@type":"Person","@id":"https:\/\/www.visit-ulcinj.com\/blog\/#\/schema\/person\/dcab619c614d3038751c63bc2aadc06d","name":"ulqini","sameAs":["http:\/\/www.visit-ulcinj.com"],"url":"https:\/\/www.visit-ulcinj.com\/blog\/author\/admin\/"}]}},"jetpack_featured_media_url":"","jetpack_sharing_enabled":true,"jetpack_shortlink":"https:\/\/wp.me\/pe6lTn-qIJ","_links":{"self":[{"href":"https:\/\/www.visit-ulcinj.com\/blog\/wp-json\/wp\/v2\/posts\/102717"}],"collection":[{"href":"https:\/\/www.visit-ulcinj.com\/blog\/wp-json\/wp\/v2\/posts"}],"about":[{"href":"https:\/\/www.visit-ulcinj.com\/blog\/wp-json\/wp\/v2\/types\/post"}],"author":[{"embeddable":true,"href":"https:\/\/www.visit-ulcinj.com\/blog\/wp-json\/wp\/v2\/users\/1"}],"replies":[{"embeddable":true,"href":"https:\/\/www.visit-ulcinj.com\/blog\/wp-json\/wp\/v2\/comments?post=102717"}],"version-history":[{"count":1,"href":"https:\/\/www.visit-ulcinj.com\/blog\/wp-json\/wp\/v2\/posts\/102717\/revisions"}],"predecessor-version":[{"id":102720,"href":"https:\/\/www.visit-ulcinj.com\/blog\/wp-json\/wp\/v2\/posts\/102717\/revisions\/102720"}],"wp:attachment":[{"href":"https:\/\/www.visit-ulcinj.com\/blog\/wp-json\/wp\/v2\/media?parent=102717"}],"wp:term":[{"taxonomy":"category","embeddable":true,"href":"https:\/\/www.visit-ulcinj.com\/blog\/wp-json\/wp\/v2\/categories?post=102717"},{"taxonomy":"post_tag","embeddable":true,"href":"https:\/\/www.visit-ulcinj.com\/blog\/wp-json\/wp\/v2\/tags?post=102717"}],"curies":[{"name":"wp","href":"https:\/\/api.w.org\/{rel}","templated":true}]}}