{"id":102721,"date":"2017-02-05T13:08:36","date_gmt":"2017-02-05T12:08:36","guid":{"rendered":"http:\/\/www.visit-ulcinj.com\/blog\/?p=102721"},"modified":"2017-02-05T13:08:36","modified_gmt":"2017-02-05T12:08:36","slug":"nika-qe-nje-lajm-te-jete-plote-bllokada-e-komunes-po-duket-se-ish-e-bereqetshme","status":"publish","type":"post","link":"https:\/\/www.visit-ulcinj.com\/blog\/2017\/02\/05\/nika-qe-nje-lajm-te-jete-plote-bllokada-e-komunes-po-duket-se-ish-e-bereqetshme\/","title":{"rendered":"Nika: Q\u00eb nj\u00eb  lajm t\u00eb jet\u00eb i plot\u00eb: Bllokada e komun\u00ebs po duket se ish e bereqetshme?!"},"content":{"rendered":"<p><strong><em><a href=\"http:\/\/www.visit-ulcinj.com\/blog\/wp-content\/uploads\/2014\/11\/Muhamet-Nika.jpg\"><img loading=\"lazy\" class=\"alignleft wp-image-86143 size-full\" src=\"http:\/\/www.visit-ulcinj.com\/blog\/wp-content\/uploads\/2014\/11\/Muhamet-Nika.jpg\" alt=\"Muhamet Nika,  Sudski tuma\u010d- P\u00ebrkthyes gjyq\u00ebsor  \u201c MUHAMET NIKA \u201d Ulcinj- Ulqin Adresa:  zgrada  SO ULCINJ- nd\u00ebrtesa e KK Ulqin Telefon-i:               068 264 122 Email-i : muhamet-nika@hotmail.com  Albanski jezik-  prof. Albanskog  jezika  Gjuh\u00eb shqipe- prof. I gjuh\u00ebs shqipe\" width=\"256\" height=\"319\" srcset=\"https:\/\/www.visit-ulcinj.com\/blog\/wp-content\/uploads\/2014\/11\/Muhamet-Nika.jpg 256w, https:\/\/www.visit-ulcinj.com\/blog\/wp-content\/uploads\/2014\/11\/Muhamet-Nika-240x300.jpg 240w\" sizes=\"(max-width: 256px) 100vw, 256px\" \/><\/a>Shkruan Muhamet Nika<\/em><\/strong><\/p>\n<p><strong><em>Un\u00eb p\u00ebr vete k\u00ebto pun\u00ebt e bllokimeve t\u00eb pushtetit lokal tashti \u00a0m\u00eb nuk di\u00a0 si t\u2019i shpjegoj \u00a0dhe t\u00eb kem shpres\u00eb e duroj , p\u00ebrve\u00e7 se me at\u00eb q\u00eb thot\u00eb Zoti n\u00eb Kuran, se \u00a0:\u201d Ka do gjana q\u00eb ju mendoni se jan\u00eb keq p\u00ebr ju , e ato jan\u00eb mir\u00eb p\u00ebr ju\u00a0 dhe \u00a0ka do gjana q\u00eb \u00a0ju mendoni se jan\u00eb mir\u00eb p\u00ebr ju \u00a0e ata jan\u00eb keq p\u00ebr ju\u201d?!<\/em><\/strong><\/p>\n<p>Sa p\u00ebr lajmin e komentuar\u00a0 q\u00eb \u00a0\u201cBorxhi i nd\u00ebrmarrjes \u201cUj\u00ebsjell\u00ebs \u2013 Kanalizime\u201d \u00a0\u00a0\u00ebsht\u00eb rritur n\u00eb 100 mij\u00eb euro, dhe se p\u00ebr k\u00ebt\u00eb bllokohet llogaria e Komun\u00ebs s\u00eb Ulqinit\u2026\u201d , ku portalet cekin\u00a0 edhe k\u00ebt\u00eb q\u00eb \u201cuji \u00ebsht\u00eb marr\u00eb nga NP \u201cUj\u00ebsjell\u00ebs-Kanalizime\u201d, dhe llogaria duhej tu bllokohej atyre, kjo nuk ka ndodhur, por llogaria i \u00ebsht\u00eb bllokuar Komun\u00ebs&#8230;\u201d<\/p>\n<p>Sipas burimeve\u00a0 t\u00eb portalit \u201c lajme .me..\u201d( q\u00eb \u00ebsht\u00eb mir\u00eb i informuar&#8230;), kjo ka ndodhur \u201c p\u00ebr shkak se ish kryetari i Komun\u00ebs Fatmir Gjeka kishte marr\u00eb p\u00ebrsip\u00ebr q\u00eb kjo fatur\u00eb t\u00eb paguhej nga Komuna, gj\u00eb q\u00eb t\u00eb cil\u00ebn ai nuk e ka b\u00ebr\u00eb gjat\u00eb koh\u00ebs q\u00eb ishte n\u00eb krye t\u00eb ekzekutivit\u00a0 lokal.\u201d?!<\/p>\n<p>S\u2019 do mend se\u00a0 e gjith\u00eb\u00a0 kjo\u00a0 \u00ebsht\u00eb trondit\u00ebse, por nuk \u00ebsht\u00eb di\u00e7ka e re madje praktik\u00eb e zakonshme \u00a0n\u00eb komunale \u00a0dhe Gjeka kish ku t\u00eb marr\u00eb shembull e pse u ve\u00e7ua ky lajm \u00ebsht\u00eb pun\u00eb tjet\u00ebr&#8230;?! Si dhe fakti &#8211;\u00a0 Pse nuk nxehet ( se p\u00ebr tu skuqur), s\u2019 po pyesim&#8230;?!<\/p>\n<p>P\u00ebr k\u00ebt\u00eb ne pyesim:<\/p>\n<ul>\n<li><strong><em><u>Kush nga komuna dha\u201d\u00a0 izen e hypi dor\u00ebzan\u00eb q\u00eb komuna t\u00eb paguaj\u00eb nes\u00ebr ..\u201d edhe\u00a0 borxhin e kredis\u00eb p\u00ebr\u00a0 \u00a0\u201csmeqarat\u201d e komunal\u00ebs. \u00c7far\u00eb b\u00ebhet me k\u00ebto kamiona kur ajo t\u00eb privatizohet- kujt i mbesin n\u00eb pron\u00ebsi&#8230;?!<\/u><\/em><\/strong><\/li>\n<li><strong><em><u>A mos pritet edhe shlyerja e kredive t\u00eb tyre\u00a0 dhe kredive tjera e borxheve tjera t\u00eb sektorit publik nga komuna e pastaj t\u00eb b\u00ebhet privatizimi q\u00eb ishte moti obligim ligjor \u2013 para se t\u00eb krijohen borxhet..?\u201d<\/u><\/em><\/strong><\/li>\n<li><strong><em><u>A arrit\u00ebn ndonj\u00eb her\u00eb n\u00eb Ulqin smeqarat q\u00eb na i premtoi komunalja e komun\u00ebs s\u00eb 21 t\u00eb Vjen\u00ebs, apo mbeten diku rrug\u00ebve\u00a0 pa hy n\u00eb Slloveni etj.etj.etj&#8230;?!!! <\/u><\/em><\/strong><\/li>\n<\/ul>\n<p>Nd\u00ebrsa \u00a0tash po i lam\u00eb k\u00ebto, \u00a0\u00a0duke iu kthyer asaj t\u00eb Kuranit. M\u00ebsohet se bllokada k\u00ebsaj radhe ishte \u00a0pa dyshim e bereqetshme sepse\u00a0 p\u00ebr arsye\u00a0 t\u00eb mos dituris\u00eb\u00a0 profesionale \u2013 kuptohet jo me fajin \u00a0dhe dijen e kryetarit N. Cungu, parat\u00eb e projektit t\u00eb peshkut nga Ambasada Norvegjeze e Mbret\u00ebris\u00eb, q\u00eb realizon projektin<\/p>\n<p>p\u00ebrmes Fondeve\u00a0 IPA, n\u00eb vler\u00ebn rreth 60 mij\u00eb Euro i kaluan VODA KOMIT n\u00eb Budv\u00eb dhe borxhi u shlye\u00a0 p\u00ebr pak dit\u00eb.2c<\/p>\n","protected":false},"excerpt":{"rendered":"<p>Shkruan Muhamet Nika Un\u00eb p\u00ebr vete k\u00ebto pun\u00ebt e bllokimeve t\u00eb pushtetit lokal tashti \u00a0m\u00eb nuk di\u00a0 si t\u2019i shpjegoj \u00a0dhe t\u00eb kem shpres\u00eb e duroj , p\u00ebrve\u00e7 se me at\u00eb q\u00eb thot\u00eb Zoti n\u00eb Kuran, se \u00a0:\u201d Ka do gjana q\u00eb ju mendoni se jan\u00eb keq p\u00ebr ju , e ato jan\u00eb mir\u00eb p\u00ebr [&hellip;]<\/p>\n","protected":false},"author":1,"featured_media":0,"comment_status":"closed","ping_status":"closed","sticky":false,"template":"","format":"standard","meta":{"spay_email":"","jetpack_publicize_message":"","jetpack_is_tweetstorm":false,"jetpack_publicize_feature_enabled":true},"categories":[14249],"tags":[],"jetpack_publicize_connections":[],"yoast_head":"<!-- This site is optimized with the Yoast SEO plugin v19.1 - https:\/\/yoast.com\/wordpress\/plugins\/seo\/ -->\n<title>Nika: Q\u00eb nj\u00eb lajm t\u00eb jet\u00eb i plot\u00eb: Bllokada e komun\u00ebs po duket se ish e bereqetshme?! - Lajme nga Ulqini<\/title>\n<meta name=\"description\" content=\"Shkruan Muhamet Nika Un\u00eb p\u00ebr vete k\u00ebto pun\u00ebt e bllokimeve t\u00eb pushtetit lokal tashti \u00a0m\u00eb nuk di\u00a0 si t\u2019i shpjegoj \u00a0dhe t\u00eb kem shpres\u00eb e duroj , p\u00ebrve\u00e7 se me\" \/>\n<meta name=\"robots\" content=\"index, follow, max-snippet:-1, max-image-preview:large, max-video-preview:-1\" \/>\n<link rel=\"canonical\" href=\"https:\/\/www.visit-ulcinj.com\/blog\/2017\/02\/05\/nika-qe-nje-lajm-te-jete-plote-bllokada-e-komunes-po-duket-se-ish-e-bereqetshme\/\" \/>\n<meta property=\"og:locale\" content=\"en_US\" \/>\n<meta property=\"og:type\" content=\"article\" \/>\n<meta property=\"og:title\" content=\"Nika: Q\u00eb nj\u00eb lajm t\u00eb jet\u00eb i plot\u00eb: Bllokada e komun\u00ebs po duket se ish e bereqetshme?! - Lajme nga Ulqini\" \/>\n<meta property=\"og:description\" content=\"Shkruan Muhamet Nika Un\u00eb p\u00ebr vete k\u00ebto pun\u00ebt e bllokimeve t\u00eb pushtetit lokal tashti \u00a0m\u00eb nuk di\u00a0 si t\u2019i shpjegoj \u00a0dhe t\u00eb kem shpres\u00eb e duroj , p\u00ebrve\u00e7 se me\" \/>\n<meta property=\"og:url\" content=\"https:\/\/www.visit-ulcinj.com\/blog\/2017\/02\/05\/nika-qe-nje-lajm-te-jete-plote-bllokada-e-komunes-po-duket-se-ish-e-bereqetshme\/\" \/>\n<meta property=\"og:site_name\" content=\"Lajme nga Ulqini\" \/>\n<meta property=\"article:published_time\" content=\"2017-02-05T12:08:36+00:00\" \/>\n<meta property=\"og:image\" content=\"http:\/\/www.visit-ulcinj.com\/blog\/wp-content\/uploads\/2014\/11\/Muhamet-Nika.jpg\" \/>\n<meta name=\"twitter:label1\" content=\"Written by\" \/>\n\t<meta name=\"twitter:data1\" content=\"ulqini\" \/>\n\t<meta name=\"twitter:label2\" content=\"Est. reading time\" \/>\n\t<meta name=\"twitter:data2\" content=\"2 minutes\" \/>\n<script type=\"application\/ld+json\" class=\"yoast-schema-graph\">{\"@context\":\"https:\/\/schema.org\",\"@graph\":[{\"@type\":\"WebSite\",\"@id\":\"https:\/\/www.visit-ulcinj.com\/blog\/#website\",\"url\":\"https:\/\/www.visit-ulcinj.com\/blog\/\",\"name\":\"Lajme nga Ulqini\",\"description\":\"Lajme,Vijesti,Ulqini,Ulqin,Crna Gora,Mali i Zi\",\"potentialAction\":[{\"@type\":\"SearchAction\",\"target\":{\"@type\":\"EntryPoint\",\"urlTemplate\":\"https:\/\/www.visit-ulcinj.com\/blog\/?s={search_term_string}\"},\"query-input\":\"required name=search_term_string\"}],\"inLanguage\":\"en-US\"},{\"@type\":\"ImageObject\",\"inLanguage\":\"en-US\",\"@id\":\"https:\/\/www.visit-ulcinj.com\/blog\/2017\/02\/05\/nika-qe-nje-lajm-te-jete-plote-bllokada-e-komunes-po-duket-se-ish-e-bereqetshme\/#primaryimage\",\"url\":\"https:\/\/www.visit-ulcinj.com\/blog\/wp-content\/uploads\/2014\/11\/Muhamet-Nika.jpg\",\"contentUrl\":\"https:\/\/www.visit-ulcinj.com\/blog\/wp-content\/uploads\/2014\/11\/Muhamet-Nika.jpg\",\"width\":256,\"height\":319},{\"@type\":\"WebPage\",\"@id\":\"https:\/\/www.visit-ulcinj.com\/blog\/2017\/02\/05\/nika-qe-nje-lajm-te-jete-plote-bllokada-e-komunes-po-duket-se-ish-e-bereqetshme\/#webpage\",\"url\":\"https:\/\/www.visit-ulcinj.com\/blog\/2017\/02\/05\/nika-qe-nje-lajm-te-jete-plote-bllokada-e-komunes-po-duket-se-ish-e-bereqetshme\/\",\"name\":\"Nika: Q\u00eb nj\u00eb lajm t\u00eb jet\u00eb i plot\u00eb: Bllokada e komun\u00ebs po duket se ish e bereqetshme?! - Lajme nga Ulqini\",\"isPartOf\":{\"@id\":\"https:\/\/www.visit-ulcinj.com\/blog\/#website\"},\"primaryImageOfPage\":{\"@id\":\"https:\/\/www.visit-ulcinj.com\/blog\/2017\/02\/05\/nika-qe-nje-lajm-te-jete-plote-bllokada-e-komunes-po-duket-se-ish-e-bereqetshme\/#primaryimage\"},\"datePublished\":\"2017-02-05T12:08:36+00:00\",\"dateModified\":\"2017-02-05T12:08:36+00:00\",\"author\":{\"@id\":\"https:\/\/www.visit-ulcinj.com\/blog\/#\/schema\/person\/dcab619c614d3038751c63bc2aadc06d\"},\"description\":\"Shkruan Muhamet Nika Un\u00eb p\u00ebr vete k\u00ebto pun\u00ebt e bllokimeve t\u00eb pushtetit lokal tashti \u00a0m\u00eb nuk di\u00a0 si t\u2019i shpjegoj \u00a0dhe t\u00eb kem shpres\u00eb e duroj , p\u00ebrve\u00e7 se me\",\"breadcrumb\":{\"@id\":\"https:\/\/www.visit-ulcinj.com\/blog\/2017\/02\/05\/nika-qe-nje-lajm-te-jete-plote-bllokada-e-komunes-po-duket-se-ish-e-bereqetshme\/#breadcrumb\"},\"inLanguage\":\"en-US\",\"potentialAction\":[{\"@type\":\"ReadAction\",\"target\":[\"https:\/\/www.visit-ulcinj.com\/blog\/2017\/02\/05\/nika-qe-nje-lajm-te-jete-plote-bllokada-e-komunes-po-duket-se-ish-e-bereqetshme\/\"]}]},{\"@type\":\"BreadcrumbList\",\"@id\":\"https:\/\/www.visit-ulcinj.com\/blog\/2017\/02\/05\/nika-qe-nje-lajm-te-jete-plote-bllokada-e-komunes-po-duket-se-ish-e-bereqetshme\/#breadcrumb\",\"itemListElement\":[{\"@type\":\"ListItem\",\"position\":1,\"name\":\"Nika: Q\u00eb nj\u00eb lajm t\u00eb jet\u00eb i plot\u00eb: Bllokada e komun\u00ebs po duket se ish e bereqetshme?!\"}]},{\"@type\":\"Person\",\"@id\":\"https:\/\/www.visit-ulcinj.com\/blog\/#\/schema\/person\/dcab619c614d3038751c63bc2aadc06d\",\"name\":\"ulqini\",\"sameAs\":[\"http:\/\/www.visit-ulcinj.com\"],\"url\":\"https:\/\/www.visit-ulcinj.com\/blog\/author\/admin\/\"}]}<\/script>\n<!-- \/ Yoast SEO plugin. -->","yoast_head_json":{"title":"Nika: Q\u00eb nj\u00eb lajm t\u00eb jet\u00eb i plot\u00eb: Bllokada e komun\u00ebs po duket se ish e bereqetshme?! - Lajme nga Ulqini","description":"Shkruan Muhamet Nika Un\u00eb p\u00ebr vete k\u00ebto pun\u00ebt e bllokimeve t\u00eb pushtetit lokal tashti \u00a0m\u00eb nuk di\u00a0 si t\u2019i shpjegoj \u00a0dhe t\u00eb kem shpres\u00eb e duroj , p\u00ebrve\u00e7 se me","robots":{"index":"index","follow":"follow","max-snippet":"max-snippet:-1","max-image-preview":"max-image-preview:large","max-video-preview":"max-video-preview:-1"},"canonical":"https:\/\/www.visit-ulcinj.com\/blog\/2017\/02\/05\/nika-qe-nje-lajm-te-jete-plote-bllokada-e-komunes-po-duket-se-ish-e-bereqetshme\/","og_locale":"en_US","og_type":"article","og_title":"Nika: Q\u00eb nj\u00eb lajm t\u00eb jet\u00eb i plot\u00eb: Bllokada e komun\u00ebs po duket se ish e bereqetshme?! - Lajme nga Ulqini","og_description":"Shkruan Muhamet Nika Un\u00eb p\u00ebr vete k\u00ebto pun\u00ebt e bllokimeve t\u00eb pushtetit lokal tashti \u00a0m\u00eb nuk di\u00a0 si t\u2019i shpjegoj \u00a0dhe t\u00eb kem shpres\u00eb e duroj , p\u00ebrve\u00e7 se me","og_url":"https:\/\/www.visit-ulcinj.com\/blog\/2017\/02\/05\/nika-qe-nje-lajm-te-jete-plote-bllokada-e-komunes-po-duket-se-ish-e-bereqetshme\/","og_site_name":"Lajme nga Ulqini","article_published_time":"2017-02-05T12:08:36+00:00","og_image":[{"url":"http:\/\/www.visit-ulcinj.com\/blog\/wp-content\/uploads\/2014\/11\/Muhamet-Nika.jpg"}],"twitter_misc":{"Written by":"ulqini","Est. reading time":"2 minutes"},"schema":{"@context":"https:\/\/schema.org","@graph":[{"@type":"WebSite","@id":"https:\/\/www.visit-ulcinj.com\/blog\/#website","url":"https:\/\/www.visit-ulcinj.com\/blog\/","name":"Lajme nga Ulqini","description":"Lajme,Vijesti,Ulqini,Ulqin,Crna Gora,Mali i Zi","potentialAction":[{"@type":"SearchAction","target":{"@type":"EntryPoint","urlTemplate":"https:\/\/www.visit-ulcinj.com\/blog\/?s={search_term_string}"},"query-input":"required name=search_term_string"}],"inLanguage":"en-US"},{"@type":"ImageObject","inLanguage":"en-US","@id":"https:\/\/www.visit-ulcinj.com\/blog\/2017\/02\/05\/nika-qe-nje-lajm-te-jete-plote-bllokada-e-komunes-po-duket-se-ish-e-bereqetshme\/#primaryimage","url":"https:\/\/www.visit-ulcinj.com\/blog\/wp-content\/uploads\/2014\/11\/Muhamet-Nika.jpg","contentUrl":"https:\/\/www.visit-ulcinj.com\/blog\/wp-content\/uploads\/2014\/11\/Muhamet-Nika.jpg","width":256,"height":319},{"@type":"WebPage","@id":"https:\/\/www.visit-ulcinj.com\/blog\/2017\/02\/05\/nika-qe-nje-lajm-te-jete-plote-bllokada-e-komunes-po-duket-se-ish-e-bereqetshme\/#webpage","url":"https:\/\/www.visit-ulcinj.com\/blog\/2017\/02\/05\/nika-qe-nje-lajm-te-jete-plote-bllokada-e-komunes-po-duket-se-ish-e-bereqetshme\/","name":"Nika: Q\u00eb nj\u00eb lajm t\u00eb jet\u00eb i plot\u00eb: Bllokada e komun\u00ebs po duket se ish e bereqetshme?! - Lajme nga Ulqini","isPartOf":{"@id":"https:\/\/www.visit-ulcinj.com\/blog\/#website"},"primaryImageOfPage":{"@id":"https:\/\/www.visit-ulcinj.com\/blog\/2017\/02\/05\/nika-qe-nje-lajm-te-jete-plote-bllokada-e-komunes-po-duket-se-ish-e-bereqetshme\/#primaryimage"},"datePublished":"2017-02-05T12:08:36+00:00","dateModified":"2017-02-05T12:08:36+00:00","author":{"@id":"https:\/\/www.visit-ulcinj.com\/blog\/#\/schema\/person\/dcab619c614d3038751c63bc2aadc06d"},"description":"Shkruan Muhamet Nika Un\u00eb p\u00ebr vete k\u00ebto pun\u00ebt e bllokimeve t\u00eb pushtetit lokal tashti \u00a0m\u00eb nuk di\u00a0 si t\u2019i shpjegoj \u00a0dhe t\u00eb kem shpres\u00eb e duroj , p\u00ebrve\u00e7 se me","breadcrumb":{"@id":"https:\/\/www.visit-ulcinj.com\/blog\/2017\/02\/05\/nika-qe-nje-lajm-te-jete-plote-bllokada-e-komunes-po-duket-se-ish-e-bereqetshme\/#breadcrumb"},"inLanguage":"en-US","potentialAction":[{"@type":"ReadAction","target":["https:\/\/www.visit-ulcinj.com\/blog\/2017\/02\/05\/nika-qe-nje-lajm-te-jete-plote-bllokada-e-komunes-po-duket-se-ish-e-bereqetshme\/"]}]},{"@type":"BreadcrumbList","@id":"https:\/\/www.visit-ulcinj.com\/blog\/2017\/02\/05\/nika-qe-nje-lajm-te-jete-plote-bllokada-e-komunes-po-duket-se-ish-e-bereqetshme\/#breadcrumb","itemListElement":[{"@type":"ListItem","position":1,"name":"Nika: Q\u00eb nj\u00eb lajm t\u00eb jet\u00eb i plot\u00eb: Bllokada e komun\u00ebs po duket se ish e bereqetshme?!"}]},{"@type":"Person","@id":"https:\/\/www.visit-ulcinj.com\/blog\/#\/schema\/person\/dcab619c614d3038751c63bc2aadc06d","name":"ulqini","sameAs":["http:\/\/www.visit-ulcinj.com"],"url":"https:\/\/www.visit-ulcinj.com\/blog\/author\/admin\/"}]}},"jetpack_featured_media_url":"","jetpack_sharing_enabled":true,"jetpack_shortlink":"https:\/\/wp.me\/pe6lTn-qIN","_links":{"self":[{"href":"https:\/\/www.visit-ulcinj.com\/blog\/wp-json\/wp\/v2\/posts\/102721"}],"collection":[{"href":"https:\/\/www.visit-ulcinj.com\/blog\/wp-json\/wp\/v2\/posts"}],"about":[{"href":"https:\/\/www.visit-ulcinj.com\/blog\/wp-json\/wp\/v2\/types\/post"}],"author":[{"embeddable":true,"href":"https:\/\/www.visit-ulcinj.com\/blog\/wp-json\/wp\/v2\/users\/1"}],"replies":[{"embeddable":true,"href":"https:\/\/www.visit-ulcinj.com\/blog\/wp-json\/wp\/v2\/comments?post=102721"}],"version-history":[{"count":1,"href":"https:\/\/www.visit-ulcinj.com\/blog\/wp-json\/wp\/v2\/posts\/102721\/revisions"}],"predecessor-version":[{"id":102722,"href":"https:\/\/www.visit-ulcinj.com\/blog\/wp-json\/wp\/v2\/posts\/102721\/revisions\/102722"}],"wp:attachment":[{"href":"https:\/\/www.visit-ulcinj.com\/blog\/wp-json\/wp\/v2\/media?parent=102721"}],"wp:term":[{"taxonomy":"category","embeddable":true,"href":"https:\/\/www.visit-ulcinj.com\/blog\/wp-json\/wp\/v2\/categories?post=102721"},{"taxonomy":"post_tag","embeddable":true,"href":"https:\/\/www.visit-ulcinj.com\/blog\/wp-json\/wp\/v2\/tags?post=102721"}],"curies":[{"name":"wp","href":"https:\/\/api.w.org\/{rel}","templated":true}]}}