{"id":102732,"date":"2017-02-06T19:11:55","date_gmt":"2017-02-06T18:11:55","guid":{"rendered":"http:\/\/www.visit-ulcinj.com\/blog\/?p=102732"},"modified":"2017-02-06T19:11:55","modified_gmt":"2017-02-06T18:11:55","slug":"skuadra-e-lirise-ne-fazen-pergatitore-ne-qytetin-bregdetar-te-ulqinit","status":"publish","type":"post","link":"https:\/\/www.visit-ulcinj.com\/blog\/2017\/02\/06\/skuadra-e-lirise-ne-fazen-pergatitore-ne-qytetin-bregdetar-te-ulqinit\/","title":{"rendered":"Skuadra e Liris\u00eb ne faz\u00ebn p\u00ebrgatitore n\u00eb qytetin bregdetar t\u00eb Ulqinit"},"content":{"rendered":"<p><a href=\"http:\/\/www.visit-ulcinj.com\/blog\/wp-content\/uploads\/2017\/02\/Skuadra-e-Liris\u00eb.jpg\"><img loading=\"lazy\" class=\"alignleft wp-image-102733\" src=\"http:\/\/www.visit-ulcinj.com\/blog\/wp-content\/uploads\/2017\/02\/Skuadra-e-Liris\u00eb.jpg\" alt=\"Skuadra e Liris\u00eb\" width=\"508\" height=\"380\" srcset=\"https:\/\/www.visit-ulcinj.com\/blog\/wp-content\/uploads\/2017\/02\/Skuadra-e-Liris\u00eb.jpg 696w, https:\/\/www.visit-ulcinj.com\/blog\/wp-content\/uploads\/2017\/02\/Skuadra-e-Liris\u00eb-300x225.jpg 300w\" sizes=\"(max-width: 508px) 100vw, 508px\" \/><\/a>Skuadra e Liris\u00eb\u00a0\u00ebsht\u00eb zhvendosur n\u00eb qytetin bregdetar t\u00eb Ulqinit p\u00ebr t\u00eb vijuar me faz\u00ebn p\u00ebrgatitore para fillimit t\u00eb stinorit pranveror.<\/p>\n<p>Bardh e zinjt\u00eb tashm\u00eb kan\u00eb aranzhuar edhe disa duele kontrolluese.\u00a0E para n\u00eb program \u00ebsht\u00eb me klubin Zeta, q\u00eb luhet me 8 shkurt. M\u00eb 10 shkurt, Liria do t\u00eb luaj me Deqiqin, kurse me 12 shkurt me Otranton, p\u00ebrcjell\u00eb Gazetasheshi.com.<\/p>\n<p>Liria duelin e par\u00eb n\u00eb stinorin pranveror do ta zhvilloj\u00eb p\u00ebrball\u00eb Bashkimit t\u00eb Koretinit n\u00eb kuad\u00ebr t\u00eb DigitAlb Kup\u00ebs s\u00eb Koso\u00ebs.<\/p>\n<p>Infokusi<\/p>\n","protected":false},"excerpt":{"rendered":"<p>Skuadra e Liris\u00eb\u00a0\u00ebsht\u00eb zhvendosur n\u00eb qytetin bregdetar t\u00eb Ulqinit p\u00ebr t\u00eb vijuar me faz\u00ebn p\u00ebrgatitore para fillimit t\u00eb stinorit pranveror. Bardh e zinjt\u00eb tashm\u00eb kan\u00eb aranzhuar edhe disa duele kontrolluese.\u00a0E para n\u00eb program \u00ebsht\u00eb me klubin Zeta, q\u00eb luhet me 8 shkurt. M\u00eb 10 shkurt, Liria do t\u00eb luaj me Deqiqin, kurse me 12 shkurt [&hellip;]<\/p>\n","protected":false},"author":1,"featured_media":0,"comment_status":"closed","ping_status":"closed","sticky":false,"template":"","format":"standard","meta":{"spay_email":"","jetpack_publicize_message":"","jetpack_is_tweetstorm":false,"jetpack_publicize_feature_enabled":true},"categories":[3],"tags":[],"jetpack_publicize_connections":[],"yoast_head":"<!-- This site is optimized with the Yoast SEO plugin v19.1 - https:\/\/yoast.com\/wordpress\/plugins\/seo\/ -->\n<title>Skuadra e Liris\u00eb ne faz\u00ebn p\u00ebrgatitore n\u00eb qytetin bregdetar t\u00eb Ulqinit - Lajme nga Ulqini<\/title>\n<meta name=\"description\" content=\"Skuadra e Liris\u00eb\u00a0\u00ebsht\u00eb zhvendosur n\u00eb qytetin bregdetar t\u00eb Ulqinit p\u00ebr t\u00eb vijuar me faz\u00ebn p\u00ebrgatitore para fillimit t\u00eb stinorit pranveror. Bardh e zinjt\u00eb\" \/>\n<meta name=\"robots\" content=\"index, follow, max-snippet:-1, max-image-preview:large, max-video-preview:-1\" \/>\n<link rel=\"canonical\" href=\"https:\/\/www.visit-ulcinj.com\/blog\/2017\/02\/06\/skuadra-e-lirise-ne-fazen-pergatitore-ne-qytetin-bregdetar-te-ulqinit\/\" \/>\n<meta property=\"og:locale\" content=\"en_US\" \/>\n<meta property=\"og:type\" content=\"article\" \/>\n<meta property=\"og:title\" content=\"Skuadra e Liris\u00eb ne faz\u00ebn p\u00ebrgatitore n\u00eb qytetin bregdetar t\u00eb Ulqinit - Lajme nga Ulqini\" \/>\n<meta property=\"og:description\" content=\"Skuadra e Liris\u00eb\u00a0\u00ebsht\u00eb zhvendosur n\u00eb qytetin bregdetar t\u00eb Ulqinit p\u00ebr t\u00eb vijuar me faz\u00ebn p\u00ebrgatitore para fillimit t\u00eb stinorit pranveror. Bardh e zinjt\u00eb\" \/>\n<meta property=\"og:url\" content=\"https:\/\/www.visit-ulcinj.com\/blog\/2017\/02\/06\/skuadra-e-lirise-ne-fazen-pergatitore-ne-qytetin-bregdetar-te-ulqinit\/\" \/>\n<meta property=\"og:site_name\" content=\"Lajme nga Ulqini\" \/>\n<meta property=\"article:published_time\" content=\"2017-02-06T18:11:55+00:00\" \/>\n<meta name=\"twitter:label1\" content=\"Written by\" \/>\n\t<meta name=\"twitter:data1\" content=\"ulqini\" \/>\n<script type=\"application\/ld+json\" class=\"yoast-schema-graph\">{\"@context\":\"https:\/\/schema.org\",\"@graph\":[{\"@type\":\"WebSite\",\"@id\":\"https:\/\/www.visit-ulcinj.com\/blog\/#website\",\"url\":\"https:\/\/www.visit-ulcinj.com\/blog\/\",\"name\":\"Lajme nga Ulqini\",\"description\":\"Lajme,Vijesti,Ulqini,Ulqin,Crna Gora,Mali i Zi\",\"potentialAction\":[{\"@type\":\"SearchAction\",\"target\":{\"@type\":\"EntryPoint\",\"urlTemplate\":\"https:\/\/www.visit-ulcinj.com\/blog\/?s={search_term_string}\"},\"query-input\":\"required name=search_term_string\"}],\"inLanguage\":\"en-US\"},{\"@type\":\"WebPage\",\"@id\":\"https:\/\/www.visit-ulcinj.com\/blog\/2017\/02\/06\/skuadra-e-lirise-ne-fazen-pergatitore-ne-qytetin-bregdetar-te-ulqinit\/#webpage\",\"url\":\"https:\/\/www.visit-ulcinj.com\/blog\/2017\/02\/06\/skuadra-e-lirise-ne-fazen-pergatitore-ne-qytetin-bregdetar-te-ulqinit\/\",\"name\":\"Skuadra e Liris\u00eb ne faz\u00ebn p\u00ebrgatitore n\u00eb qytetin bregdetar t\u00eb Ulqinit - Lajme nga Ulqini\",\"isPartOf\":{\"@id\":\"https:\/\/www.visit-ulcinj.com\/blog\/#website\"},\"datePublished\":\"2017-02-06T18:11:55+00:00\",\"dateModified\":\"2017-02-06T18:11:55+00:00\",\"author\":{\"@id\":\"https:\/\/www.visit-ulcinj.com\/blog\/#\/schema\/person\/dcab619c614d3038751c63bc2aadc06d\"},\"description\":\"Skuadra e Liris\u00eb\u00a0\u00ebsht\u00eb zhvendosur n\u00eb qytetin bregdetar t\u00eb Ulqinit p\u00ebr t\u00eb vijuar me faz\u00ebn p\u00ebrgatitore para fillimit t\u00eb stinorit pranveror. Bardh e zinjt\u00eb\",\"breadcrumb\":{\"@id\":\"https:\/\/www.visit-ulcinj.com\/blog\/2017\/02\/06\/skuadra-e-lirise-ne-fazen-pergatitore-ne-qytetin-bregdetar-te-ulqinit\/#breadcrumb\"},\"inLanguage\":\"en-US\",\"potentialAction\":[{\"@type\":\"ReadAction\",\"target\":[\"https:\/\/www.visit-ulcinj.com\/blog\/2017\/02\/06\/skuadra-e-lirise-ne-fazen-pergatitore-ne-qytetin-bregdetar-te-ulqinit\/\"]}]},{\"@type\":\"BreadcrumbList\",\"@id\":\"https:\/\/www.visit-ulcinj.com\/blog\/2017\/02\/06\/skuadra-e-lirise-ne-fazen-pergatitore-ne-qytetin-bregdetar-te-ulqinit\/#breadcrumb\",\"itemListElement\":[{\"@type\":\"ListItem\",\"position\":1,\"name\":\"Skuadra e Liris\u00eb ne faz\u00ebn p\u00ebrgatitore n\u00eb qytetin bregdetar t\u00eb Ulqinit\"}]},{\"@type\":\"Person\",\"@id\":\"https:\/\/www.visit-ulcinj.com\/blog\/#\/schema\/person\/dcab619c614d3038751c63bc2aadc06d\",\"name\":\"ulqini\",\"sameAs\":[\"http:\/\/www.visit-ulcinj.com\"],\"url\":\"https:\/\/www.visit-ulcinj.com\/blog\/author\/admin\/\"}]}<\/script>\n<!-- \/ Yoast SEO plugin. -->","yoast_head_json":{"title":"Skuadra e Liris\u00eb ne faz\u00ebn p\u00ebrgatitore n\u00eb qytetin bregdetar t\u00eb Ulqinit - Lajme nga Ulqini","description":"Skuadra e Liris\u00eb\u00a0\u00ebsht\u00eb zhvendosur n\u00eb qytetin bregdetar t\u00eb Ulqinit p\u00ebr t\u00eb vijuar me faz\u00ebn p\u00ebrgatitore para fillimit t\u00eb stinorit pranveror. Bardh e zinjt\u00eb","robots":{"index":"index","follow":"follow","max-snippet":"max-snippet:-1","max-image-preview":"max-image-preview:large","max-video-preview":"max-video-preview:-1"},"canonical":"https:\/\/www.visit-ulcinj.com\/blog\/2017\/02\/06\/skuadra-e-lirise-ne-fazen-pergatitore-ne-qytetin-bregdetar-te-ulqinit\/","og_locale":"en_US","og_type":"article","og_title":"Skuadra e Liris\u00eb ne faz\u00ebn p\u00ebrgatitore n\u00eb qytetin bregdetar t\u00eb Ulqinit - Lajme nga Ulqini","og_description":"Skuadra e Liris\u00eb\u00a0\u00ebsht\u00eb zhvendosur n\u00eb qytetin bregdetar t\u00eb Ulqinit p\u00ebr t\u00eb vijuar me faz\u00ebn p\u00ebrgatitore para fillimit t\u00eb stinorit pranveror. Bardh e zinjt\u00eb","og_url":"https:\/\/www.visit-ulcinj.com\/blog\/2017\/02\/06\/skuadra-e-lirise-ne-fazen-pergatitore-ne-qytetin-bregdetar-te-ulqinit\/","og_site_name":"Lajme nga Ulqini","article_published_time":"2017-02-06T18:11:55+00:00","twitter_misc":{"Written by":"ulqini"},"schema":{"@context":"https:\/\/schema.org","@graph":[{"@type":"WebSite","@id":"https:\/\/www.visit-ulcinj.com\/blog\/#website","url":"https:\/\/www.visit-ulcinj.com\/blog\/","name":"Lajme nga Ulqini","description":"Lajme,Vijesti,Ulqini,Ulqin,Crna Gora,Mali i Zi","potentialAction":[{"@type":"SearchAction","target":{"@type":"EntryPoint","urlTemplate":"https:\/\/www.visit-ulcinj.com\/blog\/?s={search_term_string}"},"query-input":"required name=search_term_string"}],"inLanguage":"en-US"},{"@type":"WebPage","@id":"https:\/\/www.visit-ulcinj.com\/blog\/2017\/02\/06\/skuadra-e-lirise-ne-fazen-pergatitore-ne-qytetin-bregdetar-te-ulqinit\/#webpage","url":"https:\/\/www.visit-ulcinj.com\/blog\/2017\/02\/06\/skuadra-e-lirise-ne-fazen-pergatitore-ne-qytetin-bregdetar-te-ulqinit\/","name":"Skuadra e Liris\u00eb ne faz\u00ebn p\u00ebrgatitore n\u00eb qytetin bregdetar t\u00eb Ulqinit - Lajme nga Ulqini","isPartOf":{"@id":"https:\/\/www.visit-ulcinj.com\/blog\/#website"},"datePublished":"2017-02-06T18:11:55+00:00","dateModified":"2017-02-06T18:11:55+00:00","author":{"@id":"https:\/\/www.visit-ulcinj.com\/blog\/#\/schema\/person\/dcab619c614d3038751c63bc2aadc06d"},"description":"Skuadra e Liris\u00eb\u00a0\u00ebsht\u00eb zhvendosur n\u00eb qytetin bregdetar t\u00eb Ulqinit p\u00ebr t\u00eb vijuar me faz\u00ebn p\u00ebrgatitore para fillimit t\u00eb stinorit pranveror. Bardh e zinjt\u00eb","breadcrumb":{"@id":"https:\/\/www.visit-ulcinj.com\/blog\/2017\/02\/06\/skuadra-e-lirise-ne-fazen-pergatitore-ne-qytetin-bregdetar-te-ulqinit\/#breadcrumb"},"inLanguage":"en-US","potentialAction":[{"@type":"ReadAction","target":["https:\/\/www.visit-ulcinj.com\/blog\/2017\/02\/06\/skuadra-e-lirise-ne-fazen-pergatitore-ne-qytetin-bregdetar-te-ulqinit\/"]}]},{"@type":"BreadcrumbList","@id":"https:\/\/www.visit-ulcinj.com\/blog\/2017\/02\/06\/skuadra-e-lirise-ne-fazen-pergatitore-ne-qytetin-bregdetar-te-ulqinit\/#breadcrumb","itemListElement":[{"@type":"ListItem","position":1,"name":"Skuadra e Liris\u00eb ne faz\u00ebn p\u00ebrgatitore n\u00eb qytetin bregdetar t\u00eb Ulqinit"}]},{"@type":"Person","@id":"https:\/\/www.visit-ulcinj.com\/blog\/#\/schema\/person\/dcab619c614d3038751c63bc2aadc06d","name":"ulqini","sameAs":["http:\/\/www.visit-ulcinj.com"],"url":"https:\/\/www.visit-ulcinj.com\/blog\/author\/admin\/"}]}},"jetpack_featured_media_url":"","jetpack_sharing_enabled":true,"jetpack_shortlink":"https:\/\/wp.me\/pe6lTn-qIY","_links":{"self":[{"href":"https:\/\/www.visit-ulcinj.com\/blog\/wp-json\/wp\/v2\/posts\/102732"}],"collection":[{"href":"https:\/\/www.visit-ulcinj.com\/blog\/wp-json\/wp\/v2\/posts"}],"about":[{"href":"https:\/\/www.visit-ulcinj.com\/blog\/wp-json\/wp\/v2\/types\/post"}],"author":[{"embeddable":true,"href":"https:\/\/www.visit-ulcinj.com\/blog\/wp-json\/wp\/v2\/users\/1"}],"replies":[{"embeddable":true,"href":"https:\/\/www.visit-ulcinj.com\/blog\/wp-json\/wp\/v2\/comments?post=102732"}],"version-history":[{"count":1,"href":"https:\/\/www.visit-ulcinj.com\/blog\/wp-json\/wp\/v2\/posts\/102732\/revisions"}],"predecessor-version":[{"id":102734,"href":"https:\/\/www.visit-ulcinj.com\/blog\/wp-json\/wp\/v2\/posts\/102732\/revisions\/102734"}],"wp:attachment":[{"href":"https:\/\/www.visit-ulcinj.com\/blog\/wp-json\/wp\/v2\/media?parent=102732"}],"wp:term":[{"taxonomy":"category","embeddable":true,"href":"https:\/\/www.visit-ulcinj.com\/blog\/wp-json\/wp\/v2\/categories?post=102732"},{"taxonomy":"post_tag","embeddable":true,"href":"https:\/\/www.visit-ulcinj.com\/blog\/wp-json\/wp\/v2\/tags?post=102732"}],"curies":[{"name":"wp","href":"https:\/\/api.w.org\/{rel}","templated":true}]}}