{"id":102741,"date":"2017-02-07T08:49:30","date_gmt":"2017-02-07T07:49:30","guid":{"rendered":"http:\/\/www.visit-ulcinj.com\/blog\/?p=102741"},"modified":"2017-02-08T15:26:37","modified_gmt":"2017-02-08T14:26:37","slug":"cungu-takohet-drjetorin-e-hotelit-mediteran-z-novak-bojaniq","status":"publish","type":"post","link":"https:\/\/www.visit-ulcinj.com\/blog\/2017\/02\/07\/cungu-takohet-drjetorin-e-hotelit-mediteran-z-novak-bojaniq\/","title":{"rendered":"Cungu takohet me drjetorin e hotelit \u201cMediteran\u201d z. Novak Bojaniq"},"content":{"rendered":"<p><strong><a href=\"http:\/\/www.visit-ulcinj.com\/blog\/wp-content\/uploads\/2017\/02\/Novak-Bojanic-Nazif-Cungu.jpg\"><img loading=\"lazy\" class=\"alignleft wp-image-102742\" src=\"http:\/\/www.visit-ulcinj.com\/blog\/wp-content\/uploads\/2017\/02\/Novak-Bojanic-Nazif-Cungu.jpg\" alt=\"Novak Bojanic-Nazif Cungu\" width=\"508\" height=\"336\" srcset=\"https:\/\/www.visit-ulcinj.com\/blog\/wp-content\/uploads\/2017\/02\/Novak-Bojanic-Nazif-Cungu.jpg 933w, https:\/\/www.visit-ulcinj.com\/blog\/wp-content\/uploads\/2017\/02\/Novak-Bojanic-Nazif-Cungu-300x199.jpg 300w, https:\/\/www.visit-ulcinj.com\/blog\/wp-content\/uploads\/2017\/02\/Novak-Bojanic-Nazif-Cungu-768x509.jpg 768w\" sizes=\"(max-width: 508px) 100vw, 508px\" \/><\/a>Kryetari Cungu takohet me drjetorin e hotelit \u201cMediteran\u201d z. Novak Bojaniq<\/strong><\/p>\n<p>Kryetari i Komun\u00ebs s\u00eb Ulqinit Nazif Cungu me bashk\u00ebpun\u00ebtor\u00eb u takua me drejtorin e hotelit Mediteran Novak Bojaniq. N\u00eb takim \u00ebsht\u00eb diskutuar p\u00ebr nj\u00eb s\u00ebr\u00eb \u00e7\u00ebshtjesh m\u00eb r\u00ebnd\u00ebsi p\u00ebr ofert\u00ebn turistike t\u00eb qytetit ton\u00eb.<\/p>\n<p>Drejtori Bojaniq njoftoi kryetarin Cungu me projektin ideor\u00eb t\u00eb rekonstruimit t\u00eb hotelit i cili momentalisht gjendet n\u00eb faz\u00ebn e kompletimit t\u00eb dokumentacionit t\u00eb nevojsh\u00ebm p\u00ebr marrjen e lejes t\u00eb nd\u00ebrtimit. Kryetari Cungu u shpreh i gatsh\u00ebm t\u00eb ndimoj\u00eb k\u00ebt\u00eb projekt dhe shtoi q\u00eb s\u00ebshpejti do t\u00eb inicoj\u00eb nj\u00eb takim me p\u00ebrfaq\u00ebsuesit e Ministris\u00eb p\u00ebr Zhvillim t\u00eb Qendruesh\u00ebm dhe Turiz\u00ebm m\u00eb q\u00ebllim t\u00eb p\u00ebrshpejtimit t\u00eb procedur\u00ebs.<\/p>\n<p>N\u00eb takim \u00ebsht\u00eb b\u00ebr\u00eb poashtu fjal\u00eb p\u00ebr problemin me t\u00eb cilin ballafaqohet hoteli Mediteran dhe gjith\u00eb punonj\u00ebsit\u00eb tjer\u00eb turistik lidhur me mung\u00ebs\u00ebn e fuqis\u00eb pun\u00ebtor\u00eb n\u00eb sektorin e turizmit. Kryetari Cungu tha se Ulqini i cili dikur ishte qend\u00ebr rajonale p\u00ebrsa i p\u00ebrket kuadrove t\u00eb kualifikuar p\u00ebr turiz\u00ebm, tani gjendet n\u00eb nj\u00eb situat\u00eb totalisht t\u00eb kund\u00ebrt, dhe se duhet nd\u00ebrmarr masa p\u00ebr p\u00ebrmir\u00ebsimin e gjendjes.<\/p>\n<p>\u00cbsht\u00eb r\u00ebn\u00eb dakord q\u00eb Komuna s\u00eb bashku me hotelin Mediteran t\u00eb inicoj projektin e hapjes s\u00eb shkoll\u00ebs t\u00eb formimit profesional dhe rikualifikimit t\u00eb kuadrove n\u00eb sektorin hotelieri \u2013 turiz\u00ebm. Komuna do t\u00eb ndikoj\u00eb t\u00eb Ministria e Arsimit dhe afarist\u00ebt lokal q\u00eb edhe ato t\u00eb ky\u00e7en n\u00eb k\u00ebt\u00eb projekti, q\u00eb realizimi i tij t\u00eb filloj\u00eb m\u00eb s\u00eb voni deri n\u00eb fund t\u00eb vitit.<\/p>\n<p>N\u00eb takim \u00ebsht\u00eb p\u00ebrmendur edhe problemi i hap\u00ebsir\u00ebs p\u00ebr parkim, mbajtjen e q\u00ebt\u00ebsis\u00eb publike dhe rendit dhe sfidave t\u00eb cilat ndikojn\u00eb n\u00eb mbarvajtjen e sezonit turistik.<\/p>\n<p><a href=\"http:\/\/www.visit-ulcinj.com\/blog\/wp-content\/uploads\/2017\/02\/Novak-Bojanic-Nazif-Cungu-1.jpg\"><img loading=\"lazy\" class=\"alignleft wp-image-102743\" src=\"http:\/\/www.visit-ulcinj.com\/blog\/wp-content\/uploads\/2017\/02\/Novak-Bojanic-Nazif-Cungu-1.jpg\" alt=\"Novak Bojanic-Nazif Cungu-1\" width=\"508\" height=\"336\" srcset=\"https:\/\/www.visit-ulcinj.com\/blog\/wp-content\/uploads\/2017\/02\/Novak-Bojanic-Nazif-Cungu-1.jpg 933w, https:\/\/www.visit-ulcinj.com\/blog\/wp-content\/uploads\/2017\/02\/Novak-Bojanic-Nazif-Cungu-1-300x199.jpg 300w, https:\/\/www.visit-ulcinj.com\/blog\/wp-content\/uploads\/2017\/02\/Novak-Bojanic-Nazif-Cungu-1-768x509.jpg 768w\" sizes=\"(max-width: 508px) 100vw, 508px\" \/><\/a> <a href=\"http:\/\/www.visit-ulcinj.com\/blog\/wp-content\/uploads\/2017\/02\/Novak-Bojanic-Nazif-Cungu-2.jpg\"><img loading=\"lazy\" class=\"alignleft wp-image-102744\" src=\"http:\/\/www.visit-ulcinj.com\/blog\/wp-content\/uploads\/2017\/02\/Novak-Bojanic-Nazif-Cungu-2.jpg\" alt=\"Novak Bojanic-Nazif Cungu-2\" width=\"508\" height=\"336\" srcset=\"https:\/\/www.visit-ulcinj.com\/blog\/wp-content\/uploads\/2017\/02\/Novak-Bojanic-Nazif-Cungu-2.jpg 933w, https:\/\/www.visit-ulcinj.com\/blog\/wp-content\/uploads\/2017\/02\/Novak-Bojanic-Nazif-Cungu-2-300x199.jpg 300w, https:\/\/www.visit-ulcinj.com\/blog\/wp-content\/uploads\/2017\/02\/Novak-Bojanic-Nazif-Cungu-2-768x509.jpg 768w\" sizes=\"(max-width: 508px) 100vw, 508px\" \/><\/a><\/p>\n","protected":false},"excerpt":{"rendered":"<p>Kryetari Cungu takohet me drjetorin e hotelit \u201cMediteran\u201d z. Novak Bojaniq Kryetari i Komun\u00ebs s\u00eb Ulqinit Nazif Cungu me bashk\u00ebpun\u00ebtor\u00eb u takua me drejtorin e hotelit Mediteran Novak Bojaniq. N\u00eb takim \u00ebsht\u00eb diskutuar p\u00ebr nj\u00eb s\u00ebr\u00eb \u00e7\u00ebshtjesh m\u00eb r\u00ebnd\u00ebsi p\u00ebr ofert\u00ebn turistike t\u00eb qytetit ton\u00eb. Drejtori Bojaniq njoftoi kryetarin Cungu me projektin ideor\u00eb t\u00eb rekonstruimit [&hellip;]<\/p>\n","protected":false},"author":1,"featured_media":0,"comment_status":"closed","ping_status":"closed","sticky":false,"template":"","format":"standard","meta":{"spay_email":"","jetpack_publicize_message":"","jetpack_is_tweetstorm":false,"jetpack_publicize_feature_enabled":true},"categories":[10,1],"tags":[],"jetpack_publicize_connections":[],"yoast_head":"<!-- This site is optimized with the Yoast SEO plugin v19.1 - https:\/\/yoast.com\/wordpress\/plugins\/seo\/ -->\n<title>Cungu takohet me drjetorin e hotelit \u201cMediteran\u201d z. Novak Bojaniq - Lajme nga Ulqini<\/title>\n<meta name=\"description\" content=\"Kryetari Cungu takohet me drjetorin e hotelit \u201cMediteran\u201d z. Novak Bojaniq Kryetari i Komun\u00ebs s\u00eb Ulqinit Nazif Cungu me bashk\u00ebpun\u00ebtor\u00eb u takua me\" \/>\n<meta name=\"robots\" content=\"index, follow, max-snippet:-1, max-image-preview:large, max-video-preview:-1\" \/>\n<link rel=\"canonical\" href=\"https:\/\/www.visit-ulcinj.com\/blog\/2017\/02\/07\/cungu-takohet-drjetorin-e-hotelit-mediteran-z-novak-bojaniq\/\" \/>\n<meta property=\"og:locale\" content=\"en_US\" \/>\n<meta property=\"og:type\" content=\"article\" \/>\n<meta property=\"og:title\" content=\"Cungu takohet me drjetorin e hotelit \u201cMediteran\u201d z. Novak Bojaniq - Lajme nga Ulqini\" \/>\n<meta property=\"og:description\" content=\"Kryetari Cungu takohet me drjetorin e hotelit \u201cMediteran\u201d z. Novak Bojaniq Kryetari i Komun\u00ebs s\u00eb Ulqinit Nazif Cungu me bashk\u00ebpun\u00ebtor\u00eb u takua me\" \/>\n<meta property=\"og:url\" content=\"https:\/\/www.visit-ulcinj.com\/blog\/2017\/02\/07\/cungu-takohet-drjetorin-e-hotelit-mediteran-z-novak-bojaniq\/\" \/>\n<meta property=\"og:site_name\" content=\"Lajme nga Ulqini\" \/>\n<meta property=\"article:published_time\" content=\"2017-02-07T07:49:30+00:00\" \/>\n<meta property=\"article:modified_time\" content=\"2017-02-08T14:26:37+00:00\" \/>\n<meta property=\"og:image\" content=\"http:\/\/www.visit-ulcinj.com\/blog\/wp-content\/uploads\/2017\/02\/Novak-Bojanic-Nazif-Cungu.jpg\" \/>\n<meta name=\"twitter:label1\" content=\"Written by\" \/>\n\t<meta name=\"twitter:data1\" content=\"ulqini\" \/>\n\t<meta name=\"twitter:label2\" content=\"Est. reading time\" \/>\n\t<meta name=\"twitter:data2\" content=\"2 minutes\" \/>\n<script type=\"application\/ld+json\" class=\"yoast-schema-graph\">{\"@context\":\"https:\/\/schema.org\",\"@graph\":[{\"@type\":\"WebSite\",\"@id\":\"https:\/\/www.visit-ulcinj.com\/blog\/#website\",\"url\":\"https:\/\/www.visit-ulcinj.com\/blog\/\",\"name\":\"Lajme nga Ulqini\",\"description\":\"Lajme,Vijesti,Ulqini,Ulqin,Crna Gora,Mali i Zi\",\"potentialAction\":[{\"@type\":\"SearchAction\",\"target\":{\"@type\":\"EntryPoint\",\"urlTemplate\":\"https:\/\/www.visit-ulcinj.com\/blog\/?s={search_term_string}\"},\"query-input\":\"required name=search_term_string\"}],\"inLanguage\":\"en-US\"},{\"@type\":\"ImageObject\",\"inLanguage\":\"en-US\",\"@id\":\"https:\/\/www.visit-ulcinj.com\/blog\/2017\/02\/07\/cungu-takohet-drjetorin-e-hotelit-mediteran-z-novak-bojaniq\/#primaryimage\",\"url\":\"https:\/\/www.visit-ulcinj.com\/blog\/wp-content\/uploads\/2017\/02\/Novak-Bojanic-Nazif-Cungu.jpg\",\"contentUrl\":\"https:\/\/www.visit-ulcinj.com\/blog\/wp-content\/uploads\/2017\/02\/Novak-Bojanic-Nazif-Cungu.jpg\",\"width\":933,\"height\":618},{\"@type\":\"WebPage\",\"@id\":\"https:\/\/www.visit-ulcinj.com\/blog\/2017\/02\/07\/cungu-takohet-drjetorin-e-hotelit-mediteran-z-novak-bojaniq\/#webpage\",\"url\":\"https:\/\/www.visit-ulcinj.com\/blog\/2017\/02\/07\/cungu-takohet-drjetorin-e-hotelit-mediteran-z-novak-bojaniq\/\",\"name\":\"Cungu takohet me drjetorin e hotelit \u201cMediteran\u201d z. Novak Bojaniq - Lajme nga Ulqini\",\"isPartOf\":{\"@id\":\"https:\/\/www.visit-ulcinj.com\/blog\/#website\"},\"primaryImageOfPage\":{\"@id\":\"https:\/\/www.visit-ulcinj.com\/blog\/2017\/02\/07\/cungu-takohet-drjetorin-e-hotelit-mediteran-z-novak-bojaniq\/#primaryimage\"},\"datePublished\":\"2017-02-07T07:49:30+00:00\",\"dateModified\":\"2017-02-08T14:26:37+00:00\",\"author\":{\"@id\":\"https:\/\/www.visit-ulcinj.com\/blog\/#\/schema\/person\/dcab619c614d3038751c63bc2aadc06d\"},\"description\":\"Kryetari Cungu takohet me drjetorin e hotelit \u201cMediteran\u201d z. Novak Bojaniq Kryetari i Komun\u00ebs s\u00eb Ulqinit Nazif Cungu me bashk\u00ebpun\u00ebtor\u00eb u takua me\",\"breadcrumb\":{\"@id\":\"https:\/\/www.visit-ulcinj.com\/blog\/2017\/02\/07\/cungu-takohet-drjetorin-e-hotelit-mediteran-z-novak-bojaniq\/#breadcrumb\"},\"inLanguage\":\"en-US\",\"potentialAction\":[{\"@type\":\"ReadAction\",\"target\":[\"https:\/\/www.visit-ulcinj.com\/blog\/2017\/02\/07\/cungu-takohet-drjetorin-e-hotelit-mediteran-z-novak-bojaniq\/\"]}]},{\"@type\":\"BreadcrumbList\",\"@id\":\"https:\/\/www.visit-ulcinj.com\/blog\/2017\/02\/07\/cungu-takohet-drjetorin-e-hotelit-mediteran-z-novak-bojaniq\/#breadcrumb\",\"itemListElement\":[{\"@type\":\"ListItem\",\"position\":1,\"name\":\"Cungu takohet me drjetorin e hotelit \u201cMediteran\u201d z. Novak Bojaniq\"}]},{\"@type\":\"Person\",\"@id\":\"https:\/\/www.visit-ulcinj.com\/blog\/#\/schema\/person\/dcab619c614d3038751c63bc2aadc06d\",\"name\":\"ulqini\",\"sameAs\":[\"http:\/\/www.visit-ulcinj.com\"],\"url\":\"https:\/\/www.visit-ulcinj.com\/blog\/author\/admin\/\"}]}<\/script>\n<!-- \/ Yoast SEO plugin. -->","yoast_head_json":{"title":"Cungu takohet me drjetorin e hotelit \u201cMediteran\u201d z. Novak Bojaniq - Lajme nga Ulqini","description":"Kryetari Cungu takohet me drjetorin e hotelit \u201cMediteran\u201d z. Novak Bojaniq Kryetari i Komun\u00ebs s\u00eb Ulqinit Nazif Cungu me bashk\u00ebpun\u00ebtor\u00eb u takua me","robots":{"index":"index","follow":"follow","max-snippet":"max-snippet:-1","max-image-preview":"max-image-preview:large","max-video-preview":"max-video-preview:-1"},"canonical":"https:\/\/www.visit-ulcinj.com\/blog\/2017\/02\/07\/cungu-takohet-drjetorin-e-hotelit-mediteran-z-novak-bojaniq\/","og_locale":"en_US","og_type":"article","og_title":"Cungu takohet me drjetorin e hotelit \u201cMediteran\u201d z. Novak Bojaniq - Lajme nga Ulqini","og_description":"Kryetari Cungu takohet me drjetorin e hotelit \u201cMediteran\u201d z. Novak Bojaniq Kryetari i Komun\u00ebs s\u00eb Ulqinit Nazif Cungu me bashk\u00ebpun\u00ebtor\u00eb u takua me","og_url":"https:\/\/www.visit-ulcinj.com\/blog\/2017\/02\/07\/cungu-takohet-drjetorin-e-hotelit-mediteran-z-novak-bojaniq\/","og_site_name":"Lajme nga Ulqini","article_published_time":"2017-02-07T07:49:30+00:00","article_modified_time":"2017-02-08T14:26:37+00:00","og_image":[{"url":"http:\/\/www.visit-ulcinj.com\/blog\/wp-content\/uploads\/2017\/02\/Novak-Bojanic-Nazif-Cungu.jpg"}],"twitter_misc":{"Written by":"ulqini","Est. reading time":"2 minutes"},"schema":{"@context":"https:\/\/schema.org","@graph":[{"@type":"WebSite","@id":"https:\/\/www.visit-ulcinj.com\/blog\/#website","url":"https:\/\/www.visit-ulcinj.com\/blog\/","name":"Lajme nga Ulqini","description":"Lajme,Vijesti,Ulqini,Ulqin,Crna Gora,Mali i Zi","potentialAction":[{"@type":"SearchAction","target":{"@type":"EntryPoint","urlTemplate":"https:\/\/www.visit-ulcinj.com\/blog\/?s={search_term_string}"},"query-input":"required name=search_term_string"}],"inLanguage":"en-US"},{"@type":"ImageObject","inLanguage":"en-US","@id":"https:\/\/www.visit-ulcinj.com\/blog\/2017\/02\/07\/cungu-takohet-drjetorin-e-hotelit-mediteran-z-novak-bojaniq\/#primaryimage","url":"https:\/\/www.visit-ulcinj.com\/blog\/wp-content\/uploads\/2017\/02\/Novak-Bojanic-Nazif-Cungu.jpg","contentUrl":"https:\/\/www.visit-ulcinj.com\/blog\/wp-content\/uploads\/2017\/02\/Novak-Bojanic-Nazif-Cungu.jpg","width":933,"height":618},{"@type":"WebPage","@id":"https:\/\/www.visit-ulcinj.com\/blog\/2017\/02\/07\/cungu-takohet-drjetorin-e-hotelit-mediteran-z-novak-bojaniq\/#webpage","url":"https:\/\/www.visit-ulcinj.com\/blog\/2017\/02\/07\/cungu-takohet-drjetorin-e-hotelit-mediteran-z-novak-bojaniq\/","name":"Cungu takohet me drjetorin e hotelit \u201cMediteran\u201d z. Novak Bojaniq - Lajme nga Ulqini","isPartOf":{"@id":"https:\/\/www.visit-ulcinj.com\/blog\/#website"},"primaryImageOfPage":{"@id":"https:\/\/www.visit-ulcinj.com\/blog\/2017\/02\/07\/cungu-takohet-drjetorin-e-hotelit-mediteran-z-novak-bojaniq\/#primaryimage"},"datePublished":"2017-02-07T07:49:30+00:00","dateModified":"2017-02-08T14:26:37+00:00","author":{"@id":"https:\/\/www.visit-ulcinj.com\/blog\/#\/schema\/person\/dcab619c614d3038751c63bc2aadc06d"},"description":"Kryetari Cungu takohet me drjetorin e hotelit \u201cMediteran\u201d z. Novak Bojaniq Kryetari i Komun\u00ebs s\u00eb Ulqinit Nazif Cungu me bashk\u00ebpun\u00ebtor\u00eb u takua me","breadcrumb":{"@id":"https:\/\/www.visit-ulcinj.com\/blog\/2017\/02\/07\/cungu-takohet-drjetorin-e-hotelit-mediteran-z-novak-bojaniq\/#breadcrumb"},"inLanguage":"en-US","potentialAction":[{"@type":"ReadAction","target":["https:\/\/www.visit-ulcinj.com\/blog\/2017\/02\/07\/cungu-takohet-drjetorin-e-hotelit-mediteran-z-novak-bojaniq\/"]}]},{"@type":"BreadcrumbList","@id":"https:\/\/www.visit-ulcinj.com\/blog\/2017\/02\/07\/cungu-takohet-drjetorin-e-hotelit-mediteran-z-novak-bojaniq\/#breadcrumb","itemListElement":[{"@type":"ListItem","position":1,"name":"Cungu takohet me drjetorin e hotelit \u201cMediteran\u201d z. Novak Bojaniq"}]},{"@type":"Person","@id":"https:\/\/www.visit-ulcinj.com\/blog\/#\/schema\/person\/dcab619c614d3038751c63bc2aadc06d","name":"ulqini","sameAs":["http:\/\/www.visit-ulcinj.com"],"url":"https:\/\/www.visit-ulcinj.com\/blog\/author\/admin\/"}]}},"jetpack_featured_media_url":"","jetpack_sharing_enabled":true,"jetpack_shortlink":"https:\/\/wp.me\/pe6lTn-qJ7","_links":{"self":[{"href":"https:\/\/www.visit-ulcinj.com\/blog\/wp-json\/wp\/v2\/posts\/102741"}],"collection":[{"href":"https:\/\/www.visit-ulcinj.com\/blog\/wp-json\/wp\/v2\/posts"}],"about":[{"href":"https:\/\/www.visit-ulcinj.com\/blog\/wp-json\/wp\/v2\/types\/post"}],"author":[{"embeddable":true,"href":"https:\/\/www.visit-ulcinj.com\/blog\/wp-json\/wp\/v2\/users\/1"}],"replies":[{"embeddable":true,"href":"https:\/\/www.visit-ulcinj.com\/blog\/wp-json\/wp\/v2\/comments?post=102741"}],"version-history":[{"count":1,"href":"https:\/\/www.visit-ulcinj.com\/blog\/wp-json\/wp\/v2\/posts\/102741\/revisions"}],"predecessor-version":[{"id":102745,"href":"https:\/\/www.visit-ulcinj.com\/blog\/wp-json\/wp\/v2\/posts\/102741\/revisions\/102745"}],"wp:attachment":[{"href":"https:\/\/www.visit-ulcinj.com\/blog\/wp-json\/wp\/v2\/media?parent=102741"}],"wp:term":[{"taxonomy":"category","embeddable":true,"href":"https:\/\/www.visit-ulcinj.com\/blog\/wp-json\/wp\/v2\/categories?post=102741"},{"taxonomy":"post_tag","embeddable":true,"href":"https:\/\/www.visit-ulcinj.com\/blog\/wp-json\/wp\/v2\/tags?post=102741"}],"curies":[{"name":"wp","href":"https:\/\/api.w.org\/{rel}","templated":true}]}}