{"id":10275,"date":"2009-02-01T16:35:22","date_gmt":"2009-02-01T15:35:22","guid":{"rendered":"http:\/\/www.visit-ulcinj.com\/blog\/?p=10275"},"modified":"2009-02-04T17:45:10","modified_gmt":"2009-02-04T16:45:10","slug":"puntoret-nga-kosova-ne-ulqin-me-leje-pune","status":"publish","type":"post","link":"https:\/\/www.visit-ulcinj.com\/blog\/2009\/02\/01\/puntoret-nga-kosova-ne-ulqin-me-leje-pune\/","title":{"rendered":"Puntor\u00ebt nga Kosova n\u00eb Ulqin me leje pune"},"content":{"rendered":"<p><strong><a rel=\"attachment wp-att-10276\" href=\"http:\/\/www.visit-ulcinj.com\/blog\/2009\/02\/01\/puntoret-nga-kosova-ne-ulqin-me-leje-pune\/unija_pcg_leje-per-pun\/\"><img loading=\"lazy\" class=\"alignleft size-full wp-image-10276\" title=\"unija_pcg_leje-per-pun\" src=\"http:\/\/www.visit-ulcinj.com\/blog\/wp-content\/uploads\/2009\/02\/unija_pcg_leje-per-pun.jpg\" alt=\"unija_pcg_leje-per-pun\" width=\"247\" height=\"329\" \/><\/a>Qytetar\u00ebt e Republik\u00ebs s\u00eb Kosov\u00ebs, n\u00ebse d\u00ebshirojn\u00eb t\u00eb punojn\u00eb n\u00eb Ulqin apo n\u00eb ndonj\u00eb qytet tjet\u00ebr t\u00eb Malit t\u00eb Zi, duhet t\u00eb pajisen me leje adekuate<\/strong><br \/>\nKrijimi i shteteve t\u00eb reja t\u00eb pavarura, t\u00eb dala nga ishshteti jugosllav, ka sjell\u00eb norma t\u00eb tjera ligjore edhe n\u00eb fush\u00ebn e pun\u00ebsimit. Edhe n\u00eb Mal t\u00eb Zi ka hyr\u00eb n\u00eb fuqi obligimi ligjor p\u00ebr pajisen e personave jorezident\u00eb me leje p\u00ebrkat\u00ebse pune. K\u00ebshtu tha t\u00eb shtun\u00ebn Hasan Gjoni, zyrtari m\u00eb i lart\u00eb nga radh\u00ebt e shqiptar\u00ebve n\u00eb k\u00ebt\u00eb vend n\u00eb Entin e Pun\u00ebsimit Shtet\u00ebror t\u00eb Malit t\u00eb Zi p\u00ebr komun\u00ebn e Ulqinit. &#8220;Normalisht, sikund\u00ebr t\u00eb gjith\u00eb shtetasit e huaj, ashtu edhe qytetar\u00ebt e Republik\u00ebs s\u00eb Kosov\u00ebs, t\u00eb cil\u00ebn, si\u00e7 dihet, e ka njohur Podgorica, n\u00ebse d\u00ebshirojn\u00eb t\u00eb punojn\u00eb n\u00eb Ulqin apo n\u00eb ndonj\u00eb qytet tjet\u00ebr t\u00eb Malit t\u00eb Zi, duhet t\u00eb pajisen me leje adekuate&#8221;, tha Gjoni. Ai shton se k\u00ebrkes\u00ebn p\u00ebr vend pune n\u00eb Ent e paraqet pun\u00ebdh\u00ebn\u00ebsi &#8220;&#8230;dhe ne si institucion p\u00ebrkat\u00ebs shpallim konkursin, ku paraqiten kandidat\u00ebt, sigurisht se p\u00ebrpar\u00ebsi u jepet atyre vendor\u00eb&#8221;. &#8220;Kjo form\u00eb e pun\u00ebsimit edhe p\u00ebr njer\u00ebzit nga shtetet e tjera, \u00ebsht\u00eb m\u00eb efikase, qoft\u00eb p\u00ebr pun\u00ebdh\u00ebn\u00ebsin, apo pun\u00ebmarr\u00ebsin q\u00eb t\u00eb p\u00ebrmbushin detyrimet e p\u00ebrcaktuara me kontrat\u00eb&#8221;, thot\u00eb ai. N\u00eb Malin t\u00eb Zi, vitin 2008 n\u00eb cil\u00ebsin\u00eb e t\u00eb pun\u00ebsuarve si jorezident\u00eb kan\u00eb qen\u00eb mbi 40 mij\u00eb veta. Sivjet Enti parasheh q\u00eb ky num\u00ebr t\u00eb jet\u00eb m\u00eb i vog\u00ebl, rreth 34 mij\u00eb. Sigurisht se k\u00ebtu kemi edhe shtetas t\u00eb Republik\u00ebs s\u00eb Kosov\u00ebs, t\u00eb cil\u00ebt nj\u00ebsoj duhet t&#8217;u n\u00ebnshtrohen k\u00ebtyre normave ligjore. N\u00eb k\u00ebt\u00eb kontekst, Kosovalive kontaktoi pun\u00ebdh\u00ebn\u00ebs dhe pun\u00ebmarr\u00ebs- shtetas kosovar\u00eb q\u00eb aktualisht jan\u00eb t\u00eb angazhuar n\u00eb veprimtari nd\u00ebrtimore n\u00eb Ulqin dhe n\u00eb qytete t\u00eb tjera bregdetare t\u00eb Malit t\u00eb Zi, t\u00eb cil\u00ebt than\u00eb se ka toleranc\u00eb, por jan\u00eb duke e p\u00ebrfillur k\u00ebt\u00eb ligj malazias.<br \/>\n<strong>Gazeta Express<\/strong><\/p>\n","protected":false},"excerpt":{"rendered":"<p>Qytetar\u00ebt e Republik\u00ebs s\u00eb Kosov\u00ebs, n\u00ebse d\u00ebshirojn\u00eb t\u00eb punojn\u00eb n\u00eb Ulqin apo n\u00eb ndonj\u00eb qytet tjet\u00ebr t\u00eb Malit t\u00eb Zi, duhet t\u00eb pajisen me leje adekuate Krijimi i shteteve t\u00eb reja t\u00eb pavarura, t\u00eb dala nga ishshteti jugosllav, ka sjell\u00eb norma t\u00eb tjera ligjore edhe n\u00eb fush\u00ebn e pun\u00ebsimit. Edhe n\u00eb Mal t\u00eb Zi ka [&hellip;]<\/p>\n","protected":false},"author":1,"featured_media":0,"comment_status":"open","ping_status":"closed","sticky":false,"template":"","format":"standard","meta":{"spay_email":"","jetpack_publicize_message":"","jetpack_is_tweetstorm":false,"jetpack_publicize_feature_enabled":true},"categories":[10],"tags":[6331,6330,6328,6329,6332,18],"jetpack_publicize_connections":[],"yoast_head":"<!-- This site is optimized with the Yoast SEO plugin v19.1 - https:\/\/yoast.com\/wordpress\/plugins\/seo\/ -->\n<title>Puntor\u00ebt nga Kosova n\u00eb Ulqin me leje pune - Lajme nga Ulqini<\/title>\n<meta name=\"description\" content=\"Qytetar\u00ebt e Republik\u00ebs s\u00eb Kosov\u00ebs, n\u00ebse d\u00ebshirojn\u00eb t\u00eb punojn\u00eb n\u00eb Ulqin apo n\u00eb ndonj\u00eb qytet tjet\u00ebr t\u00eb Malit t\u00eb Zi, duhet t\u00eb pajisen me leje adekuate\" \/>\n<meta name=\"robots\" content=\"index, follow, max-snippet:-1, max-image-preview:large, max-video-preview:-1\" \/>\n<link rel=\"canonical\" href=\"https:\/\/www.visit-ulcinj.com\/blog\/2009\/02\/01\/puntoret-nga-kosova-ne-ulqin-me-leje-pune\/\" \/>\n<meta property=\"og:locale\" content=\"en_US\" \/>\n<meta property=\"og:type\" content=\"article\" \/>\n<meta property=\"og:title\" content=\"Puntor\u00ebt nga Kosova n\u00eb Ulqin me leje pune - Lajme nga Ulqini\" \/>\n<meta property=\"og:description\" content=\"Qytetar\u00ebt e Republik\u00ebs s\u00eb Kosov\u00ebs, n\u00ebse d\u00ebshirojn\u00eb t\u00eb punojn\u00eb n\u00eb Ulqin apo n\u00eb ndonj\u00eb qytet tjet\u00ebr t\u00eb Malit t\u00eb Zi, duhet t\u00eb pajisen me leje adekuate\" \/>\n<meta property=\"og:url\" content=\"https:\/\/www.visit-ulcinj.com\/blog\/2009\/02\/01\/puntoret-nga-kosova-ne-ulqin-me-leje-pune\/\" \/>\n<meta property=\"og:site_name\" content=\"Lajme nga Ulqini\" \/>\n<meta property=\"article:published_time\" content=\"2009-02-01T15:35:22+00:00\" \/>\n<meta property=\"article:modified_time\" content=\"2009-02-04T16:45:10+00:00\" \/>\n<meta property=\"og:image\" content=\"http:\/\/www.visit-ulcinj.com\/blog\/wp-content\/uploads\/2009\/02\/unija_pcg_leje-per-pun.jpg\" \/>\n<meta name=\"twitter:label1\" content=\"Written by\" \/>\n\t<meta name=\"twitter:data1\" content=\"ulqini\" \/>\n\t<meta name=\"twitter:label2\" content=\"Est. reading time\" \/>\n\t<meta name=\"twitter:data2\" content=\"2 minutes\" \/>\n<script type=\"application\/ld+json\" class=\"yoast-schema-graph\">{\"@context\":\"https:\/\/schema.org\",\"@graph\":[{\"@type\":\"WebSite\",\"@id\":\"https:\/\/www.visit-ulcinj.com\/blog\/#website\",\"url\":\"https:\/\/www.visit-ulcinj.com\/blog\/\",\"name\":\"Lajme nga Ulqini\",\"description\":\"Lajme,Vijesti,Ulqini,Ulqin,Crna Gora,Mali i Zi\",\"potentialAction\":[{\"@type\":\"SearchAction\",\"target\":{\"@type\":\"EntryPoint\",\"urlTemplate\":\"https:\/\/www.visit-ulcinj.com\/blog\/?s={search_term_string}\"},\"query-input\":\"required name=search_term_string\"}],\"inLanguage\":\"en-US\"},{\"@type\":\"ImageObject\",\"inLanguage\":\"en-US\",\"@id\":\"https:\/\/www.visit-ulcinj.com\/blog\/2009\/02\/01\/puntoret-nga-kosova-ne-ulqin-me-leje-pune\/#primaryimage\",\"url\":\"https:\/\/www.visit-ulcinj.com\/blog\/wp-content\/uploads\/2009\/02\/unija_pcg_leje-per-pun.jpg\",\"contentUrl\":\"https:\/\/www.visit-ulcinj.com\/blog\/wp-content\/uploads\/2009\/02\/unija_pcg_leje-per-pun.jpg\",\"width\":\"190\",\"height\":\"281\"},{\"@type\":\"WebPage\",\"@id\":\"https:\/\/www.visit-ulcinj.com\/blog\/2009\/02\/01\/puntoret-nga-kosova-ne-ulqin-me-leje-pune\/#webpage\",\"url\":\"https:\/\/www.visit-ulcinj.com\/blog\/2009\/02\/01\/puntoret-nga-kosova-ne-ulqin-me-leje-pune\/\",\"name\":\"Puntor\u00ebt nga Kosova n\u00eb Ulqin me leje pune - Lajme nga Ulqini\",\"isPartOf\":{\"@id\":\"https:\/\/www.visit-ulcinj.com\/blog\/#website\"},\"primaryImageOfPage\":{\"@id\":\"https:\/\/www.visit-ulcinj.com\/blog\/2009\/02\/01\/puntoret-nga-kosova-ne-ulqin-me-leje-pune\/#primaryimage\"},\"datePublished\":\"2009-02-01T15:35:22+00:00\",\"dateModified\":\"2009-02-04T16:45:10+00:00\",\"author\":{\"@id\":\"https:\/\/www.visit-ulcinj.com\/blog\/#\/schema\/person\/dcab619c614d3038751c63bc2aadc06d\"},\"description\":\"Qytetar\u00ebt e Republik\u00ebs s\u00eb Kosov\u00ebs, n\u00ebse d\u00ebshirojn\u00eb t\u00eb punojn\u00eb n\u00eb Ulqin apo n\u00eb ndonj\u00eb qytet tjet\u00ebr t\u00eb Malit t\u00eb Zi, duhet t\u00eb pajisen me leje adekuate\",\"breadcrumb\":{\"@id\":\"https:\/\/www.visit-ulcinj.com\/blog\/2009\/02\/01\/puntoret-nga-kosova-ne-ulqin-me-leje-pune\/#breadcrumb\"},\"inLanguage\":\"en-US\",\"potentialAction\":[{\"@type\":\"ReadAction\",\"target\":[\"https:\/\/www.visit-ulcinj.com\/blog\/2009\/02\/01\/puntoret-nga-kosova-ne-ulqin-me-leje-pune\/\"]}]},{\"@type\":\"BreadcrumbList\",\"@id\":\"https:\/\/www.visit-ulcinj.com\/blog\/2009\/02\/01\/puntoret-nga-kosova-ne-ulqin-me-leje-pune\/#breadcrumb\",\"itemListElement\":[{\"@type\":\"ListItem\",\"position\":1,\"name\":\"Puntor\u00ebt nga Kosova n\u00eb Ulqin me leje pune\"}]},{\"@type\":\"Person\",\"@id\":\"https:\/\/www.visit-ulcinj.com\/blog\/#\/schema\/person\/dcab619c614d3038751c63bc2aadc06d\",\"name\":\"ulqini\",\"sameAs\":[\"http:\/\/www.visit-ulcinj.com\"],\"url\":\"https:\/\/www.visit-ulcinj.com\/blog\/author\/admin\/\"}]}<\/script>\n<!-- \/ Yoast SEO plugin. -->","yoast_head_json":{"title":"Puntor\u00ebt nga Kosova n\u00eb Ulqin me leje pune - Lajme nga Ulqini","description":"Qytetar\u00ebt e Republik\u00ebs s\u00eb Kosov\u00ebs, n\u00ebse d\u00ebshirojn\u00eb t\u00eb punojn\u00eb n\u00eb Ulqin apo n\u00eb ndonj\u00eb qytet tjet\u00ebr t\u00eb Malit t\u00eb Zi, duhet t\u00eb pajisen me leje adekuate","robots":{"index":"index","follow":"follow","max-snippet":"max-snippet:-1","max-image-preview":"max-image-preview:large","max-video-preview":"max-video-preview:-1"},"canonical":"https:\/\/www.visit-ulcinj.com\/blog\/2009\/02\/01\/puntoret-nga-kosova-ne-ulqin-me-leje-pune\/","og_locale":"en_US","og_type":"article","og_title":"Puntor\u00ebt nga Kosova n\u00eb Ulqin me leje pune - Lajme nga Ulqini","og_description":"Qytetar\u00ebt e Republik\u00ebs s\u00eb Kosov\u00ebs, n\u00ebse d\u00ebshirojn\u00eb t\u00eb punojn\u00eb n\u00eb Ulqin apo n\u00eb ndonj\u00eb qytet tjet\u00ebr t\u00eb Malit t\u00eb Zi, duhet t\u00eb pajisen me leje adekuate","og_url":"https:\/\/www.visit-ulcinj.com\/blog\/2009\/02\/01\/puntoret-nga-kosova-ne-ulqin-me-leje-pune\/","og_site_name":"Lajme nga Ulqini","article_published_time":"2009-02-01T15:35:22+00:00","article_modified_time":"2009-02-04T16:45:10+00:00","og_image":[{"url":"http:\/\/www.visit-ulcinj.com\/blog\/wp-content\/uploads\/2009\/02\/unija_pcg_leje-per-pun.jpg"}],"twitter_misc":{"Written by":"ulqini","Est. reading time":"2 minutes"},"schema":{"@context":"https:\/\/schema.org","@graph":[{"@type":"WebSite","@id":"https:\/\/www.visit-ulcinj.com\/blog\/#website","url":"https:\/\/www.visit-ulcinj.com\/blog\/","name":"Lajme nga Ulqini","description":"Lajme,Vijesti,Ulqini,Ulqin,Crna Gora,Mali i Zi","potentialAction":[{"@type":"SearchAction","target":{"@type":"EntryPoint","urlTemplate":"https:\/\/www.visit-ulcinj.com\/blog\/?s={search_term_string}"},"query-input":"required name=search_term_string"}],"inLanguage":"en-US"},{"@type":"ImageObject","inLanguage":"en-US","@id":"https:\/\/www.visit-ulcinj.com\/blog\/2009\/02\/01\/puntoret-nga-kosova-ne-ulqin-me-leje-pune\/#primaryimage","url":"https:\/\/www.visit-ulcinj.com\/blog\/wp-content\/uploads\/2009\/02\/unija_pcg_leje-per-pun.jpg","contentUrl":"https:\/\/www.visit-ulcinj.com\/blog\/wp-content\/uploads\/2009\/02\/unija_pcg_leje-per-pun.jpg","width":"190","height":"281"},{"@type":"WebPage","@id":"https:\/\/www.visit-ulcinj.com\/blog\/2009\/02\/01\/puntoret-nga-kosova-ne-ulqin-me-leje-pune\/#webpage","url":"https:\/\/www.visit-ulcinj.com\/blog\/2009\/02\/01\/puntoret-nga-kosova-ne-ulqin-me-leje-pune\/","name":"Puntor\u00ebt nga Kosova n\u00eb Ulqin me leje pune - Lajme nga Ulqini","isPartOf":{"@id":"https:\/\/www.visit-ulcinj.com\/blog\/#website"},"primaryImageOfPage":{"@id":"https:\/\/www.visit-ulcinj.com\/blog\/2009\/02\/01\/puntoret-nga-kosova-ne-ulqin-me-leje-pune\/#primaryimage"},"datePublished":"2009-02-01T15:35:22+00:00","dateModified":"2009-02-04T16:45:10+00:00","author":{"@id":"https:\/\/www.visit-ulcinj.com\/blog\/#\/schema\/person\/dcab619c614d3038751c63bc2aadc06d"},"description":"Qytetar\u00ebt e Republik\u00ebs s\u00eb Kosov\u00ebs, n\u00ebse d\u00ebshirojn\u00eb t\u00eb punojn\u00eb n\u00eb Ulqin apo n\u00eb ndonj\u00eb qytet tjet\u00ebr t\u00eb Malit t\u00eb Zi, duhet t\u00eb pajisen me leje adekuate","breadcrumb":{"@id":"https:\/\/www.visit-ulcinj.com\/blog\/2009\/02\/01\/puntoret-nga-kosova-ne-ulqin-me-leje-pune\/#breadcrumb"},"inLanguage":"en-US","potentialAction":[{"@type":"ReadAction","target":["https:\/\/www.visit-ulcinj.com\/blog\/2009\/02\/01\/puntoret-nga-kosova-ne-ulqin-me-leje-pune\/"]}]},{"@type":"BreadcrumbList","@id":"https:\/\/www.visit-ulcinj.com\/blog\/2009\/02\/01\/puntoret-nga-kosova-ne-ulqin-me-leje-pune\/#breadcrumb","itemListElement":[{"@type":"ListItem","position":1,"name":"Puntor\u00ebt nga Kosova n\u00eb Ulqin me leje pune"}]},{"@type":"Person","@id":"https:\/\/www.visit-ulcinj.com\/blog\/#\/schema\/person\/dcab619c614d3038751c63bc2aadc06d","name":"ulqini","sameAs":["http:\/\/www.visit-ulcinj.com"],"url":"https:\/\/www.visit-ulcinj.com\/blog\/author\/admin\/"}]}},"jetpack_featured_media_url":"","jetpack_sharing_enabled":true,"jetpack_shortlink":"https:\/\/wp.me\/pe6lTn-2FJ","_links":{"self":[{"href":"https:\/\/www.visit-ulcinj.com\/blog\/wp-json\/wp\/v2\/posts\/10275"}],"collection":[{"href":"https:\/\/www.visit-ulcinj.com\/blog\/wp-json\/wp\/v2\/posts"}],"about":[{"href":"https:\/\/www.visit-ulcinj.com\/blog\/wp-json\/wp\/v2\/types\/post"}],"author":[{"embeddable":true,"href":"https:\/\/www.visit-ulcinj.com\/blog\/wp-json\/wp\/v2\/users\/1"}],"replies":[{"embeddable":true,"href":"https:\/\/www.visit-ulcinj.com\/blog\/wp-json\/wp\/v2\/comments?post=10275"}],"version-history":[{"count":0,"href":"https:\/\/www.visit-ulcinj.com\/blog\/wp-json\/wp\/v2\/posts\/10275\/revisions"}],"wp:attachment":[{"href":"https:\/\/www.visit-ulcinj.com\/blog\/wp-json\/wp\/v2\/media?parent=10275"}],"wp:term":[{"taxonomy":"category","embeddable":true,"href":"https:\/\/www.visit-ulcinj.com\/blog\/wp-json\/wp\/v2\/categories?post=10275"},{"taxonomy":"post_tag","embeddable":true,"href":"https:\/\/www.visit-ulcinj.com\/blog\/wp-json\/wp\/v2\/tags?post=10275"}],"curies":[{"name":"wp","href":"https:\/\/api.w.org\/{rel}","templated":true}]}}