{"id":102752,"date":"2017-02-07T19:11:45","date_gmt":"2017-02-07T18:11:45","guid":{"rendered":"http:\/\/www.visit-ulcinj.com\/blog\/?p=102752"},"modified":"2017-02-07T19:11:45","modified_gmt":"2017-02-07T18:11:45","slug":"zenka-crna-gora-posvecena-zastiti-prava-manjina","status":"publish","type":"post","link":"https:\/\/www.visit-ulcinj.com\/blog\/2017\/02\/07\/zenka-crna-gora-posvecena-zastiti-prava-manjina\/","title":{"rendered":"Zenka: Crna Gora posve\u0107ena za\u0161titi prava manjina"},"content":{"rendered":"<p class=\"lead\"><strong><a href=\"http:\/\/www.visit-ulcinj.com\/blog\/wp-content\/uploads\/2017\/02\/ministar-za-ljudska-i-manjinska-prava-Mehmed-Zenka.jpg\"><img loading=\"lazy\" class=\"alignleft wp-image-102753\" src=\"http:\/\/www.visit-ulcinj.com\/blog\/wp-content\/uploads\/2017\/02\/ministar-za-ljudska-i-manjinska-prava-Mehmed-Zenka.jpg\" alt=\"ministar za ljudska i manjinska prava, Mehmed Zenka\" width=\"508\" height=\"677\" srcset=\"https:\/\/www.visit-ulcinj.com\/blog\/wp-content\/uploads\/2017\/02\/ministar-za-ljudska-i-manjinska-prava-Mehmed-Zenka.jpg 450w, https:\/\/www.visit-ulcinj.com\/blog\/wp-content\/uploads\/2017\/02\/ministar-za-ljudska-i-manjinska-prava-Mehmed-Zenka-225x300.jpg 225w\" sizes=\"(max-width: 508px) 100vw, 508px\" \/><\/a>Crna Gora je potvrdila trajnu posve\u0107enost unapre\u0111enju i za\u0161titi prava manjinskih naroda, kazao je ministar za ljudska i manjinska prava, Mehmed Zenka.<\/strong><\/p>\n<p>On je na seminuaro o sprovo\u0111enju Okvirne konvencije za za\u0161titu nacionalnih manjina u Crnoj Gori, kazao da su me\u0111uetni\u010dki odnosi u na\u0161oj dr\u017eavi tradicionalno dobri, kao i da manjinski narodi dijele iste vrijednosti kao i dr\u017eava.<\/p>\n<p>Prema njegovim rije\u010dima, uprkos brojnim izazovima, u Crnoj Gori su o\u010duvane vrijednosti su\u017eivota i tolerancije, dok se istovremeno rje\u0161avaju pitanja koja se na tom putu otvaraju.<\/p>\n<p>\u201cSvi zajedno radimo na ja\u010danju svijesti o va\u017enosti su\u017eivota, o\u00a0zna\u010daju\u00a0razli\u010ditih kulturnih, etni\u010dkih, vjerskih zajednica koje dijele zajedni\u010dki prostor na kojem odr\u017eavaju otvorenu interakciju i\u00a0uzajamno po\u0161tovanje\u201d, rekao je Zenka.<\/p>\n<p>On je istakao da se\u00a0zahvaljuju\u0107i bogatstvu svoje kulturne ba\u0161tine i zavidnom mozaiku raznovrsnosti Crna Gora smo\u017ee smatrati velikom zemljom, budu\u0107i da je u demografskom smislu, karakteri\u0161e prisustvo razli\u010ditih etni\u010dkih zajednica na relativno malom prostoru.<\/p>\n<p>\u201cCrna Gora je potvrdila trajnu posve\u0107enost unaprije\u0111enju i za\u0161titi prava manjinskih naroda i drugih manjinskih nacionalnih zajednica i ula\u017ee sve potrebne napore u cilju promovisanja za\u0161tite ljudskih i manjinskih prava u svim oblastima\u201d, rekao je Zenka.<\/p>\n<p>On je dodao kako je nacionalna politika usmjerena u pravcu razumijevanja slo\u017eenosti multikulturalnog dru\u0161tva uz uva\u017eavanje \u010dinjenice da je raznolikost unutar takvog dru\u0161tva mogu\u0107e o\u010duvati jedino udru\u017eenim snagama, putem uzajamnog razumijevanja i po\u0161tovanja.<\/p>\n<p>Petra Roter, predsjednica Savjetodavnog odbora Okvirne konvencije za za\u0161titu nacionalnih manjina zahvalila se na iskrenoj dobrodo\u0161lici i otvorenoj atmosferi u kojoj je realizovan seminar.<\/p>\n<p>Ona je pozvala sve u\u010desnike doga\u0111aja na otvoren dijalog i diskusiju po svim pitanjima u vezi sa za\u0161titom nacionalnih manjina, budu\u0107i da i sama Okvirna konvencija na svom po\u010detku nala\u017ee da je za\u0161tita nacionalnih manjina sastavni dio za\u0161tite ljudskih prava na me\u0111unarodnom nivou.<\/p>\n<p>Leon Gjokaj direktor Direktorata za unaprije\u0111enje i za\u0161titu prava manjina i drugih manjinskih nacionalnih zajednica izjavio je \u0107e se i u narednom periodu aktivno raditi na smanjenju etni\u010dke distance i pobolj\u0161anju srazmerne zastupljenosti manjinskih naroda i drugih manjinskih nacionalnih zajednica u dr\u017eavnim organima, \u00a0organima lokalnih samouprava, i javnim slu\u017ebama, kroz multidisciplinarni pristup, a u cilju njihove pune integracije u crnogorsko dru\u0161tvo.<\/p>\n<p>Na seminaru su u\u010destvovali i predstavnici Ministarstva prosvjete, Ministarstva za ljudska i manjinska prava, Albanskog i Srpskog nacionalnog savjeta, nevladinih organizacija, uz prisustvo brojnih u\u010desnika iz oblasti za\u0161tite i unapre\u0111enja manjinskih prava i sloboda i lokalnih samouprava.<\/p>\n<p>Crna Gora je pristupila Okvirnoj konvenciji za za\u0161titu nacionalnih manjina 6. juna 2006. godine \u010dime se obavezala da implementira odredbe sadr\u017eane u ovom zna\u010dajnom me\u0111unarodnom dokumentu.<\/p>\n<p>Seminar je organizovan u saradnji Savjeta Evrope i Ministarstva za ljudska i manjinska prava.<\/p>\n<p>Izvor: TVCG<\/p>\n","protected":false},"excerpt":{"rendered":"<p>Crna Gora je potvrdila trajnu posve\u0107enost unapre\u0111enju i za\u0161titi prava manjinskih naroda, kazao je ministar za ljudska i manjinska prava, Mehmed Zenka. On je na seminuaro o sprovo\u0111enju Okvirne konvencije za za\u0161titu nacionalnih manjina u Crnoj Gori, kazao da su me\u0111uetni\u010dki odnosi u na\u0161oj dr\u017eavi tradicionalno dobri, kao i da manjinski narodi dijele iste vrijednosti [&hellip;]<\/p>\n","protected":false},"author":1,"featured_media":0,"comment_status":"closed","ping_status":"closed","sticky":false,"template":"","format":"standard","meta":{"spay_email":"","jetpack_publicize_message":"","jetpack_is_tweetstorm":false,"jetpack_publicize_feature_enabled":true},"categories":[8337],"tags":[],"jetpack_publicize_connections":[],"yoast_head":"<!-- This site is optimized with the Yoast SEO plugin v19.1 - https:\/\/yoast.com\/wordpress\/plugins\/seo\/ -->\n<title>Zenka: Crna Gora posve\u0107ena za\u0161titi prava manjina - Lajme nga Ulqini<\/title>\n<meta name=\"description\" content=\"Crna Gora je potvrdila trajnu posve\u0107enost unapre\u0111enju i za\u0161titi prava manjinskih naroda, kazao je ministar za ljudska i manjinska prava, Mehmed Zenka. On\" \/>\n<meta name=\"robots\" content=\"index, follow, max-snippet:-1, max-image-preview:large, max-video-preview:-1\" \/>\n<link rel=\"canonical\" href=\"https:\/\/www.visit-ulcinj.com\/blog\/2017\/02\/07\/zenka-crna-gora-posvecena-zastiti-prava-manjina\/\" \/>\n<meta property=\"og:locale\" content=\"en_US\" \/>\n<meta property=\"og:type\" content=\"article\" \/>\n<meta property=\"og:title\" content=\"Zenka: Crna Gora posve\u0107ena za\u0161titi prava manjina - Lajme nga Ulqini\" \/>\n<meta property=\"og:description\" content=\"Crna Gora je potvrdila trajnu posve\u0107enost unapre\u0111enju i za\u0161titi prava manjinskih naroda, kazao je ministar za ljudska i manjinska prava, Mehmed Zenka. On\" \/>\n<meta property=\"og:url\" content=\"https:\/\/www.visit-ulcinj.com\/blog\/2017\/02\/07\/zenka-crna-gora-posvecena-zastiti-prava-manjina\/\" \/>\n<meta property=\"og:site_name\" content=\"Lajme nga Ulqini\" \/>\n<meta property=\"article:published_time\" content=\"2017-02-07T18:11:45+00:00\" \/>\n<meta property=\"og:image\" content=\"http:\/\/www.visit-ulcinj.com\/blog\/wp-content\/uploads\/2017\/02\/ministar-za-ljudska-i-manjinska-prava-Mehmed-Zenka.jpg\" \/>\n<meta name=\"twitter:label1\" content=\"Written by\" \/>\n\t<meta name=\"twitter:data1\" content=\"ulqini\" \/>\n\t<meta name=\"twitter:label2\" content=\"Est. reading time\" \/>\n\t<meta name=\"twitter:data2\" content=\"2 minutes\" \/>\n<script type=\"application\/ld+json\" class=\"yoast-schema-graph\">{\"@context\":\"https:\/\/schema.org\",\"@graph\":[{\"@type\":\"WebSite\",\"@id\":\"https:\/\/www.visit-ulcinj.com\/blog\/#website\",\"url\":\"https:\/\/www.visit-ulcinj.com\/blog\/\",\"name\":\"Lajme nga Ulqini\",\"description\":\"Lajme,Vijesti,Ulqini,Ulqin,Crna Gora,Mali i Zi\",\"potentialAction\":[{\"@type\":\"SearchAction\",\"target\":{\"@type\":\"EntryPoint\",\"urlTemplate\":\"https:\/\/www.visit-ulcinj.com\/blog\/?s={search_term_string}\"},\"query-input\":\"required name=search_term_string\"}],\"inLanguage\":\"en-US\"},{\"@type\":\"ImageObject\",\"inLanguage\":\"en-US\",\"@id\":\"https:\/\/www.visit-ulcinj.com\/blog\/2017\/02\/07\/zenka-crna-gora-posvecena-zastiti-prava-manjina\/#primaryimage\",\"url\":\"https:\/\/www.visit-ulcinj.com\/blog\/wp-content\/uploads\/2017\/02\/ministar-za-ljudska-i-manjinska-prava-Mehmed-Zenka.jpg\",\"contentUrl\":\"https:\/\/www.visit-ulcinj.com\/blog\/wp-content\/uploads\/2017\/02\/ministar-za-ljudska-i-manjinska-prava-Mehmed-Zenka.jpg\",\"width\":450,\"height\":600},{\"@type\":\"WebPage\",\"@id\":\"https:\/\/www.visit-ulcinj.com\/blog\/2017\/02\/07\/zenka-crna-gora-posvecena-zastiti-prava-manjina\/#webpage\",\"url\":\"https:\/\/www.visit-ulcinj.com\/blog\/2017\/02\/07\/zenka-crna-gora-posvecena-zastiti-prava-manjina\/\",\"name\":\"Zenka: Crna Gora posve\u0107ena za\u0161titi prava manjina - Lajme nga Ulqini\",\"isPartOf\":{\"@id\":\"https:\/\/www.visit-ulcinj.com\/blog\/#website\"},\"primaryImageOfPage\":{\"@id\":\"https:\/\/www.visit-ulcinj.com\/blog\/2017\/02\/07\/zenka-crna-gora-posvecena-zastiti-prava-manjina\/#primaryimage\"},\"datePublished\":\"2017-02-07T18:11:45+00:00\",\"dateModified\":\"2017-02-07T18:11:45+00:00\",\"author\":{\"@id\":\"https:\/\/www.visit-ulcinj.com\/blog\/#\/schema\/person\/dcab619c614d3038751c63bc2aadc06d\"},\"description\":\"Crna Gora je potvrdila trajnu posve\u0107enost unapre\u0111enju i za\u0161titi prava manjinskih naroda, kazao je ministar za ljudska i manjinska prava, Mehmed Zenka. On\",\"breadcrumb\":{\"@id\":\"https:\/\/www.visit-ulcinj.com\/blog\/2017\/02\/07\/zenka-crna-gora-posvecena-zastiti-prava-manjina\/#breadcrumb\"},\"inLanguage\":\"en-US\",\"potentialAction\":[{\"@type\":\"ReadAction\",\"target\":[\"https:\/\/www.visit-ulcinj.com\/blog\/2017\/02\/07\/zenka-crna-gora-posvecena-zastiti-prava-manjina\/\"]}]},{\"@type\":\"BreadcrumbList\",\"@id\":\"https:\/\/www.visit-ulcinj.com\/blog\/2017\/02\/07\/zenka-crna-gora-posvecena-zastiti-prava-manjina\/#breadcrumb\",\"itemListElement\":[{\"@type\":\"ListItem\",\"position\":1,\"name\":\"Zenka: Crna Gora posve\u0107ena za\u0161titi prava manjina\"}]},{\"@type\":\"Person\",\"@id\":\"https:\/\/www.visit-ulcinj.com\/blog\/#\/schema\/person\/dcab619c614d3038751c63bc2aadc06d\",\"name\":\"ulqini\",\"sameAs\":[\"http:\/\/www.visit-ulcinj.com\"],\"url\":\"https:\/\/www.visit-ulcinj.com\/blog\/author\/admin\/\"}]}<\/script>\n<!-- \/ Yoast SEO plugin. -->","yoast_head_json":{"title":"Zenka: Crna Gora posve\u0107ena za\u0161titi prava manjina - Lajme nga Ulqini","description":"Crna Gora je potvrdila trajnu posve\u0107enost unapre\u0111enju i za\u0161titi prava manjinskih naroda, kazao je ministar za ljudska i manjinska prava, Mehmed Zenka. On","robots":{"index":"index","follow":"follow","max-snippet":"max-snippet:-1","max-image-preview":"max-image-preview:large","max-video-preview":"max-video-preview:-1"},"canonical":"https:\/\/www.visit-ulcinj.com\/blog\/2017\/02\/07\/zenka-crna-gora-posvecena-zastiti-prava-manjina\/","og_locale":"en_US","og_type":"article","og_title":"Zenka: Crna Gora posve\u0107ena za\u0161titi prava manjina - Lajme nga Ulqini","og_description":"Crna Gora je potvrdila trajnu posve\u0107enost unapre\u0111enju i za\u0161titi prava manjinskih naroda, kazao je ministar za ljudska i manjinska prava, Mehmed Zenka. On","og_url":"https:\/\/www.visit-ulcinj.com\/blog\/2017\/02\/07\/zenka-crna-gora-posvecena-zastiti-prava-manjina\/","og_site_name":"Lajme nga Ulqini","article_published_time":"2017-02-07T18:11:45+00:00","og_image":[{"url":"http:\/\/www.visit-ulcinj.com\/blog\/wp-content\/uploads\/2017\/02\/ministar-za-ljudska-i-manjinska-prava-Mehmed-Zenka.jpg"}],"twitter_misc":{"Written by":"ulqini","Est. reading time":"2 minutes"},"schema":{"@context":"https:\/\/schema.org","@graph":[{"@type":"WebSite","@id":"https:\/\/www.visit-ulcinj.com\/blog\/#website","url":"https:\/\/www.visit-ulcinj.com\/blog\/","name":"Lajme nga Ulqini","description":"Lajme,Vijesti,Ulqini,Ulqin,Crna Gora,Mali i Zi","potentialAction":[{"@type":"SearchAction","target":{"@type":"EntryPoint","urlTemplate":"https:\/\/www.visit-ulcinj.com\/blog\/?s={search_term_string}"},"query-input":"required name=search_term_string"}],"inLanguage":"en-US"},{"@type":"ImageObject","inLanguage":"en-US","@id":"https:\/\/www.visit-ulcinj.com\/blog\/2017\/02\/07\/zenka-crna-gora-posvecena-zastiti-prava-manjina\/#primaryimage","url":"https:\/\/www.visit-ulcinj.com\/blog\/wp-content\/uploads\/2017\/02\/ministar-za-ljudska-i-manjinska-prava-Mehmed-Zenka.jpg","contentUrl":"https:\/\/www.visit-ulcinj.com\/blog\/wp-content\/uploads\/2017\/02\/ministar-za-ljudska-i-manjinska-prava-Mehmed-Zenka.jpg","width":450,"height":600},{"@type":"WebPage","@id":"https:\/\/www.visit-ulcinj.com\/blog\/2017\/02\/07\/zenka-crna-gora-posvecena-zastiti-prava-manjina\/#webpage","url":"https:\/\/www.visit-ulcinj.com\/blog\/2017\/02\/07\/zenka-crna-gora-posvecena-zastiti-prava-manjina\/","name":"Zenka: Crna Gora posve\u0107ena za\u0161titi prava manjina - Lajme nga Ulqini","isPartOf":{"@id":"https:\/\/www.visit-ulcinj.com\/blog\/#website"},"primaryImageOfPage":{"@id":"https:\/\/www.visit-ulcinj.com\/blog\/2017\/02\/07\/zenka-crna-gora-posvecena-zastiti-prava-manjina\/#primaryimage"},"datePublished":"2017-02-07T18:11:45+00:00","dateModified":"2017-02-07T18:11:45+00:00","author":{"@id":"https:\/\/www.visit-ulcinj.com\/blog\/#\/schema\/person\/dcab619c614d3038751c63bc2aadc06d"},"description":"Crna Gora je potvrdila trajnu posve\u0107enost unapre\u0111enju i za\u0161titi prava manjinskih naroda, kazao je ministar za ljudska i manjinska prava, Mehmed Zenka. On","breadcrumb":{"@id":"https:\/\/www.visit-ulcinj.com\/blog\/2017\/02\/07\/zenka-crna-gora-posvecena-zastiti-prava-manjina\/#breadcrumb"},"inLanguage":"en-US","potentialAction":[{"@type":"ReadAction","target":["https:\/\/www.visit-ulcinj.com\/blog\/2017\/02\/07\/zenka-crna-gora-posvecena-zastiti-prava-manjina\/"]}]},{"@type":"BreadcrumbList","@id":"https:\/\/www.visit-ulcinj.com\/blog\/2017\/02\/07\/zenka-crna-gora-posvecena-zastiti-prava-manjina\/#breadcrumb","itemListElement":[{"@type":"ListItem","position":1,"name":"Zenka: Crna Gora posve\u0107ena za\u0161titi prava manjina"}]},{"@type":"Person","@id":"https:\/\/www.visit-ulcinj.com\/blog\/#\/schema\/person\/dcab619c614d3038751c63bc2aadc06d","name":"ulqini","sameAs":["http:\/\/www.visit-ulcinj.com"],"url":"https:\/\/www.visit-ulcinj.com\/blog\/author\/admin\/"}]}},"jetpack_featured_media_url":"","jetpack_sharing_enabled":true,"jetpack_shortlink":"https:\/\/wp.me\/pe6lTn-qJi","_links":{"self":[{"href":"https:\/\/www.visit-ulcinj.com\/blog\/wp-json\/wp\/v2\/posts\/102752"}],"collection":[{"href":"https:\/\/www.visit-ulcinj.com\/blog\/wp-json\/wp\/v2\/posts"}],"about":[{"href":"https:\/\/www.visit-ulcinj.com\/blog\/wp-json\/wp\/v2\/types\/post"}],"author":[{"embeddable":true,"href":"https:\/\/www.visit-ulcinj.com\/blog\/wp-json\/wp\/v2\/users\/1"}],"replies":[{"embeddable":true,"href":"https:\/\/www.visit-ulcinj.com\/blog\/wp-json\/wp\/v2\/comments?post=102752"}],"version-history":[{"count":1,"href":"https:\/\/www.visit-ulcinj.com\/blog\/wp-json\/wp\/v2\/posts\/102752\/revisions"}],"predecessor-version":[{"id":102754,"href":"https:\/\/www.visit-ulcinj.com\/blog\/wp-json\/wp\/v2\/posts\/102752\/revisions\/102754"}],"wp:attachment":[{"href":"https:\/\/www.visit-ulcinj.com\/blog\/wp-json\/wp\/v2\/media?parent=102752"}],"wp:term":[{"taxonomy":"category","embeddable":true,"href":"https:\/\/www.visit-ulcinj.com\/blog\/wp-json\/wp\/v2\/categories?post=102752"},{"taxonomy":"post_tag","embeddable":true,"href":"https:\/\/www.visit-ulcinj.com\/blog\/wp-json\/wp\/v2\/tags?post=102752"}],"curies":[{"name":"wp","href":"https:\/\/api.w.org\/{rel}","templated":true}]}}