{"id":102771,"date":"2017-02-08T21:17:14","date_gmt":"2017-02-08T20:17:14","guid":{"rendered":"http:\/\/www.visit-ulcinj.com\/blog\/?p=102771"},"modified":"2017-02-08T21:28:00","modified_gmt":"2017-02-08T20:28:00","slug":"komuna-e-ulqinit-nenshkroi-protokolin-per-ndertimin-e-banesave-sindikale-unioni-e-sindikateve-te-lira-te-malit-te-zi","status":"publish","type":"post","link":"https:\/\/www.visit-ulcinj.com\/blog\/2017\/02\/08\/komuna-e-ulqinit-nenshkroi-protokolin-per-ndertimin-e-banesave-sindikale-unioni-e-sindikateve-te-lira-te-malit-te-zi\/","title":{"rendered":"Komuna e Ulqinit n\u00ebnshkroi protokolin p\u00ebr nd\u00ebrtimin e banesave sindikale me Unioni e Sindikateve t\u00eb Lira t\u00eb Malit t\u00eb Zi"},"content":{"rendered":"<p><strong><a href=\"http:\/\/www.visit-ulcinj.com\/blog\/wp-content\/uploads\/2017\/02\/Nazif-Cungu-Asllan-Zeneli-Sendikat-CG.jpg\"><img loading=\"lazy\" class=\"alignleft wp-image-102774\" src=\"http:\/\/www.visit-ulcinj.com\/blog\/wp-content\/uploads\/2017\/02\/Nazif-Cungu-Asllan-Zeneli-Sendikat-CG.jpg\" alt=\"Nazif-Cungu-Asllan-Zeneli-Sendikat-CG\" width=\"508\" height=\"241\" srcset=\"https:\/\/www.visit-ulcinj.com\/blog\/wp-content\/uploads\/2017\/02\/Nazif-Cungu-Asllan-Zeneli-Sendikat-CG.jpg 999w, https:\/\/www.visit-ulcinj.com\/blog\/wp-content\/uploads\/2017\/02\/Nazif-Cungu-Asllan-Zeneli-Sendikat-CG-300x142.jpg 300w, https:\/\/www.visit-ulcinj.com\/blog\/wp-content\/uploads\/2017\/02\/Nazif-Cungu-Asllan-Zeneli-Sendikat-CG-768x364.jpg 768w\" sizes=\"(max-width: 508px) 100vw, 508px\" \/><\/a><\/strong>Kryetari Cungu priti sot p\u00ebrfaq\u00ebsuesit e Unionit t\u00eb Sindikateve t\u00eb Lira t\u00eb Malit \u00eb Zi \u2013 kryetarin Srgja Kekoviq, kryetarin e K\u00ebshillit t\u00eb USLMZ p\u00ebr Ulqin Asllan Zenelin, kryetarin e Sidikat\u00ebs Sh\u00ebndet\u00ebsore Zoran Stanishiq, p\u00ebrfaq\u00ebsuesin e K\u00ebshillit t\u00eb Kooperativ\u00ebs Banesore t\u00eb pun\u00ebnonj\u00ebsve n\u00eb arsim dhe kryetarin e K\u00ebshillit sindikal t\u00eb Ulqinit t\u00eb pun\u00ebnonj\u00ebsve n\u00eb arsim Nail Aslanin.<\/p>\n<p>N\u00eb takim \u00ebsht\u00eb biseduar p\u00ebr situat\u00ebn n\u00eb t\u00eb cil\u00ebn gjenden an\u00ebtar\u00ebt e sindikateve dhe p\u00ebr mund\u00ebsin\u00eb e bashk\u00ebpunimit n\u00eb projekte t\u00eb ndrysh\u00ebm n\u00eb t\u00eb ardhmen. Poashtu, n\u00eb takim \u00ebsht\u00eb cekur se banesat sindikale t\u00eb cilat planifikohen t\u00eb nd\u00ebrtohen do t\u00eb jen\u00eb p\u00ebr t\u00eb gjitha sindikatet dhe se\u00a0 komuna e Ulqinit ka siguruar truallin t\u00eb cilin do ta liroj\u00eb nga komunaljet. P\u00ebrfaq\u00ebsuesit e sindikatave kan\u00eb th\u00ebn\u00eb q\u00eb p\u00ebrpar\u00ebsi n\u00eb p\u00ebrzgjedhje p\u00ebr banesa do t\u00eb ken\u00eb an\u00ebtar\u00ebt e sindikateve t\u00eb sh\u00ebndet\u00ebsis\u00eb dhe arsimit.<\/p>\n<p>\u00cbsht\u00eb r\u00ebn\u00eb dakord q\u00eb t\u00eb angazhohen organet kompetente t\u00eb Komun\u00ebs s\u00eb Ulqinit dhe n\u00eb nj\u00eb afat sa m\u00eb t\u00eb shkurt\u00ebr t\u00eb p\u00ebrgatitet dokumentacioni i nevojsh\u00ebm p\u00ebr fillin e realizimit t\u00eb k\u00ebtij projektit.<\/p>\n<p><a href=\"http:\/\/www.visit-ulcinj.com\/blog\/wp-content\/uploads\/2017\/02\/Nazif-Cungu-Asllan-Zeneli-Sendikat-CG-2.jpg\"><img loading=\"lazy\" class=\"alignleft wp-image-102778\" src=\"http:\/\/www.visit-ulcinj.com\/blog\/wp-content\/uploads\/2017\/02\/Nazif-Cungu-Asllan-Zeneli-Sendikat-CG-2.jpg\" alt=\"Nazif-Cungu-Asllan-Zeneli-Sendikat-CG-2\" width=\"508\" height=\"272\" srcset=\"https:\/\/www.visit-ulcinj.com\/blog\/wp-content\/uploads\/2017\/02\/Nazif-Cungu-Asllan-Zeneli-Sendikat-CG-2.jpg 999w, https:\/\/www.visit-ulcinj.com\/blog\/wp-content\/uploads\/2017\/02\/Nazif-Cungu-Asllan-Zeneli-Sendikat-CG-2-300x161.jpg 300w, https:\/\/www.visit-ulcinj.com\/blog\/wp-content\/uploads\/2017\/02\/Nazif-Cungu-Asllan-Zeneli-Sendikat-CG-2-768x411.jpg 768w\" sizes=\"(max-width: 508px) 100vw, 508px\" \/><\/a> <a href=\"http:\/\/www.visit-ulcinj.com\/blog\/wp-content\/uploads\/2017\/02\/Nazif-Cungu-Asllan-Zeneli-Sendikat-CG-1.jpg\"><img loading=\"lazy\" class=\"alignleft wp-image-102779\" src=\"http:\/\/www.visit-ulcinj.com\/blog\/wp-content\/uploads\/2017\/02\/Nazif-Cungu-Asllan-Zeneli-Sendikat-CG-1.jpg\" alt=\"Nazif-Cungu-Asllan-Zeneli-Sendikat-CG-1\" width=\"508\" height=\"268\" srcset=\"https:\/\/www.visit-ulcinj.com\/blog\/wp-content\/uploads\/2017\/02\/Nazif-Cungu-Asllan-Zeneli-Sendikat-CG-1.jpg 999w, https:\/\/www.visit-ulcinj.com\/blog\/wp-content\/uploads\/2017\/02\/Nazif-Cungu-Asllan-Zeneli-Sendikat-CG-1-300x159.jpg 300w, https:\/\/www.visit-ulcinj.com\/blog\/wp-content\/uploads\/2017\/02\/Nazif-Cungu-Asllan-Zeneli-Sendikat-CG-1-768x406.jpg 768w\" sizes=\"(max-width: 508px) 100vw, 508px\" \/><\/a> <a href=\"http:\/\/www.visit-ulcinj.com\/blog\/wp-content\/uploads\/2017\/02\/Nazif-Cungu-Asllan-Zeneli-Sendikat-CG-3.jpg\"><img loading=\"lazy\" class=\"alignleft wp-image-102780\" src=\"http:\/\/www.visit-ulcinj.com\/blog\/wp-content\/uploads\/2017\/02\/Nazif-Cungu-Asllan-Zeneli-Sendikat-CG-3.jpg\" alt=\"Nazif-Cungu-Asllan-Zeneli-Sendikat-CG-3\" width=\"508\" height=\"321\" srcset=\"https:\/\/www.visit-ulcinj.com\/blog\/wp-content\/uploads\/2017\/02\/Nazif-Cungu-Asllan-Zeneli-Sendikat-CG-3.jpg 978w, https:\/\/www.visit-ulcinj.com\/blog\/wp-content\/uploads\/2017\/02\/Nazif-Cungu-Asllan-Zeneli-Sendikat-CG-3-300x190.jpg 300w, https:\/\/www.visit-ulcinj.com\/blog\/wp-content\/uploads\/2017\/02\/Nazif-Cungu-Asllan-Zeneli-Sendikat-CG-3-768x485.jpg 768w\" sizes=\"(max-width: 508px) 100vw, 508px\" \/><\/a><\/p>\n","protected":false},"excerpt":{"rendered":"<p>Kryetari Cungu priti sot p\u00ebrfaq\u00ebsuesit e Unionit t\u00eb Sindikateve t\u00eb Lira t\u00eb Malit \u00eb Zi \u2013 kryetarin Srgja Kekoviq, kryetarin e K\u00ebshillit t\u00eb USLMZ p\u00ebr Ulqin Asllan Zenelin, kryetarin e Sidikat\u00ebs Sh\u00ebndet\u00ebsore Zoran Stanishiq, p\u00ebrfaq\u00ebsuesin e K\u00ebshillit t\u00eb Kooperativ\u00ebs Banesore t\u00eb pun\u00ebnonj\u00ebsve n\u00eb arsim dhe kryetarin e K\u00ebshillit sindikal t\u00eb Ulqinit t\u00eb pun\u00ebnonj\u00ebsve n\u00eb arsim [&hellip;]<\/p>\n","protected":false},"author":1,"featured_media":0,"comment_status":"closed","ping_status":"closed","sticky":false,"template":"","format":"standard","meta":{"spay_email":"","jetpack_publicize_message":"","jetpack_is_tweetstorm":false,"jetpack_publicize_feature_enabled":true},"categories":[11],"tags":[],"jetpack_publicize_connections":[],"yoast_head":"<!-- This site is optimized with the Yoast SEO plugin v19.1 - https:\/\/yoast.com\/wordpress\/plugins\/seo\/ -->\n<title>Komuna e Ulqinit n\u00ebnshkroi protokolin p\u00ebr nd\u00ebrtimin e banesave sindikale me Unioni e Sindikateve t\u00eb Lira t\u00eb Malit t\u00eb Zi - Lajme nga Ulqini<\/title>\n<meta name=\"description\" content=\"Kryetari Cungu priti sot p\u00ebrfaq\u00ebsuesit e Unionit t\u00eb Sindikateve t\u00eb Lira t\u00eb Malit \u00eb Zi \u2013 kryetarin Srgja Kekoviq, kryetarin e K\u00ebshillit t\u00eb USLMZ p\u00ebr Ulqin\" \/>\n<meta name=\"robots\" content=\"index, follow, max-snippet:-1, max-image-preview:large, max-video-preview:-1\" \/>\n<link rel=\"canonical\" href=\"https:\/\/www.visit-ulcinj.com\/blog\/2017\/02\/08\/komuna-e-ulqinit-nenshkroi-protokolin-per-ndertimin-e-banesave-sindikale-unioni-e-sindikateve-te-lira-te-malit-te-zi\/\" \/>\n<meta property=\"og:locale\" content=\"en_US\" \/>\n<meta property=\"og:type\" content=\"article\" \/>\n<meta property=\"og:title\" content=\"Komuna e Ulqinit n\u00ebnshkroi protokolin p\u00ebr nd\u00ebrtimin e banesave sindikale me Unioni e Sindikateve t\u00eb Lira t\u00eb Malit t\u00eb Zi - Lajme nga Ulqini\" \/>\n<meta property=\"og:description\" content=\"Kryetari Cungu priti sot p\u00ebrfaq\u00ebsuesit e Unionit t\u00eb Sindikateve t\u00eb Lira t\u00eb Malit \u00eb Zi \u2013 kryetarin Srgja Kekoviq, kryetarin e K\u00ebshillit t\u00eb USLMZ p\u00ebr Ulqin\" \/>\n<meta property=\"og:url\" content=\"https:\/\/www.visit-ulcinj.com\/blog\/2017\/02\/08\/komuna-e-ulqinit-nenshkroi-protokolin-per-ndertimin-e-banesave-sindikale-unioni-e-sindikateve-te-lira-te-malit-te-zi\/\" \/>\n<meta property=\"og:site_name\" content=\"Lajme nga Ulqini\" \/>\n<meta property=\"article:published_time\" content=\"2017-02-08T20:17:14+00:00\" \/>\n<meta property=\"article:modified_time\" content=\"2017-02-08T20:28:00+00:00\" \/>\n<meta property=\"og:image\" content=\"http:\/\/www.visit-ulcinj.com\/blog\/wp-content\/uploads\/2017\/02\/Nazif-Cungu-Asllan-Zeneli-Sendikat-CG.jpg\" \/>\n<meta name=\"twitter:label1\" content=\"Written by\" \/>\n\t<meta name=\"twitter:data1\" content=\"ulqini\" \/>\n\t<meta name=\"twitter:label2\" content=\"Est. reading time\" \/>\n\t<meta name=\"twitter:data2\" content=\"1 minute\" \/>\n<script type=\"application\/ld+json\" class=\"yoast-schema-graph\">{\"@context\":\"https:\/\/schema.org\",\"@graph\":[{\"@type\":\"WebSite\",\"@id\":\"https:\/\/www.visit-ulcinj.com\/blog\/#website\",\"url\":\"https:\/\/www.visit-ulcinj.com\/blog\/\",\"name\":\"Lajme nga Ulqini\",\"description\":\"Lajme,Vijesti,Ulqini,Ulqin,Crna Gora,Mali i Zi\",\"potentialAction\":[{\"@type\":\"SearchAction\",\"target\":{\"@type\":\"EntryPoint\",\"urlTemplate\":\"https:\/\/www.visit-ulcinj.com\/blog\/?s={search_term_string}\"},\"query-input\":\"required name=search_term_string\"}],\"inLanguage\":\"en-US\"},{\"@type\":\"ImageObject\",\"inLanguage\":\"en-US\",\"@id\":\"https:\/\/www.visit-ulcinj.com\/blog\/2017\/02\/08\/komuna-e-ulqinit-nenshkroi-protokolin-per-ndertimin-e-banesave-sindikale-unioni-e-sindikateve-te-lira-te-malit-te-zi\/#primaryimage\",\"url\":\"https:\/\/www.visit-ulcinj.com\/blog\/wp-content\/uploads\/2017\/02\/Nazif-Cungu-Asllan-Zeneli-Sendikat-CG.jpg\",\"contentUrl\":\"https:\/\/www.visit-ulcinj.com\/blog\/wp-content\/uploads\/2017\/02\/Nazif-Cungu-Asllan-Zeneli-Sendikat-CG.jpg\",\"width\":999,\"height\":473},{\"@type\":\"WebPage\",\"@id\":\"https:\/\/www.visit-ulcinj.com\/blog\/2017\/02\/08\/komuna-e-ulqinit-nenshkroi-protokolin-per-ndertimin-e-banesave-sindikale-unioni-e-sindikateve-te-lira-te-malit-te-zi\/#webpage\",\"url\":\"https:\/\/www.visit-ulcinj.com\/blog\/2017\/02\/08\/komuna-e-ulqinit-nenshkroi-protokolin-per-ndertimin-e-banesave-sindikale-unioni-e-sindikateve-te-lira-te-malit-te-zi\/\",\"name\":\"Komuna e Ulqinit n\u00ebnshkroi protokolin p\u00ebr nd\u00ebrtimin e banesave sindikale me Unioni e Sindikateve t\u00eb Lira t\u00eb Malit t\u00eb Zi - Lajme nga Ulqini\",\"isPartOf\":{\"@id\":\"https:\/\/www.visit-ulcinj.com\/blog\/#website\"},\"primaryImageOfPage\":{\"@id\":\"https:\/\/www.visit-ulcinj.com\/blog\/2017\/02\/08\/komuna-e-ulqinit-nenshkroi-protokolin-per-ndertimin-e-banesave-sindikale-unioni-e-sindikateve-te-lira-te-malit-te-zi\/#primaryimage\"},\"datePublished\":\"2017-02-08T20:17:14+00:00\",\"dateModified\":\"2017-02-08T20:28:00+00:00\",\"author\":{\"@id\":\"https:\/\/www.visit-ulcinj.com\/blog\/#\/schema\/person\/dcab619c614d3038751c63bc2aadc06d\"},\"description\":\"Kryetari Cungu priti sot p\u00ebrfaq\u00ebsuesit e Unionit t\u00eb Sindikateve t\u00eb Lira t\u00eb Malit \u00eb Zi \u2013 kryetarin Srgja Kekoviq, kryetarin e K\u00ebshillit t\u00eb USLMZ p\u00ebr Ulqin\",\"breadcrumb\":{\"@id\":\"https:\/\/www.visit-ulcinj.com\/blog\/2017\/02\/08\/komuna-e-ulqinit-nenshkroi-protokolin-per-ndertimin-e-banesave-sindikale-unioni-e-sindikateve-te-lira-te-malit-te-zi\/#breadcrumb\"},\"inLanguage\":\"en-US\",\"potentialAction\":[{\"@type\":\"ReadAction\",\"target\":[\"https:\/\/www.visit-ulcinj.com\/blog\/2017\/02\/08\/komuna-e-ulqinit-nenshkroi-protokolin-per-ndertimin-e-banesave-sindikale-unioni-e-sindikateve-te-lira-te-malit-te-zi\/\"]}]},{\"@type\":\"BreadcrumbList\",\"@id\":\"https:\/\/www.visit-ulcinj.com\/blog\/2017\/02\/08\/komuna-e-ulqinit-nenshkroi-protokolin-per-ndertimin-e-banesave-sindikale-unioni-e-sindikateve-te-lira-te-malit-te-zi\/#breadcrumb\",\"itemListElement\":[{\"@type\":\"ListItem\",\"position\":1,\"name\":\"Komuna e Ulqinit n\u00ebnshkroi protokolin p\u00ebr nd\u00ebrtimin e banesave sindikale me Unioni e Sindikateve t\u00eb Lira t\u00eb Malit t\u00eb Zi\"}]},{\"@type\":\"Person\",\"@id\":\"https:\/\/www.visit-ulcinj.com\/blog\/#\/schema\/person\/dcab619c614d3038751c63bc2aadc06d\",\"name\":\"ulqini\",\"sameAs\":[\"http:\/\/www.visit-ulcinj.com\"],\"url\":\"https:\/\/www.visit-ulcinj.com\/blog\/author\/admin\/\"}]}<\/script>\n<!-- \/ Yoast SEO plugin. -->","yoast_head_json":{"title":"Komuna e Ulqinit n\u00ebnshkroi protokolin p\u00ebr nd\u00ebrtimin e banesave sindikale me Unioni e Sindikateve t\u00eb Lira t\u00eb Malit t\u00eb Zi - Lajme nga Ulqini","description":"Kryetari Cungu priti sot p\u00ebrfaq\u00ebsuesit e Unionit t\u00eb Sindikateve t\u00eb Lira t\u00eb Malit \u00eb Zi \u2013 kryetarin Srgja Kekoviq, kryetarin e K\u00ebshillit t\u00eb USLMZ p\u00ebr Ulqin","robots":{"index":"index","follow":"follow","max-snippet":"max-snippet:-1","max-image-preview":"max-image-preview:large","max-video-preview":"max-video-preview:-1"},"canonical":"https:\/\/www.visit-ulcinj.com\/blog\/2017\/02\/08\/komuna-e-ulqinit-nenshkroi-protokolin-per-ndertimin-e-banesave-sindikale-unioni-e-sindikateve-te-lira-te-malit-te-zi\/","og_locale":"en_US","og_type":"article","og_title":"Komuna e Ulqinit n\u00ebnshkroi protokolin p\u00ebr nd\u00ebrtimin e banesave sindikale me Unioni e Sindikateve t\u00eb Lira t\u00eb Malit t\u00eb Zi - Lajme nga Ulqini","og_description":"Kryetari Cungu priti sot p\u00ebrfaq\u00ebsuesit e Unionit t\u00eb Sindikateve t\u00eb Lira t\u00eb Malit \u00eb Zi \u2013 kryetarin Srgja Kekoviq, kryetarin e K\u00ebshillit t\u00eb USLMZ p\u00ebr Ulqin","og_url":"https:\/\/www.visit-ulcinj.com\/blog\/2017\/02\/08\/komuna-e-ulqinit-nenshkroi-protokolin-per-ndertimin-e-banesave-sindikale-unioni-e-sindikateve-te-lira-te-malit-te-zi\/","og_site_name":"Lajme nga Ulqini","article_published_time":"2017-02-08T20:17:14+00:00","article_modified_time":"2017-02-08T20:28:00+00:00","og_image":[{"url":"http:\/\/www.visit-ulcinj.com\/blog\/wp-content\/uploads\/2017\/02\/Nazif-Cungu-Asllan-Zeneli-Sendikat-CG.jpg"}],"twitter_misc":{"Written by":"ulqini","Est. reading time":"1 minute"},"schema":{"@context":"https:\/\/schema.org","@graph":[{"@type":"WebSite","@id":"https:\/\/www.visit-ulcinj.com\/blog\/#website","url":"https:\/\/www.visit-ulcinj.com\/blog\/","name":"Lajme nga Ulqini","description":"Lajme,Vijesti,Ulqini,Ulqin,Crna Gora,Mali i Zi","potentialAction":[{"@type":"SearchAction","target":{"@type":"EntryPoint","urlTemplate":"https:\/\/www.visit-ulcinj.com\/blog\/?s={search_term_string}"},"query-input":"required name=search_term_string"}],"inLanguage":"en-US"},{"@type":"ImageObject","inLanguage":"en-US","@id":"https:\/\/www.visit-ulcinj.com\/blog\/2017\/02\/08\/komuna-e-ulqinit-nenshkroi-protokolin-per-ndertimin-e-banesave-sindikale-unioni-e-sindikateve-te-lira-te-malit-te-zi\/#primaryimage","url":"https:\/\/www.visit-ulcinj.com\/blog\/wp-content\/uploads\/2017\/02\/Nazif-Cungu-Asllan-Zeneli-Sendikat-CG.jpg","contentUrl":"https:\/\/www.visit-ulcinj.com\/blog\/wp-content\/uploads\/2017\/02\/Nazif-Cungu-Asllan-Zeneli-Sendikat-CG.jpg","width":999,"height":473},{"@type":"WebPage","@id":"https:\/\/www.visit-ulcinj.com\/blog\/2017\/02\/08\/komuna-e-ulqinit-nenshkroi-protokolin-per-ndertimin-e-banesave-sindikale-unioni-e-sindikateve-te-lira-te-malit-te-zi\/#webpage","url":"https:\/\/www.visit-ulcinj.com\/blog\/2017\/02\/08\/komuna-e-ulqinit-nenshkroi-protokolin-per-ndertimin-e-banesave-sindikale-unioni-e-sindikateve-te-lira-te-malit-te-zi\/","name":"Komuna e Ulqinit n\u00ebnshkroi protokolin p\u00ebr nd\u00ebrtimin e banesave sindikale me Unioni e Sindikateve t\u00eb Lira t\u00eb Malit t\u00eb Zi - Lajme nga Ulqini","isPartOf":{"@id":"https:\/\/www.visit-ulcinj.com\/blog\/#website"},"primaryImageOfPage":{"@id":"https:\/\/www.visit-ulcinj.com\/blog\/2017\/02\/08\/komuna-e-ulqinit-nenshkroi-protokolin-per-ndertimin-e-banesave-sindikale-unioni-e-sindikateve-te-lira-te-malit-te-zi\/#primaryimage"},"datePublished":"2017-02-08T20:17:14+00:00","dateModified":"2017-02-08T20:28:00+00:00","author":{"@id":"https:\/\/www.visit-ulcinj.com\/blog\/#\/schema\/person\/dcab619c614d3038751c63bc2aadc06d"},"description":"Kryetari Cungu priti sot p\u00ebrfaq\u00ebsuesit e Unionit t\u00eb Sindikateve t\u00eb Lira t\u00eb Malit \u00eb Zi \u2013 kryetarin Srgja Kekoviq, kryetarin e K\u00ebshillit t\u00eb USLMZ p\u00ebr Ulqin","breadcrumb":{"@id":"https:\/\/www.visit-ulcinj.com\/blog\/2017\/02\/08\/komuna-e-ulqinit-nenshkroi-protokolin-per-ndertimin-e-banesave-sindikale-unioni-e-sindikateve-te-lira-te-malit-te-zi\/#breadcrumb"},"inLanguage":"en-US","potentialAction":[{"@type":"ReadAction","target":["https:\/\/www.visit-ulcinj.com\/blog\/2017\/02\/08\/komuna-e-ulqinit-nenshkroi-protokolin-per-ndertimin-e-banesave-sindikale-unioni-e-sindikateve-te-lira-te-malit-te-zi\/"]}]},{"@type":"BreadcrumbList","@id":"https:\/\/www.visit-ulcinj.com\/blog\/2017\/02\/08\/komuna-e-ulqinit-nenshkroi-protokolin-per-ndertimin-e-banesave-sindikale-unioni-e-sindikateve-te-lira-te-malit-te-zi\/#breadcrumb","itemListElement":[{"@type":"ListItem","position":1,"name":"Komuna e Ulqinit n\u00ebnshkroi protokolin p\u00ebr nd\u00ebrtimin e banesave sindikale me Unioni e Sindikateve t\u00eb Lira t\u00eb Malit t\u00eb Zi"}]},{"@type":"Person","@id":"https:\/\/www.visit-ulcinj.com\/blog\/#\/schema\/person\/dcab619c614d3038751c63bc2aadc06d","name":"ulqini","sameAs":["http:\/\/www.visit-ulcinj.com"],"url":"https:\/\/www.visit-ulcinj.com\/blog\/author\/admin\/"}]}},"jetpack_featured_media_url":"","jetpack_sharing_enabled":true,"jetpack_shortlink":"https:\/\/wp.me\/pe6lTn-qJB","_links":{"self":[{"href":"https:\/\/www.visit-ulcinj.com\/blog\/wp-json\/wp\/v2\/posts\/102771"}],"collection":[{"href":"https:\/\/www.visit-ulcinj.com\/blog\/wp-json\/wp\/v2\/posts"}],"about":[{"href":"https:\/\/www.visit-ulcinj.com\/blog\/wp-json\/wp\/v2\/types\/post"}],"author":[{"embeddable":true,"href":"https:\/\/www.visit-ulcinj.com\/blog\/wp-json\/wp\/v2\/users\/1"}],"replies":[{"embeddable":true,"href":"https:\/\/www.visit-ulcinj.com\/blog\/wp-json\/wp\/v2\/comments?post=102771"}],"version-history":[{"count":4,"href":"https:\/\/www.visit-ulcinj.com\/blog\/wp-json\/wp\/v2\/posts\/102771\/revisions"}],"predecessor-version":[{"id":102781,"href":"https:\/\/www.visit-ulcinj.com\/blog\/wp-json\/wp\/v2\/posts\/102771\/revisions\/102781"}],"wp:attachment":[{"href":"https:\/\/www.visit-ulcinj.com\/blog\/wp-json\/wp\/v2\/media?parent=102771"}],"wp:term":[{"taxonomy":"category","embeddable":true,"href":"https:\/\/www.visit-ulcinj.com\/blog\/wp-json\/wp\/v2\/categories?post=102771"},{"taxonomy":"post_tag","embeddable":true,"href":"https:\/\/www.visit-ulcinj.com\/blog\/wp-json\/wp\/v2\/tags?post=102771"}],"curies":[{"name":"wp","href":"https:\/\/api.w.org\/{rel}","templated":true}]}}