{"id":102783,"date":"2017-02-08T21:34:00","date_gmt":"2017-02-08T20:34:00","guid":{"rendered":"http:\/\/www.visit-ulcinj.com\/blog\/?p=102783"},"modified":"2017-02-08T21:34:00","modified_gmt":"2017-02-08T20:34:00","slug":"perfaqesuesja-u-19-mbajti-stervitjen-e-pare-ne-ulqin-foto","status":"publish","type":"post","link":"https:\/\/www.visit-ulcinj.com\/blog\/2017\/02\/08\/perfaqesuesja-u-19-mbajti-stervitjen-e-pare-ne-ulqin-foto\/","title":{"rendered":"P\u00ebrfaq\u00ebsuesja U-19 mbajti st\u00ebrvitjen e par\u00eb n\u00eb Ulqin (FOTO)"},"content":{"rendered":"<div class=\"shortText\"><a href=\"http:\/\/www.visit-ulcinj.com\/blog\/wp-content\/uploads\/2017\/02\/P\u00ebrfaq\u00ebsuesja-U-19-mbajti-st\u00ebrvitjen-e-par\u00eb-n\u00eb-Ulqin.jpg\"><img loading=\"lazy\" class=\"alignleft wp-image-102784\" src=\"http:\/\/www.visit-ulcinj.com\/blog\/wp-content\/uploads\/2017\/02\/P\u00ebrfaq\u00ebsuesja-U-19-mbajti-st\u00ebrvitjen-e-par\u00eb-n\u00eb-Ulqin.jpg\" alt=\"P\u00ebrfaq\u00ebsuesja U-19 mbajti st\u00ebrvitjen e par\u00eb n\u00eb Ulqin\" width=\"508\" height=\"280\" srcset=\"https:\/\/www.visit-ulcinj.com\/blog\/wp-content\/uploads\/2017\/02\/P\u00ebrfaq\u00ebsuesja-U-19-mbajti-st\u00ebrvitjen-e-par\u00eb-n\u00eb-Ulqin.jpg 650w, https:\/\/www.visit-ulcinj.com\/blog\/wp-content\/uploads\/2017\/02\/P\u00ebrfaq\u00ebsuesja-U-19-mbajti-st\u00ebrvitjen-e-par\u00eb-n\u00eb-Ulqin-300x165.jpg 300w\" sizes=\"(max-width: 508px) 100vw, 508px\" \/><\/a>Ekspedita e P\u00ebrfaq\u00ebsueses s\u00eb Kosov\u00ebs U-19 e prir\u00eb nga drejtori p\u00ebr marr\u00ebdh\u00ebnie me jasht\u00eb n\u00eb FFK, Artan Govori dhe p\u00ebrzgjedh\u00ebsi Ramiz Krasniqi me ndihm\u00ebsit Nazmi Rama e Xhelal Karabegu, ka arritur sot n\u00eb Ulqin dhe \u00ebsht\u00eb akomoduar n\u00eb hotelin \u201cOlympic\u201d, ku do t\u00eb q\u00ebndrojn\u00eb pes\u00eb dit\u00eb.<\/div>\n<div class=\"centeredDIV hideMobile\"><\/div>\n<p>Ky grumbullim vjen n\u00eb kuad\u00ebr t\u00eb seleksionimit t\u00eb futbollist\u00ebve dhe p\u00ebrgatitjeve p\u00ebr ndeshjet kualifikuese t\u00eb Kampionatit Evropian 2018 q\u00eb zhvillohen n\u00eb tetor t\u00eb k\u00ebtij viti. N\u00eb k\u00ebt\u00eb grumbullim\u00a0 jan\u00eb t\u00eb p\u00ebrfshir\u00eb 28 futbollist\u00eb. N\u00eb or\u00ebt e pasdites \u00ebsht\u00eb zhvilluar nj\u00eb seanc\u00eb st\u00ebrvitore, ku djelmoshat p\u00ebrkund\u00ebr rrug\u00ebtimit disa or\u00ebsh nga Prishtina, kan\u00eb treguar p\u00ebrkushtim n\u00eb st\u00ebrvitje.<\/p>\n<p>Lidhur me k\u00ebt\u00eb grumbullim pas st\u00ebrvitjes s\u00eb par\u00eb biseduam me p\u00ebrzgjedh\u00ebsin, Ramiz Krasniqi, i cili nd\u00ebr t\u00eb tjera theksoi: \u201cKjo \u00ebsht\u00eb nj\u00eb gjenerat\u00eb e re dhe pothuajse \u00ebsht\u00eb p\u00ebr her\u00eb t\u00eb par\u00eb s\u00eb bashku n\u00eb nj\u00eb grumbullim t\u00eb till\u00eb pes\u00ebditor. P\u00ebr k\u00ebt\u00eb arsye pik\u00ebs\u00ebpari n\u00eb k\u00ebt\u00eb kamp do t\u00eb mundohemi q\u00eb k\u00ebta djelmosha t\u00eb njihen sa m\u00eb mir\u00eb nd\u00ebrmjet veti dhe krahas k\u00ebsaj t\u00eb punojm\u00eb n\u00eb komponimin dhe n\u00eb vler\u00ebsimin e tyre.<\/p>\n<p>Shpresoj se k\u00ebta 28 futbollist\u00eb, prej t\u00eb cil\u00ebve kat\u00ebr jan\u00eb portier\u00eb, do ta shfryt\u00ebzojn\u00eb rastin maksimalisht dhe t\u00eb tregojn\u00eb secili q\u00eb e meritojn\u00eb t\u00eb jen\u00eb n\u00eb mesin e atyre 20 futbollist\u00ebve t\u00eb cil\u00ebt do t\u00eb jen\u00eb edhe n\u00eb grumbullimet e ardhshme. Pa dyshim se do t\u00eb jet\u00eb nj\u00eb konkurrenc\u00eb e ashp\u00ebr , pasi kemi shum\u00eb k\u00ebrkesa t\u00eb futbollist\u00ebve q\u00eb t\u00eb vijn\u00eb t\u00eb p\u00ebrfaq\u00ebsojn\u00eb Kosov\u00ebn, por p\u00ebr momentin jan\u00eb k\u00ebta futbollist\u00eb t\u00eb cil\u00ebve iu ka dh\u00ebn\u00eb mund\u00ebsia. Do t\u00eb mundohemi q\u00eb gjat\u00eb k\u00ebtyre dit\u00ebve t\u00eb punojm\u00eb maksimalisht dhe t\u00eb b\u00ebjm\u00eb nj\u00eb p\u00ebrzgjedhje sa m\u00eb reale, sepse edhe kushtet p\u00ebr pun\u00eb jan\u00eb t\u00eb mira\u201d.<\/p>\n<p><strong>Lista e futbollist\u00ebve<\/strong><br \/>\nVildan Gutiqi (Besa)<br \/>\nLumbardh Dellova (Liria)<br \/>\nAbit Salihu (2 Korriku)<br \/>\nDardan Sekiraqa (Prishtina)<br \/>\nDrin Govori (2 Korriku)<br \/>\nRamiz Bytyqi (Ballkani)<br \/>\nRilind Gerbeshi (Prishtina)<br \/>\nRoland Vitia (KEK-u)<br \/>\nRilind Namani (KEK-u)<br \/>\nEdison Kqiku (Hajvalia)<br \/>\nEhat Gjoka (Ramiz Sadiku)<br \/>\nGenc Kolgeci (2 Korriku)<br \/>\nLeotrim Kryeziu (Drita)<br \/>\nFerat Syla (Prishtina)<br \/>\nFlamur Gashi (Liria)<br \/>\nArdit Miftari (Vjosa)<br \/>\nArdit Hiseni (Trep\u00e7a\u201989)<br \/>\nGentrit Limani (Kickers Offenbach)<br \/>\nRilind Ravnobaja (FC United Zurich)<br \/>\nLoti Celina (Stromsgodset if)<br \/>\nRinor Topallaj (Sarpsborg 08)<br \/>\nAltrim Pajaziti (1.Fc Koln)<br \/>\nKosovar Sejdiu (Lask Linz)<br \/>\nLirim Kastrati (Shpendia Tiran\u00eb)<br \/>\nBleron Berisha (SG Sonnenhof Grossaspach)<br \/>\nOtrant Kastrati (Fc Wels)<br \/>\nAsan Krasniqi (UVB Vocklamarkt)<br \/>\nAlbion Gashi (Club Brugge)<\/p>\n<p>Lajmi.net<\/p>\n<p><a href=\"http:\/\/www.visit-ulcinj.com\/blog\/wp-content\/uploads\/2017\/02\/P\u00ebrfaq\u00ebsuesja-U-19-mbajti-st\u00ebrvitjen-e-par\u00eb-n\u00eb-Ulqin-2.jpg\"><img loading=\"lazy\" class=\"alignleft wp-image-102785\" src=\"http:\/\/www.visit-ulcinj.com\/blog\/wp-content\/uploads\/2017\/02\/P\u00ebrfaq\u00ebsuesja-U-19-mbajti-st\u00ebrvitjen-e-par\u00eb-n\u00eb-Ulqin-2.jpg\" alt=\"P\u00ebrfaq\u00ebsuesja U-19 mbajti st\u00ebrvitjen e par\u00eb n\u00eb Ulqin-2\" width=\"508\" height=\"336\" srcset=\"https:\/\/www.visit-ulcinj.com\/blog\/wp-content\/uploads\/2017\/02\/P\u00ebrfaq\u00ebsuesja-U-19-mbajti-st\u00ebrvitjen-e-par\u00eb-n\u00eb-Ulqin-2.jpg 800w, https:\/\/www.visit-ulcinj.com\/blog\/wp-content\/uploads\/2017\/02\/P\u00ebrfaq\u00ebsuesja-U-19-mbajti-st\u00ebrvitjen-e-par\u00eb-n\u00eb-Ulqin-2-300x198.jpg 300w, https:\/\/www.visit-ulcinj.com\/blog\/wp-content\/uploads\/2017\/02\/P\u00ebrfaq\u00ebsuesja-U-19-mbajti-st\u00ebrvitjen-e-par\u00eb-n\u00eb-Ulqin-2-768x508.jpg 768w\" sizes=\"(max-width: 508px) 100vw, 508px\" \/><\/a> <a href=\"http:\/\/www.visit-ulcinj.com\/blog\/wp-content\/uploads\/2017\/02\/P\u00ebrfaq\u00ebsuesja-U-19-mbajti-st\u00ebrvitjen-e-par\u00eb-n\u00eb-Ulqin-1.jpg\"><img loading=\"lazy\" class=\"alignleft wp-image-102786\" src=\"http:\/\/www.visit-ulcinj.com\/blog\/wp-content\/uploads\/2017\/02\/P\u00ebrfaq\u00ebsuesja-U-19-mbajti-st\u00ebrvitjen-e-par\u00eb-n\u00eb-Ulqin-1.jpg\" alt=\"P\u00ebrfaq\u00ebsuesja U-19 mbajti st\u00ebrvitjen e par\u00eb n\u00eb Ulqin-1\" width=\"508\" height=\"336\" srcset=\"https:\/\/www.visit-ulcinj.com\/blog\/wp-content\/uploads\/2017\/02\/P\u00ebrfaq\u00ebsuesja-U-19-mbajti-st\u00ebrvitjen-e-par\u00eb-n\u00eb-Ulqin-1.jpg 800w, https:\/\/www.visit-ulcinj.com\/blog\/wp-content\/uploads\/2017\/02\/P\u00ebrfaq\u00ebsuesja-U-19-mbajti-st\u00ebrvitjen-e-par\u00eb-n\u00eb-Ulqin-1-300x198.jpg 300w, https:\/\/www.visit-ulcinj.com\/blog\/wp-content\/uploads\/2017\/02\/P\u00ebrfaq\u00ebsuesja-U-19-mbajti-st\u00ebrvitjen-e-par\u00eb-n\u00eb-Ulqin-1-768x508.jpg 768w\" sizes=\"(max-width: 508px) 100vw, 508px\" \/><\/a> <a href=\"http:\/\/www.visit-ulcinj.com\/blog\/wp-content\/uploads\/2017\/02\/P\u00ebrfaq\u00ebsuesja-U-19-mbajti-st\u00ebrvitjen-e-par\u00eb-n\u00eb-Ulqin-3.jpg\"><img loading=\"lazy\" class=\"alignleft wp-image-102787\" src=\"http:\/\/www.visit-ulcinj.com\/blog\/wp-content\/uploads\/2017\/02\/P\u00ebrfaq\u00ebsuesja-U-19-mbajti-st\u00ebrvitjen-e-par\u00eb-n\u00eb-Ulqin-3.jpg\" alt=\"P\u00ebrfaq\u00ebsuesja U-19 mbajti st\u00ebrvitjen e par\u00eb n\u00eb Ulqin-3\" width=\"508\" height=\"339\" srcset=\"https:\/\/www.visit-ulcinj.com\/blog\/wp-content\/uploads\/2017\/02\/P\u00ebrfaq\u00ebsuesja-U-19-mbajti-st\u00ebrvitjen-e-par\u00eb-n\u00eb-Ulqin-3.jpg 800w, https:\/\/www.visit-ulcinj.com\/blog\/wp-content\/uploads\/2017\/02\/P\u00ebrfaq\u00ebsuesja-U-19-mbajti-st\u00ebrvitjen-e-par\u00eb-n\u00eb-Ulqin-3-300x200.jpg 300w, https:\/\/www.visit-ulcinj.com\/blog\/wp-content\/uploads\/2017\/02\/P\u00ebrfaq\u00ebsuesja-U-19-mbajti-st\u00ebrvitjen-e-par\u00eb-n\u00eb-Ulqin-3-768x513.jpg 768w\" sizes=\"(max-width: 508px) 100vw, 508px\" \/><\/a><\/p>\n","protected":false},"excerpt":{"rendered":"<p>Ekspedita e P\u00ebrfaq\u00ebsueses s\u00eb Kosov\u00ebs U-19 e prir\u00eb nga drejtori p\u00ebr marr\u00ebdh\u00ebnie me jasht\u00eb n\u00eb FFK, Artan Govori dhe p\u00ebrzgjedh\u00ebsi Ramiz Krasniqi me ndihm\u00ebsit Nazmi Rama e Xhelal Karabegu, ka arritur sot n\u00eb Ulqin dhe \u00ebsht\u00eb akomoduar n\u00eb hotelin \u201cOlympic\u201d, ku do t\u00eb q\u00ebndrojn\u00eb pes\u00eb dit\u00eb. Ky grumbullim vjen n\u00eb kuad\u00ebr t\u00eb seleksionimit t\u00eb futbollist\u00ebve [&hellip;]<\/p>\n","protected":false},"author":1,"featured_media":0,"comment_status":"closed","ping_status":"closed","sticky":false,"template":"","format":"standard","meta":{"spay_email":"","jetpack_publicize_message":"","jetpack_is_tweetstorm":false,"jetpack_publicize_feature_enabled":true},"categories":[3],"tags":[],"jetpack_publicize_connections":[],"yoast_head":"<!-- This site is optimized with the Yoast SEO plugin v19.1 - https:\/\/yoast.com\/wordpress\/plugins\/seo\/ -->\n<title>P\u00ebrfaq\u00ebsuesja U-19 mbajti st\u00ebrvitjen e par\u00eb n\u00eb Ulqin (FOTO) - Lajme nga Ulqini<\/title>\n<meta name=\"description\" content=\"Ekspedita e P\u00ebrfaq\u00ebsueses s\u00eb Kosov\u00ebs U-19 e prir\u00eb nga drejtori p\u00ebr marr\u00ebdh\u00ebnie me jasht\u00eb n\u00eb FFK, Artan Govori dhe p\u00ebrzgjedh\u00ebsi Ramiz Krasniqi me ndihm\u00ebsit\" \/>\n<meta name=\"robots\" content=\"index, follow, max-snippet:-1, max-image-preview:large, max-video-preview:-1\" \/>\n<link rel=\"canonical\" href=\"https:\/\/www.visit-ulcinj.com\/blog\/2017\/02\/08\/perfaqesuesja-u-19-mbajti-stervitjen-e-pare-ne-ulqin-foto\/\" \/>\n<meta property=\"og:locale\" content=\"en_US\" \/>\n<meta property=\"og:type\" content=\"article\" \/>\n<meta property=\"og:title\" content=\"P\u00ebrfaq\u00ebsuesja U-19 mbajti st\u00ebrvitjen e par\u00eb n\u00eb Ulqin (FOTO) - Lajme nga Ulqini\" \/>\n<meta property=\"og:description\" content=\"Ekspedita e P\u00ebrfaq\u00ebsueses s\u00eb Kosov\u00ebs U-19 e prir\u00eb nga drejtori p\u00ebr marr\u00ebdh\u00ebnie me jasht\u00eb n\u00eb FFK, Artan Govori dhe p\u00ebrzgjedh\u00ebsi Ramiz Krasniqi me ndihm\u00ebsit\" \/>\n<meta property=\"og:url\" content=\"https:\/\/www.visit-ulcinj.com\/blog\/2017\/02\/08\/perfaqesuesja-u-19-mbajti-stervitjen-e-pare-ne-ulqin-foto\/\" \/>\n<meta property=\"og:site_name\" content=\"Lajme nga Ulqini\" \/>\n<meta property=\"article:published_time\" content=\"2017-02-08T20:34:00+00:00\" \/>\n<meta name=\"twitter:label1\" content=\"Written by\" \/>\n\t<meta name=\"twitter:data1\" content=\"ulqini\" \/>\n\t<meta name=\"twitter:label2\" content=\"Est. reading time\" \/>\n\t<meta name=\"twitter:data2\" content=\"2 minutes\" \/>\n<script type=\"application\/ld+json\" class=\"yoast-schema-graph\">{\"@context\":\"https:\/\/schema.org\",\"@graph\":[{\"@type\":\"WebSite\",\"@id\":\"https:\/\/www.visit-ulcinj.com\/blog\/#website\",\"url\":\"https:\/\/www.visit-ulcinj.com\/blog\/\",\"name\":\"Lajme nga Ulqini\",\"description\":\"Lajme,Vijesti,Ulqini,Ulqin,Crna Gora,Mali i Zi\",\"potentialAction\":[{\"@type\":\"SearchAction\",\"target\":{\"@type\":\"EntryPoint\",\"urlTemplate\":\"https:\/\/www.visit-ulcinj.com\/blog\/?s={search_term_string}\"},\"query-input\":\"required name=search_term_string\"}],\"inLanguage\":\"en-US\"},{\"@type\":\"WebPage\",\"@id\":\"https:\/\/www.visit-ulcinj.com\/blog\/2017\/02\/08\/perfaqesuesja-u-19-mbajti-stervitjen-e-pare-ne-ulqin-foto\/#webpage\",\"url\":\"https:\/\/www.visit-ulcinj.com\/blog\/2017\/02\/08\/perfaqesuesja-u-19-mbajti-stervitjen-e-pare-ne-ulqin-foto\/\",\"name\":\"P\u00ebrfaq\u00ebsuesja U-19 mbajti st\u00ebrvitjen e par\u00eb n\u00eb Ulqin (FOTO) - Lajme nga Ulqini\",\"isPartOf\":{\"@id\":\"https:\/\/www.visit-ulcinj.com\/blog\/#website\"},\"datePublished\":\"2017-02-08T20:34:00+00:00\",\"dateModified\":\"2017-02-08T20:34:00+00:00\",\"author\":{\"@id\":\"https:\/\/www.visit-ulcinj.com\/blog\/#\/schema\/person\/dcab619c614d3038751c63bc2aadc06d\"},\"description\":\"Ekspedita e P\u00ebrfaq\u00ebsueses s\u00eb Kosov\u00ebs U-19 e prir\u00eb nga drejtori p\u00ebr marr\u00ebdh\u00ebnie me jasht\u00eb n\u00eb FFK, Artan Govori dhe p\u00ebrzgjedh\u00ebsi Ramiz Krasniqi me ndihm\u00ebsit\",\"breadcrumb\":{\"@id\":\"https:\/\/www.visit-ulcinj.com\/blog\/2017\/02\/08\/perfaqesuesja-u-19-mbajti-stervitjen-e-pare-ne-ulqin-foto\/#breadcrumb\"},\"inLanguage\":\"en-US\",\"potentialAction\":[{\"@type\":\"ReadAction\",\"target\":[\"https:\/\/www.visit-ulcinj.com\/blog\/2017\/02\/08\/perfaqesuesja-u-19-mbajti-stervitjen-e-pare-ne-ulqin-foto\/\"]}]},{\"@type\":\"BreadcrumbList\",\"@id\":\"https:\/\/www.visit-ulcinj.com\/blog\/2017\/02\/08\/perfaqesuesja-u-19-mbajti-stervitjen-e-pare-ne-ulqin-foto\/#breadcrumb\",\"itemListElement\":[{\"@type\":\"ListItem\",\"position\":1,\"name\":\"P\u00ebrfaq\u00ebsuesja U-19 mbajti st\u00ebrvitjen e par\u00eb n\u00eb Ulqin (FOTO)\"}]},{\"@type\":\"Person\",\"@id\":\"https:\/\/www.visit-ulcinj.com\/blog\/#\/schema\/person\/dcab619c614d3038751c63bc2aadc06d\",\"name\":\"ulqini\",\"sameAs\":[\"http:\/\/www.visit-ulcinj.com\"],\"url\":\"https:\/\/www.visit-ulcinj.com\/blog\/author\/admin\/\"}]}<\/script>\n<!-- \/ Yoast SEO plugin. -->","yoast_head_json":{"title":"P\u00ebrfaq\u00ebsuesja U-19 mbajti st\u00ebrvitjen e par\u00eb n\u00eb Ulqin (FOTO) - Lajme nga Ulqini","description":"Ekspedita e P\u00ebrfaq\u00ebsueses s\u00eb Kosov\u00ebs U-19 e prir\u00eb nga drejtori p\u00ebr marr\u00ebdh\u00ebnie me jasht\u00eb n\u00eb FFK, Artan Govori dhe p\u00ebrzgjedh\u00ebsi Ramiz Krasniqi me ndihm\u00ebsit","robots":{"index":"index","follow":"follow","max-snippet":"max-snippet:-1","max-image-preview":"max-image-preview:large","max-video-preview":"max-video-preview:-1"},"canonical":"https:\/\/www.visit-ulcinj.com\/blog\/2017\/02\/08\/perfaqesuesja-u-19-mbajti-stervitjen-e-pare-ne-ulqin-foto\/","og_locale":"en_US","og_type":"article","og_title":"P\u00ebrfaq\u00ebsuesja U-19 mbajti st\u00ebrvitjen e par\u00eb n\u00eb Ulqin (FOTO) - Lajme nga Ulqini","og_description":"Ekspedita e P\u00ebrfaq\u00ebsueses s\u00eb Kosov\u00ebs U-19 e prir\u00eb nga drejtori p\u00ebr marr\u00ebdh\u00ebnie me jasht\u00eb n\u00eb FFK, Artan Govori dhe p\u00ebrzgjedh\u00ebsi Ramiz Krasniqi me ndihm\u00ebsit","og_url":"https:\/\/www.visit-ulcinj.com\/blog\/2017\/02\/08\/perfaqesuesja-u-19-mbajti-stervitjen-e-pare-ne-ulqin-foto\/","og_site_name":"Lajme nga Ulqini","article_published_time":"2017-02-08T20:34:00+00:00","twitter_misc":{"Written by":"ulqini","Est. reading time":"2 minutes"},"schema":{"@context":"https:\/\/schema.org","@graph":[{"@type":"WebSite","@id":"https:\/\/www.visit-ulcinj.com\/blog\/#website","url":"https:\/\/www.visit-ulcinj.com\/blog\/","name":"Lajme nga Ulqini","description":"Lajme,Vijesti,Ulqini,Ulqin,Crna Gora,Mali i Zi","potentialAction":[{"@type":"SearchAction","target":{"@type":"EntryPoint","urlTemplate":"https:\/\/www.visit-ulcinj.com\/blog\/?s={search_term_string}"},"query-input":"required name=search_term_string"}],"inLanguage":"en-US"},{"@type":"WebPage","@id":"https:\/\/www.visit-ulcinj.com\/blog\/2017\/02\/08\/perfaqesuesja-u-19-mbajti-stervitjen-e-pare-ne-ulqin-foto\/#webpage","url":"https:\/\/www.visit-ulcinj.com\/blog\/2017\/02\/08\/perfaqesuesja-u-19-mbajti-stervitjen-e-pare-ne-ulqin-foto\/","name":"P\u00ebrfaq\u00ebsuesja U-19 mbajti st\u00ebrvitjen e par\u00eb n\u00eb Ulqin (FOTO) - Lajme nga Ulqini","isPartOf":{"@id":"https:\/\/www.visit-ulcinj.com\/blog\/#website"},"datePublished":"2017-02-08T20:34:00+00:00","dateModified":"2017-02-08T20:34:00+00:00","author":{"@id":"https:\/\/www.visit-ulcinj.com\/blog\/#\/schema\/person\/dcab619c614d3038751c63bc2aadc06d"},"description":"Ekspedita e P\u00ebrfaq\u00ebsueses s\u00eb Kosov\u00ebs U-19 e prir\u00eb nga drejtori p\u00ebr marr\u00ebdh\u00ebnie me jasht\u00eb n\u00eb FFK, Artan Govori dhe p\u00ebrzgjedh\u00ebsi Ramiz Krasniqi me ndihm\u00ebsit","breadcrumb":{"@id":"https:\/\/www.visit-ulcinj.com\/blog\/2017\/02\/08\/perfaqesuesja-u-19-mbajti-stervitjen-e-pare-ne-ulqin-foto\/#breadcrumb"},"inLanguage":"en-US","potentialAction":[{"@type":"ReadAction","target":["https:\/\/www.visit-ulcinj.com\/blog\/2017\/02\/08\/perfaqesuesja-u-19-mbajti-stervitjen-e-pare-ne-ulqin-foto\/"]}]},{"@type":"BreadcrumbList","@id":"https:\/\/www.visit-ulcinj.com\/blog\/2017\/02\/08\/perfaqesuesja-u-19-mbajti-stervitjen-e-pare-ne-ulqin-foto\/#breadcrumb","itemListElement":[{"@type":"ListItem","position":1,"name":"P\u00ebrfaq\u00ebsuesja U-19 mbajti st\u00ebrvitjen e par\u00eb n\u00eb Ulqin (FOTO)"}]},{"@type":"Person","@id":"https:\/\/www.visit-ulcinj.com\/blog\/#\/schema\/person\/dcab619c614d3038751c63bc2aadc06d","name":"ulqini","sameAs":["http:\/\/www.visit-ulcinj.com"],"url":"https:\/\/www.visit-ulcinj.com\/blog\/author\/admin\/"}]}},"jetpack_featured_media_url":"","jetpack_sharing_enabled":true,"jetpack_shortlink":"https:\/\/wp.me\/pe6lTn-qJN","_links":{"self":[{"href":"https:\/\/www.visit-ulcinj.com\/blog\/wp-json\/wp\/v2\/posts\/102783"}],"collection":[{"href":"https:\/\/www.visit-ulcinj.com\/blog\/wp-json\/wp\/v2\/posts"}],"about":[{"href":"https:\/\/www.visit-ulcinj.com\/blog\/wp-json\/wp\/v2\/types\/post"}],"author":[{"embeddable":true,"href":"https:\/\/www.visit-ulcinj.com\/blog\/wp-json\/wp\/v2\/users\/1"}],"replies":[{"embeddable":true,"href":"https:\/\/www.visit-ulcinj.com\/blog\/wp-json\/wp\/v2\/comments?post=102783"}],"version-history":[{"count":1,"href":"https:\/\/www.visit-ulcinj.com\/blog\/wp-json\/wp\/v2\/posts\/102783\/revisions"}],"predecessor-version":[{"id":102788,"href":"https:\/\/www.visit-ulcinj.com\/blog\/wp-json\/wp\/v2\/posts\/102783\/revisions\/102788"}],"wp:attachment":[{"href":"https:\/\/www.visit-ulcinj.com\/blog\/wp-json\/wp\/v2\/media?parent=102783"}],"wp:term":[{"taxonomy":"category","embeddable":true,"href":"https:\/\/www.visit-ulcinj.com\/blog\/wp-json\/wp\/v2\/categories?post=102783"},{"taxonomy":"post_tag","embeddable":true,"href":"https:\/\/www.visit-ulcinj.com\/blog\/wp-json\/wp\/v2\/tags?post=102783"}],"curies":[{"name":"wp","href":"https:\/\/api.w.org\/{rel}","templated":true}]}}