{"id":102797,"date":"2017-02-08T21:59:07","date_gmt":"2017-02-08T20:59:07","guid":{"rendered":"http:\/\/www.visit-ulcinj.com\/blog\/?p=102797"},"modified":"2017-02-08T21:59:07","modified_gmt":"2017-02-08T20:59:07","slug":"ambasadoret-dinosha-e-minxhozi-rajonit-duhen-ura-jo-mure","status":"publish","type":"post","link":"https:\/\/www.visit-ulcinj.com\/blog\/2017\/02\/08\/ambasadoret-dinosha-e-minxhozi-rajonit-duhen-ura-jo-mure\/","title":{"rendered":"Ambasador\u00ebt Dinosha e Minxhozi: Rajonit i duhen ura, jo mure"},"content":{"rendered":"<div class=\"full-text\">\n<p><a href=\"http:\/\/www.visit-ulcinj.com\/blog\/wp-content\/uploads\/2017\/02\/Ambasador\u00ebt-Dinosha-e-Minxhozi.jpg\"><img loading=\"lazy\" class=\"alignleft wp-image-102798\" src=\"http:\/\/www.visit-ulcinj.com\/blog\/wp-content\/uploads\/2017\/02\/Ambasador\u00ebt-Dinosha-e-Minxhozi.jpg\" alt=\"Ambasador\u00ebt Dinosha e Minxhozi\" width=\"508\" height=\"292\" srcset=\"https:\/\/www.visit-ulcinj.com\/blog\/wp-content\/uploads\/2017\/02\/Ambasador\u00ebt-Dinosha-e-Minxhozi.jpg 537w, https:\/\/www.visit-ulcinj.com\/blog\/wp-content\/uploads\/2017\/02\/Ambasador\u00ebt-Dinosha-e-Minxhozi-300x173.jpg 300w\" sizes=\"(max-width: 508px) 100vw, 508px\" \/><\/a>Ambasadori i Republik\u00ebs s\u00eb Shqip\u00ebris\u00eb n\u00eb Kosov\u00ebs, Qemal Minxhozi, ka pritur t\u00eb mart\u00ebn n\u00eb takim ambasadorin e Malit te Zi n\u00eb Kosov\u00eb, Ferhat Dinosh\u00ebn, me t\u00eb cilin ka biseduar p\u00ebr situat\u00ebn e p\u00ebrgjithshme n\u00eb Republik\u00ebn e Kosov\u00ebs.Ata kan\u00eb shprehur gatishm\u00ebri q\u00eb ta japin kontributin e vet t\u00eb plot\u00eb q\u00eb marr\u00ebdh\u00ebniet e Kosov\u00ebs me fqinj\u00ebt t\u00eb jen\u00eb sa m\u00eb miq\u00ebsore e bashk\u00ebpunuese, n\u00eb frym\u00ebn e integrimeve evropian\u00eb e euroatlantike q\u00eb e presin rajonin.<\/p>\n<p>Gjat\u00eb bised\u00ebs ata kan\u00eb p\u00ebrsh\u00ebndetur heqjen e murit af\u00ebr ur\u00ebs s\u00eb Ibrit, n\u00eb Mitrovic\u00eb, pasi q\u00eb vendosja e tij kishte krijuar tendosje n\u00eb raportet mes Serbis\u00eb dhe Kosov\u00ebs. Rajonit i duhen ura e jo mure, kan\u00eb konluduar kan\u00eb konkluduar s\u00eb bashku ambasador\u00ebt Minxhozi e Dinosha.<\/p>\n<p><strong>Indeksonline<\/strong><\/p>\n<\/div>\n","protected":false},"excerpt":{"rendered":"<p>Ambasadori i Republik\u00ebs s\u00eb Shqip\u00ebris\u00eb n\u00eb Kosov\u00ebs, Qemal Minxhozi, ka pritur t\u00eb mart\u00ebn n\u00eb takim ambasadorin e Malit te Zi n\u00eb Kosov\u00eb, Ferhat Dinosh\u00ebn, me t\u00eb cilin ka biseduar p\u00ebr situat\u00ebn e p\u00ebrgjithshme n\u00eb Republik\u00ebn e Kosov\u00ebs.Ata kan\u00eb shprehur gatishm\u00ebri q\u00eb ta japin kontributin e vet t\u00eb plot\u00eb q\u00eb marr\u00ebdh\u00ebniet e Kosov\u00ebs me fqinj\u00ebt t\u00eb [&hellip;]<\/p>\n","protected":false},"author":1,"featured_media":0,"comment_status":"closed","ping_status":"closed","sticky":false,"template":"","format":"standard","meta":{"spay_email":"","jetpack_publicize_message":"","jetpack_is_tweetstorm":false,"jetpack_publicize_feature_enabled":true},"categories":[7],"tags":[],"jetpack_publicize_connections":[],"yoast_head":"<!-- This site is optimized with the Yoast SEO plugin v19.1 - https:\/\/yoast.com\/wordpress\/plugins\/seo\/ -->\n<title>Ambasador\u00ebt Dinosha e Minxhozi: Rajonit i duhen ura, jo mure - Lajme nga Ulqini<\/title>\n<meta name=\"description\" content=\"Ambasadori i Republik\u00ebs s\u00eb Shqip\u00ebris\u00eb n\u00eb Kosov\u00ebs, Qemal Minxhozi, ka pritur t\u00eb mart\u00ebn n\u00eb takim ambasadorin e Malit te Zi n\u00eb Kosov\u00eb, Ferhat Dinosh\u00ebn, me t\u00eb\" \/>\n<meta name=\"robots\" content=\"index, follow, max-snippet:-1, max-image-preview:large, max-video-preview:-1\" \/>\n<link rel=\"canonical\" href=\"https:\/\/www.visit-ulcinj.com\/blog\/2017\/02\/08\/ambasadoret-dinosha-e-minxhozi-rajonit-duhen-ura-jo-mure\/\" \/>\n<meta property=\"og:locale\" content=\"en_US\" \/>\n<meta property=\"og:type\" content=\"article\" \/>\n<meta property=\"og:title\" content=\"Ambasador\u00ebt Dinosha e Minxhozi: Rajonit i duhen ura, jo mure - Lajme nga Ulqini\" \/>\n<meta property=\"og:description\" content=\"Ambasadori i Republik\u00ebs s\u00eb Shqip\u00ebris\u00eb n\u00eb Kosov\u00ebs, Qemal Minxhozi, ka pritur t\u00eb mart\u00ebn n\u00eb takim ambasadorin e Malit te Zi n\u00eb Kosov\u00eb, Ferhat Dinosh\u00ebn, me t\u00eb\" \/>\n<meta property=\"og:url\" content=\"https:\/\/www.visit-ulcinj.com\/blog\/2017\/02\/08\/ambasadoret-dinosha-e-minxhozi-rajonit-duhen-ura-jo-mure\/\" \/>\n<meta property=\"og:site_name\" content=\"Lajme nga Ulqini\" \/>\n<meta property=\"article:published_time\" content=\"2017-02-08T20:59:07+00:00\" \/>\n<meta name=\"twitter:label1\" content=\"Written by\" \/>\n\t<meta name=\"twitter:data1\" content=\"ulqini\" \/>\n\t<meta name=\"twitter:label2\" content=\"Est. reading time\" \/>\n\t<meta name=\"twitter:data2\" content=\"1 minute\" \/>\n<script type=\"application\/ld+json\" class=\"yoast-schema-graph\">{\"@context\":\"https:\/\/schema.org\",\"@graph\":[{\"@type\":\"WebSite\",\"@id\":\"https:\/\/www.visit-ulcinj.com\/blog\/#website\",\"url\":\"https:\/\/www.visit-ulcinj.com\/blog\/\",\"name\":\"Lajme nga Ulqini\",\"description\":\"Lajme,Vijesti,Ulqini,Ulqin,Crna Gora,Mali i Zi\",\"potentialAction\":[{\"@type\":\"SearchAction\",\"target\":{\"@type\":\"EntryPoint\",\"urlTemplate\":\"https:\/\/www.visit-ulcinj.com\/blog\/?s={search_term_string}\"},\"query-input\":\"required name=search_term_string\"}],\"inLanguage\":\"en-US\"},{\"@type\":\"WebPage\",\"@id\":\"https:\/\/www.visit-ulcinj.com\/blog\/2017\/02\/08\/ambasadoret-dinosha-e-minxhozi-rajonit-duhen-ura-jo-mure\/#webpage\",\"url\":\"https:\/\/www.visit-ulcinj.com\/blog\/2017\/02\/08\/ambasadoret-dinosha-e-minxhozi-rajonit-duhen-ura-jo-mure\/\",\"name\":\"Ambasador\u00ebt Dinosha e Minxhozi: Rajonit i duhen ura, jo mure - Lajme nga Ulqini\",\"isPartOf\":{\"@id\":\"https:\/\/www.visit-ulcinj.com\/blog\/#website\"},\"datePublished\":\"2017-02-08T20:59:07+00:00\",\"dateModified\":\"2017-02-08T20:59:07+00:00\",\"author\":{\"@id\":\"https:\/\/www.visit-ulcinj.com\/blog\/#\/schema\/person\/dcab619c614d3038751c63bc2aadc06d\"},\"description\":\"Ambasadori i Republik\u00ebs s\u00eb Shqip\u00ebris\u00eb n\u00eb Kosov\u00ebs, Qemal Minxhozi, ka pritur t\u00eb mart\u00ebn n\u00eb takim ambasadorin e Malit te Zi n\u00eb Kosov\u00eb, Ferhat Dinosh\u00ebn, me t\u00eb\",\"breadcrumb\":{\"@id\":\"https:\/\/www.visit-ulcinj.com\/blog\/2017\/02\/08\/ambasadoret-dinosha-e-minxhozi-rajonit-duhen-ura-jo-mure\/#breadcrumb\"},\"inLanguage\":\"en-US\",\"potentialAction\":[{\"@type\":\"ReadAction\",\"target\":[\"https:\/\/www.visit-ulcinj.com\/blog\/2017\/02\/08\/ambasadoret-dinosha-e-minxhozi-rajonit-duhen-ura-jo-mure\/\"]}]},{\"@type\":\"BreadcrumbList\",\"@id\":\"https:\/\/www.visit-ulcinj.com\/blog\/2017\/02\/08\/ambasadoret-dinosha-e-minxhozi-rajonit-duhen-ura-jo-mure\/#breadcrumb\",\"itemListElement\":[{\"@type\":\"ListItem\",\"position\":1,\"name\":\"Ambasador\u00ebt Dinosha e Minxhozi: Rajonit i duhen ura, jo mure\"}]},{\"@type\":\"Person\",\"@id\":\"https:\/\/www.visit-ulcinj.com\/blog\/#\/schema\/person\/dcab619c614d3038751c63bc2aadc06d\",\"name\":\"ulqini\",\"sameAs\":[\"http:\/\/www.visit-ulcinj.com\"],\"url\":\"https:\/\/www.visit-ulcinj.com\/blog\/author\/admin\/\"}]}<\/script>\n<!-- \/ Yoast SEO plugin. -->","yoast_head_json":{"title":"Ambasador\u00ebt Dinosha e Minxhozi: Rajonit i duhen ura, jo mure - Lajme nga Ulqini","description":"Ambasadori i Republik\u00ebs s\u00eb Shqip\u00ebris\u00eb n\u00eb Kosov\u00ebs, Qemal Minxhozi, ka pritur t\u00eb mart\u00ebn n\u00eb takim ambasadorin e Malit te Zi n\u00eb Kosov\u00eb, Ferhat Dinosh\u00ebn, me t\u00eb","robots":{"index":"index","follow":"follow","max-snippet":"max-snippet:-1","max-image-preview":"max-image-preview:large","max-video-preview":"max-video-preview:-1"},"canonical":"https:\/\/www.visit-ulcinj.com\/blog\/2017\/02\/08\/ambasadoret-dinosha-e-minxhozi-rajonit-duhen-ura-jo-mure\/","og_locale":"en_US","og_type":"article","og_title":"Ambasador\u00ebt Dinosha e Minxhozi: Rajonit i duhen ura, jo mure - Lajme nga Ulqini","og_description":"Ambasadori i Republik\u00ebs s\u00eb Shqip\u00ebris\u00eb n\u00eb Kosov\u00ebs, Qemal Minxhozi, ka pritur t\u00eb mart\u00ebn n\u00eb takim ambasadorin e Malit te Zi n\u00eb Kosov\u00eb, Ferhat Dinosh\u00ebn, me t\u00eb","og_url":"https:\/\/www.visit-ulcinj.com\/blog\/2017\/02\/08\/ambasadoret-dinosha-e-minxhozi-rajonit-duhen-ura-jo-mure\/","og_site_name":"Lajme nga Ulqini","article_published_time":"2017-02-08T20:59:07+00:00","twitter_misc":{"Written by":"ulqini","Est. reading time":"1 minute"},"schema":{"@context":"https:\/\/schema.org","@graph":[{"@type":"WebSite","@id":"https:\/\/www.visit-ulcinj.com\/blog\/#website","url":"https:\/\/www.visit-ulcinj.com\/blog\/","name":"Lajme nga Ulqini","description":"Lajme,Vijesti,Ulqini,Ulqin,Crna Gora,Mali i Zi","potentialAction":[{"@type":"SearchAction","target":{"@type":"EntryPoint","urlTemplate":"https:\/\/www.visit-ulcinj.com\/blog\/?s={search_term_string}"},"query-input":"required name=search_term_string"}],"inLanguage":"en-US"},{"@type":"WebPage","@id":"https:\/\/www.visit-ulcinj.com\/blog\/2017\/02\/08\/ambasadoret-dinosha-e-minxhozi-rajonit-duhen-ura-jo-mure\/#webpage","url":"https:\/\/www.visit-ulcinj.com\/blog\/2017\/02\/08\/ambasadoret-dinosha-e-minxhozi-rajonit-duhen-ura-jo-mure\/","name":"Ambasador\u00ebt Dinosha e Minxhozi: Rajonit i duhen ura, jo mure - Lajme nga Ulqini","isPartOf":{"@id":"https:\/\/www.visit-ulcinj.com\/blog\/#website"},"datePublished":"2017-02-08T20:59:07+00:00","dateModified":"2017-02-08T20:59:07+00:00","author":{"@id":"https:\/\/www.visit-ulcinj.com\/blog\/#\/schema\/person\/dcab619c614d3038751c63bc2aadc06d"},"description":"Ambasadori i Republik\u00ebs s\u00eb Shqip\u00ebris\u00eb n\u00eb Kosov\u00ebs, Qemal Minxhozi, ka pritur t\u00eb mart\u00ebn n\u00eb takim ambasadorin e Malit te Zi n\u00eb Kosov\u00eb, Ferhat Dinosh\u00ebn, me t\u00eb","breadcrumb":{"@id":"https:\/\/www.visit-ulcinj.com\/blog\/2017\/02\/08\/ambasadoret-dinosha-e-minxhozi-rajonit-duhen-ura-jo-mure\/#breadcrumb"},"inLanguage":"en-US","potentialAction":[{"@type":"ReadAction","target":["https:\/\/www.visit-ulcinj.com\/blog\/2017\/02\/08\/ambasadoret-dinosha-e-minxhozi-rajonit-duhen-ura-jo-mure\/"]}]},{"@type":"BreadcrumbList","@id":"https:\/\/www.visit-ulcinj.com\/blog\/2017\/02\/08\/ambasadoret-dinosha-e-minxhozi-rajonit-duhen-ura-jo-mure\/#breadcrumb","itemListElement":[{"@type":"ListItem","position":1,"name":"Ambasador\u00ebt Dinosha e Minxhozi: Rajonit i duhen ura, jo mure"}]},{"@type":"Person","@id":"https:\/\/www.visit-ulcinj.com\/blog\/#\/schema\/person\/dcab619c614d3038751c63bc2aadc06d","name":"ulqini","sameAs":["http:\/\/www.visit-ulcinj.com"],"url":"https:\/\/www.visit-ulcinj.com\/blog\/author\/admin\/"}]}},"jetpack_featured_media_url":"","jetpack_sharing_enabled":true,"jetpack_shortlink":"https:\/\/wp.me\/pe6lTn-qK1","_links":{"self":[{"href":"https:\/\/www.visit-ulcinj.com\/blog\/wp-json\/wp\/v2\/posts\/102797"}],"collection":[{"href":"https:\/\/www.visit-ulcinj.com\/blog\/wp-json\/wp\/v2\/posts"}],"about":[{"href":"https:\/\/www.visit-ulcinj.com\/blog\/wp-json\/wp\/v2\/types\/post"}],"author":[{"embeddable":true,"href":"https:\/\/www.visit-ulcinj.com\/blog\/wp-json\/wp\/v2\/users\/1"}],"replies":[{"embeddable":true,"href":"https:\/\/www.visit-ulcinj.com\/blog\/wp-json\/wp\/v2\/comments?post=102797"}],"version-history":[{"count":1,"href":"https:\/\/www.visit-ulcinj.com\/blog\/wp-json\/wp\/v2\/posts\/102797\/revisions"}],"predecessor-version":[{"id":102799,"href":"https:\/\/www.visit-ulcinj.com\/blog\/wp-json\/wp\/v2\/posts\/102797\/revisions\/102799"}],"wp:attachment":[{"href":"https:\/\/www.visit-ulcinj.com\/blog\/wp-json\/wp\/v2\/media?parent=102797"}],"wp:term":[{"taxonomy":"category","embeddable":true,"href":"https:\/\/www.visit-ulcinj.com\/blog\/wp-json\/wp\/v2\/categories?post=102797"},{"taxonomy":"post_tag","embeddable":true,"href":"https:\/\/www.visit-ulcinj.com\/blog\/wp-json\/wp\/v2\/tags?post=102797"}],"curies":[{"name":"wp","href":"https:\/\/api.w.org\/{rel}","templated":true}]}}