{"id":102800,"date":"2017-02-08T22:06:57","date_gmt":"2017-02-08T21:06:57","guid":{"rendered":"http:\/\/www.visit-ulcinj.com\/blog\/?p=102800"},"modified":"2017-02-08T22:06:57","modified_gmt":"2017-02-08T21:06:57","slug":"kabil-kurti-rruga-krythe-ulqin-dhe-kalimi-mallrave-ne-sukubine-esenciale-per-afarizmin","status":"publish","type":"post","link":"https:\/\/www.visit-ulcinj.com\/blog\/2017\/02\/08\/kabil-kurti-rruga-krythe-ulqin-dhe-kalimi-mallrave-ne-sukubine-esenciale-per-afarizmin\/","title":{"rendered":"Kabil Kurti: Rruga Kryth\u00eb-Ulqin dhe kalimi i mallrave n\u00eb Sukubin\u00eb, esenciale p\u00ebr afarizmin"},"content":{"rendered":"<p><a href=\"http:\/\/www.visit-ulcinj.com\/blog\/wp-content\/uploads\/2017\/02\/Kabil-Kurti-Rruga-Kryth\u00eb-Ulqin.jpg\"><img loading=\"lazy\" class=\"alignleft wp-image-102801\" src=\"http:\/\/www.visit-ulcinj.com\/blog\/wp-content\/uploads\/2017\/02\/Kabil-Kurti-Rruga-Kryth\u00eb-Ulqin.jpg\" alt=\"Kabil Kurti- Rruga Kryth\u00eb-Ulqin\" width=\"508\" height=\"243\" srcset=\"https:\/\/www.visit-ulcinj.com\/blog\/wp-content\/uploads\/2017\/02\/Kabil-Kurti-Rruga-Kryth\u00eb-Ulqin.jpg 702w, https:\/\/www.visit-ulcinj.com\/blog\/wp-content\/uploads\/2017\/02\/Kabil-Kurti-Rruga-Kryth\u00eb-Ulqin-300x144.jpg 300w\" sizes=\"(max-width: 508px) 100vw, 508px\" \/><\/a>Kryetari i Biznis Club Ana e Malit, Kabil Kurti, tha p\u00ebr televizionin Teuta se nd\u00ebrtimi i rrug\u00ebs Ulqin-Kryth\u00eb dhe kalimi i mallrave n\u00ebp\u00ebr pik\u00ebn kufitare t\u00eb Sukubin\u00ebs, jan\u00eb esenciale p\u00ebr afarist\u00ebt dhe ekonomin\u00eb n\u00eb p\u00ebrgjith\u00ebsi, raporton portali TV Teuta.<\/p>\n<p>Kurti k\u00ebto v\u00ebrejtje, si dhe t\u00eb tjerat q\u00eb u prezantuan n\u00eb tribun\u00ebn e djeshme me afarist\u00ebt e qytetit, i karakterizoi si barriera q\u00eb ndikojn\u00eb negativisht n\u00eb ambientin afarist t\u00eb Ulqinit.<\/p>\n<p>N\u00eb tribun\u00ebn e djeshme afarist\u00ebt paraqit\u00ebn edhe ankesa tjera, ku dominuan ato p\u00ebr munges\u00ebn e infrastruktur\u00ebs, administrat\u00ebn e ngadalt\u00eb dhe munges\u00ebn e kuadr\u00ebve. Ashtu si edhe n\u00eb rastet e tjera, problemi me pun\u00ebsimin e shtetasve t\u00eb huaj vazhdon t\u00eb prezantohet si nj\u00eb nga problemet madhore. Mungesa e kuadrove vendas i detyron sip\u00ebrmarr\u00ebsit q\u00eb t\u00eb angazhojn\u00eb fuqi pun\u00ebtore nga vendet fqinj\u00eb, por procedura e komplikuar dhe kuotat e kufizuara e b\u00ebjn\u00eb k\u00ebt\u00eb mjaf\u00a0 t\u00eb v\u00ebshtir\u00eb.<\/p>\n","protected":false},"excerpt":{"rendered":"<p>Kryetari i Biznis Club Ana e Malit, Kabil Kurti, tha p\u00ebr televizionin Teuta se nd\u00ebrtimi i rrug\u00ebs Ulqin-Kryth\u00eb dhe kalimi i mallrave n\u00ebp\u00ebr pik\u00ebn kufitare t\u00eb Sukubin\u00ebs, jan\u00eb esenciale p\u00ebr afarist\u00ebt dhe ekonomin\u00eb n\u00eb p\u00ebrgjith\u00ebsi, raporton portali TV Teuta. Kurti k\u00ebto v\u00ebrejtje, si dhe t\u00eb tjerat q\u00eb u prezantuan n\u00eb tribun\u00ebn e djeshme me afarist\u00ebt [&hellip;]<\/p>\n","protected":false},"author":1,"featured_media":0,"comment_status":"closed","ping_status":"closed","sticky":false,"template":"","format":"standard","meta":{"spay_email":"","jetpack_publicize_message":"","jetpack_is_tweetstorm":false,"jetpack_publicize_feature_enabled":true},"categories":[10],"tags":[],"jetpack_publicize_connections":[],"yoast_head":"<!-- This site is optimized with the Yoast SEO plugin v19.1 - https:\/\/yoast.com\/wordpress\/plugins\/seo\/ -->\n<title>Kabil Kurti: Rruga Kryth\u00eb-Ulqin dhe kalimi i mallrave n\u00eb Sukubin\u00eb, esenciale p\u00ebr afarizmin - Lajme nga Ulqini<\/title>\n<meta name=\"description\" content=\"Kryetari i Biznis Club Ana e Malit, Kabil Kurti, tha p\u00ebr televizionin Teuta se nd\u00ebrtimi i rrug\u00ebs Ulqin-Kryth\u00eb dhe kalimi i mallrave n\u00ebp\u00ebr pik\u00ebn kufitare\" \/>\n<meta name=\"robots\" content=\"index, follow, max-snippet:-1, max-image-preview:large, max-video-preview:-1\" \/>\n<link rel=\"canonical\" href=\"https:\/\/www.visit-ulcinj.com\/blog\/2017\/02\/08\/kabil-kurti-rruga-krythe-ulqin-dhe-kalimi-mallrave-ne-sukubine-esenciale-per-afarizmin\/\" \/>\n<meta property=\"og:locale\" content=\"en_US\" \/>\n<meta property=\"og:type\" content=\"article\" \/>\n<meta property=\"og:title\" content=\"Kabil Kurti: Rruga Kryth\u00eb-Ulqin dhe kalimi i mallrave n\u00eb Sukubin\u00eb, esenciale p\u00ebr afarizmin - Lajme nga Ulqini\" \/>\n<meta property=\"og:description\" content=\"Kryetari i Biznis Club Ana e Malit, Kabil Kurti, tha p\u00ebr televizionin Teuta se nd\u00ebrtimi i rrug\u00ebs Ulqin-Kryth\u00eb dhe kalimi i mallrave n\u00ebp\u00ebr pik\u00ebn kufitare\" \/>\n<meta property=\"og:url\" content=\"https:\/\/www.visit-ulcinj.com\/blog\/2017\/02\/08\/kabil-kurti-rruga-krythe-ulqin-dhe-kalimi-mallrave-ne-sukubine-esenciale-per-afarizmin\/\" \/>\n<meta property=\"og:site_name\" content=\"Lajme nga Ulqini\" \/>\n<meta property=\"article:published_time\" content=\"2017-02-08T21:06:57+00:00\" \/>\n<meta name=\"twitter:label1\" content=\"Written by\" \/>\n\t<meta name=\"twitter:data1\" content=\"ulqini\" \/>\n\t<meta name=\"twitter:label2\" content=\"Est. reading time\" \/>\n\t<meta name=\"twitter:data2\" content=\"1 minute\" \/>\n<script type=\"application\/ld+json\" class=\"yoast-schema-graph\">{\"@context\":\"https:\/\/schema.org\",\"@graph\":[{\"@type\":\"WebSite\",\"@id\":\"https:\/\/www.visit-ulcinj.com\/blog\/#website\",\"url\":\"https:\/\/www.visit-ulcinj.com\/blog\/\",\"name\":\"Lajme nga Ulqini\",\"description\":\"Lajme,Vijesti,Ulqini,Ulqin,Crna Gora,Mali i Zi\",\"potentialAction\":[{\"@type\":\"SearchAction\",\"target\":{\"@type\":\"EntryPoint\",\"urlTemplate\":\"https:\/\/www.visit-ulcinj.com\/blog\/?s={search_term_string}\"},\"query-input\":\"required name=search_term_string\"}],\"inLanguage\":\"en-US\"},{\"@type\":\"WebPage\",\"@id\":\"https:\/\/www.visit-ulcinj.com\/blog\/2017\/02\/08\/kabil-kurti-rruga-krythe-ulqin-dhe-kalimi-mallrave-ne-sukubine-esenciale-per-afarizmin\/#webpage\",\"url\":\"https:\/\/www.visit-ulcinj.com\/blog\/2017\/02\/08\/kabil-kurti-rruga-krythe-ulqin-dhe-kalimi-mallrave-ne-sukubine-esenciale-per-afarizmin\/\",\"name\":\"Kabil Kurti: Rruga Kryth\u00eb-Ulqin dhe kalimi i mallrave n\u00eb Sukubin\u00eb, esenciale p\u00ebr afarizmin - Lajme nga Ulqini\",\"isPartOf\":{\"@id\":\"https:\/\/www.visit-ulcinj.com\/blog\/#website\"},\"datePublished\":\"2017-02-08T21:06:57+00:00\",\"dateModified\":\"2017-02-08T21:06:57+00:00\",\"author\":{\"@id\":\"https:\/\/www.visit-ulcinj.com\/blog\/#\/schema\/person\/dcab619c614d3038751c63bc2aadc06d\"},\"description\":\"Kryetari i Biznis Club Ana e Malit, Kabil Kurti, tha p\u00ebr televizionin Teuta se nd\u00ebrtimi i rrug\u00ebs Ulqin-Kryth\u00eb dhe kalimi i mallrave n\u00ebp\u00ebr pik\u00ebn kufitare\",\"breadcrumb\":{\"@id\":\"https:\/\/www.visit-ulcinj.com\/blog\/2017\/02\/08\/kabil-kurti-rruga-krythe-ulqin-dhe-kalimi-mallrave-ne-sukubine-esenciale-per-afarizmin\/#breadcrumb\"},\"inLanguage\":\"en-US\",\"potentialAction\":[{\"@type\":\"ReadAction\",\"target\":[\"https:\/\/www.visit-ulcinj.com\/blog\/2017\/02\/08\/kabil-kurti-rruga-krythe-ulqin-dhe-kalimi-mallrave-ne-sukubine-esenciale-per-afarizmin\/\"]}]},{\"@type\":\"BreadcrumbList\",\"@id\":\"https:\/\/www.visit-ulcinj.com\/blog\/2017\/02\/08\/kabil-kurti-rruga-krythe-ulqin-dhe-kalimi-mallrave-ne-sukubine-esenciale-per-afarizmin\/#breadcrumb\",\"itemListElement\":[{\"@type\":\"ListItem\",\"position\":1,\"name\":\"Kabil Kurti: Rruga Kryth\u00eb-Ulqin dhe kalimi i mallrave n\u00eb Sukubin\u00eb, esenciale p\u00ebr afarizmin\"}]},{\"@type\":\"Person\",\"@id\":\"https:\/\/www.visit-ulcinj.com\/blog\/#\/schema\/person\/dcab619c614d3038751c63bc2aadc06d\",\"name\":\"ulqini\",\"sameAs\":[\"http:\/\/www.visit-ulcinj.com\"],\"url\":\"https:\/\/www.visit-ulcinj.com\/blog\/author\/admin\/\"}]}<\/script>\n<!-- \/ Yoast SEO plugin. -->","yoast_head_json":{"title":"Kabil Kurti: Rruga Kryth\u00eb-Ulqin dhe kalimi i mallrave n\u00eb Sukubin\u00eb, esenciale p\u00ebr afarizmin - Lajme nga Ulqini","description":"Kryetari i Biznis Club Ana e Malit, Kabil Kurti, tha p\u00ebr televizionin Teuta se nd\u00ebrtimi i rrug\u00ebs Ulqin-Kryth\u00eb dhe kalimi i mallrave n\u00ebp\u00ebr pik\u00ebn kufitare","robots":{"index":"index","follow":"follow","max-snippet":"max-snippet:-1","max-image-preview":"max-image-preview:large","max-video-preview":"max-video-preview:-1"},"canonical":"https:\/\/www.visit-ulcinj.com\/blog\/2017\/02\/08\/kabil-kurti-rruga-krythe-ulqin-dhe-kalimi-mallrave-ne-sukubine-esenciale-per-afarizmin\/","og_locale":"en_US","og_type":"article","og_title":"Kabil Kurti: Rruga Kryth\u00eb-Ulqin dhe kalimi i mallrave n\u00eb Sukubin\u00eb, esenciale p\u00ebr afarizmin - Lajme nga Ulqini","og_description":"Kryetari i Biznis Club Ana e Malit, Kabil Kurti, tha p\u00ebr televizionin Teuta se nd\u00ebrtimi i rrug\u00ebs Ulqin-Kryth\u00eb dhe kalimi i mallrave n\u00ebp\u00ebr pik\u00ebn kufitare","og_url":"https:\/\/www.visit-ulcinj.com\/blog\/2017\/02\/08\/kabil-kurti-rruga-krythe-ulqin-dhe-kalimi-mallrave-ne-sukubine-esenciale-per-afarizmin\/","og_site_name":"Lajme nga Ulqini","article_published_time":"2017-02-08T21:06:57+00:00","twitter_misc":{"Written by":"ulqini","Est. reading time":"1 minute"},"schema":{"@context":"https:\/\/schema.org","@graph":[{"@type":"WebSite","@id":"https:\/\/www.visit-ulcinj.com\/blog\/#website","url":"https:\/\/www.visit-ulcinj.com\/blog\/","name":"Lajme nga Ulqini","description":"Lajme,Vijesti,Ulqini,Ulqin,Crna Gora,Mali i Zi","potentialAction":[{"@type":"SearchAction","target":{"@type":"EntryPoint","urlTemplate":"https:\/\/www.visit-ulcinj.com\/blog\/?s={search_term_string}"},"query-input":"required name=search_term_string"}],"inLanguage":"en-US"},{"@type":"WebPage","@id":"https:\/\/www.visit-ulcinj.com\/blog\/2017\/02\/08\/kabil-kurti-rruga-krythe-ulqin-dhe-kalimi-mallrave-ne-sukubine-esenciale-per-afarizmin\/#webpage","url":"https:\/\/www.visit-ulcinj.com\/blog\/2017\/02\/08\/kabil-kurti-rruga-krythe-ulqin-dhe-kalimi-mallrave-ne-sukubine-esenciale-per-afarizmin\/","name":"Kabil Kurti: Rruga Kryth\u00eb-Ulqin dhe kalimi i mallrave n\u00eb Sukubin\u00eb, esenciale p\u00ebr afarizmin - Lajme nga Ulqini","isPartOf":{"@id":"https:\/\/www.visit-ulcinj.com\/blog\/#website"},"datePublished":"2017-02-08T21:06:57+00:00","dateModified":"2017-02-08T21:06:57+00:00","author":{"@id":"https:\/\/www.visit-ulcinj.com\/blog\/#\/schema\/person\/dcab619c614d3038751c63bc2aadc06d"},"description":"Kryetari i Biznis Club Ana e Malit, Kabil Kurti, tha p\u00ebr televizionin Teuta se nd\u00ebrtimi i rrug\u00ebs Ulqin-Kryth\u00eb dhe kalimi i mallrave n\u00ebp\u00ebr pik\u00ebn kufitare","breadcrumb":{"@id":"https:\/\/www.visit-ulcinj.com\/blog\/2017\/02\/08\/kabil-kurti-rruga-krythe-ulqin-dhe-kalimi-mallrave-ne-sukubine-esenciale-per-afarizmin\/#breadcrumb"},"inLanguage":"en-US","potentialAction":[{"@type":"ReadAction","target":["https:\/\/www.visit-ulcinj.com\/blog\/2017\/02\/08\/kabil-kurti-rruga-krythe-ulqin-dhe-kalimi-mallrave-ne-sukubine-esenciale-per-afarizmin\/"]}]},{"@type":"BreadcrumbList","@id":"https:\/\/www.visit-ulcinj.com\/blog\/2017\/02\/08\/kabil-kurti-rruga-krythe-ulqin-dhe-kalimi-mallrave-ne-sukubine-esenciale-per-afarizmin\/#breadcrumb","itemListElement":[{"@type":"ListItem","position":1,"name":"Kabil Kurti: Rruga Kryth\u00eb-Ulqin dhe kalimi i mallrave n\u00eb Sukubin\u00eb, esenciale p\u00ebr afarizmin"}]},{"@type":"Person","@id":"https:\/\/www.visit-ulcinj.com\/blog\/#\/schema\/person\/dcab619c614d3038751c63bc2aadc06d","name":"ulqini","sameAs":["http:\/\/www.visit-ulcinj.com"],"url":"https:\/\/www.visit-ulcinj.com\/blog\/author\/admin\/"}]}},"jetpack_featured_media_url":"","jetpack_sharing_enabled":true,"jetpack_shortlink":"https:\/\/wp.me\/pe6lTn-qK4","_links":{"self":[{"href":"https:\/\/www.visit-ulcinj.com\/blog\/wp-json\/wp\/v2\/posts\/102800"}],"collection":[{"href":"https:\/\/www.visit-ulcinj.com\/blog\/wp-json\/wp\/v2\/posts"}],"about":[{"href":"https:\/\/www.visit-ulcinj.com\/blog\/wp-json\/wp\/v2\/types\/post"}],"author":[{"embeddable":true,"href":"https:\/\/www.visit-ulcinj.com\/blog\/wp-json\/wp\/v2\/users\/1"}],"replies":[{"embeddable":true,"href":"https:\/\/www.visit-ulcinj.com\/blog\/wp-json\/wp\/v2\/comments?post=102800"}],"version-history":[{"count":1,"href":"https:\/\/www.visit-ulcinj.com\/blog\/wp-json\/wp\/v2\/posts\/102800\/revisions"}],"predecessor-version":[{"id":102802,"href":"https:\/\/www.visit-ulcinj.com\/blog\/wp-json\/wp\/v2\/posts\/102800\/revisions\/102802"}],"wp:attachment":[{"href":"https:\/\/www.visit-ulcinj.com\/blog\/wp-json\/wp\/v2\/media?parent=102800"}],"wp:term":[{"taxonomy":"category","embeddable":true,"href":"https:\/\/www.visit-ulcinj.com\/blog\/wp-json\/wp\/v2\/categories?post=102800"},{"taxonomy":"post_tag","embeddable":true,"href":"https:\/\/www.visit-ulcinj.com\/blog\/wp-json\/wp\/v2\/tags?post=102800"}],"curies":[{"name":"wp","href":"https:\/\/api.w.org\/{rel}","templated":true}]}}