{"id":102803,"date":"2017-02-08T23:14:58","date_gmt":"2017-02-08T22:14:58","guid":{"rendered":"http:\/\/www.visit-ulcinj.com\/blog\/?p=102803"},"modified":"2017-02-08T23:24:33","modified_gmt":"2017-02-08T22:24:33","slug":"divlja-gradnja-krenula-u-maslinjake-ulcinja","status":"publish","type":"post","link":"https:\/\/www.visit-ulcinj.com\/blog\/2017\/02\/08\/divlja-gradnja-krenula-u-maslinjake-ulcinja\/","title":{"rendered":"&#8220;Divlja gradnja&#8221; krenula i u maslinjake Ulcinja"},"content":{"rendered":"<p><strong>Op\u0161tina nemo\u0107na protiv nelegalne gradnje <\/strong><\/p>\n<p><strong><span class=\"credits__author\"> <a href=\"http:\/\/www.visit-ulcinj.com\/blog\/wp-content\/uploads\/2016\/09\/Cungu-Nurkovic-valdanos.jpg\"><img loading=\"lazy\" class=\"alignleft wp-image-99856\" src=\"http:\/\/www.visit-ulcinj.com\/blog\/wp-content\/uploads\/2016\/09\/Cungu-Nurkovic-valdanos.jpg\" alt=\"Cungu-Nurkovic-valdanos\" width=\"508\" height=\"339\" srcset=\"https:\/\/www.visit-ulcinj.com\/blog\/wp-content\/uploads\/2016\/09\/Cungu-Nurkovic-valdanos.jpg 999w, https:\/\/www.visit-ulcinj.com\/blog\/wp-content\/uploads\/2016\/09\/Cungu-Nurkovic-valdanos-300x200.jpg 300w, https:\/\/www.visit-ulcinj.com\/blog\/wp-content\/uploads\/2016\/09\/Cungu-Nurkovic-valdanos-768x512.jpg 768w\" sizes=\"(max-width: 508px) 100vw, 508px\" \/><\/a>Autor: <a href=\"http:\/\/www.vijesti.me\/autori\/samir-adrovic-85\/profil\">Samir Adrovi\u0107<\/a> <\/span><\/strong><\/p>\n<p>Ekspanzija gradnje u Ulcinju u posljednjih nekoliko mjeseci dosegla je neslu\u0107ene razmjere, \u0161to je upalilo crvenu lampicu u Op\u0161tini i Upravi za inspekcijske poslove.<\/p>\n<p>U ve\u0107ini slu\u010dajeva, investitori grade uglavnom nezakonito, i\u0161\u010dekuju\u0107i prvi mart kada na snagu stupa zakon o legalizaciji divljih objekata. Uprkos stalnom prisustvu na terenu, inspektori te\u0161ko izlaze na kraj sa divljim graditeljima bez obzira \u0161to su podnijeli na desetine krivi\u010dinih prijava i donijeli rje\u0161enja o ru\u0161enju.<\/p>\n<p>Predsjednik Op\u0161tine Nazif Cungu zapitao je ima li uop\u0161te svrhe vi\u0161e raditi i donositi detaljne urbanisti\u010dke planove.<\/p>\n<p>\u201cMi smo radili monitoring i u pitanju je oko 130 objekata koje smo registrovali i prijavili nadle\u017enim inspekcijama\u201d, kazao je Cungu \u201cVijestima\u201d, navode\u0107i da ima korektnu i kontinuiranu saradnju sa Upravom za inspekcijske poslove. Tvrdi da je Op\u0161tina potpuno nemo\u0107na.<\/p>\n<p>\u201cAko se ovako nastavi, postavlja se logi\u010dno pitanje da li bi i za koga vi\u0161e trebalo donositi urbanisti\u010dke planove- ocijenio je Cungu. Prema njegovom mi\u0161ljenju, rje\u0161enje bi bilo da se inspekcijski nadzor vrati u op\u0161tinske ingerencije\u201d.<\/p>\n<p>Na\u010delnik Komunalne policije Saubih Mehmeti kazao je da je cifra od 130 objekata u gradnji, rezultat nadzora slu\u017ebe do oktobra pro\u0161le godine.<\/p>\n<p>\u201cMogu\u0107e je da je sada ne\u0161to ve\u0107i broj, ali u preko 90 odsto slu\u010dajeva, na divlje se radi dogradnja objekata\u201d, kazao je on.<\/p>\n<p>Prema nezvani\u010dnim informacijama, od septembra do danas nelegalnim radovima u ulcinjskoj op\u0161tini, a posebno u u\u017eem gradskom jezgru, \u0110eranama i \u0160toju, obuhva\u0107eno je vi\u0161e od 300 objekata \u010diji vlasnici o\u010dekuju legalizaciju na prolje\u0107e.<\/p>\n<p>Divlja gradnja na\u017ealost, nije zaobi\u0161la ni ulcinjski maslinadu koja broji 85 hiljada stabala.<\/p>\n<p>\u201cMaslinada je definitivno nova gra\u0111evinska zona, iako je tako ne\u0161to zakonom zabranjeno. Sve vi\u0161e se grade \u010dvrsti objekti, koji uglavnom slu\u017ee za izdavanje. I niko ni\u0161ta da preduzme\u201d, ka\u017ee novinar i publicista Mustafa Canka.<\/p>\n<p>Takvim pona\u0161anjem, tvrdi on, potvr\u0111uje se argumentacija onih koji se protive vra\u0107anju stvarnim vlasnicima otetih maslinjaka u Valdanosu i onih koji su u toj uvali htjeli da grade hotele i vile za prodaju.<\/p>\n<p>\u201cJo\u0161 va\u017enije- ovaj tumor divlje gradnje zauvijek \u0107e uni\u0161titi ogromno kulturno, biolo\u0161ko, ekolo\u0161ko i ekonomsko blago Ulcinja. Smije li iko, ko je barem jednom u \u017eivotu tuda pro\u0161ao, da \u0107uti pred ovim kulturocidom\u201d, istakao je Canka.<\/p>\n<p><strong>Izvor: Vijesti Online<\/strong><\/p>\n","protected":false},"excerpt":{"rendered":"<p>Op\u0161tina nemo\u0107na protiv nelegalne gradnje Autor: Samir Adrovi\u0107 Ekspanzija gradnje u Ulcinju u posljednjih nekoliko mjeseci dosegla je neslu\u0107ene razmjere, \u0161to je upalilo crvenu lampicu u Op\u0161tini i Upravi za inspekcijske poslove. U ve\u0107ini slu\u010dajeva, investitori grade uglavnom nezakonito, i\u0161\u010dekuju\u0107i prvi mart kada na snagu stupa zakon o legalizaciji divljih objekata. Uprkos stalnom prisustvu na [&hellip;]<\/p>\n","protected":false},"author":1,"featured_media":0,"comment_status":"closed","ping_status":"closed","sticky":false,"template":"","format":"standard","meta":{"spay_email":"","jetpack_publicize_message":"","jetpack_is_tweetstorm":false,"jetpack_publicize_feature_enabled":true},"categories":[6950],"tags":[],"jetpack_publicize_connections":[],"yoast_head":"<!-- This site is optimized with the Yoast SEO plugin v19.1 - https:\/\/yoast.com\/wordpress\/plugins\/seo\/ -->\n<title>&quot;Divlja gradnja&quot; krenula i u maslinjake Ulcinja - Lajme nga Ulqini<\/title>\n<meta name=\"description\" content=\"Op\u0161tina nemo\u0107na protiv nelegalne gradnje Autor: Samir Adrovi\u0107 Ekspanzija gradnje u Ulcinju u posljednjih nekoliko mjeseci dosegla je neslu\u0107ene razmjere,\" \/>\n<meta name=\"robots\" content=\"index, follow, max-snippet:-1, max-image-preview:large, max-video-preview:-1\" \/>\n<link rel=\"canonical\" href=\"https:\/\/www.visit-ulcinj.com\/blog\/2017\/02\/08\/divlja-gradnja-krenula-u-maslinjake-ulcinja\/\" \/>\n<meta property=\"og:locale\" content=\"en_US\" \/>\n<meta property=\"og:type\" content=\"article\" \/>\n<meta property=\"og:title\" content=\"&quot;Divlja gradnja&quot; krenula i u maslinjake Ulcinja - Lajme nga Ulqini\" \/>\n<meta property=\"og:description\" content=\"Op\u0161tina nemo\u0107na protiv nelegalne gradnje Autor: Samir Adrovi\u0107 Ekspanzija gradnje u Ulcinju u posljednjih nekoliko mjeseci dosegla je neslu\u0107ene razmjere,\" \/>\n<meta property=\"og:url\" content=\"https:\/\/www.visit-ulcinj.com\/blog\/2017\/02\/08\/divlja-gradnja-krenula-u-maslinjake-ulcinja\/\" \/>\n<meta property=\"og:site_name\" content=\"Lajme nga Ulqini\" \/>\n<meta property=\"article:published_time\" content=\"2017-02-08T22:14:58+00:00\" \/>\n<meta property=\"article:modified_time\" content=\"2017-02-08T22:24:33+00:00\" \/>\n<meta property=\"og:image\" content=\"http:\/\/www.visit-ulcinj.com\/blog\/wp-content\/uploads\/2016\/09\/Cungu-Nurkovic-valdanos.jpg\" \/>\n<meta name=\"twitter:label1\" content=\"Written by\" \/>\n\t<meta name=\"twitter:data1\" content=\"ulqini\" \/>\n\t<meta name=\"twitter:label2\" content=\"Est. reading time\" \/>\n\t<meta name=\"twitter:data2\" content=\"2 minutes\" \/>\n<script type=\"application\/ld+json\" class=\"yoast-schema-graph\">{\"@context\":\"https:\/\/schema.org\",\"@graph\":[{\"@type\":\"WebSite\",\"@id\":\"https:\/\/www.visit-ulcinj.com\/blog\/#website\",\"url\":\"https:\/\/www.visit-ulcinj.com\/blog\/\",\"name\":\"Lajme nga Ulqini\",\"description\":\"Lajme,Vijesti,Ulqini,Ulqin,Crna Gora,Mali i Zi\",\"potentialAction\":[{\"@type\":\"SearchAction\",\"target\":{\"@type\":\"EntryPoint\",\"urlTemplate\":\"https:\/\/www.visit-ulcinj.com\/blog\/?s={search_term_string}\"},\"query-input\":\"required name=search_term_string\"}],\"inLanguage\":\"en-US\"},{\"@type\":\"ImageObject\",\"inLanguage\":\"en-US\",\"@id\":\"https:\/\/www.visit-ulcinj.com\/blog\/2017\/02\/08\/divlja-gradnja-krenula-u-maslinjake-ulcinja\/#primaryimage\",\"url\":\"https:\/\/www.visit-ulcinj.com\/blog\/wp-content\/uploads\/2016\/09\/Cungu-Nurkovic-valdanos.jpg\",\"contentUrl\":\"https:\/\/www.visit-ulcinj.com\/blog\/wp-content\/uploads\/2016\/09\/Cungu-Nurkovic-valdanos.jpg\",\"width\":999,\"height\":666},{\"@type\":\"WebPage\",\"@id\":\"https:\/\/www.visit-ulcinj.com\/blog\/2017\/02\/08\/divlja-gradnja-krenula-u-maslinjake-ulcinja\/#webpage\",\"url\":\"https:\/\/www.visit-ulcinj.com\/blog\/2017\/02\/08\/divlja-gradnja-krenula-u-maslinjake-ulcinja\/\",\"name\":\"\\\"Divlja gradnja\\\" krenula i u maslinjake Ulcinja - Lajme nga Ulqini\",\"isPartOf\":{\"@id\":\"https:\/\/www.visit-ulcinj.com\/blog\/#website\"},\"primaryImageOfPage\":{\"@id\":\"https:\/\/www.visit-ulcinj.com\/blog\/2017\/02\/08\/divlja-gradnja-krenula-u-maslinjake-ulcinja\/#primaryimage\"},\"datePublished\":\"2017-02-08T22:14:58+00:00\",\"dateModified\":\"2017-02-08T22:24:33+00:00\",\"author\":{\"@id\":\"https:\/\/www.visit-ulcinj.com\/blog\/#\/schema\/person\/dcab619c614d3038751c63bc2aadc06d\"},\"description\":\"Op\u0161tina nemo\u0107na protiv nelegalne gradnje Autor: Samir Adrovi\u0107 Ekspanzija gradnje u Ulcinju u posljednjih nekoliko mjeseci dosegla je neslu\u0107ene razmjere,\",\"breadcrumb\":{\"@id\":\"https:\/\/www.visit-ulcinj.com\/blog\/2017\/02\/08\/divlja-gradnja-krenula-u-maslinjake-ulcinja\/#breadcrumb\"},\"inLanguage\":\"en-US\",\"potentialAction\":[{\"@type\":\"ReadAction\",\"target\":[\"https:\/\/www.visit-ulcinj.com\/blog\/2017\/02\/08\/divlja-gradnja-krenula-u-maslinjake-ulcinja\/\"]}]},{\"@type\":\"BreadcrumbList\",\"@id\":\"https:\/\/www.visit-ulcinj.com\/blog\/2017\/02\/08\/divlja-gradnja-krenula-u-maslinjake-ulcinja\/#breadcrumb\",\"itemListElement\":[{\"@type\":\"ListItem\",\"position\":1,\"name\":\"&#8220;Divlja gradnja&#8221; krenula i u maslinjake Ulcinja\"}]},{\"@type\":\"Person\",\"@id\":\"https:\/\/www.visit-ulcinj.com\/blog\/#\/schema\/person\/dcab619c614d3038751c63bc2aadc06d\",\"name\":\"ulqini\",\"sameAs\":[\"http:\/\/www.visit-ulcinj.com\"],\"url\":\"https:\/\/www.visit-ulcinj.com\/blog\/author\/admin\/\"}]}<\/script>\n<!-- \/ Yoast SEO plugin. -->","yoast_head_json":{"title":"\"Divlja gradnja\" krenula i u maslinjake Ulcinja - Lajme nga Ulqini","description":"Op\u0161tina nemo\u0107na protiv nelegalne gradnje Autor: Samir Adrovi\u0107 Ekspanzija gradnje u Ulcinju u posljednjih nekoliko mjeseci dosegla je neslu\u0107ene razmjere,","robots":{"index":"index","follow":"follow","max-snippet":"max-snippet:-1","max-image-preview":"max-image-preview:large","max-video-preview":"max-video-preview:-1"},"canonical":"https:\/\/www.visit-ulcinj.com\/blog\/2017\/02\/08\/divlja-gradnja-krenula-u-maslinjake-ulcinja\/","og_locale":"en_US","og_type":"article","og_title":"\"Divlja gradnja\" krenula i u maslinjake Ulcinja - Lajme nga Ulqini","og_description":"Op\u0161tina nemo\u0107na protiv nelegalne gradnje Autor: Samir Adrovi\u0107 Ekspanzija gradnje u Ulcinju u posljednjih nekoliko mjeseci dosegla je neslu\u0107ene razmjere,","og_url":"https:\/\/www.visit-ulcinj.com\/blog\/2017\/02\/08\/divlja-gradnja-krenula-u-maslinjake-ulcinja\/","og_site_name":"Lajme nga Ulqini","article_published_time":"2017-02-08T22:14:58+00:00","article_modified_time":"2017-02-08T22:24:33+00:00","og_image":[{"url":"http:\/\/www.visit-ulcinj.com\/blog\/wp-content\/uploads\/2016\/09\/Cungu-Nurkovic-valdanos.jpg"}],"twitter_misc":{"Written by":"ulqini","Est. reading time":"2 minutes"},"schema":{"@context":"https:\/\/schema.org","@graph":[{"@type":"WebSite","@id":"https:\/\/www.visit-ulcinj.com\/blog\/#website","url":"https:\/\/www.visit-ulcinj.com\/blog\/","name":"Lajme nga Ulqini","description":"Lajme,Vijesti,Ulqini,Ulqin,Crna Gora,Mali i Zi","potentialAction":[{"@type":"SearchAction","target":{"@type":"EntryPoint","urlTemplate":"https:\/\/www.visit-ulcinj.com\/blog\/?s={search_term_string}"},"query-input":"required name=search_term_string"}],"inLanguage":"en-US"},{"@type":"ImageObject","inLanguage":"en-US","@id":"https:\/\/www.visit-ulcinj.com\/blog\/2017\/02\/08\/divlja-gradnja-krenula-u-maslinjake-ulcinja\/#primaryimage","url":"https:\/\/www.visit-ulcinj.com\/blog\/wp-content\/uploads\/2016\/09\/Cungu-Nurkovic-valdanos.jpg","contentUrl":"https:\/\/www.visit-ulcinj.com\/blog\/wp-content\/uploads\/2016\/09\/Cungu-Nurkovic-valdanos.jpg","width":999,"height":666},{"@type":"WebPage","@id":"https:\/\/www.visit-ulcinj.com\/blog\/2017\/02\/08\/divlja-gradnja-krenula-u-maslinjake-ulcinja\/#webpage","url":"https:\/\/www.visit-ulcinj.com\/blog\/2017\/02\/08\/divlja-gradnja-krenula-u-maslinjake-ulcinja\/","name":"\"Divlja gradnja\" krenula i u maslinjake Ulcinja - Lajme nga Ulqini","isPartOf":{"@id":"https:\/\/www.visit-ulcinj.com\/blog\/#website"},"primaryImageOfPage":{"@id":"https:\/\/www.visit-ulcinj.com\/blog\/2017\/02\/08\/divlja-gradnja-krenula-u-maslinjake-ulcinja\/#primaryimage"},"datePublished":"2017-02-08T22:14:58+00:00","dateModified":"2017-02-08T22:24:33+00:00","author":{"@id":"https:\/\/www.visit-ulcinj.com\/blog\/#\/schema\/person\/dcab619c614d3038751c63bc2aadc06d"},"description":"Op\u0161tina nemo\u0107na protiv nelegalne gradnje Autor: Samir Adrovi\u0107 Ekspanzija gradnje u Ulcinju u posljednjih nekoliko mjeseci dosegla je neslu\u0107ene razmjere,","breadcrumb":{"@id":"https:\/\/www.visit-ulcinj.com\/blog\/2017\/02\/08\/divlja-gradnja-krenula-u-maslinjake-ulcinja\/#breadcrumb"},"inLanguage":"en-US","potentialAction":[{"@type":"ReadAction","target":["https:\/\/www.visit-ulcinj.com\/blog\/2017\/02\/08\/divlja-gradnja-krenula-u-maslinjake-ulcinja\/"]}]},{"@type":"BreadcrumbList","@id":"https:\/\/www.visit-ulcinj.com\/blog\/2017\/02\/08\/divlja-gradnja-krenula-u-maslinjake-ulcinja\/#breadcrumb","itemListElement":[{"@type":"ListItem","position":1,"name":"&#8220;Divlja gradnja&#8221; krenula i u maslinjake Ulcinja"}]},{"@type":"Person","@id":"https:\/\/www.visit-ulcinj.com\/blog\/#\/schema\/person\/dcab619c614d3038751c63bc2aadc06d","name":"ulqini","sameAs":["http:\/\/www.visit-ulcinj.com"],"url":"https:\/\/www.visit-ulcinj.com\/blog\/author\/admin\/"}]}},"jetpack_featured_media_url":"","jetpack_sharing_enabled":true,"jetpack_shortlink":"https:\/\/wp.me\/pe6lTn-qK7","_links":{"self":[{"href":"https:\/\/www.visit-ulcinj.com\/blog\/wp-json\/wp\/v2\/posts\/102803"}],"collection":[{"href":"https:\/\/www.visit-ulcinj.com\/blog\/wp-json\/wp\/v2\/posts"}],"about":[{"href":"https:\/\/www.visit-ulcinj.com\/blog\/wp-json\/wp\/v2\/types\/post"}],"author":[{"embeddable":true,"href":"https:\/\/www.visit-ulcinj.com\/blog\/wp-json\/wp\/v2\/users\/1"}],"replies":[{"embeddable":true,"href":"https:\/\/www.visit-ulcinj.com\/blog\/wp-json\/wp\/v2\/comments?post=102803"}],"version-history":[{"count":3,"href":"https:\/\/www.visit-ulcinj.com\/blog\/wp-json\/wp\/v2\/posts\/102803\/revisions"}],"predecessor-version":[{"id":102807,"href":"https:\/\/www.visit-ulcinj.com\/blog\/wp-json\/wp\/v2\/posts\/102803\/revisions\/102807"}],"wp:attachment":[{"href":"https:\/\/www.visit-ulcinj.com\/blog\/wp-json\/wp\/v2\/media?parent=102803"}],"wp:term":[{"taxonomy":"category","embeddable":true,"href":"https:\/\/www.visit-ulcinj.com\/blog\/wp-json\/wp\/v2\/categories?post=102803"},{"taxonomy":"post_tag","embeddable":true,"href":"https:\/\/www.visit-ulcinj.com\/blog\/wp-json\/wp\/v2\/tags?post=102803"}],"curies":[{"name":"wp","href":"https:\/\/api.w.org\/{rel}","templated":true}]}}