{"id":102832,"date":"2017-02-09T19:28:46","date_gmt":"2017-02-09T18:28:46","guid":{"rendered":"http:\/\/www.visit-ulcinj.com\/blog\/?p=102832"},"modified":"2017-02-09T19:28:46","modified_gmt":"2017-02-09T18:28:46","slug":"markovic-u-ulcinj-hitno-sprijeciti-divlju-gradnju","status":"publish","type":"post","link":"https:\/\/www.visit-ulcinj.com\/blog\/2017\/02\/09\/markovic-u-ulcinj-hitno-sprijeciti-divlju-gradnju\/","title":{"rendered":"Markovi\u0107: U Ulcinj hitno sprije\u010diti divlju gradnju"},"content":{"rendered":"<p><strong><a href=\"http:\/\/www.visit-ulcinj.com\/blog\/wp-content\/uploads\/2017\/02\/Premijer-Dusko-Markovic.jpg\"><img loading=\"lazy\" class=\"alignleft wp-image-102833\" src=\"http:\/\/www.visit-ulcinj.com\/blog\/wp-content\/uploads\/2017\/02\/Premijer-Dusko-Markovic.jpg\" alt=\"Premijer Dusko Markovic\" width=\"508\" height=\"338\" srcset=\"https:\/\/www.visit-ulcinj.com\/blog\/wp-content\/uploads\/2017\/02\/Premijer-Dusko-Markovic.jpg 721w, https:\/\/www.visit-ulcinj.com\/blog\/wp-content\/uploads\/2017\/02\/Premijer-Dusko-Markovic-300x200.jpg 300w\" sizes=\"(max-width: 508px) 100vw, 508px\" \/><\/a>Premijer Du\u0161ko Markovi\u0107, otvaraju\u0107i, na dana\u0161njoj sjednici Vlade, pitanje divlje gradnje u Crnoj Gori, istakao je primjer Ulcinja i zatra\u017eio hitno djelovanje. Potpredsjednik za politi\u010dki sistem, unutra\u0161nju i vanjsku politiku Zoran \u0110a\u017ein zadu\u017een je da formira radni tim u kojem bi, pored predstavnika resornih ministarstava, bili i \u010dlanovi iz Uprave za inspekcijski nadzor, Tu\u017eila\u0161tva i lokalnih samouprava kako bi aktivnosti bile koordinirane, a djelovanje efikasno. Premijer je istakao da ne vidi ve\u0107i prioritet od djelovanja na ovom planu.<\/strong><\/p>\n<p>Kako se navodi u saop\u0161tenju sa sjednice, tokom diskusije, u kojoj je u\u010destvovalo vi\u0161e ministara, ocijenjeno je da kr\u0161enje propisa, a u pojedinim slu\u010dajevima i devastacija prostora, nanosi ozbiljnu \u0161tetu nacionalnim resursima i na\u0161em strate\u0161kom opredjeljenju da resursi budu valorizujovani na dorobit cijele zajednice.<\/p>\n<p>Vlada je donijela Op\u0161ti plan za\u0161tite od \u0161tetnog dejstva voda, za vode od zna\u010daja za Crnu Goru, za period od 2017. do 2022. godine, kojim se defini\u0161u preventivne i operativne mjere, uspostavlja organizaciona struktura, u cilju smanjenja ugro\u017eenosti ljudskih \u017eivota, materijalnih dobara, \u017eivotne sredine, kulturne ba\u0161tine i privrede od \u0161tetnog dejstva voda.<\/p>\n<p>Kako je saop\u0161teno, finansijska sredstva za sprovo\u0111enje ovog plana obezbije\u0111ena su u skladu sa Programom upotrebe sredstava za upravljanje vodnim resursima za 2017. godinu, koji je Vlada, tako\u0111e, donijela na dana\u0161njoj sjednici.<\/p>\n<p>&#8220;Programom su obuhva\u0107ene aktivnosti koje se odnose na za\u0161titu voda, za\u0161titu od voda, efikasnije kori\u0161\u0107enje voda i izradu planske i projektne dokumentacije u oblasti upravljanja vodnim resursima. Pored ostalog, Programom je predvi\u0111ena izrada i revizija Projekta regulacije rijeka Grn\u010dar i Lim. Za finansiranje obaveza i potreba za upravljanje vodnim resursima u ovoj godini planirana su sredstva u iznosu od 147.500 eura&#8221;, navodi se u saop\u0161tenju.<\/p>\n<p>Tako\u0111e, Vlada je donijela i Program podsticanja projekata u vodoprivredi za ovu godinu. Sredstva predvi\u0111ena ovim dokumentom planirana su Zakonom o Bud\u017eetu Crne Gore za 2017. godinu u ukupnom iznosu od 1.050.000, od \u010dega je najve\u0107i dio, u iznosu od 975 hiljada eura, opredijeljeno za finansiranje podr\u0161ke izgradnje vodovoda na seoskom podru\u010dju, uz u\u010de\u0161\u0107e op\u0161tina i mje\u0161tana u mjesnim zajednicama u kojima je planirana izgradnja vodovoda.<\/p>\n<p>Finansiranjem izgradnje vodovoda na seoskom podru\u010dju, ula\u017ee se napor da se ve\u0107em broju stanovnika na tom podru\u010dju omogu\u0107i adekvatno vodosnabdijevanje, \u0161to je jedan od osnovnih preduslova za ostanak i povratak stanovni\u0161tva na ova podru\u010dja. Programom je obuhva\u0107ena izgradnja 49 vodovoda, hidrogeolo\u0161ki istra\u017eni radovi i izgradnja povr\u0161inskih akumulacija u cilju stvaranja boljih uslova \u017eivota i rada na seoskom podru\u010dju.<\/p>\n<p>Vlada se na dana\u0161njoj sjednici upoznala sa Izvje\u0161tajem o radu Komisije za pra\u0107enje postupanja nadle\u017enih organa u istragama slu\u010dajeva prijetnji nasilja nad novinarima, ubistava novinara i napada na imovinu medija za period od 23. septembra 2016. godine &#8211; 23. januara 2017. godine.<\/p>\n<p>&#8220;Zaklju\u010deno je da je Komisija, odlukom da u svoj djelokrug uvrsti i predmet Jova Martinovi\u0107a, iza\u0161la iz okvira svojih nadle\u017enosti utvr\u0111enih Odlukom o obrazovanju Komisije, s obzirom da Martinovi\u0107 nema status o\u0161te\u0107enog, ve\u0107 okrivljenog u postupku koji se vodi pred Vi\u0161im sudom u Podgorici, po optu\u017enici Specijalnog dr\u017eavnog tu\u017eila\u0161tva Kt-s.br. 148\/15 od 8.4.2016, kojom mu se stavlja na teret da je izvr\u0161io krivi\u010dno djelo stvaranje kriminalne organizacije iz \u010dl.401a st.2 u vezi st.1 u vezi st. 6, u sticaju sa krivi\u010dnim djelom neovla\u0161\u0107ena proizvodnja, dr\u017eanje i stavljanje u promet opojnih droga iz \u010dl.300 st 1 KZ CG&#8221;, zaklju\u010duje se u saop\u0161tenju<\/p>\n<p>Izvor: TVCG<\/p>\n<p>&nbsp;<\/p>\n","protected":false},"excerpt":{"rendered":"<p>Premijer Du\u0161ko Markovi\u0107, otvaraju\u0107i, na dana\u0161njoj sjednici Vlade, pitanje divlje gradnje u Crnoj Gori, istakao je primjer Ulcinja i zatra\u017eio hitno djelovanje. Potpredsjednik za politi\u010dki sistem, unutra\u0161nju i vanjsku politiku Zoran \u0110a\u017ein zadu\u017een je da formira radni tim u kojem bi, pored predstavnika resornih ministarstava, bili i \u010dlanovi iz Uprave za inspekcijski nadzor, Tu\u017eila\u0161tva i [&hellip;]<\/p>\n","protected":false},"author":1,"featured_media":0,"comment_status":"closed","ping_status":"closed","sticky":false,"template":"","format":"standard","meta":{"spay_email":"","jetpack_publicize_message":"","jetpack_is_tweetstorm":false,"jetpack_publicize_feature_enabled":true},"categories":[8337],"tags":[],"jetpack_publicize_connections":[],"yoast_head":"<!-- This site is optimized with the Yoast SEO plugin v19.1 - https:\/\/yoast.com\/wordpress\/plugins\/seo\/ -->\n<title>Markovi\u0107: U Ulcinj hitno sprije\u010diti divlju gradnju - Lajme nga Ulqini<\/title>\n<meta name=\"description\" content=\"Premijer Du\u0161ko Markovi\u0107, otvaraju\u0107i, na dana\u0161njoj sjednici Vlade, pitanje divlje gradnje u Crnoj Gori, istakao je primjer Ulcinja i zatra\u017eio hitno\" \/>\n<meta name=\"robots\" content=\"index, follow, max-snippet:-1, max-image-preview:large, max-video-preview:-1\" \/>\n<link rel=\"canonical\" href=\"https:\/\/www.visit-ulcinj.com\/blog\/2017\/02\/09\/markovic-u-ulcinj-hitno-sprijeciti-divlju-gradnju\/\" \/>\n<meta property=\"og:locale\" content=\"en_US\" \/>\n<meta property=\"og:type\" content=\"article\" \/>\n<meta property=\"og:title\" content=\"Markovi\u0107: U Ulcinj hitno sprije\u010diti divlju gradnju - Lajme nga Ulqini\" \/>\n<meta property=\"og:description\" content=\"Premijer Du\u0161ko Markovi\u0107, otvaraju\u0107i, na dana\u0161njoj sjednici Vlade, pitanje divlje gradnje u Crnoj Gori, istakao je primjer Ulcinja i zatra\u017eio hitno\" \/>\n<meta property=\"og:url\" content=\"https:\/\/www.visit-ulcinj.com\/blog\/2017\/02\/09\/markovic-u-ulcinj-hitno-sprijeciti-divlju-gradnju\/\" \/>\n<meta property=\"og:site_name\" content=\"Lajme nga Ulqini\" \/>\n<meta property=\"article:published_time\" content=\"2017-02-09T18:28:46+00:00\" \/>\n<meta property=\"og:image\" content=\"http:\/\/www.visit-ulcinj.com\/blog\/wp-content\/uploads\/2017\/02\/Premijer-Dusko-Markovic.jpg\" \/>\n<meta name=\"twitter:label1\" content=\"Written by\" \/>\n\t<meta name=\"twitter:data1\" content=\"ulqini\" \/>\n\t<meta name=\"twitter:label2\" content=\"Est. reading time\" \/>\n\t<meta name=\"twitter:data2\" content=\"3 minutes\" \/>\n<script type=\"application\/ld+json\" class=\"yoast-schema-graph\">{\"@context\":\"https:\/\/schema.org\",\"@graph\":[{\"@type\":\"WebSite\",\"@id\":\"https:\/\/www.visit-ulcinj.com\/blog\/#website\",\"url\":\"https:\/\/www.visit-ulcinj.com\/blog\/\",\"name\":\"Lajme nga Ulqini\",\"description\":\"Lajme,Vijesti,Ulqini,Ulqin,Crna Gora,Mali i Zi\",\"potentialAction\":[{\"@type\":\"SearchAction\",\"target\":{\"@type\":\"EntryPoint\",\"urlTemplate\":\"https:\/\/www.visit-ulcinj.com\/blog\/?s={search_term_string}\"},\"query-input\":\"required name=search_term_string\"}],\"inLanguage\":\"en-US\"},{\"@type\":\"ImageObject\",\"inLanguage\":\"en-US\",\"@id\":\"https:\/\/www.visit-ulcinj.com\/blog\/2017\/02\/09\/markovic-u-ulcinj-hitno-sprijeciti-divlju-gradnju\/#primaryimage\",\"url\":\"https:\/\/www.visit-ulcinj.com\/blog\/wp-content\/uploads\/2017\/02\/Premijer-Dusko-Markovic.jpg\",\"contentUrl\":\"https:\/\/www.visit-ulcinj.com\/blog\/wp-content\/uploads\/2017\/02\/Premijer-Dusko-Markovic.jpg\",\"width\":721,\"height\":480},{\"@type\":\"WebPage\",\"@id\":\"https:\/\/www.visit-ulcinj.com\/blog\/2017\/02\/09\/markovic-u-ulcinj-hitno-sprijeciti-divlju-gradnju\/#webpage\",\"url\":\"https:\/\/www.visit-ulcinj.com\/blog\/2017\/02\/09\/markovic-u-ulcinj-hitno-sprijeciti-divlju-gradnju\/\",\"name\":\"Markovi\u0107: U Ulcinj hitno sprije\u010diti divlju gradnju - Lajme nga Ulqini\",\"isPartOf\":{\"@id\":\"https:\/\/www.visit-ulcinj.com\/blog\/#website\"},\"primaryImageOfPage\":{\"@id\":\"https:\/\/www.visit-ulcinj.com\/blog\/2017\/02\/09\/markovic-u-ulcinj-hitno-sprijeciti-divlju-gradnju\/#primaryimage\"},\"datePublished\":\"2017-02-09T18:28:46+00:00\",\"dateModified\":\"2017-02-09T18:28:46+00:00\",\"author\":{\"@id\":\"https:\/\/www.visit-ulcinj.com\/blog\/#\/schema\/person\/dcab619c614d3038751c63bc2aadc06d\"},\"description\":\"Premijer Du\u0161ko Markovi\u0107, otvaraju\u0107i, na dana\u0161njoj sjednici Vlade, pitanje divlje gradnje u Crnoj Gori, istakao je primjer Ulcinja i zatra\u017eio hitno\",\"breadcrumb\":{\"@id\":\"https:\/\/www.visit-ulcinj.com\/blog\/2017\/02\/09\/markovic-u-ulcinj-hitno-sprijeciti-divlju-gradnju\/#breadcrumb\"},\"inLanguage\":\"en-US\",\"potentialAction\":[{\"@type\":\"ReadAction\",\"target\":[\"https:\/\/www.visit-ulcinj.com\/blog\/2017\/02\/09\/markovic-u-ulcinj-hitno-sprijeciti-divlju-gradnju\/\"]}]},{\"@type\":\"BreadcrumbList\",\"@id\":\"https:\/\/www.visit-ulcinj.com\/blog\/2017\/02\/09\/markovic-u-ulcinj-hitno-sprijeciti-divlju-gradnju\/#breadcrumb\",\"itemListElement\":[{\"@type\":\"ListItem\",\"position\":1,\"name\":\"Markovi\u0107: U Ulcinj hitno sprije\u010diti divlju gradnju\"}]},{\"@type\":\"Person\",\"@id\":\"https:\/\/www.visit-ulcinj.com\/blog\/#\/schema\/person\/dcab619c614d3038751c63bc2aadc06d\",\"name\":\"ulqini\",\"sameAs\":[\"http:\/\/www.visit-ulcinj.com\"],\"url\":\"https:\/\/www.visit-ulcinj.com\/blog\/author\/admin\/\"}]}<\/script>\n<!-- \/ Yoast SEO plugin. -->","yoast_head_json":{"title":"Markovi\u0107: U Ulcinj hitno sprije\u010diti divlju gradnju - Lajme nga Ulqini","description":"Premijer Du\u0161ko Markovi\u0107, otvaraju\u0107i, na dana\u0161njoj sjednici Vlade, pitanje divlje gradnje u Crnoj Gori, istakao je primjer Ulcinja i zatra\u017eio hitno","robots":{"index":"index","follow":"follow","max-snippet":"max-snippet:-1","max-image-preview":"max-image-preview:large","max-video-preview":"max-video-preview:-1"},"canonical":"https:\/\/www.visit-ulcinj.com\/blog\/2017\/02\/09\/markovic-u-ulcinj-hitno-sprijeciti-divlju-gradnju\/","og_locale":"en_US","og_type":"article","og_title":"Markovi\u0107: U Ulcinj hitno sprije\u010diti divlju gradnju - Lajme nga Ulqini","og_description":"Premijer Du\u0161ko Markovi\u0107, otvaraju\u0107i, na dana\u0161njoj sjednici Vlade, pitanje divlje gradnje u Crnoj Gori, istakao je primjer Ulcinja i zatra\u017eio hitno","og_url":"https:\/\/www.visit-ulcinj.com\/blog\/2017\/02\/09\/markovic-u-ulcinj-hitno-sprijeciti-divlju-gradnju\/","og_site_name":"Lajme nga Ulqini","article_published_time":"2017-02-09T18:28:46+00:00","og_image":[{"url":"http:\/\/www.visit-ulcinj.com\/blog\/wp-content\/uploads\/2017\/02\/Premijer-Dusko-Markovic.jpg"}],"twitter_misc":{"Written by":"ulqini","Est. reading time":"3 minutes"},"schema":{"@context":"https:\/\/schema.org","@graph":[{"@type":"WebSite","@id":"https:\/\/www.visit-ulcinj.com\/blog\/#website","url":"https:\/\/www.visit-ulcinj.com\/blog\/","name":"Lajme nga Ulqini","description":"Lajme,Vijesti,Ulqini,Ulqin,Crna Gora,Mali i Zi","potentialAction":[{"@type":"SearchAction","target":{"@type":"EntryPoint","urlTemplate":"https:\/\/www.visit-ulcinj.com\/blog\/?s={search_term_string}"},"query-input":"required name=search_term_string"}],"inLanguage":"en-US"},{"@type":"ImageObject","inLanguage":"en-US","@id":"https:\/\/www.visit-ulcinj.com\/blog\/2017\/02\/09\/markovic-u-ulcinj-hitno-sprijeciti-divlju-gradnju\/#primaryimage","url":"https:\/\/www.visit-ulcinj.com\/blog\/wp-content\/uploads\/2017\/02\/Premijer-Dusko-Markovic.jpg","contentUrl":"https:\/\/www.visit-ulcinj.com\/blog\/wp-content\/uploads\/2017\/02\/Premijer-Dusko-Markovic.jpg","width":721,"height":480},{"@type":"WebPage","@id":"https:\/\/www.visit-ulcinj.com\/blog\/2017\/02\/09\/markovic-u-ulcinj-hitno-sprijeciti-divlju-gradnju\/#webpage","url":"https:\/\/www.visit-ulcinj.com\/blog\/2017\/02\/09\/markovic-u-ulcinj-hitno-sprijeciti-divlju-gradnju\/","name":"Markovi\u0107: U Ulcinj hitno sprije\u010diti divlju gradnju - Lajme nga Ulqini","isPartOf":{"@id":"https:\/\/www.visit-ulcinj.com\/blog\/#website"},"primaryImageOfPage":{"@id":"https:\/\/www.visit-ulcinj.com\/blog\/2017\/02\/09\/markovic-u-ulcinj-hitno-sprijeciti-divlju-gradnju\/#primaryimage"},"datePublished":"2017-02-09T18:28:46+00:00","dateModified":"2017-02-09T18:28:46+00:00","author":{"@id":"https:\/\/www.visit-ulcinj.com\/blog\/#\/schema\/person\/dcab619c614d3038751c63bc2aadc06d"},"description":"Premijer Du\u0161ko Markovi\u0107, otvaraju\u0107i, na dana\u0161njoj sjednici Vlade, pitanje divlje gradnje u Crnoj Gori, istakao je primjer Ulcinja i zatra\u017eio hitno","breadcrumb":{"@id":"https:\/\/www.visit-ulcinj.com\/blog\/2017\/02\/09\/markovic-u-ulcinj-hitno-sprijeciti-divlju-gradnju\/#breadcrumb"},"inLanguage":"en-US","potentialAction":[{"@type":"ReadAction","target":["https:\/\/www.visit-ulcinj.com\/blog\/2017\/02\/09\/markovic-u-ulcinj-hitno-sprijeciti-divlju-gradnju\/"]}]},{"@type":"BreadcrumbList","@id":"https:\/\/www.visit-ulcinj.com\/blog\/2017\/02\/09\/markovic-u-ulcinj-hitno-sprijeciti-divlju-gradnju\/#breadcrumb","itemListElement":[{"@type":"ListItem","position":1,"name":"Markovi\u0107: U Ulcinj hitno sprije\u010diti divlju gradnju"}]},{"@type":"Person","@id":"https:\/\/www.visit-ulcinj.com\/blog\/#\/schema\/person\/dcab619c614d3038751c63bc2aadc06d","name":"ulqini","sameAs":["http:\/\/www.visit-ulcinj.com"],"url":"https:\/\/www.visit-ulcinj.com\/blog\/author\/admin\/"}]}},"jetpack_featured_media_url":"","jetpack_sharing_enabled":true,"jetpack_shortlink":"https:\/\/wp.me\/pe6lTn-qKA","_links":{"self":[{"href":"https:\/\/www.visit-ulcinj.com\/blog\/wp-json\/wp\/v2\/posts\/102832"}],"collection":[{"href":"https:\/\/www.visit-ulcinj.com\/blog\/wp-json\/wp\/v2\/posts"}],"about":[{"href":"https:\/\/www.visit-ulcinj.com\/blog\/wp-json\/wp\/v2\/types\/post"}],"author":[{"embeddable":true,"href":"https:\/\/www.visit-ulcinj.com\/blog\/wp-json\/wp\/v2\/users\/1"}],"replies":[{"embeddable":true,"href":"https:\/\/www.visit-ulcinj.com\/blog\/wp-json\/wp\/v2\/comments?post=102832"}],"version-history":[{"count":1,"href":"https:\/\/www.visit-ulcinj.com\/blog\/wp-json\/wp\/v2\/posts\/102832\/revisions"}],"predecessor-version":[{"id":102834,"href":"https:\/\/www.visit-ulcinj.com\/blog\/wp-json\/wp\/v2\/posts\/102832\/revisions\/102834"}],"wp:attachment":[{"href":"https:\/\/www.visit-ulcinj.com\/blog\/wp-json\/wp\/v2\/media?parent=102832"}],"wp:term":[{"taxonomy":"category","embeddable":true,"href":"https:\/\/www.visit-ulcinj.com\/blog\/wp-json\/wp\/v2\/categories?post=102832"},{"taxonomy":"post_tag","embeddable":true,"href":"https:\/\/www.visit-ulcinj.com\/blog\/wp-json\/wp\/v2\/tags?post=102832"}],"curies":[{"name":"wp","href":"https:\/\/api.w.org\/{rel}","templated":true}]}}