{"id":102835,"date":"2017-02-10T09:04:11","date_gmt":"2017-02-10T08:04:11","guid":{"rendered":"http:\/\/www.visit-ulcinj.com\/blog\/?p=102835"},"modified":"2017-02-10T09:05:42","modified_gmt":"2017-02-10T08:05:42","slug":"perfaqesuesja-e-kosoves-u-19-po-vazhdon-me-pune-intensive-ne-ulqin-video","status":"publish","type":"post","link":"https:\/\/www.visit-ulcinj.com\/blog\/2017\/02\/10\/perfaqesuesja-e-kosoves-u-19-po-vazhdon-me-pune-intensive-ne-ulqin-video\/","title":{"rendered":"P\u00ebrfaq\u00ebsuesja e Kosov\u00ebs U-19 po vazhdon me pun\u00eb intensive n\u00eb Ulqin &#8211; Video"},"content":{"rendered":"<p><a href=\"http:\/\/www.visit-ulcinj.com\/blog\/wp-content\/uploads\/2017\/02\/Krasniqi-i-k\u00ebnaqur-me-lojtar\u00ebt.jpg\"><img loading=\"lazy\" class=\"alignleft wp-image-102836\" src=\"http:\/\/www.visit-ulcinj.com\/blog\/wp-content\/uploads\/2017\/02\/Krasniqi-i-k\u00ebnaqur-me-lojtar\u00ebt.jpg\" alt=\"Krasniqi i k\u00ebnaqur me lojtar\u00ebt\" width=\"508\" height=\"286\" srcset=\"https:\/\/www.visit-ulcinj.com\/blog\/wp-content\/uploads\/2017\/02\/Krasniqi-i-k\u00ebnaqur-me-lojtar\u00ebt.jpg 780w, https:\/\/www.visit-ulcinj.com\/blog\/wp-content\/uploads\/2017\/02\/Krasniqi-i-k\u00ebnaqur-me-lojtar\u00ebt-300x169.jpg 300w, https:\/\/www.visit-ulcinj.com\/blog\/wp-content\/uploads\/2017\/02\/Krasniqi-i-k\u00ebnaqur-me-lojtar\u00ebt-768x432.jpg 768w\" sizes=\"(max-width: 508px) 100vw, 508px\" \/><\/a>Gjat\u00eb dit\u00ebs s\u00eb sotme jan\u00eb zhvilluar dy seanca st\u00ebrvitore nga dy or\u00eb, ku \u00ebsht\u00eb punuar n\u00eb aspektin tekniko-taktik, n\u00eb faz\u00ebn ofanzive dhe defanzive si dhe \u00ebsht\u00eb improvizuar edhe nj\u00eb ndeshje.<\/p>\n<p>Si n\u00eb seanc\u00ebn e paradites, ashtu edhe n\u00eb at\u00eb t\u00eb pasdites djelmoshat kan\u00eb treguar angazhim dhe vullnet t\u00eb madh p\u00ebr pun\u00eb, derisa pas \u00e7do st\u00ebrvitje harmonia n\u00eb grup po vjen duke u rritur, duke pasur parasysh se \u00ebsht\u00eb b\u00ebr\u00eb nd\u00ebrrimi i gjenerat\u00ebs dhe shumica e k\u00ebtyre futbollist\u00ebve p\u00ebr her\u00eb t\u00eb par\u00eb jan\u00eb duke st\u00ebrvitur s\u00eb bashku.<\/p>\n<p>Gjat\u00eb dit\u00ebs s\u00eb nes\u00ebrme P\u00ebrfaq\u00ebsuesja U19 n\u00eb or\u00ebt e paradites do ta mbaj\u00eb nj\u00eb st\u00ebrvitje t\u00eb leht\u00eb, derisa pasdite do ta zhvilloj\u00eb nj\u00eb ndeshje testuese me skuadr\u00ebn ulqinake, Otranti.<\/p>\n<p>P\u00ebrzgjedh\u00ebsi Ramiz Krasniqi \u00ebsht\u00eb shprehur n\u00eb p\u00ebrgjith\u00ebsi i k\u00ebnaqur me at\u00eb \u00e7far\u00eb kan\u00eb treguar djelmoshat n\u00eb tri st\u00ebrvitjet e deritashme dhe shpreson se n\u00eb dit\u00ebt n\u00eb vazhdim do t\u00eb ket\u00eb komponim edhe m\u00eb t\u00eb mir\u00eb nd\u00ebrmjet lojtar\u00ebve.<\/p>\n<p>\u201cJam i k\u00ebnaqur, por ka ende shum\u00eb pun\u00eb p\u00ebr t\u2019u b\u00ebr\u00eb. Ajo q\u00eb g\u00ebzon \u00ebsht\u00eb fakti se t\u00eb gjith\u00eb po e japin maksimumin. Angazhimi i secilit futbollist \u00ebsht\u00eb n\u00eb nivel t\u00eb duhur dhe po shihet se gradualisht djelmoshat po e kuptojn\u00eb se kjo \u00ebsht\u00eb p\u00ebrfaq\u00ebsuesja dhe k\u00ebtu ka shum\u00eb obligime, shum\u00eb p\u00ebrgjegj\u00ebsi dhe disiplin\u00eb\u201d.<\/p>\n<p><a href=\"http:\/\/www.visit-ulcinj.com\/blog\/wp-content\/uploads\/2017\/02\/Krasniqi-i-k\u00ebnaqur-me-lojtar\u00ebt-1.jpg\"><img loading=\"lazy\" class=\"alignleft wp-image-102838\" src=\"http:\/\/www.visit-ulcinj.com\/blog\/wp-content\/uploads\/2017\/02\/Krasniqi-i-k\u00ebnaqur-me-lojtar\u00ebt-1.jpg\" alt=\"Krasniqi i k\u00ebnaqur me lojtar\u00ebt-1\" width=\"508\" height=\"336\" srcset=\"https:\/\/www.visit-ulcinj.com\/blog\/wp-content\/uploads\/2017\/02\/Krasniqi-i-k\u00ebnaqur-me-lojtar\u00ebt-1.jpg 800w, https:\/\/www.visit-ulcinj.com\/blog\/wp-content\/uploads\/2017\/02\/Krasniqi-i-k\u00ebnaqur-me-lojtar\u00ebt-1-300x198.jpg 300w, https:\/\/www.visit-ulcinj.com\/blog\/wp-content\/uploads\/2017\/02\/Krasniqi-i-k\u00ebnaqur-me-lojtar\u00ebt-1-768x508.jpg 768w\" sizes=\"(max-width: 508px) 100vw, 508px\" \/><\/a><\/p>\n<p>\u201cGjat\u00eb k\u00ebtyre tri st\u00ebrvitjeve kemi par\u00eb se nj\u00eb grup i futbollist\u00ebve ka kapacitet, derisa \u00ebsht\u00eb edhe nj\u00eb grup i lojtar\u00ebve q\u00eb \u00e7aloj\u00eb n\u00eb aspektin teknik dhe at\u00eb taktik. Megjithat\u00eb me shumic\u00ebn e lojtar\u00ebve jam i k\u00ebnaqur sepse po shihet d\u00ebshira dhe vullneti i tyre p\u00ebr pun\u00eb dhe ata e kan\u00eb kuptuar se k\u00ebtu kemi ardhur t\u00eb punojm\u00eb, t\u00eb krijojm\u00eb nj\u00eb ekip dhe t\u00eb komponohemi sa m\u00eb mir\u00eb\u201d.<\/p>\n<p>\u201cGjithsesi problemi kryesor \u00ebsht\u00eb njohja nd\u00ebrmjet futbollist\u00ebve dhe ky grumbullim m\u00eb s\u00eb shumti do t\u2019i sh\u00ebrbej\u00eb futbollist\u00ebve p\u00ebr t\u2019u njohur m\u00eb mir\u00eb, pasi ende nuk e njohin mir\u00eb me emra nj\u00ebri-tjetrin\u201d.<\/p>\n<p>\u201cSidoqoft\u00eb, po shihet se gradualisht po krijohet nj\u00eb atmosfer\u00eb dhe shoq\u00ebri e mir\u00eb, gj\u00eb e cila \u00ebsht\u00eb shum\u00eb pozitive. Nes\u00ebr na pret ndeshja me Otrantin, q\u00eb do t\u00eb luaj\u00eb me ekipin e par\u00eb. Pavar\u00ebsisht se ende nuk jemi n\u00eb at\u00eb nivel q\u00eb mundemi t\u00eb luajm\u00eb, kjo ndeshje do t\u00eb na sh\u00ebrbej\u00eb t\u2019i shohim dob\u00ebsit\u00eb q\u00eb i kemi dhe t\u2019i evitojm\u00eb ato gradualisht, por natyrisht do t\u2019i shohim edhe elementet pozitive\u201d, ka theksuar Krasniqi.<\/p>\n<p>Telegrafi<br \/>\n<iframe loading=\"lazy\" style=\"border: none; overflow: hidden;\" src=\"https:\/\/www.facebook.com\/plugins\/video.php?href=https%3A%2F%2Fwww.facebook.com%2FFFKKosova%2Fvideos%2F1108566512605406%2F&amp;show_text=0&amp;width=400\" width=\"400\" height=\"400\" frameborder=\"0\" scrolling=\"no\" allowfullscreen=\"allowfullscreen\"><\/iframe><\/p>\n","protected":false},"excerpt":{"rendered":"<p>Gjat\u00eb dit\u00ebs s\u00eb sotme jan\u00eb zhvilluar dy seanca st\u00ebrvitore nga dy or\u00eb, ku \u00ebsht\u00eb punuar n\u00eb aspektin tekniko-taktik, n\u00eb faz\u00ebn ofanzive dhe defanzive si dhe \u00ebsht\u00eb improvizuar edhe nj\u00eb ndeshje. Si n\u00eb seanc\u00ebn e paradites, ashtu edhe n\u00eb at\u00eb t\u00eb pasdites djelmoshat kan\u00eb treguar angazhim dhe vullnet t\u00eb madh p\u00ebr pun\u00eb, derisa pas \u00e7do st\u00ebrvitje [&hellip;]<\/p>\n","protected":false},"author":1,"featured_media":0,"comment_status":"closed","ping_status":"closed","sticky":false,"template":"","format":"standard","meta":{"spay_email":"","jetpack_publicize_message":"","jetpack_is_tweetstorm":false,"jetpack_publicize_feature_enabled":true},"categories":[3],"tags":[],"jetpack_publicize_connections":[],"yoast_head":"<!-- This site is optimized with the Yoast SEO plugin v19.1 - https:\/\/yoast.com\/wordpress\/plugins\/seo\/ -->\n<title>P\u00ebrfaq\u00ebsuesja e Kosov\u00ebs U-19 po vazhdon me pun\u00eb intensive n\u00eb Ulqin - Video - Lajme nga Ulqini<\/title>\n<meta name=\"description\" content=\"Gjat\u00eb dit\u00ebs s\u00eb sotme jan\u00eb zhvilluar dy seanca st\u00ebrvitore nga dy or\u00eb, ku \u00ebsht\u00eb punuar n\u00eb aspektin tekniko-taktik, n\u00eb faz\u00ebn ofanzive dhe defanzive si dhe\" \/>\n<meta name=\"robots\" content=\"index, follow, max-snippet:-1, max-image-preview:large, max-video-preview:-1\" \/>\n<link rel=\"canonical\" href=\"https:\/\/www.visit-ulcinj.com\/blog\/2017\/02\/10\/perfaqesuesja-e-kosoves-u-19-po-vazhdon-me-pune-intensive-ne-ulqin-video\/\" \/>\n<meta property=\"og:locale\" content=\"en_US\" \/>\n<meta property=\"og:type\" content=\"article\" \/>\n<meta property=\"og:title\" content=\"P\u00ebrfaq\u00ebsuesja e Kosov\u00ebs U-19 po vazhdon me pun\u00eb intensive n\u00eb Ulqin - Video - Lajme nga Ulqini\" \/>\n<meta property=\"og:description\" content=\"Gjat\u00eb dit\u00ebs s\u00eb sotme jan\u00eb zhvilluar dy seanca st\u00ebrvitore nga dy or\u00eb, ku \u00ebsht\u00eb punuar n\u00eb aspektin tekniko-taktik, n\u00eb faz\u00ebn ofanzive dhe defanzive si dhe\" \/>\n<meta property=\"og:url\" content=\"https:\/\/www.visit-ulcinj.com\/blog\/2017\/02\/10\/perfaqesuesja-e-kosoves-u-19-po-vazhdon-me-pune-intensive-ne-ulqin-video\/\" \/>\n<meta property=\"og:site_name\" content=\"Lajme nga Ulqini\" \/>\n<meta property=\"article:published_time\" content=\"2017-02-10T08:04:11+00:00\" \/>\n<meta property=\"article:modified_time\" content=\"2017-02-10T08:05:42+00:00\" \/>\n<meta name=\"twitter:label1\" content=\"Written by\" \/>\n\t<meta name=\"twitter:data1\" content=\"ulqini\" \/>\n\t<meta name=\"twitter:label2\" content=\"Est. reading time\" \/>\n\t<meta name=\"twitter:data2\" content=\"2 minutes\" \/>\n<script type=\"application\/ld+json\" class=\"yoast-schema-graph\">{\"@context\":\"https:\/\/schema.org\",\"@graph\":[{\"@type\":\"WebSite\",\"@id\":\"https:\/\/www.visit-ulcinj.com\/blog\/#website\",\"url\":\"https:\/\/www.visit-ulcinj.com\/blog\/\",\"name\":\"Lajme nga Ulqini\",\"description\":\"Lajme,Vijesti,Ulqini,Ulqin,Crna Gora,Mali i Zi\",\"potentialAction\":[{\"@type\":\"SearchAction\",\"target\":{\"@type\":\"EntryPoint\",\"urlTemplate\":\"https:\/\/www.visit-ulcinj.com\/blog\/?s={search_term_string}\"},\"query-input\":\"required name=search_term_string\"}],\"inLanguage\":\"en-US\"},{\"@type\":\"WebPage\",\"@id\":\"https:\/\/www.visit-ulcinj.com\/blog\/2017\/02\/10\/perfaqesuesja-e-kosoves-u-19-po-vazhdon-me-pune-intensive-ne-ulqin-video\/#webpage\",\"url\":\"https:\/\/www.visit-ulcinj.com\/blog\/2017\/02\/10\/perfaqesuesja-e-kosoves-u-19-po-vazhdon-me-pune-intensive-ne-ulqin-video\/\",\"name\":\"P\u00ebrfaq\u00ebsuesja e Kosov\u00ebs U-19 po vazhdon me pun\u00eb intensive n\u00eb Ulqin - Video - Lajme nga Ulqini\",\"isPartOf\":{\"@id\":\"https:\/\/www.visit-ulcinj.com\/blog\/#website\"},\"datePublished\":\"2017-02-10T08:04:11+00:00\",\"dateModified\":\"2017-02-10T08:05:42+00:00\",\"author\":{\"@id\":\"https:\/\/www.visit-ulcinj.com\/blog\/#\/schema\/person\/dcab619c614d3038751c63bc2aadc06d\"},\"description\":\"Gjat\u00eb dit\u00ebs s\u00eb sotme jan\u00eb zhvilluar dy seanca st\u00ebrvitore nga dy or\u00eb, ku \u00ebsht\u00eb punuar n\u00eb aspektin tekniko-taktik, n\u00eb faz\u00ebn ofanzive dhe defanzive si dhe\",\"breadcrumb\":{\"@id\":\"https:\/\/www.visit-ulcinj.com\/blog\/2017\/02\/10\/perfaqesuesja-e-kosoves-u-19-po-vazhdon-me-pune-intensive-ne-ulqin-video\/#breadcrumb\"},\"inLanguage\":\"en-US\",\"potentialAction\":[{\"@type\":\"ReadAction\",\"target\":[\"https:\/\/www.visit-ulcinj.com\/blog\/2017\/02\/10\/perfaqesuesja-e-kosoves-u-19-po-vazhdon-me-pune-intensive-ne-ulqin-video\/\"]}]},{\"@type\":\"BreadcrumbList\",\"@id\":\"https:\/\/www.visit-ulcinj.com\/blog\/2017\/02\/10\/perfaqesuesja-e-kosoves-u-19-po-vazhdon-me-pune-intensive-ne-ulqin-video\/#breadcrumb\",\"itemListElement\":[{\"@type\":\"ListItem\",\"position\":1,\"name\":\"P\u00ebrfaq\u00ebsuesja e Kosov\u00ebs U-19 po vazhdon me pun\u00eb intensive n\u00eb Ulqin &#8211; Video\"}]},{\"@type\":\"Person\",\"@id\":\"https:\/\/www.visit-ulcinj.com\/blog\/#\/schema\/person\/dcab619c614d3038751c63bc2aadc06d\",\"name\":\"ulqini\",\"sameAs\":[\"http:\/\/www.visit-ulcinj.com\"],\"url\":\"https:\/\/www.visit-ulcinj.com\/blog\/author\/admin\/\"}]}<\/script>\n<!-- \/ Yoast SEO plugin. -->","yoast_head_json":{"title":"P\u00ebrfaq\u00ebsuesja e Kosov\u00ebs U-19 po vazhdon me pun\u00eb intensive n\u00eb Ulqin - Video - Lajme nga Ulqini","description":"Gjat\u00eb dit\u00ebs s\u00eb sotme jan\u00eb zhvilluar dy seanca st\u00ebrvitore nga dy or\u00eb, ku \u00ebsht\u00eb punuar n\u00eb aspektin tekniko-taktik, n\u00eb faz\u00ebn ofanzive dhe defanzive si dhe","robots":{"index":"index","follow":"follow","max-snippet":"max-snippet:-1","max-image-preview":"max-image-preview:large","max-video-preview":"max-video-preview:-1"},"canonical":"https:\/\/www.visit-ulcinj.com\/blog\/2017\/02\/10\/perfaqesuesja-e-kosoves-u-19-po-vazhdon-me-pune-intensive-ne-ulqin-video\/","og_locale":"en_US","og_type":"article","og_title":"P\u00ebrfaq\u00ebsuesja e Kosov\u00ebs U-19 po vazhdon me pun\u00eb intensive n\u00eb Ulqin - Video - Lajme nga Ulqini","og_description":"Gjat\u00eb dit\u00ebs s\u00eb sotme jan\u00eb zhvilluar dy seanca st\u00ebrvitore nga dy or\u00eb, ku \u00ebsht\u00eb punuar n\u00eb aspektin tekniko-taktik, n\u00eb faz\u00ebn ofanzive dhe defanzive si dhe","og_url":"https:\/\/www.visit-ulcinj.com\/blog\/2017\/02\/10\/perfaqesuesja-e-kosoves-u-19-po-vazhdon-me-pune-intensive-ne-ulqin-video\/","og_site_name":"Lajme nga Ulqini","article_published_time":"2017-02-10T08:04:11+00:00","article_modified_time":"2017-02-10T08:05:42+00:00","twitter_misc":{"Written by":"ulqini","Est. reading time":"2 minutes"},"schema":{"@context":"https:\/\/schema.org","@graph":[{"@type":"WebSite","@id":"https:\/\/www.visit-ulcinj.com\/blog\/#website","url":"https:\/\/www.visit-ulcinj.com\/blog\/","name":"Lajme nga Ulqini","description":"Lajme,Vijesti,Ulqini,Ulqin,Crna Gora,Mali i Zi","potentialAction":[{"@type":"SearchAction","target":{"@type":"EntryPoint","urlTemplate":"https:\/\/www.visit-ulcinj.com\/blog\/?s={search_term_string}"},"query-input":"required name=search_term_string"}],"inLanguage":"en-US"},{"@type":"WebPage","@id":"https:\/\/www.visit-ulcinj.com\/blog\/2017\/02\/10\/perfaqesuesja-e-kosoves-u-19-po-vazhdon-me-pune-intensive-ne-ulqin-video\/#webpage","url":"https:\/\/www.visit-ulcinj.com\/blog\/2017\/02\/10\/perfaqesuesja-e-kosoves-u-19-po-vazhdon-me-pune-intensive-ne-ulqin-video\/","name":"P\u00ebrfaq\u00ebsuesja e Kosov\u00ebs U-19 po vazhdon me pun\u00eb intensive n\u00eb Ulqin - Video - Lajme nga Ulqini","isPartOf":{"@id":"https:\/\/www.visit-ulcinj.com\/blog\/#website"},"datePublished":"2017-02-10T08:04:11+00:00","dateModified":"2017-02-10T08:05:42+00:00","author":{"@id":"https:\/\/www.visit-ulcinj.com\/blog\/#\/schema\/person\/dcab619c614d3038751c63bc2aadc06d"},"description":"Gjat\u00eb dit\u00ebs s\u00eb sotme jan\u00eb zhvilluar dy seanca st\u00ebrvitore nga dy or\u00eb, ku \u00ebsht\u00eb punuar n\u00eb aspektin tekniko-taktik, n\u00eb faz\u00ebn ofanzive dhe defanzive si dhe","breadcrumb":{"@id":"https:\/\/www.visit-ulcinj.com\/blog\/2017\/02\/10\/perfaqesuesja-e-kosoves-u-19-po-vazhdon-me-pune-intensive-ne-ulqin-video\/#breadcrumb"},"inLanguage":"en-US","potentialAction":[{"@type":"ReadAction","target":["https:\/\/www.visit-ulcinj.com\/blog\/2017\/02\/10\/perfaqesuesja-e-kosoves-u-19-po-vazhdon-me-pune-intensive-ne-ulqin-video\/"]}]},{"@type":"BreadcrumbList","@id":"https:\/\/www.visit-ulcinj.com\/blog\/2017\/02\/10\/perfaqesuesja-e-kosoves-u-19-po-vazhdon-me-pune-intensive-ne-ulqin-video\/#breadcrumb","itemListElement":[{"@type":"ListItem","position":1,"name":"P\u00ebrfaq\u00ebsuesja e Kosov\u00ebs U-19 po vazhdon me pun\u00eb intensive n\u00eb Ulqin &#8211; Video"}]},{"@type":"Person","@id":"https:\/\/www.visit-ulcinj.com\/blog\/#\/schema\/person\/dcab619c614d3038751c63bc2aadc06d","name":"ulqini","sameAs":["http:\/\/www.visit-ulcinj.com"],"url":"https:\/\/www.visit-ulcinj.com\/blog\/author\/admin\/"}]}},"jetpack_featured_media_url":"","jetpack_sharing_enabled":true,"jetpack_shortlink":"https:\/\/wp.me\/pe6lTn-qKD","_links":{"self":[{"href":"https:\/\/www.visit-ulcinj.com\/blog\/wp-json\/wp\/v2\/posts\/102835"}],"collection":[{"href":"https:\/\/www.visit-ulcinj.com\/blog\/wp-json\/wp\/v2\/posts"}],"about":[{"href":"https:\/\/www.visit-ulcinj.com\/blog\/wp-json\/wp\/v2\/types\/post"}],"author":[{"embeddable":true,"href":"https:\/\/www.visit-ulcinj.com\/blog\/wp-json\/wp\/v2\/users\/1"}],"replies":[{"embeddable":true,"href":"https:\/\/www.visit-ulcinj.com\/blog\/wp-json\/wp\/v2\/comments?post=102835"}],"version-history":[{"count":4,"href":"https:\/\/www.visit-ulcinj.com\/blog\/wp-json\/wp\/v2\/posts\/102835\/revisions"}],"predecessor-version":[{"id":102841,"href":"https:\/\/www.visit-ulcinj.com\/blog\/wp-json\/wp\/v2\/posts\/102835\/revisions\/102841"}],"wp:attachment":[{"href":"https:\/\/www.visit-ulcinj.com\/blog\/wp-json\/wp\/v2\/media?parent=102835"}],"wp:term":[{"taxonomy":"category","embeddable":true,"href":"https:\/\/www.visit-ulcinj.com\/blog\/wp-json\/wp\/v2\/categories?post=102835"},{"taxonomy":"post_tag","embeddable":true,"href":"https:\/\/www.visit-ulcinj.com\/blog\/wp-json\/wp\/v2\/tags?post=102835"}],"curies":[{"name":"wp","href":"https:\/\/api.w.org\/{rel}","templated":true}]}}