{"id":102848,"date":"2017-02-11T14:33:52","date_gmt":"2017-02-11T13:33:52","guid":{"rendered":"http:\/\/www.visit-ulcinj.com\/blog\/?p=102848"},"modified":"2017-02-11T14:33:52","modified_gmt":"2017-02-11T13:33:52","slug":"opozicija-tvrdi-vlast-u-ulcinju-cuva-vrh-dps","status":"publish","type":"post","link":"https:\/\/www.visit-ulcinj.com\/blog\/2017\/02\/11\/opozicija-tvrdi-vlast-u-ulcinju-cuva-vrh-dps\/","title":{"rendered":"Opozicija tvrdi: Vlast u Ulcinju \u010duva vrh DPS-a"},"content":{"rendered":"<p><strong><a href=\"http:\/\/www.visit-ulcinj.com\/blog\/wp-content\/uploads\/2017\/02\/koalicija-ulcinj.jpg\"><img loading=\"lazy\" class=\"alignleft wp-image-102849\" src=\"http:\/\/www.visit-ulcinj.com\/blog\/wp-content\/uploads\/2017\/02\/koalicija-ulcinj.jpg\" alt=\"koalicija ulcinj\" width=\"508\" height=\"381\" srcset=\"https:\/\/www.visit-ulcinj.com\/blog\/wp-content\/uploads\/2017\/02\/koalicija-ulcinj.jpg 640w, https:\/\/www.visit-ulcinj.com\/blog\/wp-content\/uploads\/2017\/02\/koalicija-ulcinj-300x225.jpg 300w\" sizes=\"(max-width: 508px) 100vw, 508px\" \/><\/a>Nakon saop\u0161tenja da vlast u Ulcinju funkcioni\u0161e bez problema, \u0110ekina partija kritikovala Nimanbegua<\/strong><\/p>\n<figure class=\"credits__img_block\"><\/figure>\n<p><strong><span class=\"credits__author\">Autor: <a href=\"http:\/\/www.vijesti.me\/autori\/samir-adrovic-85\/profil\">Samir Adrovi\u0107<\/a> <\/span><\/strong><\/p>\n<p>Vladaju\u0107a koalicija u Ulcinju nalazi se u velikoj krizi i sve su izra\u017eeniji animoziteti izme\u0111u albanskih stranaka, tvrde u ulcinjskoj opoziciji.<\/p>\n<p>Predsjednik ulcinjskog odbora Socijaldemokratske partije (SDP)\u00a0Skender Elezaga\u00a0tvrdi da lokalna uprava funkcioni\u0161e samo uz intervencije centrale Demokratske partije socijalista (DPS).<\/p>\n<p>&#8220;U saop\u0161tenja u kojima se tvrdi da nema nesporazuma i da\u00a0\u00a0vlast\u00a0\u00a0funkcioni\u0161e ne vjeruju ni oni koji su je napisali\u201d, tvrdi Elezaga.<\/p>\n<p>Iako su predstavnici vladaju\u0107e koalicije nakon \u010detvoro\u010dasovnog sastanka objavili kako gradona\u010delnik i lider Force\u00a0Nazif Cungu\u00a0ima nepodijeljenu podr\u0161ku partnera, Demokratska partija\u00a0Fatmira \u0110eke\u00a0dan kasnije optu\u017eila je podpredsjednika parlamenta\u00a0Gencija Nimanbegua\u00a0(Forca) da se la\u017eno predstavlja kao predstavnik svih Albanaca u Crnoj Gori.<\/p>\n<p>Iako se radi o njihovom koalicionom partneru na lokalonom nivou, u saop\u0161tenju \u0110ekine partije je ocijenjeno da je za Albance postalo lo\u0161e od kada je formirana Forca. Demokratska partija i Forca su na parlamentarnim izborima nastupile u dvije koalicije.<\/p>\n<p>Vlast\u00a0u Ulcinju \u010dini devet odbornika DPS-a, osam iz Force, sedam iz DP i troje iz DUA. Elezaga tvrdi da je koalicija formirana sa ciljem da se omogu\u0107i \u0161to du\u017ei opstanak DPS-a na vlasti na dr\u017eavnom nivou i \u201cpru\u017ei odgovaraju\u0107a kompenzacija liderima albanskih partija za tu uslugu\u201d. On smatra da \u0107e koalicija trajati dok traje taj interes.<\/p>\n<p>Odbornik Demokratskog fronta\u00a0Milan Rolovi\u0107\u00a0tvrdi da vladaju\u0107a koalicija u Ulcinju funkcioni\u0161e &#8220;iz golog interesa&#8221;.<\/p>\n<p>&#8220;Nema tu politike niti brige za gra\u0111ane. Isto bi vladali i ljudi iz Mand\u017eurije. Samo su u pitanju interes i privilegije\u201d, kazao je Rolovi\u0107, dok su iz ulcinjskog odbora pokreta URA optu\u017eili vladaju\u0107u koaliciju da ne radi za interese gra\u0111ana.<\/p>\n<p>&#8220;Ima li ikoga u ovoj vlasti da voli svoj grad ili morate za to da tra\u017eite savjet\u00a0Tarzana Milo\u0161evi\u0107a\u00a0i\u00a0Halila Dukovi\u0107a&#8221;, navodi se.<\/p>\n<p><strong>Izvor: Vijesti Online<\/strong><\/p>\n","protected":false},"excerpt":{"rendered":"<p>Nakon saop\u0161tenja da vlast u Ulcinju funkcioni\u0161e bez problema, \u0110ekina partija kritikovala Nimanbegua Autor: Samir Adrovi\u0107 Vladaju\u0107a koalicija u Ulcinju nalazi se u velikoj krizi i sve su izra\u017eeniji animoziteti izme\u0111u albanskih stranaka, tvrde u ulcinjskoj opoziciji. Predsjednik ulcinjskog odbora Socijaldemokratske partije (SDP)\u00a0Skender Elezaga\u00a0tvrdi da lokalna uprava funkcioni\u0161e samo uz intervencije centrale Demokratske partije socijalista [&hellip;]<\/p>\n","protected":false},"author":1,"featured_media":0,"comment_status":"closed","ping_status":"closed","sticky":false,"template":"","format":"standard","meta":{"spay_email":"","jetpack_publicize_message":"","jetpack_is_tweetstorm":false,"jetpack_publicize_feature_enabled":true},"categories":[8337],"tags":[],"jetpack_publicize_connections":[],"yoast_head":"<!-- This site is optimized with the Yoast SEO plugin v19.1 - https:\/\/yoast.com\/wordpress\/plugins\/seo\/ -->\n<title>Opozicija tvrdi: Vlast u Ulcinju \u010duva vrh DPS-a - Lajme nga Ulqini<\/title>\n<meta name=\"description\" content=\"Nakon saop\u0161tenja da vlast u Ulcinju funkcioni\u0161e bez problema, \u0110ekina partija kritikovala Nimanbegua Autor: Samir Adrovi\u0107 Vladaju\u0107a koalicija u Ulcinju\" \/>\n<meta name=\"robots\" content=\"index, follow, max-snippet:-1, max-image-preview:large, max-video-preview:-1\" \/>\n<link rel=\"canonical\" href=\"https:\/\/www.visit-ulcinj.com\/blog\/2017\/02\/11\/opozicija-tvrdi-vlast-u-ulcinju-cuva-vrh-dps\/\" \/>\n<meta property=\"og:locale\" content=\"en_US\" \/>\n<meta property=\"og:type\" content=\"article\" \/>\n<meta property=\"og:title\" content=\"Opozicija tvrdi: Vlast u Ulcinju \u010duva vrh DPS-a - Lajme nga Ulqini\" \/>\n<meta property=\"og:description\" content=\"Nakon saop\u0161tenja da vlast u Ulcinju funkcioni\u0161e bez problema, \u0110ekina partija kritikovala Nimanbegua Autor: Samir Adrovi\u0107 Vladaju\u0107a koalicija u Ulcinju\" \/>\n<meta property=\"og:url\" content=\"https:\/\/www.visit-ulcinj.com\/blog\/2017\/02\/11\/opozicija-tvrdi-vlast-u-ulcinju-cuva-vrh-dps\/\" \/>\n<meta property=\"og:site_name\" content=\"Lajme nga Ulqini\" \/>\n<meta property=\"article:published_time\" content=\"2017-02-11T13:33:52+00:00\" \/>\n<meta property=\"og:image\" content=\"http:\/\/www.visit-ulcinj.com\/blog\/wp-content\/uploads\/2017\/02\/koalicija-ulcinj.jpg\" \/>\n<meta name=\"twitter:label1\" content=\"Written by\" \/>\n\t<meta name=\"twitter:data1\" content=\"ulqini\" \/>\n\t<meta name=\"twitter:label2\" content=\"Est. reading time\" \/>\n\t<meta name=\"twitter:data2\" content=\"2 minutes\" \/>\n<script type=\"application\/ld+json\" class=\"yoast-schema-graph\">{\"@context\":\"https:\/\/schema.org\",\"@graph\":[{\"@type\":\"WebSite\",\"@id\":\"https:\/\/www.visit-ulcinj.com\/blog\/#website\",\"url\":\"https:\/\/www.visit-ulcinj.com\/blog\/\",\"name\":\"Lajme nga Ulqini\",\"description\":\"Lajme,Vijesti,Ulqini,Ulqin,Crna Gora,Mali i Zi\",\"potentialAction\":[{\"@type\":\"SearchAction\",\"target\":{\"@type\":\"EntryPoint\",\"urlTemplate\":\"https:\/\/www.visit-ulcinj.com\/blog\/?s={search_term_string}\"},\"query-input\":\"required name=search_term_string\"}],\"inLanguage\":\"en-US\"},{\"@type\":\"ImageObject\",\"inLanguage\":\"en-US\",\"@id\":\"https:\/\/www.visit-ulcinj.com\/blog\/2017\/02\/11\/opozicija-tvrdi-vlast-u-ulcinju-cuva-vrh-dps\/#primaryimage\",\"url\":\"https:\/\/www.visit-ulcinj.com\/blog\/wp-content\/uploads\/2017\/02\/koalicija-ulcinj.jpg\",\"contentUrl\":\"https:\/\/www.visit-ulcinj.com\/blog\/wp-content\/uploads\/2017\/02\/koalicija-ulcinj.jpg\",\"width\":640,\"height\":480},{\"@type\":\"WebPage\",\"@id\":\"https:\/\/www.visit-ulcinj.com\/blog\/2017\/02\/11\/opozicija-tvrdi-vlast-u-ulcinju-cuva-vrh-dps\/#webpage\",\"url\":\"https:\/\/www.visit-ulcinj.com\/blog\/2017\/02\/11\/opozicija-tvrdi-vlast-u-ulcinju-cuva-vrh-dps\/\",\"name\":\"Opozicija tvrdi: Vlast u Ulcinju \u010duva vrh DPS-a - Lajme nga Ulqini\",\"isPartOf\":{\"@id\":\"https:\/\/www.visit-ulcinj.com\/blog\/#website\"},\"primaryImageOfPage\":{\"@id\":\"https:\/\/www.visit-ulcinj.com\/blog\/2017\/02\/11\/opozicija-tvrdi-vlast-u-ulcinju-cuva-vrh-dps\/#primaryimage\"},\"datePublished\":\"2017-02-11T13:33:52+00:00\",\"dateModified\":\"2017-02-11T13:33:52+00:00\",\"author\":{\"@id\":\"https:\/\/www.visit-ulcinj.com\/blog\/#\/schema\/person\/dcab619c614d3038751c63bc2aadc06d\"},\"description\":\"Nakon saop\u0161tenja da vlast u Ulcinju funkcioni\u0161e bez problema, \u0110ekina partija kritikovala Nimanbegua Autor: Samir Adrovi\u0107 Vladaju\u0107a koalicija u Ulcinju\",\"breadcrumb\":{\"@id\":\"https:\/\/www.visit-ulcinj.com\/blog\/2017\/02\/11\/opozicija-tvrdi-vlast-u-ulcinju-cuva-vrh-dps\/#breadcrumb\"},\"inLanguage\":\"en-US\",\"potentialAction\":[{\"@type\":\"ReadAction\",\"target\":[\"https:\/\/www.visit-ulcinj.com\/blog\/2017\/02\/11\/opozicija-tvrdi-vlast-u-ulcinju-cuva-vrh-dps\/\"]}]},{\"@type\":\"BreadcrumbList\",\"@id\":\"https:\/\/www.visit-ulcinj.com\/blog\/2017\/02\/11\/opozicija-tvrdi-vlast-u-ulcinju-cuva-vrh-dps\/#breadcrumb\",\"itemListElement\":[{\"@type\":\"ListItem\",\"position\":1,\"name\":\"Opozicija tvrdi: Vlast u Ulcinju \u010duva vrh DPS-a\"}]},{\"@type\":\"Person\",\"@id\":\"https:\/\/www.visit-ulcinj.com\/blog\/#\/schema\/person\/dcab619c614d3038751c63bc2aadc06d\",\"name\":\"ulqini\",\"sameAs\":[\"http:\/\/www.visit-ulcinj.com\"],\"url\":\"https:\/\/www.visit-ulcinj.com\/blog\/author\/admin\/\"}]}<\/script>\n<!-- \/ Yoast SEO plugin. -->","yoast_head_json":{"title":"Opozicija tvrdi: Vlast u Ulcinju \u010duva vrh DPS-a - Lajme nga Ulqini","description":"Nakon saop\u0161tenja da vlast u Ulcinju funkcioni\u0161e bez problema, \u0110ekina partija kritikovala Nimanbegua Autor: Samir Adrovi\u0107 Vladaju\u0107a koalicija u Ulcinju","robots":{"index":"index","follow":"follow","max-snippet":"max-snippet:-1","max-image-preview":"max-image-preview:large","max-video-preview":"max-video-preview:-1"},"canonical":"https:\/\/www.visit-ulcinj.com\/blog\/2017\/02\/11\/opozicija-tvrdi-vlast-u-ulcinju-cuva-vrh-dps\/","og_locale":"en_US","og_type":"article","og_title":"Opozicija tvrdi: Vlast u Ulcinju \u010duva vrh DPS-a - Lajme nga Ulqini","og_description":"Nakon saop\u0161tenja da vlast u Ulcinju funkcioni\u0161e bez problema, \u0110ekina partija kritikovala Nimanbegua Autor: Samir Adrovi\u0107 Vladaju\u0107a koalicija u Ulcinju","og_url":"https:\/\/www.visit-ulcinj.com\/blog\/2017\/02\/11\/opozicija-tvrdi-vlast-u-ulcinju-cuva-vrh-dps\/","og_site_name":"Lajme nga Ulqini","article_published_time":"2017-02-11T13:33:52+00:00","og_image":[{"url":"http:\/\/www.visit-ulcinj.com\/blog\/wp-content\/uploads\/2017\/02\/koalicija-ulcinj.jpg"}],"twitter_misc":{"Written by":"ulqini","Est. reading time":"2 minutes"},"schema":{"@context":"https:\/\/schema.org","@graph":[{"@type":"WebSite","@id":"https:\/\/www.visit-ulcinj.com\/blog\/#website","url":"https:\/\/www.visit-ulcinj.com\/blog\/","name":"Lajme nga Ulqini","description":"Lajme,Vijesti,Ulqini,Ulqin,Crna Gora,Mali i Zi","potentialAction":[{"@type":"SearchAction","target":{"@type":"EntryPoint","urlTemplate":"https:\/\/www.visit-ulcinj.com\/blog\/?s={search_term_string}"},"query-input":"required name=search_term_string"}],"inLanguage":"en-US"},{"@type":"ImageObject","inLanguage":"en-US","@id":"https:\/\/www.visit-ulcinj.com\/blog\/2017\/02\/11\/opozicija-tvrdi-vlast-u-ulcinju-cuva-vrh-dps\/#primaryimage","url":"https:\/\/www.visit-ulcinj.com\/blog\/wp-content\/uploads\/2017\/02\/koalicija-ulcinj.jpg","contentUrl":"https:\/\/www.visit-ulcinj.com\/blog\/wp-content\/uploads\/2017\/02\/koalicija-ulcinj.jpg","width":640,"height":480},{"@type":"WebPage","@id":"https:\/\/www.visit-ulcinj.com\/blog\/2017\/02\/11\/opozicija-tvrdi-vlast-u-ulcinju-cuva-vrh-dps\/#webpage","url":"https:\/\/www.visit-ulcinj.com\/blog\/2017\/02\/11\/opozicija-tvrdi-vlast-u-ulcinju-cuva-vrh-dps\/","name":"Opozicija tvrdi: Vlast u Ulcinju \u010duva vrh DPS-a - Lajme nga Ulqini","isPartOf":{"@id":"https:\/\/www.visit-ulcinj.com\/blog\/#website"},"primaryImageOfPage":{"@id":"https:\/\/www.visit-ulcinj.com\/blog\/2017\/02\/11\/opozicija-tvrdi-vlast-u-ulcinju-cuva-vrh-dps\/#primaryimage"},"datePublished":"2017-02-11T13:33:52+00:00","dateModified":"2017-02-11T13:33:52+00:00","author":{"@id":"https:\/\/www.visit-ulcinj.com\/blog\/#\/schema\/person\/dcab619c614d3038751c63bc2aadc06d"},"description":"Nakon saop\u0161tenja da vlast u Ulcinju funkcioni\u0161e bez problema, \u0110ekina partija kritikovala Nimanbegua Autor: Samir Adrovi\u0107 Vladaju\u0107a koalicija u Ulcinju","breadcrumb":{"@id":"https:\/\/www.visit-ulcinj.com\/blog\/2017\/02\/11\/opozicija-tvrdi-vlast-u-ulcinju-cuva-vrh-dps\/#breadcrumb"},"inLanguage":"en-US","potentialAction":[{"@type":"ReadAction","target":["https:\/\/www.visit-ulcinj.com\/blog\/2017\/02\/11\/opozicija-tvrdi-vlast-u-ulcinju-cuva-vrh-dps\/"]}]},{"@type":"BreadcrumbList","@id":"https:\/\/www.visit-ulcinj.com\/blog\/2017\/02\/11\/opozicija-tvrdi-vlast-u-ulcinju-cuva-vrh-dps\/#breadcrumb","itemListElement":[{"@type":"ListItem","position":1,"name":"Opozicija tvrdi: Vlast u Ulcinju \u010duva vrh DPS-a"}]},{"@type":"Person","@id":"https:\/\/www.visit-ulcinj.com\/blog\/#\/schema\/person\/dcab619c614d3038751c63bc2aadc06d","name":"ulqini","sameAs":["http:\/\/www.visit-ulcinj.com"],"url":"https:\/\/www.visit-ulcinj.com\/blog\/author\/admin\/"}]}},"jetpack_featured_media_url":"","jetpack_sharing_enabled":true,"jetpack_shortlink":"https:\/\/wp.me\/pe6lTn-qKQ","_links":{"self":[{"href":"https:\/\/www.visit-ulcinj.com\/blog\/wp-json\/wp\/v2\/posts\/102848"}],"collection":[{"href":"https:\/\/www.visit-ulcinj.com\/blog\/wp-json\/wp\/v2\/posts"}],"about":[{"href":"https:\/\/www.visit-ulcinj.com\/blog\/wp-json\/wp\/v2\/types\/post"}],"author":[{"embeddable":true,"href":"https:\/\/www.visit-ulcinj.com\/blog\/wp-json\/wp\/v2\/users\/1"}],"replies":[{"embeddable":true,"href":"https:\/\/www.visit-ulcinj.com\/blog\/wp-json\/wp\/v2\/comments?post=102848"}],"version-history":[{"count":1,"href":"https:\/\/www.visit-ulcinj.com\/blog\/wp-json\/wp\/v2\/posts\/102848\/revisions"}],"predecessor-version":[{"id":102850,"href":"https:\/\/www.visit-ulcinj.com\/blog\/wp-json\/wp\/v2\/posts\/102848\/revisions\/102850"}],"wp:attachment":[{"href":"https:\/\/www.visit-ulcinj.com\/blog\/wp-json\/wp\/v2\/media?parent=102848"}],"wp:term":[{"taxonomy":"category","embeddable":true,"href":"https:\/\/www.visit-ulcinj.com\/blog\/wp-json\/wp\/v2\/categories?post=102848"},{"taxonomy":"post_tag","embeddable":true,"href":"https:\/\/www.visit-ulcinj.com\/blog\/wp-json\/wp\/v2\/tags?post=102848"}],"curies":[{"name":"wp","href":"https:\/\/api.w.org\/{rel}","templated":true}]}}