{"id":102854,"date":"2017-02-11T15:18:13","date_gmt":"2017-02-11T14:18:13","guid":{"rendered":"http:\/\/www.visit-ulcinj.com\/blog\/?p=102854"},"modified":"2017-02-11T15:18:13","modified_gmt":"2017-02-11T14:18:13","slug":"gjeka-mos-te-kete-prishje-selektive-ne-ulqin","status":"publish","type":"post","link":"https:\/\/www.visit-ulcinj.com\/blog\/2017\/02\/11\/gjeka-mos-te-kete-prishje-selektive-ne-ulqin\/","title":{"rendered":"Gjeka: Mos t\u00eb ket\u00eb prishje selektive n\u00eb Ulqin"},"content":{"rendered":"<p><a href=\"http:\/\/www.visit-ulcinj.com\/blog\/wp-content\/uploads\/2017\/02\/Fatmir-Gjeka-Ulqin.jpg\"><img loading=\"lazy\" class=\"alignleft wp-image-102855\" src=\"http:\/\/www.visit-ulcinj.com\/blog\/wp-content\/uploads\/2017\/02\/Fatmir-Gjeka-Ulqin.jpg\" alt=\"Fatmir-Gjeka-Ulqin\" width=\"508\" height=\"390\" srcset=\"https:\/\/www.visit-ulcinj.com\/blog\/wp-content\/uploads\/2017\/02\/Fatmir-Gjeka-Ulqin.jpg 515w, https:\/\/www.visit-ulcinj.com\/blog\/wp-content\/uploads\/2017\/02\/Fatmir-Gjeka-Ulqin-300x230.jpg 300w\" sizes=\"(max-width: 508px) 100vw, 508px\" \/><\/a>Qyteti i Ulqinit ka nj\u00ebzet 50 vjet q\u00eb vuan nga nd\u00ebrtimet e paligjshme dhe pakkush \u00ebsht\u00eb p\u00ebrpjekur t\u00eb zbatoj\u00eb rregullat minimale t\u00eb urbanistik\u00ebs. Ulqini ende nuk ka nj\u00eb plan urbanistik zhvillimi, nd\u00ebrkoh\u00eb q\u00eb mij\u00ebra banor\u00eb t\u00eb vjet\u00ebr e t\u00eb rinj, firma t\u00eb rregullta e t\u00eb parregullta ngrejn\u00eb nd\u00ebrtime duke bllokuar trotuaret, tarracat, lulishtet dhe parqet, duke ngushtuar fare mjediset e p\u00ebrbashk\u00ebta t\u00eb qytetar\u00ebve.<\/p>\n<p id=\"thecontent\" class=\"thecontent\">Kryetari i partis\u00eb demokratike Fatmir Gjeka tha p\u00ebr gazet\u00ebn &#8220;Vijesti&#8221; se ka nd\u00ebrtime, q\u00eb jan\u00eb nd\u00ebrtuar dhe akoma vazhdojn\u00eb t\u00eb nd\u00ebrtohen por ne do t\u00eb b\u00ebjm\u00eb kujdes, q\u00eb, askush nes\u00ebr t\u00eb mos veproj\u00eb n\u00eb m\u00ebnyr\u00eb selektive p\u00ebr t\u00eb prishur nd\u00ebrtimet q\u00eb jan\u00eb gjaku dhe djersa e k\u00ebtyre banor\u00ebve.<\/p>\n<p><strong>Ai tha se p\u00ebrgjegj\u00ebsin p\u00ebr kaosin reth nd\u00ebrtimit ilegal t\u00eb objekteve n\u00eb teritorin e komun\u00ebs s\u00eb Ulqinit e ka administrata lokale e Ulqinit.<\/strong><\/p>\n","protected":false},"excerpt":{"rendered":"<p>Qyteti i Ulqinit ka nj\u00ebzet 50 vjet q\u00eb vuan nga nd\u00ebrtimet e paligjshme dhe pakkush \u00ebsht\u00eb p\u00ebrpjekur t\u00eb zbatoj\u00eb rregullat minimale t\u00eb urbanistik\u00ebs. Ulqini ende nuk ka nj\u00eb plan urbanistik zhvillimi, nd\u00ebrkoh\u00eb q\u00eb mij\u00ebra banor\u00eb t\u00eb vjet\u00ebr e t\u00eb rinj, firma t\u00eb rregullta e t\u00eb parregullta ngrejn\u00eb nd\u00ebrtime duke bllokuar trotuaret, tarracat, lulishtet dhe parqet, [&hellip;]<\/p>\n","protected":false},"author":1,"featured_media":0,"comment_status":"closed","ping_status":"closed","sticky":false,"template":"","format":"standard","meta":{"spay_email":"","jetpack_publicize_message":"","jetpack_is_tweetstorm":false,"jetpack_publicize_feature_enabled":true},"categories":[12],"tags":[],"jetpack_publicize_connections":[],"yoast_head":"<!-- This site is optimized with the Yoast SEO plugin v19.1 - https:\/\/yoast.com\/wordpress\/plugins\/seo\/ -->\n<title>Gjeka: Mos t\u00eb ket\u00eb prishje selektive n\u00eb Ulqin - Lajme nga Ulqini<\/title>\n<meta name=\"description\" content=\"Qyteti i Ulqinit ka nj\u00ebzet 50 vjet q\u00eb vuan nga nd\u00ebrtimet e paligjshme dhe pakkush \u00ebsht\u00eb p\u00ebrpjekur t\u00eb zbatoj\u00eb rregullat minimale t\u00eb urbanistik\u00ebs. Ulqini\" \/>\n<meta name=\"robots\" content=\"index, follow, max-snippet:-1, max-image-preview:large, max-video-preview:-1\" \/>\n<link rel=\"canonical\" href=\"https:\/\/www.visit-ulcinj.com\/blog\/2017\/02\/11\/gjeka-mos-te-kete-prishje-selektive-ne-ulqin\/\" \/>\n<meta property=\"og:locale\" content=\"en_US\" \/>\n<meta property=\"og:type\" content=\"article\" \/>\n<meta property=\"og:title\" content=\"Gjeka: Mos t\u00eb ket\u00eb prishje selektive n\u00eb Ulqin - Lajme nga Ulqini\" \/>\n<meta property=\"og:description\" content=\"Qyteti i Ulqinit ka nj\u00ebzet 50 vjet q\u00eb vuan nga nd\u00ebrtimet e paligjshme dhe pakkush \u00ebsht\u00eb p\u00ebrpjekur t\u00eb zbatoj\u00eb rregullat minimale t\u00eb urbanistik\u00ebs. Ulqini\" \/>\n<meta property=\"og:url\" content=\"https:\/\/www.visit-ulcinj.com\/blog\/2017\/02\/11\/gjeka-mos-te-kete-prishje-selektive-ne-ulqin\/\" \/>\n<meta property=\"og:site_name\" content=\"Lajme nga Ulqini\" \/>\n<meta property=\"article:published_time\" content=\"2017-02-11T14:18:13+00:00\" \/>\n<meta property=\"og:image\" content=\"http:\/\/www.visit-ulcinj.com\/blog\/wp-content\/uploads\/2017\/02\/Fatmir-Gjeka-Ulqin.jpg\" \/>\n<meta name=\"twitter:label1\" content=\"Written by\" \/>\n\t<meta name=\"twitter:data1\" content=\"ulqini\" \/>\n\t<meta name=\"twitter:label2\" content=\"Est. reading time\" \/>\n\t<meta name=\"twitter:data2\" content=\"1 minute\" \/>\n<script type=\"application\/ld+json\" class=\"yoast-schema-graph\">{\"@context\":\"https:\/\/schema.org\",\"@graph\":[{\"@type\":\"WebSite\",\"@id\":\"https:\/\/www.visit-ulcinj.com\/blog\/#website\",\"url\":\"https:\/\/www.visit-ulcinj.com\/blog\/\",\"name\":\"Lajme nga Ulqini\",\"description\":\"Lajme,Vijesti,Ulqini,Ulqin,Crna Gora,Mali i Zi\",\"potentialAction\":[{\"@type\":\"SearchAction\",\"target\":{\"@type\":\"EntryPoint\",\"urlTemplate\":\"https:\/\/www.visit-ulcinj.com\/blog\/?s={search_term_string}\"},\"query-input\":\"required name=search_term_string\"}],\"inLanguage\":\"en-US\"},{\"@type\":\"ImageObject\",\"inLanguage\":\"en-US\",\"@id\":\"https:\/\/www.visit-ulcinj.com\/blog\/2017\/02\/11\/gjeka-mos-te-kete-prishje-selektive-ne-ulqin\/#primaryimage\",\"url\":\"https:\/\/www.visit-ulcinj.com\/blog\/wp-content\/uploads\/2017\/02\/Fatmir-Gjeka-Ulqin.jpg\",\"contentUrl\":\"https:\/\/www.visit-ulcinj.com\/blog\/wp-content\/uploads\/2017\/02\/Fatmir-Gjeka-Ulqin.jpg\",\"width\":515,\"height\":395},{\"@type\":\"WebPage\",\"@id\":\"https:\/\/www.visit-ulcinj.com\/blog\/2017\/02\/11\/gjeka-mos-te-kete-prishje-selektive-ne-ulqin\/#webpage\",\"url\":\"https:\/\/www.visit-ulcinj.com\/blog\/2017\/02\/11\/gjeka-mos-te-kete-prishje-selektive-ne-ulqin\/\",\"name\":\"Gjeka: Mos t\u00eb ket\u00eb prishje selektive n\u00eb Ulqin - Lajme nga Ulqini\",\"isPartOf\":{\"@id\":\"https:\/\/www.visit-ulcinj.com\/blog\/#website\"},\"primaryImageOfPage\":{\"@id\":\"https:\/\/www.visit-ulcinj.com\/blog\/2017\/02\/11\/gjeka-mos-te-kete-prishje-selektive-ne-ulqin\/#primaryimage\"},\"datePublished\":\"2017-02-11T14:18:13+00:00\",\"dateModified\":\"2017-02-11T14:18:13+00:00\",\"author\":{\"@id\":\"https:\/\/www.visit-ulcinj.com\/blog\/#\/schema\/person\/dcab619c614d3038751c63bc2aadc06d\"},\"description\":\"Qyteti i Ulqinit ka nj\u00ebzet 50 vjet q\u00eb vuan nga nd\u00ebrtimet e paligjshme dhe pakkush \u00ebsht\u00eb p\u00ebrpjekur t\u00eb zbatoj\u00eb rregullat minimale t\u00eb urbanistik\u00ebs. Ulqini\",\"breadcrumb\":{\"@id\":\"https:\/\/www.visit-ulcinj.com\/blog\/2017\/02\/11\/gjeka-mos-te-kete-prishje-selektive-ne-ulqin\/#breadcrumb\"},\"inLanguage\":\"en-US\",\"potentialAction\":[{\"@type\":\"ReadAction\",\"target\":[\"https:\/\/www.visit-ulcinj.com\/blog\/2017\/02\/11\/gjeka-mos-te-kete-prishje-selektive-ne-ulqin\/\"]}]},{\"@type\":\"BreadcrumbList\",\"@id\":\"https:\/\/www.visit-ulcinj.com\/blog\/2017\/02\/11\/gjeka-mos-te-kete-prishje-selektive-ne-ulqin\/#breadcrumb\",\"itemListElement\":[{\"@type\":\"ListItem\",\"position\":1,\"name\":\"Gjeka: Mos t\u00eb ket\u00eb prishje selektive n\u00eb Ulqin\"}]},{\"@type\":\"Person\",\"@id\":\"https:\/\/www.visit-ulcinj.com\/blog\/#\/schema\/person\/dcab619c614d3038751c63bc2aadc06d\",\"name\":\"ulqini\",\"sameAs\":[\"http:\/\/www.visit-ulcinj.com\"],\"url\":\"https:\/\/www.visit-ulcinj.com\/blog\/author\/admin\/\"}]}<\/script>\n<!-- \/ Yoast SEO plugin. -->","yoast_head_json":{"title":"Gjeka: Mos t\u00eb ket\u00eb prishje selektive n\u00eb Ulqin - Lajme nga Ulqini","description":"Qyteti i Ulqinit ka nj\u00ebzet 50 vjet q\u00eb vuan nga nd\u00ebrtimet e paligjshme dhe pakkush \u00ebsht\u00eb p\u00ebrpjekur t\u00eb zbatoj\u00eb rregullat minimale t\u00eb urbanistik\u00ebs. Ulqini","robots":{"index":"index","follow":"follow","max-snippet":"max-snippet:-1","max-image-preview":"max-image-preview:large","max-video-preview":"max-video-preview:-1"},"canonical":"https:\/\/www.visit-ulcinj.com\/blog\/2017\/02\/11\/gjeka-mos-te-kete-prishje-selektive-ne-ulqin\/","og_locale":"en_US","og_type":"article","og_title":"Gjeka: Mos t\u00eb ket\u00eb prishje selektive n\u00eb Ulqin - Lajme nga Ulqini","og_description":"Qyteti i Ulqinit ka nj\u00ebzet 50 vjet q\u00eb vuan nga nd\u00ebrtimet e paligjshme dhe pakkush \u00ebsht\u00eb p\u00ebrpjekur t\u00eb zbatoj\u00eb rregullat minimale t\u00eb urbanistik\u00ebs. Ulqini","og_url":"https:\/\/www.visit-ulcinj.com\/blog\/2017\/02\/11\/gjeka-mos-te-kete-prishje-selektive-ne-ulqin\/","og_site_name":"Lajme nga Ulqini","article_published_time":"2017-02-11T14:18:13+00:00","og_image":[{"url":"http:\/\/www.visit-ulcinj.com\/blog\/wp-content\/uploads\/2017\/02\/Fatmir-Gjeka-Ulqin.jpg"}],"twitter_misc":{"Written by":"ulqini","Est. reading time":"1 minute"},"schema":{"@context":"https:\/\/schema.org","@graph":[{"@type":"WebSite","@id":"https:\/\/www.visit-ulcinj.com\/blog\/#website","url":"https:\/\/www.visit-ulcinj.com\/blog\/","name":"Lajme nga Ulqini","description":"Lajme,Vijesti,Ulqini,Ulqin,Crna Gora,Mali i Zi","potentialAction":[{"@type":"SearchAction","target":{"@type":"EntryPoint","urlTemplate":"https:\/\/www.visit-ulcinj.com\/blog\/?s={search_term_string}"},"query-input":"required name=search_term_string"}],"inLanguage":"en-US"},{"@type":"ImageObject","inLanguage":"en-US","@id":"https:\/\/www.visit-ulcinj.com\/blog\/2017\/02\/11\/gjeka-mos-te-kete-prishje-selektive-ne-ulqin\/#primaryimage","url":"https:\/\/www.visit-ulcinj.com\/blog\/wp-content\/uploads\/2017\/02\/Fatmir-Gjeka-Ulqin.jpg","contentUrl":"https:\/\/www.visit-ulcinj.com\/blog\/wp-content\/uploads\/2017\/02\/Fatmir-Gjeka-Ulqin.jpg","width":515,"height":395},{"@type":"WebPage","@id":"https:\/\/www.visit-ulcinj.com\/blog\/2017\/02\/11\/gjeka-mos-te-kete-prishje-selektive-ne-ulqin\/#webpage","url":"https:\/\/www.visit-ulcinj.com\/blog\/2017\/02\/11\/gjeka-mos-te-kete-prishje-selektive-ne-ulqin\/","name":"Gjeka: Mos t\u00eb ket\u00eb prishje selektive n\u00eb Ulqin - Lajme nga Ulqini","isPartOf":{"@id":"https:\/\/www.visit-ulcinj.com\/blog\/#website"},"primaryImageOfPage":{"@id":"https:\/\/www.visit-ulcinj.com\/blog\/2017\/02\/11\/gjeka-mos-te-kete-prishje-selektive-ne-ulqin\/#primaryimage"},"datePublished":"2017-02-11T14:18:13+00:00","dateModified":"2017-02-11T14:18:13+00:00","author":{"@id":"https:\/\/www.visit-ulcinj.com\/blog\/#\/schema\/person\/dcab619c614d3038751c63bc2aadc06d"},"description":"Qyteti i Ulqinit ka nj\u00ebzet 50 vjet q\u00eb vuan nga nd\u00ebrtimet e paligjshme dhe pakkush \u00ebsht\u00eb p\u00ebrpjekur t\u00eb zbatoj\u00eb rregullat minimale t\u00eb urbanistik\u00ebs. Ulqini","breadcrumb":{"@id":"https:\/\/www.visit-ulcinj.com\/blog\/2017\/02\/11\/gjeka-mos-te-kete-prishje-selektive-ne-ulqin\/#breadcrumb"},"inLanguage":"en-US","potentialAction":[{"@type":"ReadAction","target":["https:\/\/www.visit-ulcinj.com\/blog\/2017\/02\/11\/gjeka-mos-te-kete-prishje-selektive-ne-ulqin\/"]}]},{"@type":"BreadcrumbList","@id":"https:\/\/www.visit-ulcinj.com\/blog\/2017\/02\/11\/gjeka-mos-te-kete-prishje-selektive-ne-ulqin\/#breadcrumb","itemListElement":[{"@type":"ListItem","position":1,"name":"Gjeka: Mos t\u00eb ket\u00eb prishje selektive n\u00eb Ulqin"}]},{"@type":"Person","@id":"https:\/\/www.visit-ulcinj.com\/blog\/#\/schema\/person\/dcab619c614d3038751c63bc2aadc06d","name":"ulqini","sameAs":["http:\/\/www.visit-ulcinj.com"],"url":"https:\/\/www.visit-ulcinj.com\/blog\/author\/admin\/"}]}},"jetpack_featured_media_url":"","jetpack_sharing_enabled":true,"jetpack_shortlink":"https:\/\/wp.me\/pe6lTn-qKW","_links":{"self":[{"href":"https:\/\/www.visit-ulcinj.com\/blog\/wp-json\/wp\/v2\/posts\/102854"}],"collection":[{"href":"https:\/\/www.visit-ulcinj.com\/blog\/wp-json\/wp\/v2\/posts"}],"about":[{"href":"https:\/\/www.visit-ulcinj.com\/blog\/wp-json\/wp\/v2\/types\/post"}],"author":[{"embeddable":true,"href":"https:\/\/www.visit-ulcinj.com\/blog\/wp-json\/wp\/v2\/users\/1"}],"replies":[{"embeddable":true,"href":"https:\/\/www.visit-ulcinj.com\/blog\/wp-json\/wp\/v2\/comments?post=102854"}],"version-history":[{"count":1,"href":"https:\/\/www.visit-ulcinj.com\/blog\/wp-json\/wp\/v2\/posts\/102854\/revisions"}],"predecessor-version":[{"id":102856,"href":"https:\/\/www.visit-ulcinj.com\/blog\/wp-json\/wp\/v2\/posts\/102854\/revisions\/102856"}],"wp:attachment":[{"href":"https:\/\/www.visit-ulcinj.com\/blog\/wp-json\/wp\/v2\/media?parent=102854"}],"wp:term":[{"taxonomy":"category","embeddable":true,"href":"https:\/\/www.visit-ulcinj.com\/blog\/wp-json\/wp\/v2\/categories?post=102854"},{"taxonomy":"post_tag","embeddable":true,"href":"https:\/\/www.visit-ulcinj.com\/blog\/wp-json\/wp\/v2\/tags?post=102854"}],"curies":[{"name":"wp","href":"https:\/\/api.w.org\/{rel}","templated":true}]}}