{"id":102857,"date":"2017-02-11T15:53:05","date_gmt":"2017-02-11T14:53:05","guid":{"rendered":"http:\/\/www.visit-ulcinj.com\/blog\/?p=102857"},"modified":"2017-02-12T16:30:17","modified_gmt":"2017-02-12T15:30:17","slug":"sot-dite-pranvere-ne-ulqin-temperatura-te-larta-15c-video","status":"publish","type":"post","link":"https:\/\/www.visit-ulcinj.com\/blog\/2017\/02\/11\/sot-dite-pranvere-ne-ulqin-temperatura-te-larta-15c-video\/","title":{"rendered":"Sot dit\u00eb pranvere n\u00eb Ulqin, temperatura t\u00eb larta 15\u00b0C &#8211; Video"},"content":{"rendered":"<p><strong><a href=\"http:\/\/www.visit-ulcinj.com\/blog\/wp-content\/uploads\/2017\/02\/Sot-dit\u00eb-pranvere-n\u00eb-Ulqin-temperatura-t\u00eb-larta-15\u00b0C.jpg\"><img loading=\"lazy\" class=\"alignleft wp-image-102858\" src=\"http:\/\/www.visit-ulcinj.com\/blog\/wp-content\/uploads\/2017\/02\/Sot-dit\u00eb-pranvere-n\u00eb-Ulqin-temperatura-t\u00eb-larta-15\u00b0C.jpg\" alt=\"Sot dit\u00eb pranvere n\u00eb Ulqin, temperatura t\u00eb larta 15\u00b0C\" width=\"508\" height=\"286\" srcset=\"https:\/\/www.visit-ulcinj.com\/blog\/wp-content\/uploads\/2017\/02\/Sot-dit\u00eb-pranvere-n\u00eb-Ulqin-temperatura-t\u00eb-larta-15\u00b0C.jpg 999w, https:\/\/www.visit-ulcinj.com\/blog\/wp-content\/uploads\/2017\/02\/Sot-dit\u00eb-pranvere-n\u00eb-Ulqin-temperatura-t\u00eb-larta-15\u00b0C-300x169.jpg 300w, https:\/\/www.visit-ulcinj.com\/blog\/wp-content\/uploads\/2017\/02\/Sot-dit\u00eb-pranvere-n\u00eb-Ulqin-temperatura-t\u00eb-larta-15\u00b0C-768x432.jpg 768w\" sizes=\"(max-width: 508px) 100vw, 508px\" \/><\/a>Sot pas dite n\u00eb Ran\u00eb. N\u00eb p\u00ebrgjith\u00ebsi sot ka qen\u00eb nj\u00eb dit\u00eb e bukur me diell. Rana, shetitorja\u00a0 jon\u00eb e bukur \u00ebsht\u00eb magjepse dhe t\u00ebrheq\u00ebse p\u00ebr shum\u00eb t\u00eb rinj\u00eb, sidomos pas nj\u00eb kohe t\u00eb ftoft\u00eb i cila ende sundon tek ne, temperatura\u00a0 arriti deri n\u00eb 15 grad\u00eb Celsius.<\/strong><\/p>\n<p>Sot n\u00eb Ulqin moti do t\u00eb jet\u00eb me diell me vran\u00ebsira t\u00eb vogla deri n\u00eb mesatare dhe me er\u00eb t\u00eb dob\u00ebt me drejtimi veriper\u00ebndimor. Temperatura do t\u00eb arrij\u00eb deri n\u00eb 15 grad\u00eb Celsius.<br \/>\nVe\u00e7an\u00ebrisht ngroht\u00eb pritet t\u00eb mart\u00ebn dhe t\u00eb m\u00ebrkur\u00ebn dhe t\u00eb enjten ku temperatura do t\u00eb arrij\u00eb deri n\u00eb 18 grad\u00eb Celsius.<\/p>\n<p>N\u00eb rrug\u00ebt dhe sheshet e Ulqinit shihen shum\u00eb njer\u00ebz duke sh\u00ebtitur dhe duke u k\u00ebnaq me diellin n\u00ebp\u00ebr tarraca t\u00eb kafeneve t\u00eb ndryshme, transmeton<strong> Hotel <span class=\"_1nb_ fwn fcg\" data-ft=\"{&quot;tn&quot;:&quot;C&quot;}\"><span class=\"fcg\"><span class=\"fwb\"><a id=\"js_a1\" class=\"profileLink\" href=\"https:\/\/www.facebook.com\/ardi.sabani.37?hc_ref=NEWSFEED\" data-ft=\"{&quot;tn&quot;:&quot;l&quot;}\" data-hovercard=\"\/ajax\/hovercard\/user.php?id=100008137235796&amp;extragetparams=%7B%22hc_ref%22%3A%22NEWSFEED%22%7D\" data-hovercard-prefer-more-content-show=\"1\">Cruiser Ulcinj<\/a><\/span><\/span><\/span> <\/strong>ne faqen e tij\u00eb t\u00eb Facebookut.<\/p>\n<p>Duket se moti i mir\u00eb ka ndikuar edhe n\u00eb disponimin e qytetar\u00ebve t\u00eb cil\u00ebt shihen t\u00eb buz\u00ebqeshur.<br \/>\n<iframe loading=\"lazy\" style=\"border: none; overflow: hidden;\" src=\"https:\/\/www.facebook.com\/plugins\/video.php?href=https%3A%2F%2Fwww.facebook.com%2Fardi.sabani.37%2Fvideos%2F1846985538916003%2F&amp;show_text=0&amp;width=508\" width=\"508\" height=\"345\" frameborder=\"0\" scrolling=\"no\" allowfullscreen=\"allowfullscreen\"><\/iframe><\/p>\n<p><iframe loading=\"lazy\" style=\"border: none; overflow: hidden;\" src=\"https:\/\/www.facebook.com\/plugins\/video.php?href=https%3A%2F%2Fwww.facebook.com%2Fardi.sabani.37%2Fvideos%2F1846983242249566%2F&amp;show_text=0&amp;width=508\" width=\"508\" height=\"335\" frameborder=\"0\" scrolling=\"no\" allowfullscreen=\"allowfullscreen\"><\/iframe><\/p>\n","protected":false},"excerpt":{"rendered":"<p>Sot pas dite n\u00eb Ran\u00eb. N\u00eb p\u00ebrgjith\u00ebsi sot ka qen\u00eb nj\u00eb dit\u00eb e bukur me diell. Rana, shetitorja\u00a0 jon\u00eb e bukur \u00ebsht\u00eb magjepse dhe t\u00ebrheq\u00ebse p\u00ebr shum\u00eb t\u00eb rinj\u00eb, sidomos pas nj\u00eb kohe t\u00eb ftoft\u00eb i cila ende sundon tek ne, temperatura\u00a0 arriti deri n\u00eb 15 grad\u00eb Celsius. Sot n\u00eb Ulqin moti do t\u00eb jet\u00eb [&hellip;]<\/p>\n","protected":false},"author":1,"featured_media":0,"comment_status":"closed","ping_status":"closed","sticky":false,"template":"","format":"standard","meta":{"spay_email":"","jetpack_publicize_message":"","jetpack_is_tweetstorm":false,"jetpack_publicize_feature_enabled":true},"categories":[1,15],"tags":[],"jetpack_publicize_connections":[],"yoast_head":"<!-- This site is optimized with the Yoast SEO plugin v19.1 - https:\/\/yoast.com\/wordpress\/plugins\/seo\/ -->\n<title>Sot dit\u00eb pranvere n\u00eb Ulqin, temperatura t\u00eb larta 15\u00b0C - Video - Lajme nga Ulqini<\/title>\n<meta name=\"description\" content=\"Sot pas dite n\u00eb Ran\u00eb. N\u00eb p\u00ebrgjith\u00ebsi sot ka qen\u00eb nj\u00eb dit\u00eb e bukur me diell. Rana, shetitorja\u00a0 jon\u00eb e bukur \u00ebsht\u00eb magjepse dhe t\u00ebrheq\u00ebse p\u00ebr shum\u00eb t\u00eb\" \/>\n<meta name=\"robots\" content=\"index, follow, max-snippet:-1, max-image-preview:large, max-video-preview:-1\" \/>\n<link rel=\"canonical\" href=\"https:\/\/www.visit-ulcinj.com\/blog\/2017\/02\/11\/sot-dite-pranvere-ne-ulqin-temperatura-te-larta-15c-video\/\" \/>\n<meta property=\"og:locale\" content=\"en_US\" \/>\n<meta property=\"og:type\" content=\"article\" \/>\n<meta property=\"og:title\" content=\"Sot dit\u00eb pranvere n\u00eb Ulqin, temperatura t\u00eb larta 15\u00b0C - Video - Lajme nga Ulqini\" \/>\n<meta property=\"og:description\" content=\"Sot pas dite n\u00eb Ran\u00eb. N\u00eb p\u00ebrgjith\u00ebsi sot ka qen\u00eb nj\u00eb dit\u00eb e bukur me diell. Rana, shetitorja\u00a0 jon\u00eb e bukur \u00ebsht\u00eb magjepse dhe t\u00ebrheq\u00ebse p\u00ebr shum\u00eb t\u00eb\" \/>\n<meta property=\"og:url\" content=\"https:\/\/www.visit-ulcinj.com\/blog\/2017\/02\/11\/sot-dite-pranvere-ne-ulqin-temperatura-te-larta-15c-video\/\" \/>\n<meta property=\"og:site_name\" content=\"Lajme nga Ulqini\" \/>\n<meta property=\"article:published_time\" content=\"2017-02-11T14:53:05+00:00\" \/>\n<meta property=\"article:modified_time\" content=\"2017-02-12T15:30:17+00:00\" \/>\n<meta name=\"twitter:label1\" content=\"Written by\" \/>\n\t<meta name=\"twitter:data1\" content=\"ulqini\" \/>\n\t<meta name=\"twitter:label2\" content=\"Est. reading time\" \/>\n\t<meta name=\"twitter:data2\" content=\"1 minute\" \/>\n<script type=\"application\/ld+json\" class=\"yoast-schema-graph\">{\"@context\":\"https:\/\/schema.org\",\"@graph\":[{\"@type\":\"WebSite\",\"@id\":\"https:\/\/www.visit-ulcinj.com\/blog\/#website\",\"url\":\"https:\/\/www.visit-ulcinj.com\/blog\/\",\"name\":\"Lajme nga Ulqini\",\"description\":\"Lajme,Vijesti,Ulqini,Ulqin,Crna Gora,Mali i Zi\",\"potentialAction\":[{\"@type\":\"SearchAction\",\"target\":{\"@type\":\"EntryPoint\",\"urlTemplate\":\"https:\/\/www.visit-ulcinj.com\/blog\/?s={search_term_string}\"},\"query-input\":\"required name=search_term_string\"}],\"inLanguage\":\"en-US\"},{\"@type\":\"WebPage\",\"@id\":\"https:\/\/www.visit-ulcinj.com\/blog\/2017\/02\/11\/sot-dite-pranvere-ne-ulqin-temperatura-te-larta-15c-video\/#webpage\",\"url\":\"https:\/\/www.visit-ulcinj.com\/blog\/2017\/02\/11\/sot-dite-pranvere-ne-ulqin-temperatura-te-larta-15c-video\/\",\"name\":\"Sot dit\u00eb pranvere n\u00eb Ulqin, temperatura t\u00eb larta 15\u00b0C - Video - Lajme nga Ulqini\",\"isPartOf\":{\"@id\":\"https:\/\/www.visit-ulcinj.com\/blog\/#website\"},\"datePublished\":\"2017-02-11T14:53:05+00:00\",\"dateModified\":\"2017-02-12T15:30:17+00:00\",\"author\":{\"@id\":\"https:\/\/www.visit-ulcinj.com\/blog\/#\/schema\/person\/dcab619c614d3038751c63bc2aadc06d\"},\"description\":\"Sot pas dite n\u00eb Ran\u00eb. N\u00eb p\u00ebrgjith\u00ebsi sot ka qen\u00eb nj\u00eb dit\u00eb e bukur me diell. Rana, shetitorja\u00a0 jon\u00eb e bukur \u00ebsht\u00eb magjepse dhe t\u00ebrheq\u00ebse p\u00ebr shum\u00eb t\u00eb\",\"breadcrumb\":{\"@id\":\"https:\/\/www.visit-ulcinj.com\/blog\/2017\/02\/11\/sot-dite-pranvere-ne-ulqin-temperatura-te-larta-15c-video\/#breadcrumb\"},\"inLanguage\":\"en-US\",\"potentialAction\":[{\"@type\":\"ReadAction\",\"target\":[\"https:\/\/www.visit-ulcinj.com\/blog\/2017\/02\/11\/sot-dite-pranvere-ne-ulqin-temperatura-te-larta-15c-video\/\"]}]},{\"@type\":\"BreadcrumbList\",\"@id\":\"https:\/\/www.visit-ulcinj.com\/blog\/2017\/02\/11\/sot-dite-pranvere-ne-ulqin-temperatura-te-larta-15c-video\/#breadcrumb\",\"itemListElement\":[{\"@type\":\"ListItem\",\"position\":1,\"name\":\"Sot dit\u00eb pranvere n\u00eb Ulqin, temperatura t\u00eb larta 15\u00b0C &#8211; Video\"}]},{\"@type\":\"Person\",\"@id\":\"https:\/\/www.visit-ulcinj.com\/blog\/#\/schema\/person\/dcab619c614d3038751c63bc2aadc06d\",\"name\":\"ulqini\",\"sameAs\":[\"http:\/\/www.visit-ulcinj.com\"],\"url\":\"https:\/\/www.visit-ulcinj.com\/blog\/author\/admin\/\"}]}<\/script>\n<!-- \/ Yoast SEO plugin. -->","yoast_head_json":{"title":"Sot dit\u00eb pranvere n\u00eb Ulqin, temperatura t\u00eb larta 15\u00b0C - Video - Lajme nga Ulqini","description":"Sot pas dite n\u00eb Ran\u00eb. N\u00eb p\u00ebrgjith\u00ebsi sot ka qen\u00eb nj\u00eb dit\u00eb e bukur me diell. Rana, shetitorja\u00a0 jon\u00eb e bukur \u00ebsht\u00eb magjepse dhe t\u00ebrheq\u00ebse p\u00ebr shum\u00eb t\u00eb","robots":{"index":"index","follow":"follow","max-snippet":"max-snippet:-1","max-image-preview":"max-image-preview:large","max-video-preview":"max-video-preview:-1"},"canonical":"https:\/\/www.visit-ulcinj.com\/blog\/2017\/02\/11\/sot-dite-pranvere-ne-ulqin-temperatura-te-larta-15c-video\/","og_locale":"en_US","og_type":"article","og_title":"Sot dit\u00eb pranvere n\u00eb Ulqin, temperatura t\u00eb larta 15\u00b0C - Video - Lajme nga Ulqini","og_description":"Sot pas dite n\u00eb Ran\u00eb. N\u00eb p\u00ebrgjith\u00ebsi sot ka qen\u00eb nj\u00eb dit\u00eb e bukur me diell. Rana, shetitorja\u00a0 jon\u00eb e bukur \u00ebsht\u00eb magjepse dhe t\u00ebrheq\u00ebse p\u00ebr shum\u00eb t\u00eb","og_url":"https:\/\/www.visit-ulcinj.com\/blog\/2017\/02\/11\/sot-dite-pranvere-ne-ulqin-temperatura-te-larta-15c-video\/","og_site_name":"Lajme nga Ulqini","article_published_time":"2017-02-11T14:53:05+00:00","article_modified_time":"2017-02-12T15:30:17+00:00","twitter_misc":{"Written by":"ulqini","Est. reading time":"1 minute"},"schema":{"@context":"https:\/\/schema.org","@graph":[{"@type":"WebSite","@id":"https:\/\/www.visit-ulcinj.com\/blog\/#website","url":"https:\/\/www.visit-ulcinj.com\/blog\/","name":"Lajme nga Ulqini","description":"Lajme,Vijesti,Ulqini,Ulqin,Crna Gora,Mali i Zi","potentialAction":[{"@type":"SearchAction","target":{"@type":"EntryPoint","urlTemplate":"https:\/\/www.visit-ulcinj.com\/blog\/?s={search_term_string}"},"query-input":"required name=search_term_string"}],"inLanguage":"en-US"},{"@type":"WebPage","@id":"https:\/\/www.visit-ulcinj.com\/blog\/2017\/02\/11\/sot-dite-pranvere-ne-ulqin-temperatura-te-larta-15c-video\/#webpage","url":"https:\/\/www.visit-ulcinj.com\/blog\/2017\/02\/11\/sot-dite-pranvere-ne-ulqin-temperatura-te-larta-15c-video\/","name":"Sot dit\u00eb pranvere n\u00eb Ulqin, temperatura t\u00eb larta 15\u00b0C - Video - Lajme nga Ulqini","isPartOf":{"@id":"https:\/\/www.visit-ulcinj.com\/blog\/#website"},"datePublished":"2017-02-11T14:53:05+00:00","dateModified":"2017-02-12T15:30:17+00:00","author":{"@id":"https:\/\/www.visit-ulcinj.com\/blog\/#\/schema\/person\/dcab619c614d3038751c63bc2aadc06d"},"description":"Sot pas dite n\u00eb Ran\u00eb. N\u00eb p\u00ebrgjith\u00ebsi sot ka qen\u00eb nj\u00eb dit\u00eb e bukur me diell. Rana, shetitorja\u00a0 jon\u00eb e bukur \u00ebsht\u00eb magjepse dhe t\u00ebrheq\u00ebse p\u00ebr shum\u00eb t\u00eb","breadcrumb":{"@id":"https:\/\/www.visit-ulcinj.com\/blog\/2017\/02\/11\/sot-dite-pranvere-ne-ulqin-temperatura-te-larta-15c-video\/#breadcrumb"},"inLanguage":"en-US","potentialAction":[{"@type":"ReadAction","target":["https:\/\/www.visit-ulcinj.com\/blog\/2017\/02\/11\/sot-dite-pranvere-ne-ulqin-temperatura-te-larta-15c-video\/"]}]},{"@type":"BreadcrumbList","@id":"https:\/\/www.visit-ulcinj.com\/blog\/2017\/02\/11\/sot-dite-pranvere-ne-ulqin-temperatura-te-larta-15c-video\/#breadcrumb","itemListElement":[{"@type":"ListItem","position":1,"name":"Sot dit\u00eb pranvere n\u00eb Ulqin, temperatura t\u00eb larta 15\u00b0C &#8211; Video"}]},{"@type":"Person","@id":"https:\/\/www.visit-ulcinj.com\/blog\/#\/schema\/person\/dcab619c614d3038751c63bc2aadc06d","name":"ulqini","sameAs":["http:\/\/www.visit-ulcinj.com"],"url":"https:\/\/www.visit-ulcinj.com\/blog\/author\/admin\/"}]}},"jetpack_featured_media_url":"","jetpack_sharing_enabled":true,"jetpack_shortlink":"https:\/\/wp.me\/pe6lTn-qKZ","_links":{"self":[{"href":"https:\/\/www.visit-ulcinj.com\/blog\/wp-json\/wp\/v2\/posts\/102857"}],"collection":[{"href":"https:\/\/www.visit-ulcinj.com\/blog\/wp-json\/wp\/v2\/posts"}],"about":[{"href":"https:\/\/www.visit-ulcinj.com\/blog\/wp-json\/wp\/v2\/types\/post"}],"author":[{"embeddable":true,"href":"https:\/\/www.visit-ulcinj.com\/blog\/wp-json\/wp\/v2\/users\/1"}],"replies":[{"embeddable":true,"href":"https:\/\/www.visit-ulcinj.com\/blog\/wp-json\/wp\/v2\/comments?post=102857"}],"version-history":[{"count":5,"href":"https:\/\/www.visit-ulcinj.com\/blog\/wp-json\/wp\/v2\/posts\/102857\/revisions"}],"predecessor-version":[{"id":102884,"href":"https:\/\/www.visit-ulcinj.com\/blog\/wp-json\/wp\/v2\/posts\/102857\/revisions\/102884"}],"wp:attachment":[{"href":"https:\/\/www.visit-ulcinj.com\/blog\/wp-json\/wp\/v2\/media?parent=102857"}],"wp:term":[{"taxonomy":"category","embeddable":true,"href":"https:\/\/www.visit-ulcinj.com\/blog\/wp-json\/wp\/v2\/categories?post=102857"},{"taxonomy":"post_tag","embeddable":true,"href":"https:\/\/www.visit-ulcinj.com\/blog\/wp-json\/wp\/v2\/tags?post=102857"}],"curies":[{"name":"wp","href":"https:\/\/api.w.org\/{rel}","templated":true}]}}