{"id":102866,"date":"2017-02-11T18:43:22","date_gmt":"2017-02-11T17:43:22","guid":{"rendered":"http:\/\/www.visit-ulcinj.com\/blog\/?p=102866"},"modified":"2017-02-11T18:43:22","modified_gmt":"2017-02-11T17:43:22","slug":"mali-zi-dhe-kosova-marreveshje-per-bashkepunim-nderkufitar","status":"publish","type":"post","link":"https:\/\/www.visit-ulcinj.com\/blog\/2017\/02\/11\/mali-zi-dhe-kosova-marreveshje-per-bashkepunim-nderkufitar\/","title":{"rendered":"Mali i Zi dhe Kosova marr\u00ebveshje p\u00ebr bashk\u00ebpunim nd\u00ebrkufitar"},"content":{"rendered":"<p><a href=\"http:\/\/www.visit-ulcinj.com\/blog\/wp-content\/uploads\/2017\/02\/Mali-i-Zi-dhe-Kosova-marr\u00ebveshje.jpg\"><img loading=\"lazy\" class=\"alignleft wp-image-102867\" src=\"http:\/\/www.visit-ulcinj.com\/blog\/wp-content\/uploads\/2017\/02\/Mali-i-Zi-dhe-Kosova-marr\u00ebveshje.jpg\" alt=\"Mali i Zi dhe Kosova marr\u00ebveshje\" width=\"508\" height=\"285\" srcset=\"https:\/\/www.visit-ulcinj.com\/blog\/wp-content\/uploads\/2017\/02\/Mali-i-Zi-dhe-Kosova-marr\u00ebveshje.jpg 863w, https:\/\/www.visit-ulcinj.com\/blog\/wp-content\/uploads\/2017\/02\/Mali-i-Zi-dhe-Kosova-marr\u00ebveshje-300x169.jpg 300w, https:\/\/www.visit-ulcinj.com\/blog\/wp-content\/uploads\/2017\/02\/Mali-i-Zi-dhe-Kosova-marr\u00ebveshje-768x432.jpg 768w\" sizes=\"(max-width: 508px) 100vw, 508px\" \/><\/a>Marr\u00ebveshja u n\u00ebnshkrua nga ministri malazez p\u00ebr \u00c7\u00ebshtje Evropiane, Aleksandar Andrija Pejovi\u00e7 dhe ambasadori i Kosov\u00ebs n\u00eb Podgoric\u00eb<\/p>\n<p class=\"selectionShareable\">Mali i Zi dhe Kosova kan\u00eb n\u00ebnshkruar t\u00eb premten marr\u00ebveshjen p\u00ebr partneritet dhe bashk\u00ebpunim nd\u00ebrkufitar mes dy shteteve n\u00eb kuad\u00ebr t\u00eb projektit \u201cIPA 2014-2020, n\u00eb baza t\u00eb t\u00eb cilit 18 komunave q\u00eb ndodhen n\u00eb zon\u00ebn kufitare do tu ndahen mjete n\u00eb vler\u00eb prej 8.4 milion\u00eb euro.<\/p>\n<p class=\"selectionShareable\">N\u00eb n\u00ebnshkrimin e sot\u00ebm t\u00eb marr\u00ebveshjes t\u00eb cil\u00ebn e b\u00ebn\u00eb ministri malazez p\u00ebr \u00c7\u00ebshtje Evropiane, Aleksandar Andrija Pejovi\u00e7 dhe ambasadori i Kosov\u00ebs n\u00eb Podgoric\u00eb, Skender Durmishi u b\u00eb e ditur se fondet e akorduara do t\u00eb kontribuojn\u00eb n\u00eb zhvillimin ekonomik t\u00eb komunave q\u00eb jan\u00eb n\u00eb zon\u00ebn kufitare, si dhe shfryt\u00ebzim m\u00eb t\u00eb mir\u00eb t\u00eb burimeve t\u00eb tyre natyrore.<\/p>\n<p class=\"selectionShareable\">Andrija Pejovi\u00e7 tha se shuma prej 8.4 milion\u00eb euro p\u00ebr realizimin e projekteve paraqesin mjete t\u00eb pakthyeshme dhe se b\u00ebhet fjal\u00eb p\u00ebr nj\u00eb dhurat\u00eb t\u00eb Brukselit.<\/p>\n<p class=\"selectionShareable\">Ai rikujtoi se nj\u00eb projekt i ngjash\u00ebm p\u00ebr periudh\u00ebn 2011-2013, kishte t\u00ebrhequr 3.7 milion\u00eb euro. \u201cAto kontribuuan duksh\u00ebm n\u00eb arritjen e programit t\u00eb zhvillimit ekonomik nga projekti, t\u00eb mbrojn\u00eb biodivirsitetin dhe t\u00eb promovojn\u00eb p\u00ebrdorimin e burimeve t\u00eb q\u00ebndrueshme natyrore\u201d, tha Pejovi\u00e7 i cili shpalosi detaje nga projekti i ri.<\/p>\n<p class=\"selectionShareable\">Sipas tij, projekti parasheh p\u00ebrmir\u00ebsimin e menaxhimit t\u00eb resurseve ujore n\u00eb Bijello Polje dhe Gjakov\u00eb, veprim t\u00eb p\u00ebrbashk\u00ebt p\u00ebr pun\u00ebsim t\u00eb q\u00ebndruesh\u00ebm, promovimin e turizmit rural n\u00eb zon\u00ebn kufitare, etj.<\/p>\n<p class=\"selectionShareable\">Ambasadori i Kosov\u00ebs n\u00eb Mal t\u00eb Zi, Skender Durmishi, fal\u00ebnderoi Malin e Zi p\u00ebr p\u00ebrkrahjen q\u00eb ia jep Kosov\u00ebs. \u201cJam i sigurt se do t\u00eb punojm\u00eb me projekte tjera, p\u00ebr t\u00eb vazhduar bashk\u00ebpunimin dhe n\u00eb t\u00eb ardhmen\u201d, tha Durmishi.<\/p>\n<p class=\"selectionShareable\">Koha Jone<\/p>\n","protected":false},"excerpt":{"rendered":"<p>Marr\u00ebveshja u n\u00ebnshkrua nga ministri malazez p\u00ebr \u00c7\u00ebshtje Evropiane, Aleksandar Andrija Pejovi\u00e7 dhe ambasadori i Kosov\u00ebs n\u00eb Podgoric\u00eb Mali i Zi dhe Kosova kan\u00eb n\u00ebnshkruar t\u00eb premten marr\u00ebveshjen p\u00ebr partneritet dhe bashk\u00ebpunim nd\u00ebrkufitar mes dy shteteve n\u00eb kuad\u00ebr t\u00eb projektit \u201cIPA 2014-2020, n\u00eb baza t\u00eb t\u00eb cilit 18 komunave q\u00eb ndodhen n\u00eb zon\u00ebn kufitare do [&hellip;]<\/p>\n","protected":false},"author":1,"featured_media":0,"comment_status":"closed","ping_status":"closed","sticky":false,"template":"","format":"standard","meta":{"spay_email":"","jetpack_publicize_message":"","jetpack_is_tweetstorm":false,"jetpack_publicize_feature_enabled":true},"categories":[14],"tags":[],"jetpack_publicize_connections":[],"yoast_head":"<!-- This site is optimized with the Yoast SEO plugin v19.1 - https:\/\/yoast.com\/wordpress\/plugins\/seo\/ -->\n<title>Mali i Zi dhe Kosova marr\u00ebveshje p\u00ebr bashk\u00ebpunim nd\u00ebrkufitar - Lajme nga Ulqini<\/title>\n<meta name=\"description\" content=\"Marr\u00ebveshja u n\u00ebnshkrua nga ministri malazez p\u00ebr \u00c7\u00ebshtje Evropiane, Aleksandar Andrija Pejovi\u00e7 dhe ambasadori i Kosov\u00ebs n\u00eb Podgoric\u00eb Mali i Zi dhe Kosova\" \/>\n<meta name=\"robots\" content=\"index, follow, max-snippet:-1, max-image-preview:large, max-video-preview:-1\" \/>\n<link rel=\"canonical\" href=\"https:\/\/www.visit-ulcinj.com\/blog\/2017\/02\/11\/mali-zi-dhe-kosova-marreveshje-per-bashkepunim-nderkufitar\/\" \/>\n<meta property=\"og:locale\" content=\"en_US\" \/>\n<meta property=\"og:type\" content=\"article\" \/>\n<meta property=\"og:title\" content=\"Mali i Zi dhe Kosova marr\u00ebveshje p\u00ebr bashk\u00ebpunim nd\u00ebrkufitar - Lajme nga Ulqini\" \/>\n<meta property=\"og:description\" content=\"Marr\u00ebveshja u n\u00ebnshkrua nga ministri malazez p\u00ebr \u00c7\u00ebshtje Evropiane, Aleksandar Andrija Pejovi\u00e7 dhe ambasadori i Kosov\u00ebs n\u00eb Podgoric\u00eb Mali i Zi dhe Kosova\" \/>\n<meta property=\"og:url\" content=\"https:\/\/www.visit-ulcinj.com\/blog\/2017\/02\/11\/mali-zi-dhe-kosova-marreveshje-per-bashkepunim-nderkufitar\/\" \/>\n<meta property=\"og:site_name\" content=\"Lajme nga Ulqini\" \/>\n<meta property=\"article:published_time\" content=\"2017-02-11T17:43:22+00:00\" \/>\n<meta name=\"twitter:label1\" content=\"Written by\" \/>\n\t<meta name=\"twitter:data1\" content=\"ulqini\" \/>\n\t<meta name=\"twitter:label2\" content=\"Est. reading time\" \/>\n\t<meta name=\"twitter:data2\" content=\"2 minutes\" \/>\n<script type=\"application\/ld+json\" class=\"yoast-schema-graph\">{\"@context\":\"https:\/\/schema.org\",\"@graph\":[{\"@type\":\"WebSite\",\"@id\":\"https:\/\/www.visit-ulcinj.com\/blog\/#website\",\"url\":\"https:\/\/www.visit-ulcinj.com\/blog\/\",\"name\":\"Lajme nga Ulqini\",\"description\":\"Lajme,Vijesti,Ulqini,Ulqin,Crna Gora,Mali i Zi\",\"potentialAction\":[{\"@type\":\"SearchAction\",\"target\":{\"@type\":\"EntryPoint\",\"urlTemplate\":\"https:\/\/www.visit-ulcinj.com\/blog\/?s={search_term_string}\"},\"query-input\":\"required name=search_term_string\"}],\"inLanguage\":\"en-US\"},{\"@type\":\"WebPage\",\"@id\":\"https:\/\/www.visit-ulcinj.com\/blog\/2017\/02\/11\/mali-zi-dhe-kosova-marreveshje-per-bashkepunim-nderkufitar\/#webpage\",\"url\":\"https:\/\/www.visit-ulcinj.com\/blog\/2017\/02\/11\/mali-zi-dhe-kosova-marreveshje-per-bashkepunim-nderkufitar\/\",\"name\":\"Mali i Zi dhe Kosova marr\u00ebveshje p\u00ebr bashk\u00ebpunim nd\u00ebrkufitar - Lajme nga Ulqini\",\"isPartOf\":{\"@id\":\"https:\/\/www.visit-ulcinj.com\/blog\/#website\"},\"datePublished\":\"2017-02-11T17:43:22+00:00\",\"dateModified\":\"2017-02-11T17:43:22+00:00\",\"author\":{\"@id\":\"https:\/\/www.visit-ulcinj.com\/blog\/#\/schema\/person\/dcab619c614d3038751c63bc2aadc06d\"},\"description\":\"Marr\u00ebveshja u n\u00ebnshkrua nga ministri malazez p\u00ebr \u00c7\u00ebshtje Evropiane, Aleksandar Andrija Pejovi\u00e7 dhe ambasadori i Kosov\u00ebs n\u00eb Podgoric\u00eb Mali i Zi dhe Kosova\",\"breadcrumb\":{\"@id\":\"https:\/\/www.visit-ulcinj.com\/blog\/2017\/02\/11\/mali-zi-dhe-kosova-marreveshje-per-bashkepunim-nderkufitar\/#breadcrumb\"},\"inLanguage\":\"en-US\",\"potentialAction\":[{\"@type\":\"ReadAction\",\"target\":[\"https:\/\/www.visit-ulcinj.com\/blog\/2017\/02\/11\/mali-zi-dhe-kosova-marreveshje-per-bashkepunim-nderkufitar\/\"]}]},{\"@type\":\"BreadcrumbList\",\"@id\":\"https:\/\/www.visit-ulcinj.com\/blog\/2017\/02\/11\/mali-zi-dhe-kosova-marreveshje-per-bashkepunim-nderkufitar\/#breadcrumb\",\"itemListElement\":[{\"@type\":\"ListItem\",\"position\":1,\"name\":\"Mali i Zi dhe Kosova marr\u00ebveshje p\u00ebr bashk\u00ebpunim nd\u00ebrkufitar\"}]},{\"@type\":\"Person\",\"@id\":\"https:\/\/www.visit-ulcinj.com\/blog\/#\/schema\/person\/dcab619c614d3038751c63bc2aadc06d\",\"name\":\"ulqini\",\"sameAs\":[\"http:\/\/www.visit-ulcinj.com\"],\"url\":\"https:\/\/www.visit-ulcinj.com\/blog\/author\/admin\/\"}]}<\/script>\n<!-- \/ Yoast SEO plugin. -->","yoast_head_json":{"title":"Mali i Zi dhe Kosova marr\u00ebveshje p\u00ebr bashk\u00ebpunim nd\u00ebrkufitar - Lajme nga Ulqini","description":"Marr\u00ebveshja u n\u00ebnshkrua nga ministri malazez p\u00ebr \u00c7\u00ebshtje Evropiane, Aleksandar Andrija Pejovi\u00e7 dhe ambasadori i Kosov\u00ebs n\u00eb Podgoric\u00eb Mali i Zi dhe Kosova","robots":{"index":"index","follow":"follow","max-snippet":"max-snippet:-1","max-image-preview":"max-image-preview:large","max-video-preview":"max-video-preview:-1"},"canonical":"https:\/\/www.visit-ulcinj.com\/blog\/2017\/02\/11\/mali-zi-dhe-kosova-marreveshje-per-bashkepunim-nderkufitar\/","og_locale":"en_US","og_type":"article","og_title":"Mali i Zi dhe Kosova marr\u00ebveshje p\u00ebr bashk\u00ebpunim nd\u00ebrkufitar - Lajme nga Ulqini","og_description":"Marr\u00ebveshja u n\u00ebnshkrua nga ministri malazez p\u00ebr \u00c7\u00ebshtje Evropiane, Aleksandar Andrija Pejovi\u00e7 dhe ambasadori i Kosov\u00ebs n\u00eb Podgoric\u00eb Mali i Zi dhe Kosova","og_url":"https:\/\/www.visit-ulcinj.com\/blog\/2017\/02\/11\/mali-zi-dhe-kosova-marreveshje-per-bashkepunim-nderkufitar\/","og_site_name":"Lajme nga Ulqini","article_published_time":"2017-02-11T17:43:22+00:00","twitter_misc":{"Written by":"ulqini","Est. reading time":"2 minutes"},"schema":{"@context":"https:\/\/schema.org","@graph":[{"@type":"WebSite","@id":"https:\/\/www.visit-ulcinj.com\/blog\/#website","url":"https:\/\/www.visit-ulcinj.com\/blog\/","name":"Lajme nga Ulqini","description":"Lajme,Vijesti,Ulqini,Ulqin,Crna Gora,Mali i Zi","potentialAction":[{"@type":"SearchAction","target":{"@type":"EntryPoint","urlTemplate":"https:\/\/www.visit-ulcinj.com\/blog\/?s={search_term_string}"},"query-input":"required name=search_term_string"}],"inLanguage":"en-US"},{"@type":"WebPage","@id":"https:\/\/www.visit-ulcinj.com\/blog\/2017\/02\/11\/mali-zi-dhe-kosova-marreveshje-per-bashkepunim-nderkufitar\/#webpage","url":"https:\/\/www.visit-ulcinj.com\/blog\/2017\/02\/11\/mali-zi-dhe-kosova-marreveshje-per-bashkepunim-nderkufitar\/","name":"Mali i Zi dhe Kosova marr\u00ebveshje p\u00ebr bashk\u00ebpunim nd\u00ebrkufitar - Lajme nga Ulqini","isPartOf":{"@id":"https:\/\/www.visit-ulcinj.com\/blog\/#website"},"datePublished":"2017-02-11T17:43:22+00:00","dateModified":"2017-02-11T17:43:22+00:00","author":{"@id":"https:\/\/www.visit-ulcinj.com\/blog\/#\/schema\/person\/dcab619c614d3038751c63bc2aadc06d"},"description":"Marr\u00ebveshja u n\u00ebnshkrua nga ministri malazez p\u00ebr \u00c7\u00ebshtje Evropiane, Aleksandar Andrija Pejovi\u00e7 dhe ambasadori i Kosov\u00ebs n\u00eb Podgoric\u00eb Mali i Zi dhe Kosova","breadcrumb":{"@id":"https:\/\/www.visit-ulcinj.com\/blog\/2017\/02\/11\/mali-zi-dhe-kosova-marreveshje-per-bashkepunim-nderkufitar\/#breadcrumb"},"inLanguage":"en-US","potentialAction":[{"@type":"ReadAction","target":["https:\/\/www.visit-ulcinj.com\/blog\/2017\/02\/11\/mali-zi-dhe-kosova-marreveshje-per-bashkepunim-nderkufitar\/"]}]},{"@type":"BreadcrumbList","@id":"https:\/\/www.visit-ulcinj.com\/blog\/2017\/02\/11\/mali-zi-dhe-kosova-marreveshje-per-bashkepunim-nderkufitar\/#breadcrumb","itemListElement":[{"@type":"ListItem","position":1,"name":"Mali i Zi dhe Kosova marr\u00ebveshje p\u00ebr bashk\u00ebpunim nd\u00ebrkufitar"}]},{"@type":"Person","@id":"https:\/\/www.visit-ulcinj.com\/blog\/#\/schema\/person\/dcab619c614d3038751c63bc2aadc06d","name":"ulqini","sameAs":["http:\/\/www.visit-ulcinj.com"],"url":"https:\/\/www.visit-ulcinj.com\/blog\/author\/admin\/"}]}},"jetpack_featured_media_url":"","jetpack_sharing_enabled":true,"jetpack_shortlink":"https:\/\/wp.me\/pe6lTn-qL8","_links":{"self":[{"href":"https:\/\/www.visit-ulcinj.com\/blog\/wp-json\/wp\/v2\/posts\/102866"}],"collection":[{"href":"https:\/\/www.visit-ulcinj.com\/blog\/wp-json\/wp\/v2\/posts"}],"about":[{"href":"https:\/\/www.visit-ulcinj.com\/blog\/wp-json\/wp\/v2\/types\/post"}],"author":[{"embeddable":true,"href":"https:\/\/www.visit-ulcinj.com\/blog\/wp-json\/wp\/v2\/users\/1"}],"replies":[{"embeddable":true,"href":"https:\/\/www.visit-ulcinj.com\/blog\/wp-json\/wp\/v2\/comments?post=102866"}],"version-history":[{"count":1,"href":"https:\/\/www.visit-ulcinj.com\/blog\/wp-json\/wp\/v2\/posts\/102866\/revisions"}],"predecessor-version":[{"id":102868,"href":"https:\/\/www.visit-ulcinj.com\/blog\/wp-json\/wp\/v2\/posts\/102866\/revisions\/102868"}],"wp:attachment":[{"href":"https:\/\/www.visit-ulcinj.com\/blog\/wp-json\/wp\/v2\/media?parent=102866"}],"wp:term":[{"taxonomy":"category","embeddable":true,"href":"https:\/\/www.visit-ulcinj.com\/blog\/wp-json\/wp\/v2\/categories?post=102866"},{"taxonomy":"post_tag","embeddable":true,"href":"https:\/\/www.visit-ulcinj.com\/blog\/wp-json\/wp\/v2\/tags?post=102866"}],"curies":[{"name":"wp","href":"https:\/\/api.w.org\/{rel}","templated":true}]}}