{"id":102869,"date":"2017-02-11T18:50:30","date_gmt":"2017-02-11T17:50:30","guid":{"rendered":"http:\/\/www.visit-ulcinj.com\/blog\/?p=102869"},"modified":"2017-02-11T18:51:18","modified_gmt":"2017-02-11T17:51:18","slug":"arrihet-marreveshja-per-aleancen-kroato-shqiptare-malazeze","status":"publish","type":"post","link":"https:\/\/www.visit-ulcinj.com\/blog\/2017\/02\/11\/arrihet-marreveshja-per-aleancen-kroato-shqiptare-malazeze\/","title":{"rendered":"Arrihet marr\u00ebveshja p\u00ebr \u201caleanc\u00ebn\u201d kroato-shqiptare-malazeze"},"content":{"rendered":"<p><a href=\"http:\/\/www.visit-ulcinj.com\/blog\/wp-content\/uploads\/2017\/02\/bushati-darmanoviq-.jpg\"><img loading=\"lazy\" class=\"alignleft wp-image-102870\" src=\"http:\/\/www.visit-ulcinj.com\/blog\/wp-content\/uploads\/2017\/02\/bushati-darmanoviq-.jpg\" alt=\"bushati-darmanoviq-\" width=\"508\" height=\"275\" srcset=\"https:\/\/www.visit-ulcinj.com\/blog\/wp-content\/uploads\/2017\/02\/bushati-darmanoviq-.jpg 640w, https:\/\/www.visit-ulcinj.com\/blog\/wp-content\/uploads\/2017\/02\/bushati-darmanoviq--300x163.jpg 300w\" sizes=\"(max-width: 508px) 100vw, 508px\" \/><\/a>Ministrat e jasht\u00ebm ai nga Kroacia, Shqip\u00ebria dhe Mali i Zi ne Split n\u00ebnshkruan nj\u00eb deklarat\u00eb t\u00eb p\u00ebrbashk\u00ebt p\u00ebr bashk\u00ebpunim n\u00eb kuad\u00ebr t\u00eb marr\u00ebveshjes se Adriatikut.<\/p>\n<p>Marr\u00ebveshja inkurajon forcimin e siguris\u00eb dhe t\u00eb bashk\u00ebpunimit ekonomik ne mes t\u00eb kroateve, shqiptar\u00ebve dhe malazez\u00ebve.<\/p>\n<p>\u201cNe kemi r\u00ebn\u00eb dakord n\u00eb nj\u00eb takim jozyrtar dhjetorin e kaluar n\u00eb Bruksel dhe sot\u00a0 jemi n\u00eb Split duke e p\u00ebruruar zyrtarisht, dhe p\u00ebr t\u00eb forcuar sigurin\u00eb n\u00eb Adriatik e n\u00eb Evrop\u00ebn jug-lindore, si dhe forcimin e marr\u00ebdh\u00ebnieve tona si tre vendet q\u00eb ndajn\u00eb t\u00eb nj\u00ebjtat vlera, \u201ctha ministri kroat i Pun\u00ebve te Jashtme dhe \u00c7\u00ebshtjeve evropiane Davor Ivo.<\/p>\n<p>I pyetur n\u00ebse marr\u00ebveshja trepal\u00ebshe e Adriatikut mund t\u00eb nxis\u00eb integrimin me t\u00eb shpejt\u00eb euroatlantik t\u00eb Bosnj\u00ebs dhe Hercegovin\u00ebs, (edhe pse, sipas agjencis\u00eb Hina, Republika serbe e kund\u00ebrshton an\u00ebtar\u00ebsimin n\u00eb NATO) si dhe Serbise, Ivo tha se vendet e marr\u00ebveshjes se Adriatikut t\u00eb themeluar rishtazi jan\u00eb pjes\u00ebmarr\u00ebse n\u00eb Kart\u00ebn SHBA-Adriatik.<\/p>\n<p>\u201cSerbia \u00ebsht\u00eb nj\u00eb v\u00ebzhgues i nism\u00ebs SHBA-Adriatik dhe tregoi qart\u00eb se nuk \u00ebsht\u00eb p\u00ebrcaktuar p\u00ebr an\u00ebtar\u00ebsim n\u00eb NATO. Megjithat\u00eb, ne mendojm\u00eb se \u00ebsht\u00eb e mir\u00eb p\u00ebr stabilitetin e Evrop\u00ebs Juglindore p\u00ebr te inkurajuar afrimin dhe bashk\u00ebpunimin mes Serbis\u00eb dhe NATO-s, e cila nuk duhet t\u00eb jet\u00eb e drejtuar drejt an\u00ebtar\u00ebsimit, ose mund t\u00eb jete n\u00eb form\u00ebn e bashk\u00ebpunimit pragmatik \u201c, tha ai.<\/p>\n<p>Ai tha se Kroacia mb\u00ebshtet rrug\u00ebn euro-atlantike t\u00eb BiH dhe shprehu besimin se edhe Shqip\u00ebria dhe Mali i Zi, inkurajon rrug\u00ebn e BiH drejt integrimit evropian dhe euroatlantik.<\/p>\n<p>Ministri i Pun\u00ebve te Jashtme t\u00eb Malit te Zi Srgjan Darmanoviq kujtoi se vendi i tij \u00ebsht\u00eb n\u00eb faz\u00ebn finale t\u00eb an\u00ebtar\u00ebsimit n\u00eb NATO, duke theksuar se ata kan\u00eb \u00a0mb\u00ebshtetje t\u00eb r\u00ebnd\u00ebsishme kroate dhe shqiptare.<\/p>\n<p>Kolegu i tij nga Shqip\u00ebria Ditmir Bushati tha tre vendet duhet t\u00eb bashk\u00ebpunojn\u00eb dhe koordinojn\u00eb p\u00ebrpjekjet e tyre n\u00eb procesin e integrimeve euroatlantike.<\/p>\n<p>Lajmpress<\/p>\n","protected":false},"excerpt":{"rendered":"<p>Ministrat e jasht\u00ebm ai nga Kroacia, Shqip\u00ebria dhe Mali i Zi ne Split n\u00ebnshkruan nj\u00eb deklarat\u00eb t\u00eb p\u00ebrbashk\u00ebt p\u00ebr bashk\u00ebpunim n\u00eb kuad\u00ebr t\u00eb marr\u00ebveshjes se Adriatikut. Marr\u00ebveshja inkurajon forcimin e siguris\u00eb dhe t\u00eb bashk\u00ebpunimit ekonomik ne mes t\u00eb kroateve, shqiptar\u00ebve dhe malazez\u00ebve. \u201cNe kemi r\u00ebn\u00eb dakord n\u00eb nj\u00eb takim jozyrtar dhjetorin e kaluar n\u00eb Bruksel [&hellip;]<\/p>\n","protected":false},"author":1,"featured_media":0,"comment_status":"closed","ping_status":"closed","sticky":false,"template":"","format":"standard","meta":{"spay_email":"","jetpack_publicize_message":"","jetpack_is_tweetstorm":false,"jetpack_publicize_feature_enabled":true},"categories":[6950],"tags":[],"jetpack_publicize_connections":[],"yoast_head":"<!-- This site is optimized with the Yoast SEO plugin v19.1 - https:\/\/yoast.com\/wordpress\/plugins\/seo\/ -->\n<title>Arrihet marr\u00ebveshja p\u00ebr \u201caleanc\u00ebn\u201d kroato-shqiptare-malazeze - Lajme nga Ulqini<\/title>\n<meta name=\"description\" content=\"Ministrat e jasht\u00ebm ai nga Kroacia, Shqip\u00ebria dhe Mali i Zi ne Split n\u00ebnshkruan nj\u00eb deklarat\u00eb t\u00eb p\u00ebrbashk\u00ebt p\u00ebr bashk\u00ebpunim n\u00eb kuad\u00ebr t\u00eb marr\u00ebveshjes se\" \/>\n<meta name=\"robots\" content=\"index, follow, max-snippet:-1, max-image-preview:large, max-video-preview:-1\" \/>\n<link rel=\"canonical\" href=\"https:\/\/www.visit-ulcinj.com\/blog\/2017\/02\/11\/arrihet-marreveshja-per-aleancen-kroato-shqiptare-malazeze\/\" \/>\n<meta property=\"og:locale\" content=\"en_US\" \/>\n<meta property=\"og:type\" content=\"article\" \/>\n<meta property=\"og:title\" content=\"Arrihet marr\u00ebveshja p\u00ebr \u201caleanc\u00ebn\u201d kroato-shqiptare-malazeze - Lajme nga Ulqini\" \/>\n<meta property=\"og:description\" content=\"Ministrat e jasht\u00ebm ai nga Kroacia, Shqip\u00ebria dhe Mali i Zi ne Split n\u00ebnshkruan nj\u00eb deklarat\u00eb t\u00eb p\u00ebrbashk\u00ebt p\u00ebr bashk\u00ebpunim n\u00eb kuad\u00ebr t\u00eb marr\u00ebveshjes se\" \/>\n<meta property=\"og:url\" content=\"https:\/\/www.visit-ulcinj.com\/blog\/2017\/02\/11\/arrihet-marreveshja-per-aleancen-kroato-shqiptare-malazeze\/\" \/>\n<meta property=\"og:site_name\" content=\"Lajme nga Ulqini\" \/>\n<meta property=\"article:published_time\" content=\"2017-02-11T17:50:30+00:00\" \/>\n<meta property=\"article:modified_time\" content=\"2017-02-11T17:51:18+00:00\" \/>\n<meta property=\"og:image\" content=\"http:\/\/www.visit-ulcinj.com\/blog\/wp-content\/uploads\/2017\/02\/bushati-darmanoviq-.jpg\" \/>\n<meta name=\"twitter:label1\" content=\"Written by\" \/>\n\t<meta name=\"twitter:data1\" content=\"ulqini\" \/>\n\t<meta name=\"twitter:label2\" content=\"Est. reading time\" \/>\n\t<meta name=\"twitter:data2\" content=\"2 minutes\" \/>\n<script type=\"application\/ld+json\" class=\"yoast-schema-graph\">{\"@context\":\"https:\/\/schema.org\",\"@graph\":[{\"@type\":\"WebSite\",\"@id\":\"https:\/\/www.visit-ulcinj.com\/blog\/#website\",\"url\":\"https:\/\/www.visit-ulcinj.com\/blog\/\",\"name\":\"Lajme nga Ulqini\",\"description\":\"Lajme,Vijesti,Ulqini,Ulqin,Crna Gora,Mali i Zi\",\"potentialAction\":[{\"@type\":\"SearchAction\",\"target\":{\"@type\":\"EntryPoint\",\"urlTemplate\":\"https:\/\/www.visit-ulcinj.com\/blog\/?s={search_term_string}\"},\"query-input\":\"required name=search_term_string\"}],\"inLanguage\":\"en-US\"},{\"@type\":\"ImageObject\",\"inLanguage\":\"en-US\",\"@id\":\"https:\/\/www.visit-ulcinj.com\/blog\/2017\/02\/11\/arrihet-marreveshja-per-aleancen-kroato-shqiptare-malazeze\/#primaryimage\",\"url\":\"https:\/\/www.visit-ulcinj.com\/blog\/wp-content\/uploads\/2017\/02\/bushati-darmanoviq-.jpg\",\"contentUrl\":\"https:\/\/www.visit-ulcinj.com\/blog\/wp-content\/uploads\/2017\/02\/bushati-darmanoviq-.jpg\",\"width\":640,\"height\":347},{\"@type\":\"WebPage\",\"@id\":\"https:\/\/www.visit-ulcinj.com\/blog\/2017\/02\/11\/arrihet-marreveshja-per-aleancen-kroato-shqiptare-malazeze\/#webpage\",\"url\":\"https:\/\/www.visit-ulcinj.com\/blog\/2017\/02\/11\/arrihet-marreveshja-per-aleancen-kroato-shqiptare-malazeze\/\",\"name\":\"Arrihet marr\u00ebveshja p\u00ebr \u201caleanc\u00ebn\u201d kroato-shqiptare-malazeze - Lajme nga Ulqini\",\"isPartOf\":{\"@id\":\"https:\/\/www.visit-ulcinj.com\/blog\/#website\"},\"primaryImageOfPage\":{\"@id\":\"https:\/\/www.visit-ulcinj.com\/blog\/2017\/02\/11\/arrihet-marreveshja-per-aleancen-kroato-shqiptare-malazeze\/#primaryimage\"},\"datePublished\":\"2017-02-11T17:50:30+00:00\",\"dateModified\":\"2017-02-11T17:51:18+00:00\",\"author\":{\"@id\":\"https:\/\/www.visit-ulcinj.com\/blog\/#\/schema\/person\/dcab619c614d3038751c63bc2aadc06d\"},\"description\":\"Ministrat e jasht\u00ebm ai nga Kroacia, Shqip\u00ebria dhe Mali i Zi ne Split n\u00ebnshkruan nj\u00eb deklarat\u00eb t\u00eb p\u00ebrbashk\u00ebt p\u00ebr bashk\u00ebpunim n\u00eb kuad\u00ebr t\u00eb marr\u00ebveshjes se\",\"breadcrumb\":{\"@id\":\"https:\/\/www.visit-ulcinj.com\/blog\/2017\/02\/11\/arrihet-marreveshja-per-aleancen-kroato-shqiptare-malazeze\/#breadcrumb\"},\"inLanguage\":\"en-US\",\"potentialAction\":[{\"@type\":\"ReadAction\",\"target\":[\"https:\/\/www.visit-ulcinj.com\/blog\/2017\/02\/11\/arrihet-marreveshja-per-aleancen-kroato-shqiptare-malazeze\/\"]}]},{\"@type\":\"BreadcrumbList\",\"@id\":\"https:\/\/www.visit-ulcinj.com\/blog\/2017\/02\/11\/arrihet-marreveshja-per-aleancen-kroato-shqiptare-malazeze\/#breadcrumb\",\"itemListElement\":[{\"@type\":\"ListItem\",\"position\":1,\"name\":\"Arrihet marr\u00ebveshja p\u00ebr \u201caleanc\u00ebn\u201d kroato-shqiptare-malazeze\"}]},{\"@type\":\"Person\",\"@id\":\"https:\/\/www.visit-ulcinj.com\/blog\/#\/schema\/person\/dcab619c614d3038751c63bc2aadc06d\",\"name\":\"ulqini\",\"sameAs\":[\"http:\/\/www.visit-ulcinj.com\"],\"url\":\"https:\/\/www.visit-ulcinj.com\/blog\/author\/admin\/\"}]}<\/script>\n<!-- \/ Yoast SEO plugin. -->","yoast_head_json":{"title":"Arrihet marr\u00ebveshja p\u00ebr \u201caleanc\u00ebn\u201d kroato-shqiptare-malazeze - Lajme nga Ulqini","description":"Ministrat e jasht\u00ebm ai nga Kroacia, Shqip\u00ebria dhe Mali i Zi ne Split n\u00ebnshkruan nj\u00eb deklarat\u00eb t\u00eb p\u00ebrbashk\u00ebt p\u00ebr bashk\u00ebpunim n\u00eb kuad\u00ebr t\u00eb marr\u00ebveshjes se","robots":{"index":"index","follow":"follow","max-snippet":"max-snippet:-1","max-image-preview":"max-image-preview:large","max-video-preview":"max-video-preview:-1"},"canonical":"https:\/\/www.visit-ulcinj.com\/blog\/2017\/02\/11\/arrihet-marreveshja-per-aleancen-kroato-shqiptare-malazeze\/","og_locale":"en_US","og_type":"article","og_title":"Arrihet marr\u00ebveshja p\u00ebr \u201caleanc\u00ebn\u201d kroato-shqiptare-malazeze - Lajme nga Ulqini","og_description":"Ministrat e jasht\u00ebm ai nga Kroacia, Shqip\u00ebria dhe Mali i Zi ne Split n\u00ebnshkruan nj\u00eb deklarat\u00eb t\u00eb p\u00ebrbashk\u00ebt p\u00ebr bashk\u00ebpunim n\u00eb kuad\u00ebr t\u00eb marr\u00ebveshjes se","og_url":"https:\/\/www.visit-ulcinj.com\/blog\/2017\/02\/11\/arrihet-marreveshja-per-aleancen-kroato-shqiptare-malazeze\/","og_site_name":"Lajme nga Ulqini","article_published_time":"2017-02-11T17:50:30+00:00","article_modified_time":"2017-02-11T17:51:18+00:00","og_image":[{"url":"http:\/\/www.visit-ulcinj.com\/blog\/wp-content\/uploads\/2017\/02\/bushati-darmanoviq-.jpg"}],"twitter_misc":{"Written by":"ulqini","Est. reading time":"2 minutes"},"schema":{"@context":"https:\/\/schema.org","@graph":[{"@type":"WebSite","@id":"https:\/\/www.visit-ulcinj.com\/blog\/#website","url":"https:\/\/www.visit-ulcinj.com\/blog\/","name":"Lajme nga Ulqini","description":"Lajme,Vijesti,Ulqini,Ulqin,Crna Gora,Mali i Zi","potentialAction":[{"@type":"SearchAction","target":{"@type":"EntryPoint","urlTemplate":"https:\/\/www.visit-ulcinj.com\/blog\/?s={search_term_string}"},"query-input":"required name=search_term_string"}],"inLanguage":"en-US"},{"@type":"ImageObject","inLanguage":"en-US","@id":"https:\/\/www.visit-ulcinj.com\/blog\/2017\/02\/11\/arrihet-marreveshja-per-aleancen-kroato-shqiptare-malazeze\/#primaryimage","url":"https:\/\/www.visit-ulcinj.com\/blog\/wp-content\/uploads\/2017\/02\/bushati-darmanoviq-.jpg","contentUrl":"https:\/\/www.visit-ulcinj.com\/blog\/wp-content\/uploads\/2017\/02\/bushati-darmanoviq-.jpg","width":640,"height":347},{"@type":"WebPage","@id":"https:\/\/www.visit-ulcinj.com\/blog\/2017\/02\/11\/arrihet-marreveshja-per-aleancen-kroato-shqiptare-malazeze\/#webpage","url":"https:\/\/www.visit-ulcinj.com\/blog\/2017\/02\/11\/arrihet-marreveshja-per-aleancen-kroato-shqiptare-malazeze\/","name":"Arrihet marr\u00ebveshja p\u00ebr \u201caleanc\u00ebn\u201d kroato-shqiptare-malazeze - Lajme nga Ulqini","isPartOf":{"@id":"https:\/\/www.visit-ulcinj.com\/blog\/#website"},"primaryImageOfPage":{"@id":"https:\/\/www.visit-ulcinj.com\/blog\/2017\/02\/11\/arrihet-marreveshja-per-aleancen-kroato-shqiptare-malazeze\/#primaryimage"},"datePublished":"2017-02-11T17:50:30+00:00","dateModified":"2017-02-11T17:51:18+00:00","author":{"@id":"https:\/\/www.visit-ulcinj.com\/blog\/#\/schema\/person\/dcab619c614d3038751c63bc2aadc06d"},"description":"Ministrat e jasht\u00ebm ai nga Kroacia, Shqip\u00ebria dhe Mali i Zi ne Split n\u00ebnshkruan nj\u00eb deklarat\u00eb t\u00eb p\u00ebrbashk\u00ebt p\u00ebr bashk\u00ebpunim n\u00eb kuad\u00ebr t\u00eb marr\u00ebveshjes se","breadcrumb":{"@id":"https:\/\/www.visit-ulcinj.com\/blog\/2017\/02\/11\/arrihet-marreveshja-per-aleancen-kroato-shqiptare-malazeze\/#breadcrumb"},"inLanguage":"en-US","potentialAction":[{"@type":"ReadAction","target":["https:\/\/www.visit-ulcinj.com\/blog\/2017\/02\/11\/arrihet-marreveshja-per-aleancen-kroato-shqiptare-malazeze\/"]}]},{"@type":"BreadcrumbList","@id":"https:\/\/www.visit-ulcinj.com\/blog\/2017\/02\/11\/arrihet-marreveshja-per-aleancen-kroato-shqiptare-malazeze\/#breadcrumb","itemListElement":[{"@type":"ListItem","position":1,"name":"Arrihet marr\u00ebveshja p\u00ebr \u201caleanc\u00ebn\u201d kroato-shqiptare-malazeze"}]},{"@type":"Person","@id":"https:\/\/www.visit-ulcinj.com\/blog\/#\/schema\/person\/dcab619c614d3038751c63bc2aadc06d","name":"ulqini","sameAs":["http:\/\/www.visit-ulcinj.com"],"url":"https:\/\/www.visit-ulcinj.com\/blog\/author\/admin\/"}]}},"jetpack_featured_media_url":"","jetpack_sharing_enabled":true,"jetpack_shortlink":"https:\/\/wp.me\/pe6lTn-qLb","_links":{"self":[{"href":"https:\/\/www.visit-ulcinj.com\/blog\/wp-json\/wp\/v2\/posts\/102869"}],"collection":[{"href":"https:\/\/www.visit-ulcinj.com\/blog\/wp-json\/wp\/v2\/posts"}],"about":[{"href":"https:\/\/www.visit-ulcinj.com\/blog\/wp-json\/wp\/v2\/types\/post"}],"author":[{"embeddable":true,"href":"https:\/\/www.visit-ulcinj.com\/blog\/wp-json\/wp\/v2\/users\/1"}],"replies":[{"embeddable":true,"href":"https:\/\/www.visit-ulcinj.com\/blog\/wp-json\/wp\/v2\/comments?post=102869"}],"version-history":[{"count":2,"href":"https:\/\/www.visit-ulcinj.com\/blog\/wp-json\/wp\/v2\/posts\/102869\/revisions"}],"predecessor-version":[{"id":102872,"href":"https:\/\/www.visit-ulcinj.com\/blog\/wp-json\/wp\/v2\/posts\/102869\/revisions\/102872"}],"wp:attachment":[{"href":"https:\/\/www.visit-ulcinj.com\/blog\/wp-json\/wp\/v2\/media?parent=102869"}],"wp:term":[{"taxonomy":"category","embeddable":true,"href":"https:\/\/www.visit-ulcinj.com\/blog\/wp-json\/wp\/v2\/categories?post=102869"},{"taxonomy":"post_tag","embeddable":true,"href":"https:\/\/www.visit-ulcinj.com\/blog\/wp-json\/wp\/v2\/tags?post=102869"}],"curies":[{"name":"wp","href":"https:\/\/api.w.org\/{rel}","templated":true}]}}