{"id":102888,"date":"2017-02-13T08:31:12","date_gmt":"2017-02-13T07:31:12","guid":{"rendered":"http:\/\/www.visit-ulcinj.com\/blog\/?p=102888"},"modified":"2017-02-13T17:01:45","modified_gmt":"2017-02-13T16:01:45","slug":"lufta-per-karrige-pds-ja-nuk-jep-te-mirat-detare","status":"publish","type":"post","link":"https:\/\/www.visit-ulcinj.com\/blog\/2017\/02\/13\/lufta-per-karrige-pds-ja-nuk-jep-te-mirat-detare\/","title":{"rendered":"Lufta p\u00ebr karrige: PDS-ja nuk i jep \u201cT\u00eb mirat detare\u201d"},"content":{"rendered":"<p><a href=\"http:\/\/www.visit-ulcinj.com\/blog\/wp-content\/uploads\/2017\/02\/Koalicija-crne-gore.jpg\"><img loading=\"lazy\" class=\"alignleft wp-image-102889\" src=\"http:\/\/www.visit-ulcinj.com\/blog\/wp-content\/uploads\/2017\/02\/Koalicija-crne-gore.jpg\" alt=\"Koalicija -crne gore\" width=\"508\" height=\"288\" srcset=\"https:\/\/www.visit-ulcinj.com\/blog\/wp-content\/uploads\/2017\/02\/Koalicija-crne-gore.jpg 999w, https:\/\/www.visit-ulcinj.com\/blog\/wp-content\/uploads\/2017\/02\/Koalicija-crne-gore-300x170.jpg 300w, https:\/\/www.visit-ulcinj.com\/blog\/wp-content\/uploads\/2017\/02\/Koalicija-crne-gore-768x436.jpg 768w\" sizes=\"(max-width: 508px) 100vw, 508px\" \/><\/a>Gati kat\u00ebr muaj nga zgjedhjet parlamentare akoma nuk jan\u00eb ndar\u00eb funksionet e drejtor\u00ebve n\u00eb organet m\u00eb t\u00eb r\u00ebnd\u00ebsishme nd\u00ebrmjet partner\u00ebve t\u00eb koalicionit, sepse apetitet e an\u00ebtareve t\u00eb partive n\u00eb pushtet frenojn\u00eb marr\u00ebveshjen p\u00ebrfundimtare. N\u00eb negociatat p\u00ebr ndarjen e funksioneve n\u00eb ve\u00e7anti \u00ebsht\u00eb kontestuese se cili nga subjektet politike do t\u00eb fitoj\u00eb vendet e drejtorit n\u00eb T\u00eb mirat detare, Drejtorin\u00eb p\u00ebr patundshm\u00ebri dhe Aeroportet e Malit t\u00eb Zi, shkruan \u201cDan\u201d, raporton portali Ul.info.<\/p>\n<p>Edhe mediet proqeveritare pak koh\u00eb m\u00eb par\u00eb kan\u00eb publikuar lajmin q\u00eb kuadrot e Partis\u00eb boshnjake n\u00eb baz\u00eb t\u00eb koalicionit parazgjedhor me PDS-n\u00eb ka mund\u00ebsi t\u00eb marrin funksionet e drejtor\u00ebve n\u00eb nd\u00ebrmarrjet publike \u201cT\u00eb mirat detare\u201d dhe \u201cParqet nacionale t\u00eb Malit t\u00eb Zi\u201d, n\u00eb kuad\u00ebr t\u00eb t\u00eb cil\u00ebve, tash 18 muaj funksionin edhe Kriporja.<\/p>\n<p>Pastaj nga koalicioni \u201cShqiptar\u00ebt t\u00eb vendosur\u201d kan\u00eb njoftuar se kan\u00eb t\u00eb drejt\u00eb n\u00eb funksione udh\u00ebheq\u00ebse n\u00eb t\u00eb pakt\u00ebn dy nd\u00ebrmarrje publike dhe se jan\u00eb t\u00eb interesuar q\u00eb kuadrot e saj t\u00eb marrin drejtimin e Nd\u00ebrmarrjes publike p\u00ebr menaxhimin e t\u00eb mirave detare.<\/p>\n<p>Mir\u00ebpo, duket q\u00eb \u00e7do gj\u00eb do t\u00eb mbes si\u00e7 ishte, gjegj\u00ebsisht, q\u00eb PDS-ja n\u00ebp\u00ebrmjet funksionarit t\u00eb saj Predrag Jellushiq do t\u00eb menaxhoj\u00eb k\u00ebt\u00eb nd\u00ebrmarrje. Koalicionit \u201cShqiptar\u00ebt t\u00eb vendosur\u201d i mbetet kryetari i K\u00ebshillit drejtues, t\u00eb cilin tash kat\u00ebr vite e mbulon kuadri i Forc\u00ebs s\u00eb re demokratike Xhaudet Cakuli, gjersa p\u00ebr Partin\u00eb boshnjake do t\u00eb gjenden vende tjera atraktive t\u00eb drejtor\u00ebve n\u00eb nd\u00ebrmarrje publike.<\/p>\n<p><iframe loading=\"lazy\" src=\"\/\/www.dailymotion.com\/embed\/video\/x53qlcy?autoPlay=1\" width=\"508\" height=\"340\" frameborder=\"0\" allowfullscreen=\"allowfullscreen\"><\/iframe><\/p>\n","protected":false},"excerpt":{"rendered":"<p>Gati kat\u00ebr muaj nga zgjedhjet parlamentare akoma nuk jan\u00eb ndar\u00eb funksionet e drejtor\u00ebve n\u00eb organet m\u00eb t\u00eb r\u00ebnd\u00ebsishme nd\u00ebrmjet partner\u00ebve t\u00eb koalicionit, sepse apetitet e an\u00ebtareve t\u00eb partive n\u00eb pushtet frenojn\u00eb marr\u00ebveshjen p\u00ebrfundimtare. N\u00eb negociatat p\u00ebr ndarjen e funksioneve n\u00eb ve\u00e7anti \u00ebsht\u00eb kontestuese se cili nga subjektet politike do t\u00eb fitoj\u00eb vendet e drejtorit n\u00eb [&hellip;]<\/p>\n","protected":false},"author":1,"featured_media":0,"comment_status":"closed","ping_status":"closed","sticky":false,"template":"","format":"standard","meta":{"spay_email":"","jetpack_publicize_message":"","jetpack_is_tweetstorm":false,"jetpack_publicize_feature_enabled":true},"categories":[1,6],"tags":[],"jetpack_publicize_connections":[],"yoast_head":"<!-- This site is optimized with the Yoast SEO plugin v19.1 - https:\/\/yoast.com\/wordpress\/plugins\/seo\/ -->\n<title>Lufta p\u00ebr karrige: PDS-ja nuk i jep \u201cT\u00eb mirat detare\u201d - Lajme nga Ulqini<\/title>\n<meta name=\"description\" content=\"Gati kat\u00ebr muaj nga zgjedhjet parlamentare akoma nuk jan\u00eb ndar\u00eb funksionet e drejtor\u00ebve n\u00eb organet m\u00eb t\u00eb r\u00ebnd\u00ebsishme nd\u00ebrmjet partner\u00ebve t\u00eb koalicionit,\" \/>\n<meta name=\"robots\" content=\"index, follow, max-snippet:-1, max-image-preview:large, max-video-preview:-1\" \/>\n<link rel=\"canonical\" href=\"https:\/\/www.visit-ulcinj.com\/blog\/2017\/02\/13\/lufta-per-karrige-pds-ja-nuk-jep-te-mirat-detare\/\" \/>\n<meta property=\"og:locale\" content=\"en_US\" \/>\n<meta property=\"og:type\" content=\"article\" \/>\n<meta property=\"og:title\" content=\"Lufta p\u00ebr karrige: PDS-ja nuk i jep \u201cT\u00eb mirat detare\u201d - Lajme nga Ulqini\" \/>\n<meta property=\"og:description\" content=\"Gati kat\u00ebr muaj nga zgjedhjet parlamentare akoma nuk jan\u00eb ndar\u00eb funksionet e drejtor\u00ebve n\u00eb organet m\u00eb t\u00eb r\u00ebnd\u00ebsishme nd\u00ebrmjet partner\u00ebve t\u00eb koalicionit,\" \/>\n<meta property=\"og:url\" content=\"https:\/\/www.visit-ulcinj.com\/blog\/2017\/02\/13\/lufta-per-karrige-pds-ja-nuk-jep-te-mirat-detare\/\" \/>\n<meta property=\"og:site_name\" content=\"Lajme nga Ulqini\" \/>\n<meta property=\"article:published_time\" content=\"2017-02-13T07:31:12+00:00\" \/>\n<meta property=\"article:modified_time\" content=\"2017-02-13T16:01:45+00:00\" \/>\n<meta property=\"og:image\" content=\"http:\/\/www.visit-ulcinj.com\/blog\/wp-content\/uploads\/2017\/02\/Koalicija-crne-gore.jpg\" \/>\n<meta name=\"twitter:label1\" content=\"Written by\" \/>\n\t<meta name=\"twitter:data1\" content=\"ulqini\" \/>\n\t<meta name=\"twitter:label2\" content=\"Est. reading time\" \/>\n\t<meta name=\"twitter:data2\" content=\"1 minute\" \/>\n<script type=\"application\/ld+json\" class=\"yoast-schema-graph\">{\"@context\":\"https:\/\/schema.org\",\"@graph\":[{\"@type\":\"WebSite\",\"@id\":\"https:\/\/www.visit-ulcinj.com\/blog\/#website\",\"url\":\"https:\/\/www.visit-ulcinj.com\/blog\/\",\"name\":\"Lajme nga Ulqini\",\"description\":\"Lajme,Vijesti,Ulqini,Ulqin,Crna Gora,Mali i Zi\",\"potentialAction\":[{\"@type\":\"SearchAction\",\"target\":{\"@type\":\"EntryPoint\",\"urlTemplate\":\"https:\/\/www.visit-ulcinj.com\/blog\/?s={search_term_string}\"},\"query-input\":\"required name=search_term_string\"}],\"inLanguage\":\"en-US\"},{\"@type\":\"ImageObject\",\"inLanguage\":\"en-US\",\"@id\":\"https:\/\/www.visit-ulcinj.com\/blog\/2017\/02\/13\/lufta-per-karrige-pds-ja-nuk-jep-te-mirat-detare\/#primaryimage\",\"url\":\"https:\/\/www.visit-ulcinj.com\/blog\/wp-content\/uploads\/2017\/02\/Koalicija-crne-gore.jpg\",\"contentUrl\":\"https:\/\/www.visit-ulcinj.com\/blog\/wp-content\/uploads\/2017\/02\/Koalicija-crne-gore.jpg\",\"width\":999,\"height\":567},{\"@type\":\"WebPage\",\"@id\":\"https:\/\/www.visit-ulcinj.com\/blog\/2017\/02\/13\/lufta-per-karrige-pds-ja-nuk-jep-te-mirat-detare\/#webpage\",\"url\":\"https:\/\/www.visit-ulcinj.com\/blog\/2017\/02\/13\/lufta-per-karrige-pds-ja-nuk-jep-te-mirat-detare\/\",\"name\":\"Lufta p\u00ebr karrige: PDS-ja nuk i jep \u201cT\u00eb mirat detare\u201d - Lajme nga Ulqini\",\"isPartOf\":{\"@id\":\"https:\/\/www.visit-ulcinj.com\/blog\/#website\"},\"primaryImageOfPage\":{\"@id\":\"https:\/\/www.visit-ulcinj.com\/blog\/2017\/02\/13\/lufta-per-karrige-pds-ja-nuk-jep-te-mirat-detare\/#primaryimage\"},\"datePublished\":\"2017-02-13T07:31:12+00:00\",\"dateModified\":\"2017-02-13T16:01:45+00:00\",\"author\":{\"@id\":\"https:\/\/www.visit-ulcinj.com\/blog\/#\/schema\/person\/dcab619c614d3038751c63bc2aadc06d\"},\"description\":\"Gati kat\u00ebr muaj nga zgjedhjet parlamentare akoma nuk jan\u00eb ndar\u00eb funksionet e drejtor\u00ebve n\u00eb organet m\u00eb t\u00eb r\u00ebnd\u00ebsishme nd\u00ebrmjet partner\u00ebve t\u00eb koalicionit,\",\"breadcrumb\":{\"@id\":\"https:\/\/www.visit-ulcinj.com\/blog\/2017\/02\/13\/lufta-per-karrige-pds-ja-nuk-jep-te-mirat-detare\/#breadcrumb\"},\"inLanguage\":\"en-US\",\"potentialAction\":[{\"@type\":\"ReadAction\",\"target\":[\"https:\/\/www.visit-ulcinj.com\/blog\/2017\/02\/13\/lufta-per-karrige-pds-ja-nuk-jep-te-mirat-detare\/\"]}]},{\"@type\":\"BreadcrumbList\",\"@id\":\"https:\/\/www.visit-ulcinj.com\/blog\/2017\/02\/13\/lufta-per-karrige-pds-ja-nuk-jep-te-mirat-detare\/#breadcrumb\",\"itemListElement\":[{\"@type\":\"ListItem\",\"position\":1,\"name\":\"Lufta p\u00ebr karrige: PDS-ja nuk i jep \u201cT\u00eb mirat detare\u201d\"}]},{\"@type\":\"Person\",\"@id\":\"https:\/\/www.visit-ulcinj.com\/blog\/#\/schema\/person\/dcab619c614d3038751c63bc2aadc06d\",\"name\":\"ulqini\",\"sameAs\":[\"http:\/\/www.visit-ulcinj.com\"],\"url\":\"https:\/\/www.visit-ulcinj.com\/blog\/author\/admin\/\"}]}<\/script>\n<!-- \/ Yoast SEO plugin. -->","yoast_head_json":{"title":"Lufta p\u00ebr karrige: PDS-ja nuk i jep \u201cT\u00eb mirat detare\u201d - Lajme nga Ulqini","description":"Gati kat\u00ebr muaj nga zgjedhjet parlamentare akoma nuk jan\u00eb ndar\u00eb funksionet e drejtor\u00ebve n\u00eb organet m\u00eb t\u00eb r\u00ebnd\u00ebsishme nd\u00ebrmjet partner\u00ebve t\u00eb koalicionit,","robots":{"index":"index","follow":"follow","max-snippet":"max-snippet:-1","max-image-preview":"max-image-preview:large","max-video-preview":"max-video-preview:-1"},"canonical":"https:\/\/www.visit-ulcinj.com\/blog\/2017\/02\/13\/lufta-per-karrige-pds-ja-nuk-jep-te-mirat-detare\/","og_locale":"en_US","og_type":"article","og_title":"Lufta p\u00ebr karrige: PDS-ja nuk i jep \u201cT\u00eb mirat detare\u201d - Lajme nga Ulqini","og_description":"Gati kat\u00ebr muaj nga zgjedhjet parlamentare akoma nuk jan\u00eb ndar\u00eb funksionet e drejtor\u00ebve n\u00eb organet m\u00eb t\u00eb r\u00ebnd\u00ebsishme nd\u00ebrmjet partner\u00ebve t\u00eb koalicionit,","og_url":"https:\/\/www.visit-ulcinj.com\/blog\/2017\/02\/13\/lufta-per-karrige-pds-ja-nuk-jep-te-mirat-detare\/","og_site_name":"Lajme nga Ulqini","article_published_time":"2017-02-13T07:31:12+00:00","article_modified_time":"2017-02-13T16:01:45+00:00","og_image":[{"url":"http:\/\/www.visit-ulcinj.com\/blog\/wp-content\/uploads\/2017\/02\/Koalicija-crne-gore.jpg"}],"twitter_misc":{"Written by":"ulqini","Est. reading time":"1 minute"},"schema":{"@context":"https:\/\/schema.org","@graph":[{"@type":"WebSite","@id":"https:\/\/www.visit-ulcinj.com\/blog\/#website","url":"https:\/\/www.visit-ulcinj.com\/blog\/","name":"Lajme nga Ulqini","description":"Lajme,Vijesti,Ulqini,Ulqin,Crna Gora,Mali i Zi","potentialAction":[{"@type":"SearchAction","target":{"@type":"EntryPoint","urlTemplate":"https:\/\/www.visit-ulcinj.com\/blog\/?s={search_term_string}"},"query-input":"required name=search_term_string"}],"inLanguage":"en-US"},{"@type":"ImageObject","inLanguage":"en-US","@id":"https:\/\/www.visit-ulcinj.com\/blog\/2017\/02\/13\/lufta-per-karrige-pds-ja-nuk-jep-te-mirat-detare\/#primaryimage","url":"https:\/\/www.visit-ulcinj.com\/blog\/wp-content\/uploads\/2017\/02\/Koalicija-crne-gore.jpg","contentUrl":"https:\/\/www.visit-ulcinj.com\/blog\/wp-content\/uploads\/2017\/02\/Koalicija-crne-gore.jpg","width":999,"height":567},{"@type":"WebPage","@id":"https:\/\/www.visit-ulcinj.com\/blog\/2017\/02\/13\/lufta-per-karrige-pds-ja-nuk-jep-te-mirat-detare\/#webpage","url":"https:\/\/www.visit-ulcinj.com\/blog\/2017\/02\/13\/lufta-per-karrige-pds-ja-nuk-jep-te-mirat-detare\/","name":"Lufta p\u00ebr karrige: PDS-ja nuk i jep \u201cT\u00eb mirat detare\u201d - Lajme nga Ulqini","isPartOf":{"@id":"https:\/\/www.visit-ulcinj.com\/blog\/#website"},"primaryImageOfPage":{"@id":"https:\/\/www.visit-ulcinj.com\/blog\/2017\/02\/13\/lufta-per-karrige-pds-ja-nuk-jep-te-mirat-detare\/#primaryimage"},"datePublished":"2017-02-13T07:31:12+00:00","dateModified":"2017-02-13T16:01:45+00:00","author":{"@id":"https:\/\/www.visit-ulcinj.com\/blog\/#\/schema\/person\/dcab619c614d3038751c63bc2aadc06d"},"description":"Gati kat\u00ebr muaj nga zgjedhjet parlamentare akoma nuk jan\u00eb ndar\u00eb funksionet e drejtor\u00ebve n\u00eb organet m\u00eb t\u00eb r\u00ebnd\u00ebsishme nd\u00ebrmjet partner\u00ebve t\u00eb koalicionit,","breadcrumb":{"@id":"https:\/\/www.visit-ulcinj.com\/blog\/2017\/02\/13\/lufta-per-karrige-pds-ja-nuk-jep-te-mirat-detare\/#breadcrumb"},"inLanguage":"en-US","potentialAction":[{"@type":"ReadAction","target":["https:\/\/www.visit-ulcinj.com\/blog\/2017\/02\/13\/lufta-per-karrige-pds-ja-nuk-jep-te-mirat-detare\/"]}]},{"@type":"BreadcrumbList","@id":"https:\/\/www.visit-ulcinj.com\/blog\/2017\/02\/13\/lufta-per-karrige-pds-ja-nuk-jep-te-mirat-detare\/#breadcrumb","itemListElement":[{"@type":"ListItem","position":1,"name":"Lufta p\u00ebr karrige: PDS-ja nuk i jep \u201cT\u00eb mirat detare\u201d"}]},{"@type":"Person","@id":"https:\/\/www.visit-ulcinj.com\/blog\/#\/schema\/person\/dcab619c614d3038751c63bc2aadc06d","name":"ulqini","sameAs":["http:\/\/www.visit-ulcinj.com"],"url":"https:\/\/www.visit-ulcinj.com\/blog\/author\/admin\/"}]}},"jetpack_featured_media_url":"","jetpack_sharing_enabled":true,"jetpack_shortlink":"https:\/\/wp.me\/pe6lTn-qLu","_links":{"self":[{"href":"https:\/\/www.visit-ulcinj.com\/blog\/wp-json\/wp\/v2\/posts\/102888"}],"collection":[{"href":"https:\/\/www.visit-ulcinj.com\/blog\/wp-json\/wp\/v2\/posts"}],"about":[{"href":"https:\/\/www.visit-ulcinj.com\/blog\/wp-json\/wp\/v2\/types\/post"}],"author":[{"embeddable":true,"href":"https:\/\/www.visit-ulcinj.com\/blog\/wp-json\/wp\/v2\/users\/1"}],"replies":[{"embeddable":true,"href":"https:\/\/www.visit-ulcinj.com\/blog\/wp-json\/wp\/v2\/comments?post=102888"}],"version-history":[{"count":1,"href":"https:\/\/www.visit-ulcinj.com\/blog\/wp-json\/wp\/v2\/posts\/102888\/revisions"}],"predecessor-version":[{"id":102890,"href":"https:\/\/www.visit-ulcinj.com\/blog\/wp-json\/wp\/v2\/posts\/102888\/revisions\/102890"}],"wp:attachment":[{"href":"https:\/\/www.visit-ulcinj.com\/blog\/wp-json\/wp\/v2\/media?parent=102888"}],"wp:term":[{"taxonomy":"category","embeddable":true,"href":"https:\/\/www.visit-ulcinj.com\/blog\/wp-json\/wp\/v2\/categories?post=102888"},{"taxonomy":"post_tag","embeddable":true,"href":"https:\/\/www.visit-ulcinj.com\/blog\/wp-json\/wp\/v2\/tags?post=102888"}],"curies":[{"name":"wp","href":"https:\/\/api.w.org\/{rel}","templated":true}]}}