{"id":102891,"date":"2017-02-13T16:30:02","date_gmt":"2017-02-13T15:30:02","guid":{"rendered":"http:\/\/www.visit-ulcinj.com\/blog\/?p=102891"},"modified":"2017-02-13T16:30:02","modified_gmt":"2017-02-13T15:30:02","slug":"nika-edhe-ne-ciceronin-per-kulture-te-malit-te-zi-mungon-uqini","status":"publish","type":"post","link":"https:\/\/www.visit-ulcinj.com\/blog\/2017\/02\/13\/nika-edhe-ne-ciceronin-per-kulture-te-malit-te-zi-mungon-uqini\/","title":{"rendered":"Nika: Edhe n\u00eb ciceronin p\u00ebr kultur\u00eb t\u00eb Malit t\u00eb Zi mungon Uqini"},"content":{"rendered":"<p><strong><em><a href=\"http:\/\/www.visit-ulcinj.com\/blog\/wp-content\/uploads\/2017\/02\/Ciceron-per-Mal-te-Zi.jpg\"><img loading=\"lazy\" class=\"alignleft wp-image-102892\" src=\"http:\/\/www.visit-ulcinj.com\/blog\/wp-content\/uploads\/2017\/02\/Ciceron-per-Mal-te-Zi.jpg\" alt=\"Ciceron per Mal te Zi\" width=\"508\" height=\"609\" srcset=\"https:\/\/www.visit-ulcinj.com\/blog\/wp-content\/uploads\/2017\/02\/Ciceron-per-Mal-te-Zi.jpg 623w, https:\/\/www.visit-ulcinj.com\/blog\/wp-content\/uploads\/2017\/02\/Ciceron-per-Mal-te-Zi-250x300.jpg 250w\" sizes=\"(max-width: 508px) 100vw, 508px\" \/><\/a>Shkruan Muhamet Nika<\/em><\/strong><\/p>\n<p>Kur rri e mendoj pak , p\u00ebr\u00a0 oraret\u00a0 kulturore t\u00eb programit javor \u00a0t\u00eb marr\u00eb SOT, \u00a0nga gazeta- shtojca e Vjestit , \u00a0\u00a0i them vetes ; po a jemi\u00a0 normal si\u00a0 njer\u00ebz ne n\u00eb Ulqin?! Pse\u00a0 n\u00eb komun\u00ebn ton\u00eb mungon \u00e7do gj\u00eb &#8230;, pra\u00a0 mungojn\u00eb edhe aktivitetet kulturore \u00a0t\u00eb jav\u00ebs \u00a0q\u00eb zhvillohen n\u00eb t\u00ebr\u00eb qytetet e Malit t\u00eb Zi&#8230;?!\u00a0 Athua se kush na \u00a0e ka fajin&#8230;?!<\/p>\n<p>Prandaj \u00a0un\u00eb mendoj q\u00eb ata\u00a0 t\u00eb cil\u00ebt \u00a0em\u00ebruan drejtor\u00ebt dhe drejtorin artistik , duhet t\u2019i ndihmojn\u00eb\u00a0 ose t\u2019i kontrollojn\u00eb , ose edhe t\u2019i shkarkojn\u00eb \u2013 t\u00eb tret\u00eb\u00a0 \u00a0\u00a0nuk ka n\u00eb k\u00ebt\u00eb mes . ..?!<\/p>\n<p>Ose po , t\u00eb vet\u00eb shkarkohen duke shpallur zgjedhjet\u00a0 e duke i kthyer mandatin popullit&#8230;?!<\/p>\n<p>Kujtoj k\u00ebtu q\u00eb n\u00eb koh\u00ebn time si drejtor, \u00a0fjala vjen, pata organizuar 22 ekspozita arti figurativ\u00a0 q\u00eb m\u00eb her\u00ebt\u00a0 organizoheshin 2- 3 gjat\u00eb t\u00ebr\u00eb \u00a0vitit. Kurse p\u00ebr emisionet kulturore \u00a0q\u00eb koh\u00eb pas kohe transmeton edhe sot \u00a0TV-Teuta t\u00eb koh\u00ebs Hajdinaga kryetar komune dhe vet kryetar kuvendi \u2013 habitem dhe pyes\u00a0 q\u00eb a \u00ebsht\u00eb e mundur t\u00eb kem pasur k\u00ebsi aktiviteti t\u00eb begat\u00eb kulturor. \u00a0Si t\u00eb ishim metropol kulturor e sidomos gjat\u00eb ver\u00ebs&#8230;?!<\/p>\n<p>Dhe po plot\u00ebsoj se at\u00ebher\u00eb\u00a0 kur isha vet \u00a0drejtor kulture \u2013 komuna pat ndar\u00eb 110 deri n\u00eb 140 mij\u00eb euro dhe hi\u00e7 m\u00eb shum\u00eb&#8230;.?!!<\/p>\n<p>Kurse para ardhjes time- komuna jepte vet\u00ebm 80 \u2013 90 mij\u00eb euro, por kjo\u00a0 gjendje kulturore aktuale\u00a0 nuk krahasohet\u00a0 as me at\u00eb koh\u00eb&#8230;?!<\/p>\n<p><strong><em>Shih ciceronin javor kulturor dhe arg\u00ebtim\u00a0 n\u00eb Mal t\u00eb Zi, ku mungon Ulqini<\/em><\/strong><\/p>\n<p><a href=\"http:\/\/www.visit-ulcinj.com\/blog\/wp-content\/uploads\/2017\/02\/Ciceron-per-Mal-te-Zi-1.jpg\"><img loading=\"lazy\" class=\"alignleft wp-image-102893\" src=\"http:\/\/www.visit-ulcinj.com\/blog\/wp-content\/uploads\/2017\/02\/Ciceron-per-Mal-te-Zi-1.jpg\" alt=\"Ciceron per Mal te Zi-1\" width=\"508\" height=\"705\" srcset=\"https:\/\/www.visit-ulcinj.com\/blog\/wp-content\/uploads\/2017\/02\/Ciceron-per-Mal-te-Zi-1.jpg 623w, https:\/\/www.visit-ulcinj.com\/blog\/wp-content\/uploads\/2017\/02\/Ciceron-per-Mal-te-Zi-1-216x300.jpg 216w\" sizes=\"(max-width: 508px) 100vw, 508px\" \/><\/a><\/p>\n","protected":false},"excerpt":{"rendered":"<p>Shkruan Muhamet Nika Kur rri e mendoj pak , p\u00ebr\u00a0 oraret\u00a0 kulturore t\u00eb programit javor \u00a0t\u00eb marr\u00eb SOT, \u00a0nga gazeta- shtojca e Vjestit , \u00a0\u00a0i them vetes ; po a jemi\u00a0 normal si\u00a0 njer\u00ebz ne n\u00eb Ulqin?! Pse\u00a0 n\u00eb komun\u00ebn ton\u00eb mungon \u00e7do gj\u00eb &#8230;, pra\u00a0 mungojn\u00eb edhe aktivitetet kulturore \u00a0t\u00eb jav\u00ebs \u00a0q\u00eb zhvillohen n\u00eb [&hellip;]<\/p>\n","protected":false},"author":1,"featured_media":0,"comment_status":"closed","ping_status":"closed","sticky":false,"template":"","format":"standard","meta":{"spay_email":"","jetpack_publicize_message":"","jetpack_is_tweetstorm":false,"jetpack_publicize_feature_enabled":true},"categories":[14249],"tags":[],"jetpack_publicize_connections":[],"yoast_head":"<!-- This site is optimized with the Yoast SEO plugin v19.1 - https:\/\/yoast.com\/wordpress\/plugins\/seo\/ -->\n<title>Nika: Edhe n\u00eb ciceronin p\u00ebr kultur\u00eb t\u00eb Malit t\u00eb Zi mungon Uqini - Lajme nga Ulqini<\/title>\n<meta name=\"description\" content=\"Shkruan Muhamet Nika Kur rri e mendoj pak , p\u00ebr\u00a0 oraret\u00a0 kulturore t\u00eb programit javor \u00a0t\u00eb marr\u00eb SOT, \u00a0nga gazeta- shtojca e Vjestit , \u00a0\u00a0i them vetes ; po\" \/>\n<meta name=\"robots\" content=\"index, follow, max-snippet:-1, max-image-preview:large, max-video-preview:-1\" \/>\n<link rel=\"canonical\" href=\"https:\/\/www.visit-ulcinj.com\/blog\/2017\/02\/13\/nika-edhe-ne-ciceronin-per-kulture-te-malit-te-zi-mungon-uqini\/\" \/>\n<meta property=\"og:locale\" content=\"en_US\" \/>\n<meta property=\"og:type\" content=\"article\" \/>\n<meta property=\"og:title\" content=\"Nika: Edhe n\u00eb ciceronin p\u00ebr kultur\u00eb t\u00eb Malit t\u00eb Zi mungon Uqini - Lajme nga Ulqini\" \/>\n<meta property=\"og:description\" content=\"Shkruan Muhamet Nika Kur rri e mendoj pak , p\u00ebr\u00a0 oraret\u00a0 kulturore t\u00eb programit javor \u00a0t\u00eb marr\u00eb SOT, \u00a0nga gazeta- shtojca e Vjestit , \u00a0\u00a0i them vetes ; po\" \/>\n<meta property=\"og:url\" content=\"https:\/\/www.visit-ulcinj.com\/blog\/2017\/02\/13\/nika-edhe-ne-ciceronin-per-kulture-te-malit-te-zi-mungon-uqini\/\" \/>\n<meta property=\"og:site_name\" content=\"Lajme nga Ulqini\" \/>\n<meta property=\"article:published_time\" content=\"2017-02-13T15:30:02+00:00\" \/>\n<meta property=\"og:image\" content=\"http:\/\/www.visit-ulcinj.com\/blog\/wp-content\/uploads\/2017\/02\/Ciceron-per-Mal-te-Zi.jpg\" \/>\n<meta name=\"twitter:label1\" content=\"Written by\" \/>\n\t<meta name=\"twitter:data1\" content=\"ulqini\" \/>\n\t<meta name=\"twitter:label2\" content=\"Est. reading time\" \/>\n\t<meta name=\"twitter:data2\" content=\"1 minute\" \/>\n<script type=\"application\/ld+json\" class=\"yoast-schema-graph\">{\"@context\":\"https:\/\/schema.org\",\"@graph\":[{\"@type\":\"WebSite\",\"@id\":\"https:\/\/www.visit-ulcinj.com\/blog\/#website\",\"url\":\"https:\/\/www.visit-ulcinj.com\/blog\/\",\"name\":\"Lajme nga Ulqini\",\"description\":\"Lajme,Vijesti,Ulqini,Ulqin,Crna Gora,Mali i Zi\",\"potentialAction\":[{\"@type\":\"SearchAction\",\"target\":{\"@type\":\"EntryPoint\",\"urlTemplate\":\"https:\/\/www.visit-ulcinj.com\/blog\/?s={search_term_string}\"},\"query-input\":\"required name=search_term_string\"}],\"inLanguage\":\"en-US\"},{\"@type\":\"ImageObject\",\"inLanguage\":\"en-US\",\"@id\":\"https:\/\/www.visit-ulcinj.com\/blog\/2017\/02\/13\/nika-edhe-ne-ciceronin-per-kulture-te-malit-te-zi-mungon-uqini\/#primaryimage\",\"url\":\"https:\/\/www.visit-ulcinj.com\/blog\/wp-content\/uploads\/2017\/02\/Ciceron-per-Mal-te-Zi.jpg\",\"contentUrl\":\"https:\/\/www.visit-ulcinj.com\/blog\/wp-content\/uploads\/2017\/02\/Ciceron-per-Mal-te-Zi.jpg\",\"width\":623,\"height\":747},{\"@type\":\"WebPage\",\"@id\":\"https:\/\/www.visit-ulcinj.com\/blog\/2017\/02\/13\/nika-edhe-ne-ciceronin-per-kulture-te-malit-te-zi-mungon-uqini\/#webpage\",\"url\":\"https:\/\/www.visit-ulcinj.com\/blog\/2017\/02\/13\/nika-edhe-ne-ciceronin-per-kulture-te-malit-te-zi-mungon-uqini\/\",\"name\":\"Nika: Edhe n\u00eb ciceronin p\u00ebr kultur\u00eb t\u00eb Malit t\u00eb Zi mungon Uqini - Lajme nga Ulqini\",\"isPartOf\":{\"@id\":\"https:\/\/www.visit-ulcinj.com\/blog\/#website\"},\"primaryImageOfPage\":{\"@id\":\"https:\/\/www.visit-ulcinj.com\/blog\/2017\/02\/13\/nika-edhe-ne-ciceronin-per-kulture-te-malit-te-zi-mungon-uqini\/#primaryimage\"},\"datePublished\":\"2017-02-13T15:30:02+00:00\",\"dateModified\":\"2017-02-13T15:30:02+00:00\",\"author\":{\"@id\":\"https:\/\/www.visit-ulcinj.com\/blog\/#\/schema\/person\/dcab619c614d3038751c63bc2aadc06d\"},\"description\":\"Shkruan Muhamet Nika Kur rri e mendoj pak , p\u00ebr\u00a0 oraret\u00a0 kulturore t\u00eb programit javor \u00a0t\u00eb marr\u00eb SOT, \u00a0nga gazeta- shtojca e Vjestit , \u00a0\u00a0i them vetes ; po\",\"breadcrumb\":{\"@id\":\"https:\/\/www.visit-ulcinj.com\/blog\/2017\/02\/13\/nika-edhe-ne-ciceronin-per-kulture-te-malit-te-zi-mungon-uqini\/#breadcrumb\"},\"inLanguage\":\"en-US\",\"potentialAction\":[{\"@type\":\"ReadAction\",\"target\":[\"https:\/\/www.visit-ulcinj.com\/blog\/2017\/02\/13\/nika-edhe-ne-ciceronin-per-kulture-te-malit-te-zi-mungon-uqini\/\"]}]},{\"@type\":\"BreadcrumbList\",\"@id\":\"https:\/\/www.visit-ulcinj.com\/blog\/2017\/02\/13\/nika-edhe-ne-ciceronin-per-kulture-te-malit-te-zi-mungon-uqini\/#breadcrumb\",\"itemListElement\":[{\"@type\":\"ListItem\",\"position\":1,\"name\":\"Nika: Edhe n\u00eb ciceronin p\u00ebr kultur\u00eb t\u00eb Malit t\u00eb Zi mungon Uqini\"}]},{\"@type\":\"Person\",\"@id\":\"https:\/\/www.visit-ulcinj.com\/blog\/#\/schema\/person\/dcab619c614d3038751c63bc2aadc06d\",\"name\":\"ulqini\",\"sameAs\":[\"http:\/\/www.visit-ulcinj.com\"],\"url\":\"https:\/\/www.visit-ulcinj.com\/blog\/author\/admin\/\"}]}<\/script>\n<!-- \/ Yoast SEO plugin. -->","yoast_head_json":{"title":"Nika: Edhe n\u00eb ciceronin p\u00ebr kultur\u00eb t\u00eb Malit t\u00eb Zi mungon Uqini - Lajme nga Ulqini","description":"Shkruan Muhamet Nika Kur rri e mendoj pak , p\u00ebr\u00a0 oraret\u00a0 kulturore t\u00eb programit javor \u00a0t\u00eb marr\u00eb SOT, \u00a0nga gazeta- shtojca e Vjestit , \u00a0\u00a0i them vetes ; po","robots":{"index":"index","follow":"follow","max-snippet":"max-snippet:-1","max-image-preview":"max-image-preview:large","max-video-preview":"max-video-preview:-1"},"canonical":"https:\/\/www.visit-ulcinj.com\/blog\/2017\/02\/13\/nika-edhe-ne-ciceronin-per-kulture-te-malit-te-zi-mungon-uqini\/","og_locale":"en_US","og_type":"article","og_title":"Nika: Edhe n\u00eb ciceronin p\u00ebr kultur\u00eb t\u00eb Malit t\u00eb Zi mungon Uqini - Lajme nga Ulqini","og_description":"Shkruan Muhamet Nika Kur rri e mendoj pak , p\u00ebr\u00a0 oraret\u00a0 kulturore t\u00eb programit javor \u00a0t\u00eb marr\u00eb SOT, \u00a0nga gazeta- shtojca e Vjestit , \u00a0\u00a0i them vetes ; po","og_url":"https:\/\/www.visit-ulcinj.com\/blog\/2017\/02\/13\/nika-edhe-ne-ciceronin-per-kulture-te-malit-te-zi-mungon-uqini\/","og_site_name":"Lajme nga Ulqini","article_published_time":"2017-02-13T15:30:02+00:00","og_image":[{"url":"http:\/\/www.visit-ulcinj.com\/blog\/wp-content\/uploads\/2017\/02\/Ciceron-per-Mal-te-Zi.jpg"}],"twitter_misc":{"Written by":"ulqini","Est. reading time":"1 minute"},"schema":{"@context":"https:\/\/schema.org","@graph":[{"@type":"WebSite","@id":"https:\/\/www.visit-ulcinj.com\/blog\/#website","url":"https:\/\/www.visit-ulcinj.com\/blog\/","name":"Lajme nga Ulqini","description":"Lajme,Vijesti,Ulqini,Ulqin,Crna Gora,Mali i Zi","potentialAction":[{"@type":"SearchAction","target":{"@type":"EntryPoint","urlTemplate":"https:\/\/www.visit-ulcinj.com\/blog\/?s={search_term_string}"},"query-input":"required name=search_term_string"}],"inLanguage":"en-US"},{"@type":"ImageObject","inLanguage":"en-US","@id":"https:\/\/www.visit-ulcinj.com\/blog\/2017\/02\/13\/nika-edhe-ne-ciceronin-per-kulture-te-malit-te-zi-mungon-uqini\/#primaryimage","url":"https:\/\/www.visit-ulcinj.com\/blog\/wp-content\/uploads\/2017\/02\/Ciceron-per-Mal-te-Zi.jpg","contentUrl":"https:\/\/www.visit-ulcinj.com\/blog\/wp-content\/uploads\/2017\/02\/Ciceron-per-Mal-te-Zi.jpg","width":623,"height":747},{"@type":"WebPage","@id":"https:\/\/www.visit-ulcinj.com\/blog\/2017\/02\/13\/nika-edhe-ne-ciceronin-per-kulture-te-malit-te-zi-mungon-uqini\/#webpage","url":"https:\/\/www.visit-ulcinj.com\/blog\/2017\/02\/13\/nika-edhe-ne-ciceronin-per-kulture-te-malit-te-zi-mungon-uqini\/","name":"Nika: Edhe n\u00eb ciceronin p\u00ebr kultur\u00eb t\u00eb Malit t\u00eb Zi mungon Uqini - Lajme nga Ulqini","isPartOf":{"@id":"https:\/\/www.visit-ulcinj.com\/blog\/#website"},"primaryImageOfPage":{"@id":"https:\/\/www.visit-ulcinj.com\/blog\/2017\/02\/13\/nika-edhe-ne-ciceronin-per-kulture-te-malit-te-zi-mungon-uqini\/#primaryimage"},"datePublished":"2017-02-13T15:30:02+00:00","dateModified":"2017-02-13T15:30:02+00:00","author":{"@id":"https:\/\/www.visit-ulcinj.com\/blog\/#\/schema\/person\/dcab619c614d3038751c63bc2aadc06d"},"description":"Shkruan Muhamet Nika Kur rri e mendoj pak , p\u00ebr\u00a0 oraret\u00a0 kulturore t\u00eb programit javor \u00a0t\u00eb marr\u00eb SOT, \u00a0nga gazeta- shtojca e Vjestit , \u00a0\u00a0i them vetes ; po","breadcrumb":{"@id":"https:\/\/www.visit-ulcinj.com\/blog\/2017\/02\/13\/nika-edhe-ne-ciceronin-per-kulture-te-malit-te-zi-mungon-uqini\/#breadcrumb"},"inLanguage":"en-US","potentialAction":[{"@type":"ReadAction","target":["https:\/\/www.visit-ulcinj.com\/blog\/2017\/02\/13\/nika-edhe-ne-ciceronin-per-kulture-te-malit-te-zi-mungon-uqini\/"]}]},{"@type":"BreadcrumbList","@id":"https:\/\/www.visit-ulcinj.com\/blog\/2017\/02\/13\/nika-edhe-ne-ciceronin-per-kulture-te-malit-te-zi-mungon-uqini\/#breadcrumb","itemListElement":[{"@type":"ListItem","position":1,"name":"Nika: Edhe n\u00eb ciceronin p\u00ebr kultur\u00eb t\u00eb Malit t\u00eb Zi mungon Uqini"}]},{"@type":"Person","@id":"https:\/\/www.visit-ulcinj.com\/blog\/#\/schema\/person\/dcab619c614d3038751c63bc2aadc06d","name":"ulqini","sameAs":["http:\/\/www.visit-ulcinj.com"],"url":"https:\/\/www.visit-ulcinj.com\/blog\/author\/admin\/"}]}},"jetpack_featured_media_url":"","jetpack_sharing_enabled":true,"jetpack_shortlink":"https:\/\/wp.me\/pe6lTn-qLx","_links":{"self":[{"href":"https:\/\/www.visit-ulcinj.com\/blog\/wp-json\/wp\/v2\/posts\/102891"}],"collection":[{"href":"https:\/\/www.visit-ulcinj.com\/blog\/wp-json\/wp\/v2\/posts"}],"about":[{"href":"https:\/\/www.visit-ulcinj.com\/blog\/wp-json\/wp\/v2\/types\/post"}],"author":[{"embeddable":true,"href":"https:\/\/www.visit-ulcinj.com\/blog\/wp-json\/wp\/v2\/users\/1"}],"replies":[{"embeddable":true,"href":"https:\/\/www.visit-ulcinj.com\/blog\/wp-json\/wp\/v2\/comments?post=102891"}],"version-history":[{"count":1,"href":"https:\/\/www.visit-ulcinj.com\/blog\/wp-json\/wp\/v2\/posts\/102891\/revisions"}],"predecessor-version":[{"id":102894,"href":"https:\/\/www.visit-ulcinj.com\/blog\/wp-json\/wp\/v2\/posts\/102891\/revisions\/102894"}],"wp:attachment":[{"href":"https:\/\/www.visit-ulcinj.com\/blog\/wp-json\/wp\/v2\/media?parent=102891"}],"wp:term":[{"taxonomy":"category","embeddable":true,"href":"https:\/\/www.visit-ulcinj.com\/blog\/wp-json\/wp\/v2\/categories?post=102891"},{"taxonomy":"post_tag","embeddable":true,"href":"https:\/\/www.visit-ulcinj.com\/blog\/wp-json\/wp\/v2\/tags?post=102891"}],"curies":[{"name":"wp","href":"https:\/\/api.w.org\/{rel}","templated":true}]}}