{"id":102913,"date":"2017-02-13T17:53:52","date_gmt":"2017-02-13T16:53:52","guid":{"rendered":"http:\/\/www.visit-ulcinj.com\/blog\/?p=102913"},"modified":"2017-02-13T18:07:36","modified_gmt":"2017-02-13T17:07:36","slug":"mali-zi-kerkohet-heqja-e-imunitetit-per-dy-kreret-e-opozites","status":"publish","type":"post","link":"https:\/\/www.visit-ulcinj.com\/blog\/2017\/02\/13\/mali-zi-kerkohet-heqja-e-imunitetit-per-dy-kreret-e-opozites\/","title":{"rendered":"Mali i Zi, k\u00ebrkohet heqja e imunitetit p\u00ebr dy krer\u00ebt e opozit\u00ebs"},"content":{"rendered":"<p><strong><a href=\"http:\/\/www.visit-ulcinj.com\/blog\/wp-content\/uploads\/2017\/02\/Andrija-Mandiq-Milan-Knezeviq.jpg\"><img loading=\"lazy\" class=\"alignleft wp-image-102920\" src=\"http:\/\/www.visit-ulcinj.com\/blog\/wp-content\/uploads\/2017\/02\/Andrija-Mandiq-Milan-Knezeviq.jpg\" alt=\"Andrija Mandiq -Milan Knezeviq\" width=\"508\" height=\"408\" srcset=\"https:\/\/www.visit-ulcinj.com\/blog\/wp-content\/uploads\/2017\/02\/Andrija-Mandiq-Milan-Knezeviq.jpg 640w, https:\/\/www.visit-ulcinj.com\/blog\/wp-content\/uploads\/2017\/02\/Andrija-Mandiq-Milan-Knezeviq-300x241.jpg 300w\" sizes=\"(max-width: 508px) 100vw, 508px\" \/><\/a>Prokurori special n\u00eb Malin e Zi i ka k\u00ebrkuar Asambles\u00eb Komb\u00ebtare t\u2019u heq\u00eb imunitetin dy udh\u00ebheq\u00ebsve t\u00eb lart\u00eb t\u00eb opozit\u00ebs, t\u00eb cil\u00ebt akuzohen se jan\u00eb p\u00ebrfshir\u00eb n\u00eb nj\u00eb komplot prorus p\u00ebr t\u00eb rr\u00ebzuar qeverin\u00eb.<\/strong><\/p>\n<p>Prokurori Milivoje Katniq k\u00ebrkon heqjen e imunitetit p\u00ebr Andrija Mandiq dhe Milan Knezeviq, t\u00eb cil\u00ebt priten t\u00eb arrestohen dhe t\u00eb dalin para gjyqit.<\/p>\n<p>Nj\u00eb komision i Asambles\u00eb pritet ta shqyrtoj\u00eb k\u00ebt\u00eb \u00e7\u00ebshtje gjat\u00eb k\u00ebsaj t\u00eb h\u00ebne, p\u00ebrpara se t\u00eb vendoset nga nj\u00eb votim parlamentar heqja ose jo e imunitetit t\u00eb tyre.<\/p>\n<p>Rreth 20 persona, p\u00ebrfshi k\u00ebtu dy shtetas rus\u00eb, akuzohen p\u00ebr pjes\u00ebmarrje n\u00eb nj\u00eb komplot q\u00eb pretendohet se kishte p\u00ebr synim vrasjen e kryeministrit dhe marrjen e pushtetit, n\u00eb m\u00ebnyr\u00eb q\u00eb t\u00eb parandalohej an\u00ebtar\u00ebsimi i Malit t\u00eb Zi n\u00eb NATO.<\/p>\n<p>Mandiq dhe Knezeviq jan\u00eb udh\u00ebheq\u00ebsit kryesor\u00eb t\u00eb koalicionit prorus q\u00eb kund\u00ebrshton an\u00ebtar\u00ebsimin n\u00eb NATO. Ata kan\u00eb k\u00ebrkuar nj\u00eb referendum mbi k\u00ebt\u00eb \u00e7\u00ebshtje.<\/p>\n<p>Telegrafi<\/p>\n","protected":false},"excerpt":{"rendered":"<p>Prokurori special n\u00eb Malin e Zi i ka k\u00ebrkuar Asambles\u00eb Komb\u00ebtare t\u2019u heq\u00eb imunitetin dy udh\u00ebheq\u00ebsve t\u00eb lart\u00eb t\u00eb opozit\u00ebs, t\u00eb cil\u00ebt akuzohen se jan\u00eb p\u00ebrfshir\u00eb n\u00eb nj\u00eb komplot prorus p\u00ebr t\u00eb rr\u00ebzuar qeverin\u00eb. Prokurori Milivoje Katniq k\u00ebrkon heqjen e imunitetit p\u00ebr Andrija Mandiq dhe Milan Knezeviq, t\u00eb cil\u00ebt priten t\u00eb arrestohen dhe t\u00eb dalin [&hellip;]<\/p>\n","protected":false},"author":1,"featured_media":0,"comment_status":"closed","ping_status":"closed","sticky":false,"template":"","format":"standard","meta":{"spay_email":"","jetpack_publicize_message":"","jetpack_is_tweetstorm":false,"jetpack_publicize_feature_enabled":true},"categories":[12],"tags":[],"jetpack_publicize_connections":[],"yoast_head":"<!-- This site is optimized with the Yoast SEO plugin v19.1 - https:\/\/yoast.com\/wordpress\/plugins\/seo\/ -->\n<title>Mali i Zi, k\u00ebrkohet heqja e imunitetit p\u00ebr dy krer\u00ebt e opozit\u00ebs - Lajme nga Ulqini<\/title>\n<meta name=\"description\" content=\"Prokurori special n\u00eb Malin e Zi i ka k\u00ebrkuar Asambles\u00eb Komb\u00ebtare t\u2019u heq\u00eb imunitetin dy udh\u00ebheq\u00ebsve t\u00eb lart\u00eb t\u00eb opozit\u00ebs, t\u00eb cil\u00ebt akuzohen se jan\u00eb\" \/>\n<meta name=\"robots\" content=\"index, follow, max-snippet:-1, max-image-preview:large, max-video-preview:-1\" \/>\n<link rel=\"canonical\" href=\"https:\/\/www.visit-ulcinj.com\/blog\/2017\/02\/13\/mali-zi-kerkohet-heqja-e-imunitetit-per-dy-kreret-e-opozites\/\" \/>\n<meta property=\"og:locale\" content=\"en_US\" \/>\n<meta property=\"og:type\" content=\"article\" \/>\n<meta property=\"og:title\" content=\"Mali i Zi, k\u00ebrkohet heqja e imunitetit p\u00ebr dy krer\u00ebt e opozit\u00ebs - Lajme nga Ulqini\" \/>\n<meta property=\"og:description\" content=\"Prokurori special n\u00eb Malin e Zi i ka k\u00ebrkuar Asambles\u00eb Komb\u00ebtare t\u2019u heq\u00eb imunitetin dy udh\u00ebheq\u00ebsve t\u00eb lart\u00eb t\u00eb opozit\u00ebs, t\u00eb cil\u00ebt akuzohen se jan\u00eb\" \/>\n<meta property=\"og:url\" content=\"https:\/\/www.visit-ulcinj.com\/blog\/2017\/02\/13\/mali-zi-kerkohet-heqja-e-imunitetit-per-dy-kreret-e-opozites\/\" \/>\n<meta property=\"og:site_name\" content=\"Lajme nga Ulqini\" \/>\n<meta property=\"article:published_time\" content=\"2017-02-13T16:53:52+00:00\" \/>\n<meta property=\"article:modified_time\" content=\"2017-02-13T17:07:36+00:00\" \/>\n<meta property=\"og:image\" content=\"http:\/\/www.visit-ulcinj.com\/blog\/wp-content\/uploads\/2017\/02\/Andrija-Mandiq-Milan-Knezeviq.jpg\" \/>\n<meta name=\"twitter:label1\" content=\"Written by\" \/>\n\t<meta name=\"twitter:data1\" content=\"ulqini\" \/>\n\t<meta name=\"twitter:label2\" content=\"Est. reading time\" \/>\n\t<meta name=\"twitter:data2\" content=\"1 minute\" \/>\n<script type=\"application\/ld+json\" class=\"yoast-schema-graph\">{\"@context\":\"https:\/\/schema.org\",\"@graph\":[{\"@type\":\"WebSite\",\"@id\":\"https:\/\/www.visit-ulcinj.com\/blog\/#website\",\"url\":\"https:\/\/www.visit-ulcinj.com\/blog\/\",\"name\":\"Lajme nga Ulqini\",\"description\":\"Lajme,Vijesti,Ulqini,Ulqin,Crna Gora,Mali i Zi\",\"potentialAction\":[{\"@type\":\"SearchAction\",\"target\":{\"@type\":\"EntryPoint\",\"urlTemplate\":\"https:\/\/www.visit-ulcinj.com\/blog\/?s={search_term_string}\"},\"query-input\":\"required name=search_term_string\"}],\"inLanguage\":\"en-US\"},{\"@type\":\"ImageObject\",\"inLanguage\":\"en-US\",\"@id\":\"https:\/\/www.visit-ulcinj.com\/blog\/2017\/02\/13\/mali-zi-kerkohet-heqja-e-imunitetit-per-dy-kreret-e-opozites\/#primaryimage\",\"url\":\"https:\/\/www.visit-ulcinj.com\/blog\/wp-content\/uploads\/2017\/02\/Andrija-Mandiq-Milan-Knezeviq.jpg\",\"contentUrl\":\"https:\/\/www.visit-ulcinj.com\/blog\/wp-content\/uploads\/2017\/02\/Andrija-Mandiq-Milan-Knezeviq.jpg\",\"width\":640,\"height\":514},{\"@type\":\"WebPage\",\"@id\":\"https:\/\/www.visit-ulcinj.com\/blog\/2017\/02\/13\/mali-zi-kerkohet-heqja-e-imunitetit-per-dy-kreret-e-opozites\/#webpage\",\"url\":\"https:\/\/www.visit-ulcinj.com\/blog\/2017\/02\/13\/mali-zi-kerkohet-heqja-e-imunitetit-per-dy-kreret-e-opozites\/\",\"name\":\"Mali i Zi, k\u00ebrkohet heqja e imunitetit p\u00ebr dy krer\u00ebt e opozit\u00ebs - Lajme nga Ulqini\",\"isPartOf\":{\"@id\":\"https:\/\/www.visit-ulcinj.com\/blog\/#website\"},\"primaryImageOfPage\":{\"@id\":\"https:\/\/www.visit-ulcinj.com\/blog\/2017\/02\/13\/mali-zi-kerkohet-heqja-e-imunitetit-per-dy-kreret-e-opozites\/#primaryimage\"},\"datePublished\":\"2017-02-13T16:53:52+00:00\",\"dateModified\":\"2017-02-13T17:07:36+00:00\",\"author\":{\"@id\":\"https:\/\/www.visit-ulcinj.com\/blog\/#\/schema\/person\/dcab619c614d3038751c63bc2aadc06d\"},\"description\":\"Prokurori special n\u00eb Malin e Zi i ka k\u00ebrkuar Asambles\u00eb Komb\u00ebtare t\u2019u heq\u00eb imunitetin dy udh\u00ebheq\u00ebsve t\u00eb lart\u00eb t\u00eb opozit\u00ebs, t\u00eb cil\u00ebt akuzohen se jan\u00eb\",\"breadcrumb\":{\"@id\":\"https:\/\/www.visit-ulcinj.com\/blog\/2017\/02\/13\/mali-zi-kerkohet-heqja-e-imunitetit-per-dy-kreret-e-opozites\/#breadcrumb\"},\"inLanguage\":\"en-US\",\"potentialAction\":[{\"@type\":\"ReadAction\",\"target\":[\"https:\/\/www.visit-ulcinj.com\/blog\/2017\/02\/13\/mali-zi-kerkohet-heqja-e-imunitetit-per-dy-kreret-e-opozites\/\"]}]},{\"@type\":\"BreadcrumbList\",\"@id\":\"https:\/\/www.visit-ulcinj.com\/blog\/2017\/02\/13\/mali-zi-kerkohet-heqja-e-imunitetit-per-dy-kreret-e-opozites\/#breadcrumb\",\"itemListElement\":[{\"@type\":\"ListItem\",\"position\":1,\"name\":\"Mali i Zi, k\u00ebrkohet heqja e imunitetit p\u00ebr dy krer\u00ebt e opozit\u00ebs\"}]},{\"@type\":\"Person\",\"@id\":\"https:\/\/www.visit-ulcinj.com\/blog\/#\/schema\/person\/dcab619c614d3038751c63bc2aadc06d\",\"name\":\"ulqini\",\"sameAs\":[\"http:\/\/www.visit-ulcinj.com\"],\"url\":\"https:\/\/www.visit-ulcinj.com\/blog\/author\/admin\/\"}]}<\/script>\n<!-- \/ Yoast SEO plugin. -->","yoast_head_json":{"title":"Mali i Zi, k\u00ebrkohet heqja e imunitetit p\u00ebr dy krer\u00ebt e opozit\u00ebs - Lajme nga Ulqini","description":"Prokurori special n\u00eb Malin e Zi i ka k\u00ebrkuar Asambles\u00eb Komb\u00ebtare t\u2019u heq\u00eb imunitetin dy udh\u00ebheq\u00ebsve t\u00eb lart\u00eb t\u00eb opozit\u00ebs, t\u00eb cil\u00ebt akuzohen se jan\u00eb","robots":{"index":"index","follow":"follow","max-snippet":"max-snippet:-1","max-image-preview":"max-image-preview:large","max-video-preview":"max-video-preview:-1"},"canonical":"https:\/\/www.visit-ulcinj.com\/blog\/2017\/02\/13\/mali-zi-kerkohet-heqja-e-imunitetit-per-dy-kreret-e-opozites\/","og_locale":"en_US","og_type":"article","og_title":"Mali i Zi, k\u00ebrkohet heqja e imunitetit p\u00ebr dy krer\u00ebt e opozit\u00ebs - Lajme nga Ulqini","og_description":"Prokurori special n\u00eb Malin e Zi i ka k\u00ebrkuar Asambles\u00eb Komb\u00ebtare t\u2019u heq\u00eb imunitetin dy udh\u00ebheq\u00ebsve t\u00eb lart\u00eb t\u00eb opozit\u00ebs, t\u00eb cil\u00ebt akuzohen se jan\u00eb","og_url":"https:\/\/www.visit-ulcinj.com\/blog\/2017\/02\/13\/mali-zi-kerkohet-heqja-e-imunitetit-per-dy-kreret-e-opozites\/","og_site_name":"Lajme nga Ulqini","article_published_time":"2017-02-13T16:53:52+00:00","article_modified_time":"2017-02-13T17:07:36+00:00","og_image":[{"url":"http:\/\/www.visit-ulcinj.com\/blog\/wp-content\/uploads\/2017\/02\/Andrija-Mandiq-Milan-Knezeviq.jpg"}],"twitter_misc":{"Written by":"ulqini","Est. reading time":"1 minute"},"schema":{"@context":"https:\/\/schema.org","@graph":[{"@type":"WebSite","@id":"https:\/\/www.visit-ulcinj.com\/blog\/#website","url":"https:\/\/www.visit-ulcinj.com\/blog\/","name":"Lajme nga Ulqini","description":"Lajme,Vijesti,Ulqini,Ulqin,Crna Gora,Mali i Zi","potentialAction":[{"@type":"SearchAction","target":{"@type":"EntryPoint","urlTemplate":"https:\/\/www.visit-ulcinj.com\/blog\/?s={search_term_string}"},"query-input":"required name=search_term_string"}],"inLanguage":"en-US"},{"@type":"ImageObject","inLanguage":"en-US","@id":"https:\/\/www.visit-ulcinj.com\/blog\/2017\/02\/13\/mali-zi-kerkohet-heqja-e-imunitetit-per-dy-kreret-e-opozites\/#primaryimage","url":"https:\/\/www.visit-ulcinj.com\/blog\/wp-content\/uploads\/2017\/02\/Andrija-Mandiq-Milan-Knezeviq.jpg","contentUrl":"https:\/\/www.visit-ulcinj.com\/blog\/wp-content\/uploads\/2017\/02\/Andrija-Mandiq-Milan-Knezeviq.jpg","width":640,"height":514},{"@type":"WebPage","@id":"https:\/\/www.visit-ulcinj.com\/blog\/2017\/02\/13\/mali-zi-kerkohet-heqja-e-imunitetit-per-dy-kreret-e-opozites\/#webpage","url":"https:\/\/www.visit-ulcinj.com\/blog\/2017\/02\/13\/mali-zi-kerkohet-heqja-e-imunitetit-per-dy-kreret-e-opozites\/","name":"Mali i Zi, k\u00ebrkohet heqja e imunitetit p\u00ebr dy krer\u00ebt e opozit\u00ebs - Lajme nga Ulqini","isPartOf":{"@id":"https:\/\/www.visit-ulcinj.com\/blog\/#website"},"primaryImageOfPage":{"@id":"https:\/\/www.visit-ulcinj.com\/blog\/2017\/02\/13\/mali-zi-kerkohet-heqja-e-imunitetit-per-dy-kreret-e-opozites\/#primaryimage"},"datePublished":"2017-02-13T16:53:52+00:00","dateModified":"2017-02-13T17:07:36+00:00","author":{"@id":"https:\/\/www.visit-ulcinj.com\/blog\/#\/schema\/person\/dcab619c614d3038751c63bc2aadc06d"},"description":"Prokurori special n\u00eb Malin e Zi i ka k\u00ebrkuar Asambles\u00eb Komb\u00ebtare t\u2019u heq\u00eb imunitetin dy udh\u00ebheq\u00ebsve t\u00eb lart\u00eb t\u00eb opozit\u00ebs, t\u00eb cil\u00ebt akuzohen se jan\u00eb","breadcrumb":{"@id":"https:\/\/www.visit-ulcinj.com\/blog\/2017\/02\/13\/mali-zi-kerkohet-heqja-e-imunitetit-per-dy-kreret-e-opozites\/#breadcrumb"},"inLanguage":"en-US","potentialAction":[{"@type":"ReadAction","target":["https:\/\/www.visit-ulcinj.com\/blog\/2017\/02\/13\/mali-zi-kerkohet-heqja-e-imunitetit-per-dy-kreret-e-opozites\/"]}]},{"@type":"BreadcrumbList","@id":"https:\/\/www.visit-ulcinj.com\/blog\/2017\/02\/13\/mali-zi-kerkohet-heqja-e-imunitetit-per-dy-kreret-e-opozites\/#breadcrumb","itemListElement":[{"@type":"ListItem","position":1,"name":"Mali i Zi, k\u00ebrkohet heqja e imunitetit p\u00ebr dy krer\u00ebt e opozit\u00ebs"}]},{"@type":"Person","@id":"https:\/\/www.visit-ulcinj.com\/blog\/#\/schema\/person\/dcab619c614d3038751c63bc2aadc06d","name":"ulqini","sameAs":["http:\/\/www.visit-ulcinj.com"],"url":"https:\/\/www.visit-ulcinj.com\/blog\/author\/admin\/"}]}},"jetpack_featured_media_url":"","jetpack_sharing_enabled":true,"jetpack_shortlink":"https:\/\/wp.me\/pe6lTn-qLT","_links":{"self":[{"href":"https:\/\/www.visit-ulcinj.com\/blog\/wp-json\/wp\/v2\/posts\/102913"}],"collection":[{"href":"https:\/\/www.visit-ulcinj.com\/blog\/wp-json\/wp\/v2\/posts"}],"about":[{"href":"https:\/\/www.visit-ulcinj.com\/blog\/wp-json\/wp\/v2\/types\/post"}],"author":[{"embeddable":true,"href":"https:\/\/www.visit-ulcinj.com\/blog\/wp-json\/wp\/v2\/users\/1"}],"replies":[{"embeddable":true,"href":"https:\/\/www.visit-ulcinj.com\/blog\/wp-json\/wp\/v2\/comments?post=102913"}],"version-history":[{"count":3,"href":"https:\/\/www.visit-ulcinj.com\/blog\/wp-json\/wp\/v2\/posts\/102913\/revisions"}],"predecessor-version":[{"id":102922,"href":"https:\/\/www.visit-ulcinj.com\/blog\/wp-json\/wp\/v2\/posts\/102913\/revisions\/102922"}],"wp:attachment":[{"href":"https:\/\/www.visit-ulcinj.com\/blog\/wp-json\/wp\/v2\/media?parent=102913"}],"wp:term":[{"taxonomy":"category","embeddable":true,"href":"https:\/\/www.visit-ulcinj.com\/blog\/wp-json\/wp\/v2\/categories?post=102913"},{"taxonomy":"post_tag","embeddable":true,"href":"https:\/\/www.visit-ulcinj.com\/blog\/wp-json\/wp\/v2\/tags?post=102913"}],"curies":[{"name":"wp","href":"https:\/\/api.w.org\/{rel}","templated":true}]}}