{"id":102916,"date":"2017-02-13T18:01:18","date_gmt":"2017-02-13T17:01:18","guid":{"rendered":"http:\/\/www.visit-ulcinj.com\/blog\/?p=102916"},"modified":"2017-02-13T18:01:56","modified_gmt":"2017-02-13T17:01:56","slug":"jens-stoltenberg-pret-qe-mali-zi-kete-vit-te-behet-anetar-nato-s","status":"publish","type":"post","link":"https:\/\/www.visit-ulcinj.com\/blog\/2017\/02\/13\/jens-stoltenberg-pret-qe-mali-zi-kete-vit-te-behet-anetar-nato-s\/","title":{"rendered":"Jens Stoltenberg pret q\u00eb Mali i Zi k\u00ebt\u00eb vit t\u00eb b\u00ebhet an\u00ebtar i NATO-s"},"content":{"rendered":"<div class=\"td-post-content td-pb-padding-side\">\n<p><a href=\"http:\/\/www.visit-ulcinj.com\/blog\/wp-content\/uploads\/2017\/02\/Jens-Stoltenberg-pret-q\u00eb-Mali-i-Zi-te-hyje-ne-NATO.png\"><img loading=\"lazy\" class=\"alignleft wp-image-102917\" src=\"http:\/\/www.visit-ulcinj.com\/blog\/wp-content\/uploads\/2017\/02\/Jens-Stoltenberg-pret-q\u00eb-Mali-i-Zi-te-hyje-ne-NATO.png\" alt=\"Jens Stoltenberg pret q\u00eb Mali i Zi te hyje ne NATO\" width=\"508\" height=\"230\" \/><\/a>Sekretari i p\u00ebrgjithsh\u00ebm i NATO-s, Jens Stoltenberg deklaroi sot se pret q\u00eb Mali i Zi k\u00ebt\u00eb vit do t\u00eb b\u00ebhet an\u00ebtari i 29-t\u00eb i Aleanc\u00ebs dhe porositi se ardhm\u00ebria e Ballkanit \u00ebsht\u00eb n\u00eb familjen euroatlantike.<\/p>\n<p>Stoltenberg n\u00eb nj\u00eb intervist\u00eb p\u00ebr agjencin\u00eb Beta, t\u00eb cil\u00ebn e transmeton Z\u00ebri i Amerik\u00ebs, e p\u00ebrsh\u00ebndeti vendimin e Bordit t\u00eb jasht\u00ebm-politik t\u00eb Senatit amerikan p\u00ebr ta mb\u00ebshtetur an\u00ebtar\u00ebsimin e Malit t\u00eb Zi n\u00eb NATO dhe theksoi se ai propozim ka \u201cmb\u00ebshtetje t\u00eb fuqishme nga dy partit\u00eb\u201d.<\/p>\n<p>Ai p\u00ebrkujtoi se ministrat e pun\u00ebve t\u00eb jashtme n\u00eb maj t\u00eb vitit t\u00eb kaluar n\u00ebnshkruan protokoll p\u00ebr an\u00ebtar\u00ebsimin e Malit t\u00eb Zi dhe se aleat\u00ebt tani e ratifikojn\u00eb protokollin n\u00eb pajtim me procedurat e tyre komb\u00ebtare.<\/p>\n<p>\u201cNj\u00ebzet e tre aleat\u00eb deri m\u00eb tani e kan\u00eb ratifikuar protokollin, nd\u00ebrsa n\u00eb vendet e tjera kjo \u00ebsht\u00eb n\u00eb vijim. Presim q\u00eb Malin e Zi k\u00ebt\u00eb vit ta p\u00ebrsh\u00ebndesim si an\u00ebtar t\u00eb 29-t\u00eb\u201d, tha Stoltenberg.<\/p>\n<p>Ai e theksoi p\u00ebrkushtimin e NATO-s p\u00ebr sigurin\u00eb e Ballkanit Per\u00ebndimor dhe deklaroi se Aleanca e \u201crealizon pjes\u00ebn e saj n\u00eb nd\u00ebrtimin e siguris\u00eb rajonale me partner\u00ebt rajonal\u201d.<\/p>\n<p>\u201cDisa vende t\u00eb rajonit ve\u00e7 m\u00eb kan\u00eb hyr\u00eb n\u00eb aleanc\u00ebn ton\u00eb, nd\u00ebrsa edhe disa t\u00eb tjer\u00eb tentojn\u00eb drejt asaj\u201d, tha Stoltenberg dhe p\u00ebrmendi se \u201cNATO-ja ka zyr\u00eb nacionale n\u00eb Sarajev\u00eb, Beograd dhe Shkup, q\u00ebllimi i t\u00eb cil\u00ebs \u00ebsht\u00eb nxitje e dialogut dhe bashk\u00ebpunimit praktik\u201d.<\/p>\n<p>Stoltenberg tha se NATO-ja \u201ct\u00ebr\u00ebsisht e mb\u00ebshtet dialogun midis Prishtin\u00ebs dhe Beogradit dhe theksoi se ardhm\u00ebria e rajonit \u00ebsht\u00eb n\u00eb familjen euroatlantike, duke treguat n\u00eb nevoj\u00ebn e uljes s\u00eb tensionit t\u00eb tanish\u00ebm t\u00eb Ballkanit Per\u00ebndimor, q\u00eb t\u00eb shmangen incidentet dhe p\u00ebrleshjet\u201d.<\/p>\n<p>Ai sqaroi se NATO-ja d\u00ebshiron ta thelloj\u00eb bashk\u00ebpunimin e saj me Serbin\u00eb, duke e respektuar neutralitetin e saj, si bashk\u00ebpunim\u00a0 me Austrin\u00eb, Zvicr\u00ebn dhe Suedin\u00eb.<\/p>\n<p>TV21<\/p>\n<\/div>\n","protected":false},"excerpt":{"rendered":"<p>Sekretari i p\u00ebrgjithsh\u00ebm i NATO-s, Jens Stoltenberg deklaroi sot se pret q\u00eb Mali i Zi k\u00ebt\u00eb vit do t\u00eb b\u00ebhet an\u00ebtari i 29-t\u00eb i Aleanc\u00ebs dhe porositi se ardhm\u00ebria e Ballkanit \u00ebsht\u00eb n\u00eb familjen euroatlantike. Stoltenberg n\u00eb nj\u00eb intervist\u00eb p\u00ebr agjencin\u00eb Beta, t\u00eb cil\u00ebn e transmeton Z\u00ebri i Amerik\u00ebs, e p\u00ebrsh\u00ebndeti vendimin e Bordit t\u00eb [&hellip;]<\/p>\n","protected":false},"author":1,"featured_media":0,"comment_status":"closed","ping_status":"closed","sticky":false,"template":"","format":"standard","meta":{"spay_email":"","jetpack_publicize_message":"","jetpack_is_tweetstorm":false,"jetpack_publicize_feature_enabled":true},"categories":[6950],"tags":[],"jetpack_publicize_connections":[],"yoast_head":"<!-- This site is optimized with the Yoast SEO plugin v19.1 - https:\/\/yoast.com\/wordpress\/plugins\/seo\/ -->\n<title>Jens Stoltenberg pret q\u00eb Mali i Zi k\u00ebt\u00eb vit t\u00eb b\u00ebhet an\u00ebtar i NATO-s - Lajme nga Ulqini<\/title>\n<meta name=\"description\" content=\"Sekretari i p\u00ebrgjithsh\u00ebm i NATO-s, Jens Stoltenberg deklaroi sot se pret q\u00eb Mali i Zi k\u00ebt\u00eb vit do t\u00eb b\u00ebhet an\u00ebtari i 29-t\u00eb i Aleanc\u00ebs dhe porositi se\" \/>\n<meta name=\"robots\" content=\"index, follow, max-snippet:-1, max-image-preview:large, max-video-preview:-1\" \/>\n<link rel=\"canonical\" href=\"https:\/\/www.visit-ulcinj.com\/blog\/2017\/02\/13\/jens-stoltenberg-pret-qe-mali-zi-kete-vit-te-behet-anetar-nato-s\/\" \/>\n<meta property=\"og:locale\" content=\"en_US\" \/>\n<meta property=\"og:type\" content=\"article\" \/>\n<meta property=\"og:title\" content=\"Jens Stoltenberg pret q\u00eb Mali i Zi k\u00ebt\u00eb vit t\u00eb b\u00ebhet an\u00ebtar i NATO-s - Lajme nga Ulqini\" \/>\n<meta property=\"og:description\" content=\"Sekretari i p\u00ebrgjithsh\u00ebm i NATO-s, Jens Stoltenberg deklaroi sot se pret q\u00eb Mali i Zi k\u00ebt\u00eb vit do t\u00eb b\u00ebhet an\u00ebtari i 29-t\u00eb i Aleanc\u00ebs dhe porositi se\" \/>\n<meta property=\"og:url\" content=\"https:\/\/www.visit-ulcinj.com\/blog\/2017\/02\/13\/jens-stoltenberg-pret-qe-mali-zi-kete-vit-te-behet-anetar-nato-s\/\" \/>\n<meta property=\"og:site_name\" content=\"Lajme nga Ulqini\" \/>\n<meta property=\"article:published_time\" content=\"2017-02-13T17:01:18+00:00\" \/>\n<meta property=\"article:modified_time\" content=\"2017-02-13T17:01:56+00:00\" \/>\n<meta name=\"twitter:label1\" content=\"Written by\" \/>\n\t<meta name=\"twitter:data1\" content=\"ulqini\" \/>\n\t<meta name=\"twitter:label2\" content=\"Est. reading time\" \/>\n\t<meta name=\"twitter:data2\" content=\"2 minutes\" \/>\n<script type=\"application\/ld+json\" class=\"yoast-schema-graph\">{\"@context\":\"https:\/\/schema.org\",\"@graph\":[{\"@type\":\"WebSite\",\"@id\":\"https:\/\/www.visit-ulcinj.com\/blog\/#website\",\"url\":\"https:\/\/www.visit-ulcinj.com\/blog\/\",\"name\":\"Lajme nga Ulqini\",\"description\":\"Lajme,Vijesti,Ulqini,Ulqin,Crna Gora,Mali i Zi\",\"potentialAction\":[{\"@type\":\"SearchAction\",\"target\":{\"@type\":\"EntryPoint\",\"urlTemplate\":\"https:\/\/www.visit-ulcinj.com\/blog\/?s={search_term_string}\"},\"query-input\":\"required name=search_term_string\"}],\"inLanguage\":\"en-US\"},{\"@type\":\"WebPage\",\"@id\":\"https:\/\/www.visit-ulcinj.com\/blog\/2017\/02\/13\/jens-stoltenberg-pret-qe-mali-zi-kete-vit-te-behet-anetar-nato-s\/#webpage\",\"url\":\"https:\/\/www.visit-ulcinj.com\/blog\/2017\/02\/13\/jens-stoltenberg-pret-qe-mali-zi-kete-vit-te-behet-anetar-nato-s\/\",\"name\":\"Jens Stoltenberg pret q\u00eb Mali i Zi k\u00ebt\u00eb vit t\u00eb b\u00ebhet an\u00ebtar i NATO-s - Lajme nga Ulqini\",\"isPartOf\":{\"@id\":\"https:\/\/www.visit-ulcinj.com\/blog\/#website\"},\"datePublished\":\"2017-02-13T17:01:18+00:00\",\"dateModified\":\"2017-02-13T17:01:56+00:00\",\"author\":{\"@id\":\"https:\/\/www.visit-ulcinj.com\/blog\/#\/schema\/person\/dcab619c614d3038751c63bc2aadc06d\"},\"description\":\"Sekretari i p\u00ebrgjithsh\u00ebm i NATO-s, Jens Stoltenberg deklaroi sot se pret q\u00eb Mali i Zi k\u00ebt\u00eb vit do t\u00eb b\u00ebhet an\u00ebtari i 29-t\u00eb i Aleanc\u00ebs dhe porositi se\",\"breadcrumb\":{\"@id\":\"https:\/\/www.visit-ulcinj.com\/blog\/2017\/02\/13\/jens-stoltenberg-pret-qe-mali-zi-kete-vit-te-behet-anetar-nato-s\/#breadcrumb\"},\"inLanguage\":\"en-US\",\"potentialAction\":[{\"@type\":\"ReadAction\",\"target\":[\"https:\/\/www.visit-ulcinj.com\/blog\/2017\/02\/13\/jens-stoltenberg-pret-qe-mali-zi-kete-vit-te-behet-anetar-nato-s\/\"]}]},{\"@type\":\"BreadcrumbList\",\"@id\":\"https:\/\/www.visit-ulcinj.com\/blog\/2017\/02\/13\/jens-stoltenberg-pret-qe-mali-zi-kete-vit-te-behet-anetar-nato-s\/#breadcrumb\",\"itemListElement\":[{\"@type\":\"ListItem\",\"position\":1,\"name\":\"Jens Stoltenberg pret q\u00eb Mali i Zi k\u00ebt\u00eb vit t\u00eb b\u00ebhet an\u00ebtar i NATO-s\"}]},{\"@type\":\"Person\",\"@id\":\"https:\/\/www.visit-ulcinj.com\/blog\/#\/schema\/person\/dcab619c614d3038751c63bc2aadc06d\",\"name\":\"ulqini\",\"sameAs\":[\"http:\/\/www.visit-ulcinj.com\"],\"url\":\"https:\/\/www.visit-ulcinj.com\/blog\/author\/admin\/\"}]}<\/script>\n<!-- \/ Yoast SEO plugin. -->","yoast_head_json":{"title":"Jens Stoltenberg pret q\u00eb Mali i Zi k\u00ebt\u00eb vit t\u00eb b\u00ebhet an\u00ebtar i NATO-s - Lajme nga Ulqini","description":"Sekretari i p\u00ebrgjithsh\u00ebm i NATO-s, Jens Stoltenberg deklaroi sot se pret q\u00eb Mali i Zi k\u00ebt\u00eb vit do t\u00eb b\u00ebhet an\u00ebtari i 29-t\u00eb i Aleanc\u00ebs dhe porositi se","robots":{"index":"index","follow":"follow","max-snippet":"max-snippet:-1","max-image-preview":"max-image-preview:large","max-video-preview":"max-video-preview:-1"},"canonical":"https:\/\/www.visit-ulcinj.com\/blog\/2017\/02\/13\/jens-stoltenberg-pret-qe-mali-zi-kete-vit-te-behet-anetar-nato-s\/","og_locale":"en_US","og_type":"article","og_title":"Jens Stoltenberg pret q\u00eb Mali i Zi k\u00ebt\u00eb vit t\u00eb b\u00ebhet an\u00ebtar i NATO-s - Lajme nga Ulqini","og_description":"Sekretari i p\u00ebrgjithsh\u00ebm i NATO-s, Jens Stoltenberg deklaroi sot se pret q\u00eb Mali i Zi k\u00ebt\u00eb vit do t\u00eb b\u00ebhet an\u00ebtari i 29-t\u00eb i Aleanc\u00ebs dhe porositi se","og_url":"https:\/\/www.visit-ulcinj.com\/blog\/2017\/02\/13\/jens-stoltenberg-pret-qe-mali-zi-kete-vit-te-behet-anetar-nato-s\/","og_site_name":"Lajme nga Ulqini","article_published_time":"2017-02-13T17:01:18+00:00","article_modified_time":"2017-02-13T17:01:56+00:00","twitter_misc":{"Written by":"ulqini","Est. reading time":"2 minutes"},"schema":{"@context":"https:\/\/schema.org","@graph":[{"@type":"WebSite","@id":"https:\/\/www.visit-ulcinj.com\/blog\/#website","url":"https:\/\/www.visit-ulcinj.com\/blog\/","name":"Lajme nga Ulqini","description":"Lajme,Vijesti,Ulqini,Ulqin,Crna Gora,Mali i Zi","potentialAction":[{"@type":"SearchAction","target":{"@type":"EntryPoint","urlTemplate":"https:\/\/www.visit-ulcinj.com\/blog\/?s={search_term_string}"},"query-input":"required name=search_term_string"}],"inLanguage":"en-US"},{"@type":"WebPage","@id":"https:\/\/www.visit-ulcinj.com\/blog\/2017\/02\/13\/jens-stoltenberg-pret-qe-mali-zi-kete-vit-te-behet-anetar-nato-s\/#webpage","url":"https:\/\/www.visit-ulcinj.com\/blog\/2017\/02\/13\/jens-stoltenberg-pret-qe-mali-zi-kete-vit-te-behet-anetar-nato-s\/","name":"Jens Stoltenberg pret q\u00eb Mali i Zi k\u00ebt\u00eb vit t\u00eb b\u00ebhet an\u00ebtar i NATO-s - Lajme nga Ulqini","isPartOf":{"@id":"https:\/\/www.visit-ulcinj.com\/blog\/#website"},"datePublished":"2017-02-13T17:01:18+00:00","dateModified":"2017-02-13T17:01:56+00:00","author":{"@id":"https:\/\/www.visit-ulcinj.com\/blog\/#\/schema\/person\/dcab619c614d3038751c63bc2aadc06d"},"description":"Sekretari i p\u00ebrgjithsh\u00ebm i NATO-s, Jens Stoltenberg deklaroi sot se pret q\u00eb Mali i Zi k\u00ebt\u00eb vit do t\u00eb b\u00ebhet an\u00ebtari i 29-t\u00eb i Aleanc\u00ebs dhe porositi se","breadcrumb":{"@id":"https:\/\/www.visit-ulcinj.com\/blog\/2017\/02\/13\/jens-stoltenberg-pret-qe-mali-zi-kete-vit-te-behet-anetar-nato-s\/#breadcrumb"},"inLanguage":"en-US","potentialAction":[{"@type":"ReadAction","target":["https:\/\/www.visit-ulcinj.com\/blog\/2017\/02\/13\/jens-stoltenberg-pret-qe-mali-zi-kete-vit-te-behet-anetar-nato-s\/"]}]},{"@type":"BreadcrumbList","@id":"https:\/\/www.visit-ulcinj.com\/blog\/2017\/02\/13\/jens-stoltenberg-pret-qe-mali-zi-kete-vit-te-behet-anetar-nato-s\/#breadcrumb","itemListElement":[{"@type":"ListItem","position":1,"name":"Jens Stoltenberg pret q\u00eb Mali i Zi k\u00ebt\u00eb vit t\u00eb b\u00ebhet an\u00ebtar i NATO-s"}]},{"@type":"Person","@id":"https:\/\/www.visit-ulcinj.com\/blog\/#\/schema\/person\/dcab619c614d3038751c63bc2aadc06d","name":"ulqini","sameAs":["http:\/\/www.visit-ulcinj.com"],"url":"https:\/\/www.visit-ulcinj.com\/blog\/author\/admin\/"}]}},"jetpack_featured_media_url":"","jetpack_sharing_enabled":true,"jetpack_shortlink":"https:\/\/wp.me\/pe6lTn-qLW","_links":{"self":[{"href":"https:\/\/www.visit-ulcinj.com\/blog\/wp-json\/wp\/v2\/posts\/102916"}],"collection":[{"href":"https:\/\/www.visit-ulcinj.com\/blog\/wp-json\/wp\/v2\/posts"}],"about":[{"href":"https:\/\/www.visit-ulcinj.com\/blog\/wp-json\/wp\/v2\/types\/post"}],"author":[{"embeddable":true,"href":"https:\/\/www.visit-ulcinj.com\/blog\/wp-json\/wp\/v2\/users\/1"}],"replies":[{"embeddable":true,"href":"https:\/\/www.visit-ulcinj.com\/blog\/wp-json\/wp\/v2\/comments?post=102916"}],"version-history":[{"count":2,"href":"https:\/\/www.visit-ulcinj.com\/blog\/wp-json\/wp\/v2\/posts\/102916\/revisions"}],"predecessor-version":[{"id":102919,"href":"https:\/\/www.visit-ulcinj.com\/blog\/wp-json\/wp\/v2\/posts\/102916\/revisions\/102919"}],"wp:attachment":[{"href":"https:\/\/www.visit-ulcinj.com\/blog\/wp-json\/wp\/v2\/media?parent=102916"}],"wp:term":[{"taxonomy":"category","embeddable":true,"href":"https:\/\/www.visit-ulcinj.com\/blog\/wp-json\/wp\/v2\/categories?post=102916"},{"taxonomy":"post_tag","embeddable":true,"href":"https:\/\/www.visit-ulcinj.com\/blog\/wp-json\/wp\/v2\/tags?post=102916"}],"curies":[{"name":"wp","href":"https:\/\/api.w.org\/{rel}","templated":true}]}}