{"id":102923,"date":"2017-02-13T18:23:18","date_gmt":"2017-02-13T17:23:18","guid":{"rendered":"http:\/\/www.visit-ulcinj.com\/blog\/?p=102923"},"modified":"2017-02-13T18:23:18","modified_gmt":"2017-02-13T17:23:18","slug":"ministri-pakicave-mehmed-zenka-vizitoi-ku-te-tuzit","status":"publish","type":"post","link":"https:\/\/www.visit-ulcinj.com\/blog\/2017\/02\/13\/ministri-pakicave-mehmed-zenka-vizitoi-ku-te-tuzit\/","title":{"rendered":"Ministri i pakicave Mehmed Zenka vizitoi KU t\u00eb Tuzit"},"content":{"rendered":"<p><a href=\"http:\/\/www.visit-ulcinj.com\/blog\/wp-content\/uploads\/2017\/02\/Minister-Zenka-Tuzi.jpg\"><img loading=\"lazy\" class=\"alignleft wp-image-102924\" src=\"http:\/\/www.visit-ulcinj.com\/blog\/wp-content\/uploads\/2017\/02\/Minister-Zenka-Tuzi.jpg\" alt=\"Minister-Zenka-Tuzi\" width=\"300\" height=\"220\" \/><\/a>Ministri p\u00ebr t\u00eb drejtat e njeriut dhe t\u00eb pakicave Mehmed Zenka, vizitoi KU t\u00eb Tuzit, me \u00e7\u2019rast bisedoi me kryetarin e pushtetit vendor, Abedin Axhoviq. Pas takimit dhe vizit\u00ebs q\u00eb i b\u00ebri ministri Zenka Komun\u00ebs Urbane, me kryetarin e Komun\u00ebs mbajt\u00ebn edhe nj\u00eb konferenc\u00eb p\u00ebr gazetar\u00ebt. Ministri Zenka theksoi se kjo vizit\u00eb sh\u00ebrbeu p\u00ebr bised\u00ebn me kryetarin e Komun\u00ebs por edhe me zyrtar\u00ebt tjer\u00eb me t\u00eb cil\u00ebt foli p\u00ebr situat\u00ebn politike dhe hapat t\u00eb cil\u00ebt po i nd\u00ebrmarrin n\u00eb realizimin e marr\u00ebveshjes s\u00eb koalicionit \u201cShqiptar\u00ebt t\u00eb vendosur\u201d, p\u00ebr komun\u00ebn e plot\u00eb t\u00eb Tuzit, respektivisht Mal\u00ebsis\u00eb.<\/p>\n<p>Nd\u00ebrkaq kryetari i Komun\u00ebs Urbane t\u00eb Tuzit dr. Abedin Axhoviq theksoi se p\u00ebrve\u00e7 tem\u00ebs s\u00eb cekur, me ministrin Zenka bisedoi edhe p\u00ebr disa aspekte ekonomike e t\u00eb cilin nj\u00ebkoh\u00ebsisht e fal\u00ebnderoi p\u00ebr vizit\u00ebn q\u00eb i b\u00ebri Komun\u00ebs urbane t\u00eb Tuzit. Si ministri ashtu edhe kryetari i Komun\u00ebs s\u00eb Tuzit u shpreh\u00ebn t\u00eb k\u00ebnaqur me k\u00ebt\u00eb vizit\u00eb duke theksuar se do t\u00eb vazhdojn\u00eb bashk\u00ebpunimin n\u00eb t\u00eb dy fushat e cekura gjat\u00eb takimit por edhe n\u00eb aspektet tjera politike dhe ekonomike p\u00ebr zhvillimin e k\u00ebsaj Komune Urbane t\u00eb banuar me shumic\u00ebn e popullat\u00ebs shqiptare.<\/p>\n<p>TVCG<\/p>\n","protected":false},"excerpt":{"rendered":"<p>Ministri p\u00ebr t\u00eb drejtat e njeriut dhe t\u00eb pakicave Mehmed Zenka, vizitoi KU t\u00eb Tuzit, me \u00e7\u2019rast bisedoi me kryetarin e pushtetit vendor, Abedin Axhoviq. Pas takimit dhe vizit\u00ebs q\u00eb i b\u00ebri ministri Zenka Komun\u00ebs Urbane, me kryetarin e Komun\u00ebs mbajt\u00ebn edhe nj\u00eb konferenc\u00eb p\u00ebr gazetar\u00ebt. Ministri Zenka theksoi se kjo vizit\u00eb sh\u00ebrbeu p\u00ebr bised\u00ebn [&hellip;]<\/p>\n","protected":false},"author":1,"featured_media":0,"comment_status":"closed","ping_status":"closed","sticky":false,"template":"","format":"standard","meta":{"spay_email":"","jetpack_publicize_message":"","jetpack_is_tweetstorm":false,"jetpack_publicize_feature_enabled":true},"categories":[14],"tags":[],"jetpack_publicize_connections":[],"yoast_head":"<!-- This site is optimized with the Yoast SEO plugin v19.1 - https:\/\/yoast.com\/wordpress\/plugins\/seo\/ -->\n<title>Ministri i pakicave Mehmed Zenka vizitoi KU t\u00eb Tuzit - Lajme nga Ulqini<\/title>\n<meta name=\"description\" content=\"Ministri p\u00ebr t\u00eb drejtat e njeriut dhe t\u00eb pakicave Mehmed Zenka, vizitoi KU t\u00eb Tuzit, me \u00e7\u2019rast bisedoi me kryetarin e pushtetit vendor, Abedin Axhoviq.\" \/>\n<meta name=\"robots\" content=\"index, follow, max-snippet:-1, max-image-preview:large, max-video-preview:-1\" \/>\n<link rel=\"canonical\" href=\"https:\/\/www.visit-ulcinj.com\/blog\/2017\/02\/13\/ministri-pakicave-mehmed-zenka-vizitoi-ku-te-tuzit\/\" \/>\n<meta property=\"og:locale\" content=\"en_US\" \/>\n<meta property=\"og:type\" content=\"article\" \/>\n<meta property=\"og:title\" content=\"Ministri i pakicave Mehmed Zenka vizitoi KU t\u00eb Tuzit - Lajme nga Ulqini\" \/>\n<meta property=\"og:description\" content=\"Ministri p\u00ebr t\u00eb drejtat e njeriut dhe t\u00eb pakicave Mehmed Zenka, vizitoi KU t\u00eb Tuzit, me \u00e7\u2019rast bisedoi me kryetarin e pushtetit vendor, Abedin Axhoviq.\" \/>\n<meta property=\"og:url\" content=\"https:\/\/www.visit-ulcinj.com\/blog\/2017\/02\/13\/ministri-pakicave-mehmed-zenka-vizitoi-ku-te-tuzit\/\" \/>\n<meta property=\"og:site_name\" content=\"Lajme nga Ulqini\" \/>\n<meta property=\"article:published_time\" content=\"2017-02-13T17:23:18+00:00\" \/>\n<meta property=\"og:image\" content=\"http:\/\/www.visit-ulcinj.com\/blog\/wp-content\/uploads\/2017\/02\/Minister-Zenka-Tuzi.jpg\" \/>\n<meta name=\"twitter:label1\" content=\"Written by\" \/>\n\t<meta name=\"twitter:data1\" content=\"ulqini\" \/>\n\t<meta name=\"twitter:label2\" content=\"Est. reading time\" \/>\n\t<meta name=\"twitter:data2\" content=\"1 minute\" \/>\n<script type=\"application\/ld+json\" class=\"yoast-schema-graph\">{\"@context\":\"https:\/\/schema.org\",\"@graph\":[{\"@type\":\"WebSite\",\"@id\":\"https:\/\/www.visit-ulcinj.com\/blog\/#website\",\"url\":\"https:\/\/www.visit-ulcinj.com\/blog\/\",\"name\":\"Lajme nga Ulqini\",\"description\":\"Lajme,Vijesti,Ulqini,Ulqin,Crna Gora,Mali i Zi\",\"potentialAction\":[{\"@type\":\"SearchAction\",\"target\":{\"@type\":\"EntryPoint\",\"urlTemplate\":\"https:\/\/www.visit-ulcinj.com\/blog\/?s={search_term_string}\"},\"query-input\":\"required name=search_term_string\"}],\"inLanguage\":\"en-US\"},{\"@type\":\"ImageObject\",\"inLanguage\":\"en-US\",\"@id\":\"https:\/\/www.visit-ulcinj.com\/blog\/2017\/02\/13\/ministri-pakicave-mehmed-zenka-vizitoi-ku-te-tuzit\/#primaryimage\",\"url\":\"https:\/\/www.visit-ulcinj.com\/blog\/wp-content\/uploads\/2017\/02\/Minister-Zenka-Tuzi.jpg\",\"contentUrl\":\"https:\/\/www.visit-ulcinj.com\/blog\/wp-content\/uploads\/2017\/02\/Minister-Zenka-Tuzi.jpg\",\"width\":300,\"height\":220},{\"@type\":\"WebPage\",\"@id\":\"https:\/\/www.visit-ulcinj.com\/blog\/2017\/02\/13\/ministri-pakicave-mehmed-zenka-vizitoi-ku-te-tuzit\/#webpage\",\"url\":\"https:\/\/www.visit-ulcinj.com\/blog\/2017\/02\/13\/ministri-pakicave-mehmed-zenka-vizitoi-ku-te-tuzit\/\",\"name\":\"Ministri i pakicave Mehmed Zenka vizitoi KU t\u00eb Tuzit - Lajme nga Ulqini\",\"isPartOf\":{\"@id\":\"https:\/\/www.visit-ulcinj.com\/blog\/#website\"},\"primaryImageOfPage\":{\"@id\":\"https:\/\/www.visit-ulcinj.com\/blog\/2017\/02\/13\/ministri-pakicave-mehmed-zenka-vizitoi-ku-te-tuzit\/#primaryimage\"},\"datePublished\":\"2017-02-13T17:23:18+00:00\",\"dateModified\":\"2017-02-13T17:23:18+00:00\",\"author\":{\"@id\":\"https:\/\/www.visit-ulcinj.com\/blog\/#\/schema\/person\/dcab619c614d3038751c63bc2aadc06d\"},\"description\":\"Ministri p\u00ebr t\u00eb drejtat e njeriut dhe t\u00eb pakicave Mehmed Zenka, vizitoi KU t\u00eb Tuzit, me \u00e7\u2019rast bisedoi me kryetarin e pushtetit vendor, Abedin Axhoviq.\",\"breadcrumb\":{\"@id\":\"https:\/\/www.visit-ulcinj.com\/blog\/2017\/02\/13\/ministri-pakicave-mehmed-zenka-vizitoi-ku-te-tuzit\/#breadcrumb\"},\"inLanguage\":\"en-US\",\"potentialAction\":[{\"@type\":\"ReadAction\",\"target\":[\"https:\/\/www.visit-ulcinj.com\/blog\/2017\/02\/13\/ministri-pakicave-mehmed-zenka-vizitoi-ku-te-tuzit\/\"]}]},{\"@type\":\"BreadcrumbList\",\"@id\":\"https:\/\/www.visit-ulcinj.com\/blog\/2017\/02\/13\/ministri-pakicave-mehmed-zenka-vizitoi-ku-te-tuzit\/#breadcrumb\",\"itemListElement\":[{\"@type\":\"ListItem\",\"position\":1,\"name\":\"Ministri i pakicave Mehmed Zenka vizitoi KU t\u00eb Tuzit\"}]},{\"@type\":\"Person\",\"@id\":\"https:\/\/www.visit-ulcinj.com\/blog\/#\/schema\/person\/dcab619c614d3038751c63bc2aadc06d\",\"name\":\"ulqini\",\"sameAs\":[\"http:\/\/www.visit-ulcinj.com\"],\"url\":\"https:\/\/www.visit-ulcinj.com\/blog\/author\/admin\/\"}]}<\/script>\n<!-- \/ Yoast SEO plugin. -->","yoast_head_json":{"title":"Ministri i pakicave Mehmed Zenka vizitoi KU t\u00eb Tuzit - Lajme nga Ulqini","description":"Ministri p\u00ebr t\u00eb drejtat e njeriut dhe t\u00eb pakicave Mehmed Zenka, vizitoi KU t\u00eb Tuzit, me \u00e7\u2019rast bisedoi me kryetarin e pushtetit vendor, Abedin Axhoviq.","robots":{"index":"index","follow":"follow","max-snippet":"max-snippet:-1","max-image-preview":"max-image-preview:large","max-video-preview":"max-video-preview:-1"},"canonical":"https:\/\/www.visit-ulcinj.com\/blog\/2017\/02\/13\/ministri-pakicave-mehmed-zenka-vizitoi-ku-te-tuzit\/","og_locale":"en_US","og_type":"article","og_title":"Ministri i pakicave Mehmed Zenka vizitoi KU t\u00eb Tuzit - Lajme nga Ulqini","og_description":"Ministri p\u00ebr t\u00eb drejtat e njeriut dhe t\u00eb pakicave Mehmed Zenka, vizitoi KU t\u00eb Tuzit, me \u00e7\u2019rast bisedoi me kryetarin e pushtetit vendor, Abedin Axhoviq.","og_url":"https:\/\/www.visit-ulcinj.com\/blog\/2017\/02\/13\/ministri-pakicave-mehmed-zenka-vizitoi-ku-te-tuzit\/","og_site_name":"Lajme nga Ulqini","article_published_time":"2017-02-13T17:23:18+00:00","og_image":[{"url":"http:\/\/www.visit-ulcinj.com\/blog\/wp-content\/uploads\/2017\/02\/Minister-Zenka-Tuzi.jpg"}],"twitter_misc":{"Written by":"ulqini","Est. reading time":"1 minute"},"schema":{"@context":"https:\/\/schema.org","@graph":[{"@type":"WebSite","@id":"https:\/\/www.visit-ulcinj.com\/blog\/#website","url":"https:\/\/www.visit-ulcinj.com\/blog\/","name":"Lajme nga Ulqini","description":"Lajme,Vijesti,Ulqini,Ulqin,Crna Gora,Mali i Zi","potentialAction":[{"@type":"SearchAction","target":{"@type":"EntryPoint","urlTemplate":"https:\/\/www.visit-ulcinj.com\/blog\/?s={search_term_string}"},"query-input":"required name=search_term_string"}],"inLanguage":"en-US"},{"@type":"ImageObject","inLanguage":"en-US","@id":"https:\/\/www.visit-ulcinj.com\/blog\/2017\/02\/13\/ministri-pakicave-mehmed-zenka-vizitoi-ku-te-tuzit\/#primaryimage","url":"https:\/\/www.visit-ulcinj.com\/blog\/wp-content\/uploads\/2017\/02\/Minister-Zenka-Tuzi.jpg","contentUrl":"https:\/\/www.visit-ulcinj.com\/blog\/wp-content\/uploads\/2017\/02\/Minister-Zenka-Tuzi.jpg","width":300,"height":220},{"@type":"WebPage","@id":"https:\/\/www.visit-ulcinj.com\/blog\/2017\/02\/13\/ministri-pakicave-mehmed-zenka-vizitoi-ku-te-tuzit\/#webpage","url":"https:\/\/www.visit-ulcinj.com\/blog\/2017\/02\/13\/ministri-pakicave-mehmed-zenka-vizitoi-ku-te-tuzit\/","name":"Ministri i pakicave Mehmed Zenka vizitoi KU t\u00eb Tuzit - Lajme nga Ulqini","isPartOf":{"@id":"https:\/\/www.visit-ulcinj.com\/blog\/#website"},"primaryImageOfPage":{"@id":"https:\/\/www.visit-ulcinj.com\/blog\/2017\/02\/13\/ministri-pakicave-mehmed-zenka-vizitoi-ku-te-tuzit\/#primaryimage"},"datePublished":"2017-02-13T17:23:18+00:00","dateModified":"2017-02-13T17:23:18+00:00","author":{"@id":"https:\/\/www.visit-ulcinj.com\/blog\/#\/schema\/person\/dcab619c614d3038751c63bc2aadc06d"},"description":"Ministri p\u00ebr t\u00eb drejtat e njeriut dhe t\u00eb pakicave Mehmed Zenka, vizitoi KU t\u00eb Tuzit, me \u00e7\u2019rast bisedoi me kryetarin e pushtetit vendor, Abedin Axhoviq.","breadcrumb":{"@id":"https:\/\/www.visit-ulcinj.com\/blog\/2017\/02\/13\/ministri-pakicave-mehmed-zenka-vizitoi-ku-te-tuzit\/#breadcrumb"},"inLanguage":"en-US","potentialAction":[{"@type":"ReadAction","target":["https:\/\/www.visit-ulcinj.com\/blog\/2017\/02\/13\/ministri-pakicave-mehmed-zenka-vizitoi-ku-te-tuzit\/"]}]},{"@type":"BreadcrumbList","@id":"https:\/\/www.visit-ulcinj.com\/blog\/2017\/02\/13\/ministri-pakicave-mehmed-zenka-vizitoi-ku-te-tuzit\/#breadcrumb","itemListElement":[{"@type":"ListItem","position":1,"name":"Ministri i pakicave Mehmed Zenka vizitoi KU t\u00eb Tuzit"}]},{"@type":"Person","@id":"https:\/\/www.visit-ulcinj.com\/blog\/#\/schema\/person\/dcab619c614d3038751c63bc2aadc06d","name":"ulqini","sameAs":["http:\/\/www.visit-ulcinj.com"],"url":"https:\/\/www.visit-ulcinj.com\/blog\/author\/admin\/"}]}},"jetpack_featured_media_url":"","jetpack_sharing_enabled":true,"jetpack_shortlink":"https:\/\/wp.me\/pe6lTn-qM3","_links":{"self":[{"href":"https:\/\/www.visit-ulcinj.com\/blog\/wp-json\/wp\/v2\/posts\/102923"}],"collection":[{"href":"https:\/\/www.visit-ulcinj.com\/blog\/wp-json\/wp\/v2\/posts"}],"about":[{"href":"https:\/\/www.visit-ulcinj.com\/blog\/wp-json\/wp\/v2\/types\/post"}],"author":[{"embeddable":true,"href":"https:\/\/www.visit-ulcinj.com\/blog\/wp-json\/wp\/v2\/users\/1"}],"replies":[{"embeddable":true,"href":"https:\/\/www.visit-ulcinj.com\/blog\/wp-json\/wp\/v2\/comments?post=102923"}],"version-history":[{"count":1,"href":"https:\/\/www.visit-ulcinj.com\/blog\/wp-json\/wp\/v2\/posts\/102923\/revisions"}],"predecessor-version":[{"id":102925,"href":"https:\/\/www.visit-ulcinj.com\/blog\/wp-json\/wp\/v2\/posts\/102923\/revisions\/102925"}],"wp:attachment":[{"href":"https:\/\/www.visit-ulcinj.com\/blog\/wp-json\/wp\/v2\/media?parent=102923"}],"wp:term":[{"taxonomy":"category","embeddable":true,"href":"https:\/\/www.visit-ulcinj.com\/blog\/wp-json\/wp\/v2\/categories?post=102923"},{"taxonomy":"post_tag","embeddable":true,"href":"https:\/\/www.visit-ulcinj.com\/blog\/wp-json\/wp\/v2\/tags?post=102923"}],"curies":[{"name":"wp","href":"https:\/\/api.w.org\/{rel}","templated":true}]}}