{"id":102932,"date":"2017-02-13T19:22:57","date_gmt":"2017-02-13T18:22:57","guid":{"rendered":"http:\/\/www.visit-ulcinj.com\/blog\/?p=102932"},"modified":"2017-02-13T19:22:57","modified_gmt":"2017-02-13T18:22:57","slug":"draft-rregullorja-per-dhenien-e-dekoratave-ne-statutin-e-komunes-se-ulqinit-salaj-duhen-te-behen-ndryshime","status":"publish","type":"post","link":"https:\/\/www.visit-ulcinj.com\/blog\/2017\/02\/13\/draft-rregullorja-per-dhenien-e-dekoratave-ne-statutin-e-komunes-se-ulqinit-salaj-duhen-te-behen-ndryshime\/","title":{"rendered":"Draft Rregullorja p\u00ebr dhenien e dekoratave n\u00eb Statutin e Komun\u00ebs  s\u00eb Ulqinit &#8211; Salaj: Duhen te behen ndryshime"},"content":{"rendered":"<p><a href=\"http:\/\/www.visit-ulcinj.com\/blog\/wp-content\/uploads\/2017\/02\/Sabri-Salaj-k\u00ebshilltari-i-Forc\u00ebs.jpg\"><img loading=\"lazy\" class=\"alignleft wp-image-102933\" src=\"http:\/\/www.visit-ulcinj.com\/blog\/wp-content\/uploads\/2017\/02\/Sabri-Salaj-k\u00ebshilltari-i-Forc\u00ebs.jpg\" alt=\"Sabri Salaj, k\u00ebshilltari i Forc\u00ebs\" width=\"508\" height=\"243\" srcset=\"https:\/\/www.visit-ulcinj.com\/blog\/wp-content\/uploads\/2017\/02\/Sabri-Salaj-k\u00ebshilltari-i-Forc\u00ebs.jpg 702w, https:\/\/www.visit-ulcinj.com\/blog\/wp-content\/uploads\/2017\/02\/Sabri-Salaj-k\u00ebshilltari-i-Forc\u00ebs-300x144.jpg 300w\" sizes=\"(max-width: 508px) 100vw, 508px\" \/><\/a>Propozimi q\u00eb ish ambasadorja e gjermanis\u00eb n\u00eb Mal t\u00eb Zi Gudrun Shtajnaker t\u00eb shpallet qytetare nderi e Ulqinit, ka hasur n\u00eb pengesat e para. Sipas propozuesve nga Partia Socialdemokrate, pengesa kryesore \u00ebsht\u00eb Partia Demokratike e Socialist\u00ebve, zyrtar\u00ebve t\u00eb lart\u00eb t\u00eb s\u00eb cil\u00ebs Shtajnaker u ka mohuar p\u00ebrfitime milion\u00ebshe n\u00eb rastin e Kripores, kurse p\u00ebr K\u00ebshilli p\u00ebr zgjedhje dhe em\u00ebrime n\u00eb Komun\u00ebn e Ulqinit, problemi \u00ebsht\u00eb teknik, pasi Statuti i Komun\u00ebs nuk p\u00ebrcakton kriteret p\u00ebr k\u00ebt\u00eb \u00e7\u00ebshtje, kan\u00eb th\u00ebn ato p\u00ebr gazet\u00ebn \u201cVijesti\u201d, raporton portali TV Teuta.<\/p>\n<p>Sabri Salaj, k\u00ebshilltari i Forc\u00ebs i cili dit\u00eb m\u00eb par\u00eb ka dh\u00ebn\u00eb dor\u00ebheqjen nga ky k\u00ebshill, tha p\u00ebr televizionin Teuta se ka filluar nj\u00eb \u00a0iniciativ\u00eb p\u00ebr ndryshimin e Statutit t\u00eb Ulqinit, nd\u00ebr t\u00eb cilat do t\u00eb jet\u00eb edhe ajo p\u00ebr shpalljen e qytetar\u00ebve t\u00eb nderit. Sipas Salaj, me k\u00ebto ndryshime do t\u00eb p\u00ebrcaktohen edhe disa norma t\u00eb tjera t\u00eb cilat sipas Statutit aktual nuk jan\u00eb p\u00ebrcaktuar sakt\u00ebsisht. Ai tha se deklaratvisht p\u00ebr k\u00ebto ndryshime ka marr\u00eb p\u00ebrkrahje t\u00eb gj\u00ebr\u00eb.<\/p>\n","protected":false},"excerpt":{"rendered":"<p>Propozimi q\u00eb ish ambasadorja e gjermanis\u00eb n\u00eb Mal t\u00eb Zi Gudrun Shtajnaker t\u00eb shpallet qytetare nderi e Ulqinit, ka hasur n\u00eb pengesat e para. Sipas propozuesve nga Partia Socialdemokrate, pengesa kryesore \u00ebsht\u00eb Partia Demokratike e Socialist\u00ebve, zyrtar\u00ebve t\u00eb lart\u00eb t\u00eb s\u00eb cil\u00ebs Shtajnaker u ka mohuar p\u00ebrfitime milion\u00ebshe n\u00eb rastin e Kripores, kurse p\u00ebr K\u00ebshilli [&hellip;]<\/p>\n","protected":false},"author":1,"featured_media":0,"comment_status":"closed","ping_status":"closed","sticky":false,"template":"","format":"standard","meta":{"spay_email":"","jetpack_publicize_message":"","jetpack_is_tweetstorm":false,"jetpack_publicize_feature_enabled":true},"categories":[12],"tags":[],"jetpack_publicize_connections":[],"yoast_head":"<!-- This site is optimized with the Yoast SEO plugin v19.1 - https:\/\/yoast.com\/wordpress\/plugins\/seo\/ -->\n<title>Draft Rregullorja p\u00ebr dhenien e dekoratave n\u00eb Statutin e Komun\u00ebs s\u00eb Ulqinit - Salaj: Duhen te behen ndryshime - Lajme nga Ulqini<\/title>\n<meta name=\"description\" content=\"Propozimi q\u00eb ish ambasadorja e gjermanis\u00eb n\u00eb Mal t\u00eb Zi Gudrun Shtajnaker t\u00eb shpallet qytetare nderi e Ulqinit, ka hasur n\u00eb pengesat e para. Sipas\" \/>\n<meta name=\"robots\" content=\"index, follow, max-snippet:-1, max-image-preview:large, max-video-preview:-1\" \/>\n<link rel=\"canonical\" href=\"https:\/\/www.visit-ulcinj.com\/blog\/2017\/02\/13\/draft-rregullorja-per-dhenien-e-dekoratave-ne-statutin-e-komunes-se-ulqinit-salaj-duhen-te-behen-ndryshime\/\" \/>\n<meta property=\"og:locale\" content=\"en_US\" \/>\n<meta property=\"og:type\" content=\"article\" \/>\n<meta property=\"og:title\" content=\"Draft Rregullorja p\u00ebr dhenien e dekoratave n\u00eb Statutin e Komun\u00ebs s\u00eb Ulqinit - Salaj: Duhen te behen ndryshime - Lajme nga Ulqini\" \/>\n<meta property=\"og:description\" content=\"Propozimi q\u00eb ish ambasadorja e gjermanis\u00eb n\u00eb Mal t\u00eb Zi Gudrun Shtajnaker t\u00eb shpallet qytetare nderi e Ulqinit, ka hasur n\u00eb pengesat e para. Sipas\" \/>\n<meta property=\"og:url\" content=\"https:\/\/www.visit-ulcinj.com\/blog\/2017\/02\/13\/draft-rregullorja-per-dhenien-e-dekoratave-ne-statutin-e-komunes-se-ulqinit-salaj-duhen-te-behen-ndryshime\/\" \/>\n<meta property=\"og:site_name\" content=\"Lajme nga Ulqini\" \/>\n<meta property=\"article:published_time\" content=\"2017-02-13T18:22:57+00:00\" \/>\n<meta name=\"twitter:label1\" content=\"Written by\" \/>\n\t<meta name=\"twitter:data1\" content=\"ulqini\" \/>\n\t<meta name=\"twitter:label2\" content=\"Est. reading time\" \/>\n\t<meta name=\"twitter:data2\" content=\"1 minute\" \/>\n<script type=\"application\/ld+json\" class=\"yoast-schema-graph\">{\"@context\":\"https:\/\/schema.org\",\"@graph\":[{\"@type\":\"WebSite\",\"@id\":\"https:\/\/www.visit-ulcinj.com\/blog\/#website\",\"url\":\"https:\/\/www.visit-ulcinj.com\/blog\/\",\"name\":\"Lajme nga Ulqini\",\"description\":\"Lajme,Vijesti,Ulqini,Ulqin,Crna Gora,Mali i Zi\",\"potentialAction\":[{\"@type\":\"SearchAction\",\"target\":{\"@type\":\"EntryPoint\",\"urlTemplate\":\"https:\/\/www.visit-ulcinj.com\/blog\/?s={search_term_string}\"},\"query-input\":\"required name=search_term_string\"}],\"inLanguage\":\"en-US\"},{\"@type\":\"WebPage\",\"@id\":\"https:\/\/www.visit-ulcinj.com\/blog\/2017\/02\/13\/draft-rregullorja-per-dhenien-e-dekoratave-ne-statutin-e-komunes-se-ulqinit-salaj-duhen-te-behen-ndryshime\/#webpage\",\"url\":\"https:\/\/www.visit-ulcinj.com\/blog\/2017\/02\/13\/draft-rregullorja-per-dhenien-e-dekoratave-ne-statutin-e-komunes-se-ulqinit-salaj-duhen-te-behen-ndryshime\/\",\"name\":\"Draft Rregullorja p\u00ebr dhenien e dekoratave n\u00eb Statutin e Komun\u00ebs s\u00eb Ulqinit - Salaj: Duhen te behen ndryshime - Lajme nga Ulqini\",\"isPartOf\":{\"@id\":\"https:\/\/www.visit-ulcinj.com\/blog\/#website\"},\"datePublished\":\"2017-02-13T18:22:57+00:00\",\"dateModified\":\"2017-02-13T18:22:57+00:00\",\"author\":{\"@id\":\"https:\/\/www.visit-ulcinj.com\/blog\/#\/schema\/person\/dcab619c614d3038751c63bc2aadc06d\"},\"description\":\"Propozimi q\u00eb ish ambasadorja e gjermanis\u00eb n\u00eb Mal t\u00eb Zi Gudrun Shtajnaker t\u00eb shpallet qytetare nderi e Ulqinit, ka hasur n\u00eb pengesat e para. Sipas\",\"breadcrumb\":{\"@id\":\"https:\/\/www.visit-ulcinj.com\/blog\/2017\/02\/13\/draft-rregullorja-per-dhenien-e-dekoratave-ne-statutin-e-komunes-se-ulqinit-salaj-duhen-te-behen-ndryshime\/#breadcrumb\"},\"inLanguage\":\"en-US\",\"potentialAction\":[{\"@type\":\"ReadAction\",\"target\":[\"https:\/\/www.visit-ulcinj.com\/blog\/2017\/02\/13\/draft-rregullorja-per-dhenien-e-dekoratave-ne-statutin-e-komunes-se-ulqinit-salaj-duhen-te-behen-ndryshime\/\"]}]},{\"@type\":\"BreadcrumbList\",\"@id\":\"https:\/\/www.visit-ulcinj.com\/blog\/2017\/02\/13\/draft-rregullorja-per-dhenien-e-dekoratave-ne-statutin-e-komunes-se-ulqinit-salaj-duhen-te-behen-ndryshime\/#breadcrumb\",\"itemListElement\":[{\"@type\":\"ListItem\",\"position\":1,\"name\":\"Draft Rregullorja p\u00ebr dhenien e dekoratave n\u00eb Statutin e Komun\u00ebs s\u00eb Ulqinit &#8211; Salaj: Duhen te behen ndryshime\"}]},{\"@type\":\"Person\",\"@id\":\"https:\/\/www.visit-ulcinj.com\/blog\/#\/schema\/person\/dcab619c614d3038751c63bc2aadc06d\",\"name\":\"ulqini\",\"sameAs\":[\"http:\/\/www.visit-ulcinj.com\"],\"url\":\"https:\/\/www.visit-ulcinj.com\/blog\/author\/admin\/\"}]}<\/script>\n<!-- \/ Yoast SEO plugin. -->","yoast_head_json":{"title":"Draft Rregullorja p\u00ebr dhenien e dekoratave n\u00eb Statutin e Komun\u00ebs s\u00eb Ulqinit - Salaj: Duhen te behen ndryshime - Lajme nga Ulqini","description":"Propozimi q\u00eb ish ambasadorja e gjermanis\u00eb n\u00eb Mal t\u00eb Zi Gudrun Shtajnaker t\u00eb shpallet qytetare nderi e Ulqinit, ka hasur n\u00eb pengesat e para. Sipas","robots":{"index":"index","follow":"follow","max-snippet":"max-snippet:-1","max-image-preview":"max-image-preview:large","max-video-preview":"max-video-preview:-1"},"canonical":"https:\/\/www.visit-ulcinj.com\/blog\/2017\/02\/13\/draft-rregullorja-per-dhenien-e-dekoratave-ne-statutin-e-komunes-se-ulqinit-salaj-duhen-te-behen-ndryshime\/","og_locale":"en_US","og_type":"article","og_title":"Draft Rregullorja p\u00ebr dhenien e dekoratave n\u00eb Statutin e Komun\u00ebs s\u00eb Ulqinit - Salaj: Duhen te behen ndryshime - Lajme nga Ulqini","og_description":"Propozimi q\u00eb ish ambasadorja e gjermanis\u00eb n\u00eb Mal t\u00eb Zi Gudrun Shtajnaker t\u00eb shpallet qytetare nderi e Ulqinit, ka hasur n\u00eb pengesat e para. Sipas","og_url":"https:\/\/www.visit-ulcinj.com\/blog\/2017\/02\/13\/draft-rregullorja-per-dhenien-e-dekoratave-ne-statutin-e-komunes-se-ulqinit-salaj-duhen-te-behen-ndryshime\/","og_site_name":"Lajme nga Ulqini","article_published_time":"2017-02-13T18:22:57+00:00","twitter_misc":{"Written by":"ulqini","Est. reading time":"1 minute"},"schema":{"@context":"https:\/\/schema.org","@graph":[{"@type":"WebSite","@id":"https:\/\/www.visit-ulcinj.com\/blog\/#website","url":"https:\/\/www.visit-ulcinj.com\/blog\/","name":"Lajme nga Ulqini","description":"Lajme,Vijesti,Ulqini,Ulqin,Crna Gora,Mali i Zi","potentialAction":[{"@type":"SearchAction","target":{"@type":"EntryPoint","urlTemplate":"https:\/\/www.visit-ulcinj.com\/blog\/?s={search_term_string}"},"query-input":"required name=search_term_string"}],"inLanguage":"en-US"},{"@type":"WebPage","@id":"https:\/\/www.visit-ulcinj.com\/blog\/2017\/02\/13\/draft-rregullorja-per-dhenien-e-dekoratave-ne-statutin-e-komunes-se-ulqinit-salaj-duhen-te-behen-ndryshime\/#webpage","url":"https:\/\/www.visit-ulcinj.com\/blog\/2017\/02\/13\/draft-rregullorja-per-dhenien-e-dekoratave-ne-statutin-e-komunes-se-ulqinit-salaj-duhen-te-behen-ndryshime\/","name":"Draft Rregullorja p\u00ebr dhenien e dekoratave n\u00eb Statutin e Komun\u00ebs s\u00eb Ulqinit - Salaj: Duhen te behen ndryshime - Lajme nga Ulqini","isPartOf":{"@id":"https:\/\/www.visit-ulcinj.com\/blog\/#website"},"datePublished":"2017-02-13T18:22:57+00:00","dateModified":"2017-02-13T18:22:57+00:00","author":{"@id":"https:\/\/www.visit-ulcinj.com\/blog\/#\/schema\/person\/dcab619c614d3038751c63bc2aadc06d"},"description":"Propozimi q\u00eb ish ambasadorja e gjermanis\u00eb n\u00eb Mal t\u00eb Zi Gudrun Shtajnaker t\u00eb shpallet qytetare nderi e Ulqinit, ka hasur n\u00eb pengesat e para. Sipas","breadcrumb":{"@id":"https:\/\/www.visit-ulcinj.com\/blog\/2017\/02\/13\/draft-rregullorja-per-dhenien-e-dekoratave-ne-statutin-e-komunes-se-ulqinit-salaj-duhen-te-behen-ndryshime\/#breadcrumb"},"inLanguage":"en-US","potentialAction":[{"@type":"ReadAction","target":["https:\/\/www.visit-ulcinj.com\/blog\/2017\/02\/13\/draft-rregullorja-per-dhenien-e-dekoratave-ne-statutin-e-komunes-se-ulqinit-salaj-duhen-te-behen-ndryshime\/"]}]},{"@type":"BreadcrumbList","@id":"https:\/\/www.visit-ulcinj.com\/blog\/2017\/02\/13\/draft-rregullorja-per-dhenien-e-dekoratave-ne-statutin-e-komunes-se-ulqinit-salaj-duhen-te-behen-ndryshime\/#breadcrumb","itemListElement":[{"@type":"ListItem","position":1,"name":"Draft Rregullorja p\u00ebr dhenien e dekoratave n\u00eb Statutin e Komun\u00ebs s\u00eb Ulqinit &#8211; Salaj: Duhen te behen ndryshime"}]},{"@type":"Person","@id":"https:\/\/www.visit-ulcinj.com\/blog\/#\/schema\/person\/dcab619c614d3038751c63bc2aadc06d","name":"ulqini","sameAs":["http:\/\/www.visit-ulcinj.com"],"url":"https:\/\/www.visit-ulcinj.com\/blog\/author\/admin\/"}]}},"jetpack_featured_media_url":"","jetpack_sharing_enabled":true,"jetpack_shortlink":"https:\/\/wp.me\/pe6lTn-qMc","_links":{"self":[{"href":"https:\/\/www.visit-ulcinj.com\/blog\/wp-json\/wp\/v2\/posts\/102932"}],"collection":[{"href":"https:\/\/www.visit-ulcinj.com\/blog\/wp-json\/wp\/v2\/posts"}],"about":[{"href":"https:\/\/www.visit-ulcinj.com\/blog\/wp-json\/wp\/v2\/types\/post"}],"author":[{"embeddable":true,"href":"https:\/\/www.visit-ulcinj.com\/blog\/wp-json\/wp\/v2\/users\/1"}],"replies":[{"embeddable":true,"href":"https:\/\/www.visit-ulcinj.com\/blog\/wp-json\/wp\/v2\/comments?post=102932"}],"version-history":[{"count":1,"href":"https:\/\/www.visit-ulcinj.com\/blog\/wp-json\/wp\/v2\/posts\/102932\/revisions"}],"predecessor-version":[{"id":102934,"href":"https:\/\/www.visit-ulcinj.com\/blog\/wp-json\/wp\/v2\/posts\/102932\/revisions\/102934"}],"wp:attachment":[{"href":"https:\/\/www.visit-ulcinj.com\/blog\/wp-json\/wp\/v2\/media?parent=102932"}],"wp:term":[{"taxonomy":"category","embeddable":true,"href":"https:\/\/www.visit-ulcinj.com\/blog\/wp-json\/wp\/v2\/categories?post=102932"},{"taxonomy":"post_tag","embeddable":true,"href":"https:\/\/www.visit-ulcinj.com\/blog\/wp-json\/wp\/v2\/tags?post=102932"}],"curies":[{"name":"wp","href":"https:\/\/api.w.org\/{rel}","templated":true}]}}