{"id":102935,"date":"2017-02-13T23:52:59","date_gmt":"2017-02-13T22:52:59","guid":{"rendered":"http:\/\/www.visit-ulcinj.com\/blog\/?p=102935"},"modified":"2017-02-13T23:52:59","modified_gmt":"2017-02-13T22:52:59","slug":"gjeka-nimanbegu-uzurpoi-institucionet-e-kksh-se","status":"publish","type":"post","link":"https:\/\/www.visit-ulcinj.com\/blog\/2017\/02\/13\/gjeka-nimanbegu-uzurpoi-institucionet-e-kksh-se\/","title":{"rendered":"Gjeka: Nimanbegu uzurpoi institucionet e KKSH-s\u00eb"},"content":{"rendered":"<p><a href=\"http:\/\/www.visit-ulcinj.com\/blog\/wp-content\/uploads\/2014\/02\/fatmir-gjeka-genci-nimanbegu.jpg\"><img loading=\"lazy\" class=\"alignleft wp-image-79531\" src=\"http:\/\/www.visit-ulcinj.com\/blog\/wp-content\/uploads\/2014\/02\/fatmir-gjeka-genci-nimanbegu.jpg\" alt=\"fatmir-gjeka-genci-nimanbegu\" width=\"508\" height=\"383\" srcset=\"https:\/\/www.visit-ulcinj.com\/blog\/wp-content\/uploads\/2014\/02\/fatmir-gjeka-genci-nimanbegu.jpg 407w, https:\/\/www.visit-ulcinj.com\/blog\/wp-content\/uploads\/2014\/02\/fatmir-gjeka-genci-nimanbegu-300x226.jpg 300w\" sizes=\"(max-width: 508px) 100vw, 508px\" \/><\/a>Kryetari i Partis\u00eb demokratike Fatmir Gjeka deklaroi se bojkoton pun\u00ebn e K\u00ebshillit komb\u00ebtar t\u00eb Shqiptar\u00ebve (KKSH) prej momentit kur n\u00eb krye t\u00eb tij ndodhet funksionari i lart\u00eb i Forc\u00ebs s\u00eb re demokratike Genci Nimanbegu.<\/p>\n<p>\u201cKKSH p\u00ebr Shqiptar\u00ebt nuk b\u00ebn\u00eb asgj\u00eb dhe ai praktikisht nuk ekziston. K\u00ebshilli ekziston n\u00eb ligj, ka njer\u00ebz q\u00eb punojn\u00eb atje\u201d, tha Gjeka p\u00ebr \u201cTV Vijesti\u201d, raporton portali Ul.info.<\/p>\n<p>Ai shtoi se do t\u00eb vazhdoj\u00eb bojkotin e k\u00ebtij institucion gjersa t\u00eb zgjedhjet nj\u00eb p\u00ebrb\u00ebrje tjet\u00ebr. \u201cQ\u00eb aty t\u00eb jen\u00eb njer\u00ebzit q\u00eb nuk jan\u00eb t\u00eb ky\u00e7ur n\u00eb politik\u00eb, t\u00eb cil\u00ebt mund t\u00eb japin kontribut m\u00eb t\u00eb madh n\u00eb disa sfera tjera t\u00eb jet\u00ebs s\u00eb Shqiptar\u00ebve, e jo dikush q\u00eb uzurpon dhe familjarizon KKSH-n\u00eb\u201d, theksoi lideri i PD-s\u00eb duke p\u00ebrs\u00ebritur q\u00eb \u201cNimanbegu nuk \u00ebsht\u00eb dhe nuk mund t\u00eb jet\u00eb, edhe pse ai do t\u00eb d\u00ebshironte, p\u00ebrfaq\u00ebsues i t\u00eb gjith\u00eb Shqiptar\u00ebve n\u00eb Kuvendin e Malit t\u00eb Zi\u201d.<\/p>\n","protected":false},"excerpt":{"rendered":"<p>Kryetari i Partis\u00eb demokratike Fatmir Gjeka deklaroi se bojkoton pun\u00ebn e K\u00ebshillit komb\u00ebtar t\u00eb Shqiptar\u00ebve (KKSH) prej momentit kur n\u00eb krye t\u00eb tij ndodhet funksionari i lart\u00eb i Forc\u00ebs s\u00eb re demokratike Genci Nimanbegu. \u201cKKSH p\u00ebr Shqiptar\u00ebt nuk b\u00ebn\u00eb asgj\u00eb dhe ai praktikisht nuk ekziston. K\u00ebshilli ekziston n\u00eb ligj, ka njer\u00ebz q\u00eb punojn\u00eb atje\u201d, tha [&hellip;]<\/p>\n","protected":false},"author":1,"featured_media":0,"comment_status":"closed","ping_status":"closed","sticky":false,"template":"","format":"standard","meta":{"spay_email":"","jetpack_publicize_message":"","jetpack_is_tweetstorm":false,"jetpack_publicize_feature_enabled":true},"categories":[4],"tags":[],"jetpack_publicize_connections":[],"yoast_head":"<!-- This site is optimized with the Yoast SEO plugin v19.1 - https:\/\/yoast.com\/wordpress\/plugins\/seo\/ -->\n<title>Gjeka: Nimanbegu uzurpoi institucionet e KKSH-s\u00eb - Lajme nga Ulqini<\/title>\n<meta name=\"description\" content=\"Kryetari i Partis\u00eb demokratike Fatmir Gjeka deklaroi se bojkoton pun\u00ebn e K\u00ebshillit komb\u00ebtar t\u00eb Shqiptar\u00ebve (KKSH) prej momentit kur n\u00eb krye t\u00eb tij ndodhet\" \/>\n<meta name=\"robots\" content=\"index, follow, max-snippet:-1, max-image-preview:large, max-video-preview:-1\" \/>\n<link rel=\"canonical\" href=\"https:\/\/www.visit-ulcinj.com\/blog\/2017\/02\/13\/gjeka-nimanbegu-uzurpoi-institucionet-e-kksh-se\/\" \/>\n<meta property=\"og:locale\" content=\"en_US\" \/>\n<meta property=\"og:type\" content=\"article\" \/>\n<meta property=\"og:title\" content=\"Gjeka: Nimanbegu uzurpoi institucionet e KKSH-s\u00eb - Lajme nga Ulqini\" \/>\n<meta property=\"og:description\" content=\"Kryetari i Partis\u00eb demokratike Fatmir Gjeka deklaroi se bojkoton pun\u00ebn e K\u00ebshillit komb\u00ebtar t\u00eb Shqiptar\u00ebve (KKSH) prej momentit kur n\u00eb krye t\u00eb tij ndodhet\" \/>\n<meta property=\"og:url\" content=\"https:\/\/www.visit-ulcinj.com\/blog\/2017\/02\/13\/gjeka-nimanbegu-uzurpoi-institucionet-e-kksh-se\/\" \/>\n<meta property=\"og:site_name\" content=\"Lajme nga Ulqini\" \/>\n<meta property=\"article:published_time\" content=\"2017-02-13T22:52:59+00:00\" \/>\n<meta property=\"og:image\" content=\"http:\/\/www.visit-ulcinj.com\/blog\/wp-content\/uploads\/2014\/02\/fatmir-gjeka-genci-nimanbegu.jpg\" \/>\n<meta name=\"twitter:label1\" content=\"Written by\" \/>\n\t<meta name=\"twitter:data1\" content=\"ulqini\" \/>\n\t<meta name=\"twitter:label2\" content=\"Est. reading time\" \/>\n\t<meta name=\"twitter:data2\" content=\"1 minute\" \/>\n<script type=\"application\/ld+json\" class=\"yoast-schema-graph\">{\"@context\":\"https:\/\/schema.org\",\"@graph\":[{\"@type\":\"WebSite\",\"@id\":\"https:\/\/www.visit-ulcinj.com\/blog\/#website\",\"url\":\"https:\/\/www.visit-ulcinj.com\/blog\/\",\"name\":\"Lajme nga Ulqini\",\"description\":\"Lajme,Vijesti,Ulqini,Ulqin,Crna Gora,Mali i Zi\",\"potentialAction\":[{\"@type\":\"SearchAction\",\"target\":{\"@type\":\"EntryPoint\",\"urlTemplate\":\"https:\/\/www.visit-ulcinj.com\/blog\/?s={search_term_string}\"},\"query-input\":\"required name=search_term_string\"}],\"inLanguage\":\"en-US\"},{\"@type\":\"ImageObject\",\"inLanguage\":\"en-US\",\"@id\":\"https:\/\/www.visit-ulcinj.com\/blog\/2017\/02\/13\/gjeka-nimanbegu-uzurpoi-institucionet-e-kksh-se\/#primaryimage\",\"url\":\"https:\/\/www.visit-ulcinj.com\/blog\/wp-content\/uploads\/2014\/02\/fatmir-gjeka-genci-nimanbegu.jpg\",\"contentUrl\":\"https:\/\/www.visit-ulcinj.com\/blog\/wp-content\/uploads\/2014\/02\/fatmir-gjeka-genci-nimanbegu.jpg\",\"width\":407,\"height\":307},{\"@type\":\"WebPage\",\"@id\":\"https:\/\/www.visit-ulcinj.com\/blog\/2017\/02\/13\/gjeka-nimanbegu-uzurpoi-institucionet-e-kksh-se\/#webpage\",\"url\":\"https:\/\/www.visit-ulcinj.com\/blog\/2017\/02\/13\/gjeka-nimanbegu-uzurpoi-institucionet-e-kksh-se\/\",\"name\":\"Gjeka: Nimanbegu uzurpoi institucionet e KKSH-s\u00eb - Lajme nga Ulqini\",\"isPartOf\":{\"@id\":\"https:\/\/www.visit-ulcinj.com\/blog\/#website\"},\"primaryImageOfPage\":{\"@id\":\"https:\/\/www.visit-ulcinj.com\/blog\/2017\/02\/13\/gjeka-nimanbegu-uzurpoi-institucionet-e-kksh-se\/#primaryimage\"},\"datePublished\":\"2017-02-13T22:52:59+00:00\",\"dateModified\":\"2017-02-13T22:52:59+00:00\",\"author\":{\"@id\":\"https:\/\/www.visit-ulcinj.com\/blog\/#\/schema\/person\/dcab619c614d3038751c63bc2aadc06d\"},\"description\":\"Kryetari i Partis\u00eb demokratike Fatmir Gjeka deklaroi se bojkoton pun\u00ebn e K\u00ebshillit komb\u00ebtar t\u00eb Shqiptar\u00ebve (KKSH) prej momentit kur n\u00eb krye t\u00eb tij ndodhet\",\"breadcrumb\":{\"@id\":\"https:\/\/www.visit-ulcinj.com\/blog\/2017\/02\/13\/gjeka-nimanbegu-uzurpoi-institucionet-e-kksh-se\/#breadcrumb\"},\"inLanguage\":\"en-US\",\"potentialAction\":[{\"@type\":\"ReadAction\",\"target\":[\"https:\/\/www.visit-ulcinj.com\/blog\/2017\/02\/13\/gjeka-nimanbegu-uzurpoi-institucionet-e-kksh-se\/\"]}]},{\"@type\":\"BreadcrumbList\",\"@id\":\"https:\/\/www.visit-ulcinj.com\/blog\/2017\/02\/13\/gjeka-nimanbegu-uzurpoi-institucionet-e-kksh-se\/#breadcrumb\",\"itemListElement\":[{\"@type\":\"ListItem\",\"position\":1,\"name\":\"Gjeka: Nimanbegu uzurpoi institucionet e KKSH-s\u00eb\"}]},{\"@type\":\"Person\",\"@id\":\"https:\/\/www.visit-ulcinj.com\/blog\/#\/schema\/person\/dcab619c614d3038751c63bc2aadc06d\",\"name\":\"ulqini\",\"sameAs\":[\"http:\/\/www.visit-ulcinj.com\"],\"url\":\"https:\/\/www.visit-ulcinj.com\/blog\/author\/admin\/\"}]}<\/script>\n<!-- \/ Yoast SEO plugin. -->","yoast_head_json":{"title":"Gjeka: Nimanbegu uzurpoi institucionet e KKSH-s\u00eb - Lajme nga Ulqini","description":"Kryetari i Partis\u00eb demokratike Fatmir Gjeka deklaroi se bojkoton pun\u00ebn e K\u00ebshillit komb\u00ebtar t\u00eb Shqiptar\u00ebve (KKSH) prej momentit kur n\u00eb krye t\u00eb tij ndodhet","robots":{"index":"index","follow":"follow","max-snippet":"max-snippet:-1","max-image-preview":"max-image-preview:large","max-video-preview":"max-video-preview:-1"},"canonical":"https:\/\/www.visit-ulcinj.com\/blog\/2017\/02\/13\/gjeka-nimanbegu-uzurpoi-institucionet-e-kksh-se\/","og_locale":"en_US","og_type":"article","og_title":"Gjeka: Nimanbegu uzurpoi institucionet e KKSH-s\u00eb - Lajme nga Ulqini","og_description":"Kryetari i Partis\u00eb demokratike Fatmir Gjeka deklaroi se bojkoton pun\u00ebn e K\u00ebshillit komb\u00ebtar t\u00eb Shqiptar\u00ebve (KKSH) prej momentit kur n\u00eb krye t\u00eb tij ndodhet","og_url":"https:\/\/www.visit-ulcinj.com\/blog\/2017\/02\/13\/gjeka-nimanbegu-uzurpoi-institucionet-e-kksh-se\/","og_site_name":"Lajme nga Ulqini","article_published_time":"2017-02-13T22:52:59+00:00","og_image":[{"url":"http:\/\/www.visit-ulcinj.com\/blog\/wp-content\/uploads\/2014\/02\/fatmir-gjeka-genci-nimanbegu.jpg"}],"twitter_misc":{"Written by":"ulqini","Est. reading time":"1 minute"},"schema":{"@context":"https:\/\/schema.org","@graph":[{"@type":"WebSite","@id":"https:\/\/www.visit-ulcinj.com\/blog\/#website","url":"https:\/\/www.visit-ulcinj.com\/blog\/","name":"Lajme nga Ulqini","description":"Lajme,Vijesti,Ulqini,Ulqin,Crna Gora,Mali i Zi","potentialAction":[{"@type":"SearchAction","target":{"@type":"EntryPoint","urlTemplate":"https:\/\/www.visit-ulcinj.com\/blog\/?s={search_term_string}"},"query-input":"required name=search_term_string"}],"inLanguage":"en-US"},{"@type":"ImageObject","inLanguage":"en-US","@id":"https:\/\/www.visit-ulcinj.com\/blog\/2017\/02\/13\/gjeka-nimanbegu-uzurpoi-institucionet-e-kksh-se\/#primaryimage","url":"https:\/\/www.visit-ulcinj.com\/blog\/wp-content\/uploads\/2014\/02\/fatmir-gjeka-genci-nimanbegu.jpg","contentUrl":"https:\/\/www.visit-ulcinj.com\/blog\/wp-content\/uploads\/2014\/02\/fatmir-gjeka-genci-nimanbegu.jpg","width":407,"height":307},{"@type":"WebPage","@id":"https:\/\/www.visit-ulcinj.com\/blog\/2017\/02\/13\/gjeka-nimanbegu-uzurpoi-institucionet-e-kksh-se\/#webpage","url":"https:\/\/www.visit-ulcinj.com\/blog\/2017\/02\/13\/gjeka-nimanbegu-uzurpoi-institucionet-e-kksh-se\/","name":"Gjeka: Nimanbegu uzurpoi institucionet e KKSH-s\u00eb - Lajme nga Ulqini","isPartOf":{"@id":"https:\/\/www.visit-ulcinj.com\/blog\/#website"},"primaryImageOfPage":{"@id":"https:\/\/www.visit-ulcinj.com\/blog\/2017\/02\/13\/gjeka-nimanbegu-uzurpoi-institucionet-e-kksh-se\/#primaryimage"},"datePublished":"2017-02-13T22:52:59+00:00","dateModified":"2017-02-13T22:52:59+00:00","author":{"@id":"https:\/\/www.visit-ulcinj.com\/blog\/#\/schema\/person\/dcab619c614d3038751c63bc2aadc06d"},"description":"Kryetari i Partis\u00eb demokratike Fatmir Gjeka deklaroi se bojkoton pun\u00ebn e K\u00ebshillit komb\u00ebtar t\u00eb Shqiptar\u00ebve (KKSH) prej momentit kur n\u00eb krye t\u00eb tij ndodhet","breadcrumb":{"@id":"https:\/\/www.visit-ulcinj.com\/blog\/2017\/02\/13\/gjeka-nimanbegu-uzurpoi-institucionet-e-kksh-se\/#breadcrumb"},"inLanguage":"en-US","potentialAction":[{"@type":"ReadAction","target":["https:\/\/www.visit-ulcinj.com\/blog\/2017\/02\/13\/gjeka-nimanbegu-uzurpoi-institucionet-e-kksh-se\/"]}]},{"@type":"BreadcrumbList","@id":"https:\/\/www.visit-ulcinj.com\/blog\/2017\/02\/13\/gjeka-nimanbegu-uzurpoi-institucionet-e-kksh-se\/#breadcrumb","itemListElement":[{"@type":"ListItem","position":1,"name":"Gjeka: Nimanbegu uzurpoi institucionet e KKSH-s\u00eb"}]},{"@type":"Person","@id":"https:\/\/www.visit-ulcinj.com\/blog\/#\/schema\/person\/dcab619c614d3038751c63bc2aadc06d","name":"ulqini","sameAs":["http:\/\/www.visit-ulcinj.com"],"url":"https:\/\/www.visit-ulcinj.com\/blog\/author\/admin\/"}]}},"jetpack_featured_media_url":"","jetpack_sharing_enabled":true,"jetpack_shortlink":"https:\/\/wp.me\/pe6lTn-qMf","_links":{"self":[{"href":"https:\/\/www.visit-ulcinj.com\/blog\/wp-json\/wp\/v2\/posts\/102935"}],"collection":[{"href":"https:\/\/www.visit-ulcinj.com\/blog\/wp-json\/wp\/v2\/posts"}],"about":[{"href":"https:\/\/www.visit-ulcinj.com\/blog\/wp-json\/wp\/v2\/types\/post"}],"author":[{"embeddable":true,"href":"https:\/\/www.visit-ulcinj.com\/blog\/wp-json\/wp\/v2\/users\/1"}],"replies":[{"embeddable":true,"href":"https:\/\/www.visit-ulcinj.com\/blog\/wp-json\/wp\/v2\/comments?post=102935"}],"version-history":[{"count":1,"href":"https:\/\/www.visit-ulcinj.com\/blog\/wp-json\/wp\/v2\/posts\/102935\/revisions"}],"predecessor-version":[{"id":102936,"href":"https:\/\/www.visit-ulcinj.com\/blog\/wp-json\/wp\/v2\/posts\/102935\/revisions\/102936"}],"wp:attachment":[{"href":"https:\/\/www.visit-ulcinj.com\/blog\/wp-json\/wp\/v2\/media?parent=102935"}],"wp:term":[{"taxonomy":"category","embeddable":true,"href":"https:\/\/www.visit-ulcinj.com\/blog\/wp-json\/wp\/v2\/categories?post=102935"},{"taxonomy":"post_tag","embeddable":true,"href":"https:\/\/www.visit-ulcinj.com\/blog\/wp-json\/wp\/v2\/tags?post=102935"}],"curies":[{"name":"wp","href":"https:\/\/api.w.org\/{rel}","templated":true}]}}