{"id":102937,"date":"2017-02-14T08:22:29","date_gmt":"2017-02-14T07:22:29","guid":{"rendered":"http:\/\/www.visit-ulcinj.com\/blog\/?p=102937"},"modified":"2017-02-15T22:38:07","modified_gmt":"2017-02-15T21:38:07","slug":"zeneli-ulqini-qyteti-ndertimeve-te-pa-kontrolluara","status":"publish","type":"post","link":"https:\/\/www.visit-ulcinj.com\/blog\/2017\/02\/14\/zeneli-ulqini-qyteti-ndertimeve-te-pa-kontrolluara\/","title":{"rendered":"Zeneli: Ulqini &#8211; Qyteti i nd\u00ebrtimeve t\u00eb pa kontrolluara !?"},"content":{"rendered":"<p class=\"m_-1516268629042885985p1\"><strong><span class=\"m_-1516268629042885985s1\"><span class=\"m_-1516268629042885985Apple-converted-space\">\u00a0\u00a0<a href=\"http:\/\/www.visit-ulcinj.com\/blog\/wp-content\/uploads\/2017\/02\/Ulqini-Qyteti-i-nd\u00ebrtimeve-t\u00eb-pa-kontrolluara.jpg\"><img loading=\"lazy\" class=\"alignleft wp-image-102938\" src=\"http:\/\/www.visit-ulcinj.com\/blog\/wp-content\/uploads\/2017\/02\/Ulqini-Qyteti-i-nd\u00ebrtimeve-t\u00eb-pa-kontrolluara.jpg\" alt=\"Ulqini - Qyteti i nd\u00ebrtimeve t\u00eb pa kontrolluara\" width=\"508\" height=\"229\" srcset=\"https:\/\/www.visit-ulcinj.com\/blog\/wp-content\/uploads\/2017\/02\/Ulqini-Qyteti-i-nd\u00ebrtimeve-t\u00eb-pa-kontrolluara.jpg 811w, https:\/\/www.visit-ulcinj.com\/blog\/wp-content\/uploads\/2017\/02\/Ulqini-Qyteti-i-nd\u00ebrtimeve-t\u00eb-pa-kontrolluara-300x135.jpg 300w, https:\/\/www.visit-ulcinj.com\/blog\/wp-content\/uploads\/2017\/02\/Ulqini-Qyteti-i-nd\u00ebrtimeve-t\u00eb-pa-kontrolluara-768x346.jpg 768w\" sizes=\"(max-width: 508px) 100vw, 508px\" \/><\/a> <\/span><\/span><\/strong><\/p>\n<p class=\"m_-1516268629042885985p1\"><strong><span class=\"m_-1516268629042885985s1\"><span class=\"m_-1516268629042885985Apple-converted-space\">\u00a0 <\/span>(Mos efikasiteti i pushtetit e ligjit dhe pap\u00ebrgjegj\u00ebsia e qytetar\u00ebve, shkak i gjendjes s\u00eb tanishme alarmante )<\/span><\/strong><\/p>\n<p class=\"m_-1516268629042885985p1\"><span class=\"m_-1516268629042885985s1\"><span class=\"m_-1516268629042885985Apple-converted-space\">\u00a0 \u00a0 \u00a0 <\/span>Si duket \u00e7\u00ebshtja e nd\u00ebrtimeve t\u00eb pa kontrolluara n\u00eb Komun\u00ebn e Ulqinit, q\u00eb shpesh\u00ebher\u00eb preferojm\u00eb t&#8217;i quajm\u00eb nd\u00ebrtime t\u00eb &#8221; egra&#8221;,<span class=\"m_-1516268629042885985Apple-converted-space\">\u00a0 <\/span>aktualizohet vet\u00ebm n\u00eb prag t\u00eb sezonit veror. Por, n\u00eb t\u00eb vertet\u00eb \u00ebsht\u00eb nj\u00eb problem aq serioz i cili k\u00ebrkon v\u00ebmendjen dhe me t\u00eb cilin do t\u00eb duheshin t\u00eb merren autoritetet kompetente gjat\u00eb t\u00ebr\u00eb koh\u00ebs. Injorimi i angazhimit t\u00eb metodave parandaluese t\u00eb dukuris\u00eb n\u00eb fjal\u00eb, p\u00ebr nj\u00eb koh\u00eb t\u00eb gjat\u00eb, e ka sjellur gjendjen sot, para nj\u00eb &#8220;fait accompli&#8221;, ku d\u00ebmi ndaj qytetit, ve\u00e7se \u00ebsht\u00eb shkaktuar.<\/span><\/p>\n<p class=\"m_-1516268629042885985p1\"><span class=\"m_-1516268629042885985s1\"><span class=\"m_-1516268629042885985Apple-converted-space\">\u00a0\u00a0 \u00a0 <\/span>Mesazhet dhe deklaratat q\u00eb vijn\u00eb koh\u00ebve t\u00eb fundit nga pushteti lokal i Komun\u00ebs nuk jan\u00eb konsistente. N\u00eb Dhjetor t\u00eb vitit t\u00eb kaluar Kuvendi i Kumun\u00ebs s\u00eb Ulqinit,<span class=\"m_-1516268629042885985Apple-converted-space\">\u00a0 <\/span>miratoi Propozim Planin Hap\u00ebsinor-Urbanistik p\u00ebr territorin e vet.N\u00eb t\u00eb nj\u00ebjt\u00ebn koh\u00eb udh\u00ebheq\u00ebsit e pushtetit lokal paralajm\u00ebruan &#8221; masa rigoroze p\u00ebr ndalimin e nd\u00ebrtimit t\u00eb eg\u00ebr&#8221;. Kurse n\u00eb fillim t\u00eb k\u00ebtij muaji ,n\u00eb portalin informativ t\u00eb Komun\u00ebs s\u00eb Ulqinit,( t\u00eb dat\u00ebs 6 Shkurt 2017 ), kryetari i tanish\u00ebm i KU shpreh shqet\u00ebsimin e tij, n\u00eb k\u00ebt\u00eb aspekt, lidhur me &#8220;munges\u00ebn e mund\u00ebsis\u00eb s\u00eb intervenimit &#8220;, nga ana e Komun\u00ebs. Kur k\u00ebsaj i shtohet edhe fakti se Ligji p\u00ebr legalizimin e objekteve \u00ebsht\u00eb n\u00eb pritje e sip\u00ebr, p\u00ebrfitohet nj\u00eb pasqyr\u00eb e paqart\u00eb dhe nj\u00eb ndjenj\u00eb hutimi tek qytetar\u00ebt e Ulqinit.<\/span><\/p>\n<p class=\"m_-1516268629042885985p1\"><span class=\"m_-1516268629042885985s1\">Vlen t\u00eb theksohet se p\u00ebr gjendjen alarmante t\u00eb nd\u00ebrtimeve t\u00eb &#8220;egra&#8221; ka p\u00ebrgjegj\u00ebsi, jo vet\u00ebm pushteti i tanish\u00ebm, por t\u00eb gjitha administratat e m\u00ebparshme t\u00eb qeverisjes lokale t\u00eb Komun\u00ebs s\u00eb Ulqinit.<\/span><\/p>\n<p class=\"m_-1516268629042885985p1\"><span class=\"m_-1516268629042885985s1\"><span class=\"m_-1516268629042885985Apple-converted-space\">\u00a0 \u00a0 \u00a0 <\/span>Megjthate, mos vendosm\u00ebria, mos<span class=\"m_-1516268629042885985Apple-converted-space\">\u00a0 <\/span>efikasiteti dhe mos veprimi i organeve relevante t\u00eb pushtetit lokal, nuk do t\u00eb duhej t\u00eb jen\u00eb arsy apo inkurajim p\u00ebr individ t\u00eb caktuar<span class=\"m_-1516268629042885985Apple-converted-space\">\u00a0 <\/span>q\u00eb t\u00eb nd\u00ebrtojn\u00eb objekte<span class=\"m_-1516268629042885985Apple-converted-space\">\u00a0 <\/span>pa leje!.<\/span><\/p>\n<p class=\"m_-1516268629042885985p1\"><span class=\"m_-1516268629042885985s1\">Ku \u00ebsht\u00eb p\u00ebrgjegj\u00ebsia morale qytetare ?<\/span><\/p>\n<p class=\"m_-1516268629042885985p1\"><span class=\"m_-1516268629042885985s1\"><span class=\"m_-1516268629042885985Apple-converted-space\">\u00a0\u00a0 \u00a0 <\/span>Derisa nj\u00eb pjes\u00eb e p\u00ebrgjegj\u00ebsis\u00eb i takon administrat\u00ebs udh\u00ebheq\u00ebse t\u00eb Komun\u00ebs, pjesa tjet\u00ebr e p\u00ebrgjegj\u00ebsis\u00eb bjen mbi ata qytetar\u00eb t\u00eb cil\u00ebt nd\u00ebrtojn\u00eb objekte n\u00eb m\u00ebnyr\u00eb ilegale.Nd\u00ebrtimi i objekteve ilegale<span class=\"m_-1516268629042885985Apple-converted-space\">\u00a0 <\/span>n\u00eb Komun\u00ebn e Ulqinit \u00ebsht\u00eb nj\u00eb epidemi q\u00eb ka p\u00ebrfshi k\u00ebte qytet tash nj\u00eb koh\u00eb t\u00eb gjat\u00eb dhe nga e cila nuk shihet sh\u00ebrim n\u00eb nj\u00eb t\u00eb ardhme t\u00eb af\u00ebrt.<span class=\"m_-1516268629042885985Apple-converted-space\">\u00a0<\/span><\/span><\/p>\n<p class=\"m_-1516268629042885985p1\"><span class=\"m_-1516268629042885985s1\"><span class=\"m_-1516268629042885985Apple-converted-space\">\u00a0\u00a0 \u00a0 <\/span>Derisa shktat\u00ebrrimi i hoteleve t\u00eb njohura n\u00eb Ulqin u b\u00eb me dor\u00ebn e t\u00eb tjer\u00ebve gjat\u00eb<span class=\"m_-1516268629042885985Apple-converted-space\">\u00a0 <\/span>dekadave t\u00eb kaluara, sot me dor\u00ebn dhe kontributin ton\u00eb , p\u00ebrmes nd\u00ebrtimeve t\u00eb pa rregullta ,po sh\u00ebmtojn\u00eb bukurin\u00eb dhe rendin urbanistik t\u00eb qytetit ton\u00eb.<\/span><\/p>\n<p class=\"m_-1516268629042885985p1\"><span class=\"m_-1516268629042885985s1\"><span class=\"m_-1516268629042885985Apple-converted-space\">\u00a0\u00a0 \u00a0 <\/span>Menj\u00ebher\u00eb si mbaron sezoni turistik i ver\u00ebs,<span class=\"m_-1516268629042885985Apple-converted-space\">\u00a0 <\/span>n\u00eb vjesht\u00eb t\u00eb \u00e7do viti ,fillon &#8220;gara&#8221; p\u00ebr p\u00ebrgatitjen e sezonit<span class=\"m_-1516268629042885985Apple-converted-space\">\u00a0 <\/span>t\u00eb ardhsh\u00ebm turistik duke u nd\u00ebrtuar nd\u00ebrtesa private pa plan nga qytetar\u00ebt pa p\u00ebrgjegj\u00ebs t\u00eb qytetit.Mjafton q\u00eb gjat\u00eb muajve t\u00eb vjesht\u00ebs t\u00eb kaloni rrug\u00ebs s\u00eb Shtojit ( rrug\u00eb e cila lidh\u00eb<span class=\"m_-1516268629042885985Apple-converted-space\">\u00a0 <\/span>qyetetin e Ulqinit, plazhin e Madh dhe vendbanimin e Shtojit) dhe do t\u00eb v\u00ebrtetohuni n\u00eb pamjet e objekteve t\u00eb reja t\u00eb cilat jan\u00eb n\u00eb nd\u00ebrtim e sip\u00ebr apo sapo ka filluar nd\u00ebrtimi i tyre.<\/span><\/p>\n<p class=\"m_-1516268629042885985p1\"><span class=\"m_-1516268629042885985s1\"><span class=\"m_-1516268629042885985Apple-converted-space\">\u00a0 \u00a0 \u00a0 <\/span>Jo vet\u00ebm q\u00eb nd\u00ebrtohet pa leje ,por k\u00ebto nd\u00ebrtime tejkalojn\u00eb normat elemantare t\u00eb nd\u00ebrtimit t\u00eb nj\u00eb shoq\u00ebrie civilizuese. Nd\u00ebrtohet pa rend ,pa rregull dhe n\u00eb shum\u00eb raste, nd\u00ebrtuesit e objekteve ,t\u00eb nxitur<span class=\"m_-1516268629042885985Apple-converted-space\">\u00a0 <\/span>nga interesi i vet personal nuk brengosen aspak p\u00ebr pasojat negative te veprimeve t\u00eb tyre n\u00eb urbanizimin legal dhe t\u00eb mir\u00ebfillt\u00eb<span class=\"m_-1516268629042885985Apple-converted-space\">\u00a0 <\/span>t\u00eb<span class=\"m_-1516268629042885985Apple-converted-space\">\u00a0 <\/span>qytetit . P\u00ebr shembull, disa rrug\u00eb<span class=\"m_-1516268629042885985Apple-converted-space\">\u00a0 <\/span>t\u00eb lagjeve n\u00eb Ulqin jan\u00eb tep\u00ebr t\u00eb ngushta sepse asnj\u00eb nga pronar\u00ebt e objekteve nd\u00ebrtimore ( n\u00eb t\u00eb dy an\u00ebn e rrug\u00ebs) nuk l\u00ebshojn\u00eb s\u00eb paku nj\u00eb gjys\u00ebm met\u00ebr distanc\u00eb me q\u00ebllim q\u00eb rruga t\u00eb ken\u00eb gjer\u00ebsin\u00eb e duhur p\u00ebr qarkullimin e automjeteve n\u00eb dy drejtime. Andaj, kemi stuat\u00ebn q\u00eb n\u00eb shum\u00eb lagje banuese t\u00eb qytetit, bllokohet komunikacioni posa\u00e7\u00ebrisht gjat\u00eb sezonit turistik veror, si pasoj\u00eb e vendimeve vetiake t\u00eb nd\u00ebrtues\u00ebve. Pra, askush nuk mendon p\u00ebr hap\u00ebsir\u00eb t\u00eb sh\u00ebrbimit publik nga e cila p\u00ebrfitojn\u00eb t\u00eb gjith\u00eb qytetar\u00ebt, n\u00eb k\u00ebt\u00eb rast, t\u00eb gjith\u00eb banor\u00ebt e lagj\u00ebs. Tjet\u00ebr, me rastin e nd\u00ebrtimeve pa plane ,posa\u00e7\u00ebrisht t\u00eb sht\u00ebpiave private nuk respektohet parimi i fqinj\u00ebsis\u00eb me \u00e7&#8217;rast ngriten sht\u00ebpi me mure shum\u00eb af\u00ebr nj\u00ebri tjetrit, apo rastet e shpeshta ku p.sh. p\u00ebrpara nj\u00eb sht\u00ebpie tre kat\u00ebshe, nd\u00ebrtohet nj\u00eb sht\u00ebpi tjet\u00ebr kat\u00ebrkat\u00ebshe dhe n\u00eb k\u00ebte m\u00ebnyr\u00eb i bllokon pamjen sht\u00ebpis\u00eb tjet\u00ebr m\u00eb pas. Kjo \u00ebsht\u00eb e shprehur posa\u00e7\u00ebrisht n\u00eb lagjet kodrinore t\u00eb Ulqinit.<\/span><\/p>\n<p class=\"m_-1516268629042885985p1\"><span class=\"m_-1516268629042885985s1\"><span class=\"m_-1516268629042885985Apple-converted-space\">\u00a0 \u00a0 \u00a0 <\/span>Kurse lejet e ashtuquajtura t\u00eb p\u00ebrkohshme t\u00eb cilat jepen koh\u00eb pas kohe nga organet kompetente t\u00eb Komun\u00ebs s\u00eb Ulqinit, \u00ebsht\u00eb nj\u00eb \u00e7\u00ebshtje e cila si duket paraqet m\u00eb shum\u00eb problem se sa zgjidhje. Nuk \u00ebsht\u00eb e qart\u00eb se \u00e7far\u00eb kriteriumi merret p\u00ebr baz\u00eb me rastin e aprovimit t\u00eb lejeve t\u00eb p\u00ebrkohshme t\u00eb nd\u00ebrtimit. Por ajo \u00e7far\u00eb \u00ebsht\u00eb e qart\u00eb dhe evidente, \u00ebsht\u00eb<span class=\"m_-1516268629042885985Apple-converted-space\">\u00a0 <\/span>abuzimi i tyre me p\u00ebrmasa t\u00eb m\u00ebdha , sepse shumica e atyre nd\u00ebrtimeve q\u00eb do t\u00eb duhej t\u00eb ishin t\u00eb p\u00ebrkohsh\u00ebm, me kalimin e koh\u00ebs, k\u00ebthehen n\u00eb nd\u00ebrtime t\u00eb p\u00ebrhershme. Shpesh\u00ebher\u00eb me rastin e ndarjes t\u00eb lejeve t\u00eb p\u00ebrkohshme favorizohen individ apo investues t\u00eb caktuar. Duhet p\u00ebrmendur edhe ajo se n\u00eb nd\u00ebrtimin e objekteve ilegale n\u00eb Ulqin jan\u00eb t\u00eb p\u00ebrfshirur edhe banor\u00eb nga qytetet e tjera.<\/span><\/p>\n<p class=\"m_-1516268629042885985p1\"><span class=\"m_-1516268629042885985s1\"><span class=\"m_-1516268629042885985Apple-converted-space\">\u00a0 \u00a0 <\/span>\u00cbsht\u00eb interesant fakti se t\u00eb gjith\u00eb ata q\u00eb nd\u00ebrtojn\u00eb objekte pa leje jan\u00eb t\u00eb vet\u00ebdijsh\u00ebm p\u00ebr veprimet e tyre, por gjith\u00ebnj\u00eb vazhdojn\u00eb me planet e tyre.Fat\u00ebkeq\u00ebsisht, n\u00eb shoq\u00ebrin\u00eb ton\u00eb gjith\u00ebnj\u00eb dominon mentaliteti sipas t\u00eb cilit &#8221; \u00ebsht\u00eb n\u00eb rregull t\u00eb nd\u00ebrtohet pa leje derisa edhe t\u00eb tjer\u00ebt e b\u00ebjn\u00eb nj\u00eb gj\u00eb t\u00eb till\u00eb &#8221; (?!). Pra ,edhe n\u00ebse nj\u00eb veprim apo dukuri \u00ebsht\u00eb e gabuar, merret si e pranueshme, derisa e praktikon shumica e t\u00eb tjer\u00ebve, di\u00e7ka q\u00eb do t\u00eb duhej t\u00eb jet\u00eb n\u00eb kund\u00ebrshtim me ndjenj\u00ebn e moralit dhe t\u00eb nd\u00ebrgjegj\u00ebs s\u00eb njeriut .<\/span><\/p>\n<p class=\"m_-1516268629042885985p1\"><span class=\"m_-1516268629042885985s1\"><span class=\"m_-1516268629042885985Apple-converted-space\">\u00a0 \u00a0 <\/span>Mund t\u00eb aprovohen me dhjetra plane hap\u00ebsinore dhe urbanistike, por pa ndryshimin e m\u00ebnyr\u00ebs s\u00eb t\u00eb menduarit t\u00eb pjes\u00ebs d\u00ebrmuese t\u00eb shoq\u00ebris\u00eb, nuk do t\u00eb kemi p\u00ebrmir\u00ebsim qen\u00ebsor t\u00eb gjendjes tep\u00ebr shqet\u00ebsuese t\u00eb dukuris\u00eb s\u00eb nd\u00ebrtimeve t\u00eb pakontrolluara n\u00eb Komun\u00ebn e Ulqinit.<\/span><\/p>\n<p class=\"m_-1516268629042885985p1\"><span class=\"m_-1516268629042885985s1\"><span class=\"m_-1516268629042885985Apple-converted-space\">\u00a0\u00a0 \u00a0 <\/span>Nj\u00ebkoh\u00ebsisht, n\u00ebse organet kompetente t\u00eb Komun\u00ebs s\u00eb Ulqinit nuk jan\u00eb edhe m\u00eb shum\u00eb t\u00eb vendosur, k\u00ebmb\u00ebngul\u00ebs, parimor n\u00eb marrjen e masave m\u00eb t\u00eb rrepta ligjore p\u00ebr ndalimin e<span class=\"m_-1516268629042885985Apple-converted-space\">\u00a0 <\/span>nd\u00ebrtimeve t\u00eb pakontrolluara dhe sjelljen e rendit urbanistik ,kam frig\u00eb se gjeneratat e ardhshme do t&#8217;i referohen k\u00ebtij qyteti me fjalin\u00eb:<\/span><\/p>\n<p class=\"m_-1516268629042885985p1\"><span class=\"m_-1516268629042885985s1\"><span class=\"m_-1516268629042885985Apple-converted-space\">\u00a0<\/span>&#8230;N&#8217;a ishte nj\u00ebher\u00eb nj\u00eb qytet i bukur me emrin Ulqin i cili e p\u00ebsoi nga pakujdesia dhe pap\u00ebrgjegj\u00ebsia e qytetar\u00ebve t\u00eb vet.. !.<\/span><\/p>\n<p class=\"m_-1516268629042885985p1\"><span class=\"m_-1516268629042885985s1\">Xheladin Zeneli<\/span><\/p>\n<p class=\"m_-1516268629042885985p1\"><span class=\"m_-1516268629042885985s1\">13 Shkurt 2017<\/span><\/p>\n<p class=\"m_-1516268629042885985p1\"><!--YouTube Error: bad URL entered--><\/p>\n","protected":false},"excerpt":{"rendered":"<p>\u00a0\u00a0 \u00a0 (Mos efikasiteti i pushtetit e ligjit dhe pap\u00ebrgjegj\u00ebsia e qytetar\u00ebve, shkak i gjendjes s\u00eb tanishme alarmante ) \u00a0 \u00a0 \u00a0 Si duket \u00e7\u00ebshtja e nd\u00ebrtimeve t\u00eb pa kontrolluara n\u00eb Komun\u00ebn e Ulqinit, q\u00eb shpesh\u00ebher\u00eb preferojm\u00eb t&#8217;i quajm\u00eb nd\u00ebrtime t\u00eb &#8221; egra&#8221;,\u00a0 aktualizohet vet\u00ebm n\u00eb prag t\u00eb sezonit veror. Por, n\u00eb t\u00eb vertet\u00eb \u00ebsht\u00eb [&hellip;]<\/p>\n","protected":false},"author":1,"featured_media":0,"comment_status":"closed","ping_status":"closed","sticky":false,"template":"","format":"standard","meta":{"spay_email":"","jetpack_publicize_message":"","jetpack_is_tweetstorm":false,"jetpack_publicize_feature_enabled":true},"categories":[7,1],"tags":[],"jetpack_publicize_connections":[],"yoast_head":"<!-- This site is optimized with the Yoast SEO plugin v19.1 - https:\/\/yoast.com\/wordpress\/plugins\/seo\/ -->\n<title>Zeneli: Ulqini - Qyteti i nd\u00ebrtimeve t\u00eb pa kontrolluara !? - Lajme nga Ulqini<\/title>\n<meta name=\"description\" content=\"\u00a0\u00a0 \u00a0 (Mos efikasiteti i pushtetit e ligjit dhe pap\u00ebrgjegj\u00ebsia e qytetar\u00ebve, shkak i gjendjes s\u00eb tanishme alarmante ) \u00a0 \u00a0 \u00a0 Si duket \u00e7\u00ebshtja e nd\u00ebrtimeve\" \/>\n<meta name=\"robots\" content=\"index, follow, max-snippet:-1, max-image-preview:large, max-video-preview:-1\" \/>\n<link rel=\"canonical\" href=\"https:\/\/www.visit-ulcinj.com\/blog\/2017\/02\/14\/zeneli-ulqini-qyteti-ndertimeve-te-pa-kontrolluara\/\" \/>\n<meta property=\"og:locale\" content=\"en_US\" \/>\n<meta property=\"og:type\" content=\"article\" \/>\n<meta property=\"og:title\" content=\"Zeneli: Ulqini - Qyteti i nd\u00ebrtimeve t\u00eb pa kontrolluara !? - Lajme nga Ulqini\" \/>\n<meta property=\"og:description\" content=\"\u00a0\u00a0 \u00a0 (Mos efikasiteti i pushtetit e ligjit dhe pap\u00ebrgjegj\u00ebsia e qytetar\u00ebve, shkak i gjendjes s\u00eb tanishme alarmante ) \u00a0 \u00a0 \u00a0 Si duket \u00e7\u00ebshtja e nd\u00ebrtimeve\" \/>\n<meta property=\"og:url\" content=\"https:\/\/www.visit-ulcinj.com\/blog\/2017\/02\/14\/zeneli-ulqini-qyteti-ndertimeve-te-pa-kontrolluara\/\" \/>\n<meta property=\"og:site_name\" content=\"Lajme nga Ulqini\" \/>\n<meta property=\"article:published_time\" content=\"2017-02-14T07:22:29+00:00\" \/>\n<meta property=\"article:modified_time\" content=\"2017-02-15T21:38:07+00:00\" \/>\n<meta name=\"twitter:label1\" content=\"Written by\" \/>\n\t<meta name=\"twitter:data1\" content=\"ulqini\" \/>\n\t<meta name=\"twitter:label2\" content=\"Est. reading time\" \/>\n\t<meta name=\"twitter:data2\" content=\"6 minutes\" \/>\n<script type=\"application\/ld+json\" class=\"yoast-schema-graph\">{\"@context\":\"https:\/\/schema.org\",\"@graph\":[{\"@type\":\"WebSite\",\"@id\":\"https:\/\/www.visit-ulcinj.com\/blog\/#website\",\"url\":\"https:\/\/www.visit-ulcinj.com\/blog\/\",\"name\":\"Lajme nga Ulqini\",\"description\":\"Lajme,Vijesti,Ulqini,Ulqin,Crna Gora,Mali i Zi\",\"potentialAction\":[{\"@type\":\"SearchAction\",\"target\":{\"@type\":\"EntryPoint\",\"urlTemplate\":\"https:\/\/www.visit-ulcinj.com\/blog\/?s={search_term_string}\"},\"query-input\":\"required name=search_term_string\"}],\"inLanguage\":\"en-US\"},{\"@type\":\"WebPage\",\"@id\":\"https:\/\/www.visit-ulcinj.com\/blog\/2017\/02\/14\/zeneli-ulqini-qyteti-ndertimeve-te-pa-kontrolluara\/#webpage\",\"url\":\"https:\/\/www.visit-ulcinj.com\/blog\/2017\/02\/14\/zeneli-ulqini-qyteti-ndertimeve-te-pa-kontrolluara\/\",\"name\":\"Zeneli: Ulqini - Qyteti i nd\u00ebrtimeve t\u00eb pa kontrolluara !? - Lajme nga Ulqini\",\"isPartOf\":{\"@id\":\"https:\/\/www.visit-ulcinj.com\/blog\/#website\"},\"datePublished\":\"2017-02-14T07:22:29+00:00\",\"dateModified\":\"2017-02-15T21:38:07+00:00\",\"author\":{\"@id\":\"https:\/\/www.visit-ulcinj.com\/blog\/#\/schema\/person\/dcab619c614d3038751c63bc2aadc06d\"},\"description\":\"\u00a0\u00a0 \u00a0 (Mos efikasiteti i pushtetit e ligjit dhe pap\u00ebrgjegj\u00ebsia e qytetar\u00ebve, shkak i gjendjes s\u00eb tanishme alarmante ) \u00a0 \u00a0 \u00a0 Si duket \u00e7\u00ebshtja e nd\u00ebrtimeve\",\"breadcrumb\":{\"@id\":\"https:\/\/www.visit-ulcinj.com\/blog\/2017\/02\/14\/zeneli-ulqini-qyteti-ndertimeve-te-pa-kontrolluara\/#breadcrumb\"},\"inLanguage\":\"en-US\",\"potentialAction\":[{\"@type\":\"ReadAction\",\"target\":[\"https:\/\/www.visit-ulcinj.com\/blog\/2017\/02\/14\/zeneli-ulqini-qyteti-ndertimeve-te-pa-kontrolluara\/\"]}]},{\"@type\":\"BreadcrumbList\",\"@id\":\"https:\/\/www.visit-ulcinj.com\/blog\/2017\/02\/14\/zeneli-ulqini-qyteti-ndertimeve-te-pa-kontrolluara\/#breadcrumb\",\"itemListElement\":[{\"@type\":\"ListItem\",\"position\":1,\"name\":\"Zeneli: Ulqini &#8211; Qyteti i nd\u00ebrtimeve t\u00eb pa kontrolluara !?\"}]},{\"@type\":\"Person\",\"@id\":\"https:\/\/www.visit-ulcinj.com\/blog\/#\/schema\/person\/dcab619c614d3038751c63bc2aadc06d\",\"name\":\"ulqini\",\"sameAs\":[\"http:\/\/www.visit-ulcinj.com\"],\"url\":\"https:\/\/www.visit-ulcinj.com\/blog\/author\/admin\/\"}]}<\/script>\n<!-- \/ Yoast SEO plugin. -->","yoast_head_json":{"title":"Zeneli: Ulqini - Qyteti i nd\u00ebrtimeve t\u00eb pa kontrolluara !? - Lajme nga Ulqini","description":"\u00a0\u00a0 \u00a0 (Mos efikasiteti i pushtetit e ligjit dhe pap\u00ebrgjegj\u00ebsia e qytetar\u00ebve, shkak i gjendjes s\u00eb tanishme alarmante ) \u00a0 \u00a0 \u00a0 Si duket \u00e7\u00ebshtja e nd\u00ebrtimeve","robots":{"index":"index","follow":"follow","max-snippet":"max-snippet:-1","max-image-preview":"max-image-preview:large","max-video-preview":"max-video-preview:-1"},"canonical":"https:\/\/www.visit-ulcinj.com\/blog\/2017\/02\/14\/zeneli-ulqini-qyteti-ndertimeve-te-pa-kontrolluara\/","og_locale":"en_US","og_type":"article","og_title":"Zeneli: Ulqini - Qyteti i nd\u00ebrtimeve t\u00eb pa kontrolluara !? - Lajme nga Ulqini","og_description":"\u00a0\u00a0 \u00a0 (Mos efikasiteti i pushtetit e ligjit dhe pap\u00ebrgjegj\u00ebsia e qytetar\u00ebve, shkak i gjendjes s\u00eb tanishme alarmante ) \u00a0 \u00a0 \u00a0 Si duket \u00e7\u00ebshtja e nd\u00ebrtimeve","og_url":"https:\/\/www.visit-ulcinj.com\/blog\/2017\/02\/14\/zeneli-ulqini-qyteti-ndertimeve-te-pa-kontrolluara\/","og_site_name":"Lajme nga Ulqini","article_published_time":"2017-02-14T07:22:29+00:00","article_modified_time":"2017-02-15T21:38:07+00:00","twitter_misc":{"Written by":"ulqini","Est. reading time":"6 minutes"},"schema":{"@context":"https:\/\/schema.org","@graph":[{"@type":"WebSite","@id":"https:\/\/www.visit-ulcinj.com\/blog\/#website","url":"https:\/\/www.visit-ulcinj.com\/blog\/","name":"Lajme nga Ulqini","description":"Lajme,Vijesti,Ulqini,Ulqin,Crna Gora,Mali i Zi","potentialAction":[{"@type":"SearchAction","target":{"@type":"EntryPoint","urlTemplate":"https:\/\/www.visit-ulcinj.com\/blog\/?s={search_term_string}"},"query-input":"required name=search_term_string"}],"inLanguage":"en-US"},{"@type":"WebPage","@id":"https:\/\/www.visit-ulcinj.com\/blog\/2017\/02\/14\/zeneli-ulqini-qyteti-ndertimeve-te-pa-kontrolluara\/#webpage","url":"https:\/\/www.visit-ulcinj.com\/blog\/2017\/02\/14\/zeneli-ulqini-qyteti-ndertimeve-te-pa-kontrolluara\/","name":"Zeneli: Ulqini - Qyteti i nd\u00ebrtimeve t\u00eb pa kontrolluara !? - Lajme nga Ulqini","isPartOf":{"@id":"https:\/\/www.visit-ulcinj.com\/blog\/#website"},"datePublished":"2017-02-14T07:22:29+00:00","dateModified":"2017-02-15T21:38:07+00:00","author":{"@id":"https:\/\/www.visit-ulcinj.com\/blog\/#\/schema\/person\/dcab619c614d3038751c63bc2aadc06d"},"description":"\u00a0\u00a0 \u00a0 (Mos efikasiteti i pushtetit e ligjit dhe pap\u00ebrgjegj\u00ebsia e qytetar\u00ebve, shkak i gjendjes s\u00eb tanishme alarmante ) \u00a0 \u00a0 \u00a0 Si duket \u00e7\u00ebshtja e nd\u00ebrtimeve","breadcrumb":{"@id":"https:\/\/www.visit-ulcinj.com\/blog\/2017\/02\/14\/zeneli-ulqini-qyteti-ndertimeve-te-pa-kontrolluara\/#breadcrumb"},"inLanguage":"en-US","potentialAction":[{"@type":"ReadAction","target":["https:\/\/www.visit-ulcinj.com\/blog\/2017\/02\/14\/zeneli-ulqini-qyteti-ndertimeve-te-pa-kontrolluara\/"]}]},{"@type":"BreadcrumbList","@id":"https:\/\/www.visit-ulcinj.com\/blog\/2017\/02\/14\/zeneli-ulqini-qyteti-ndertimeve-te-pa-kontrolluara\/#breadcrumb","itemListElement":[{"@type":"ListItem","position":1,"name":"Zeneli: Ulqini &#8211; Qyteti i nd\u00ebrtimeve t\u00eb pa kontrolluara !?"}]},{"@type":"Person","@id":"https:\/\/www.visit-ulcinj.com\/blog\/#\/schema\/person\/dcab619c614d3038751c63bc2aadc06d","name":"ulqini","sameAs":["http:\/\/www.visit-ulcinj.com"],"url":"https:\/\/www.visit-ulcinj.com\/blog\/author\/admin\/"}]}},"jetpack_featured_media_url":"","jetpack_sharing_enabled":true,"jetpack_shortlink":"https:\/\/wp.me\/pe6lTn-qMh","_links":{"self":[{"href":"https:\/\/www.visit-ulcinj.com\/blog\/wp-json\/wp\/v2\/posts\/102937"}],"collection":[{"href":"https:\/\/www.visit-ulcinj.com\/blog\/wp-json\/wp\/v2\/posts"}],"about":[{"href":"https:\/\/www.visit-ulcinj.com\/blog\/wp-json\/wp\/v2\/types\/post"}],"author":[{"embeddable":true,"href":"https:\/\/www.visit-ulcinj.com\/blog\/wp-json\/wp\/v2\/users\/1"}],"replies":[{"embeddable":true,"href":"https:\/\/www.visit-ulcinj.com\/blog\/wp-json\/wp\/v2\/comments?post=102937"}],"version-history":[{"count":2,"href":"https:\/\/www.visit-ulcinj.com\/blog\/wp-json\/wp\/v2\/posts\/102937\/revisions"}],"predecessor-version":[{"id":102940,"href":"https:\/\/www.visit-ulcinj.com\/blog\/wp-json\/wp\/v2\/posts\/102937\/revisions\/102940"}],"wp:attachment":[{"href":"https:\/\/www.visit-ulcinj.com\/blog\/wp-json\/wp\/v2\/media?parent=102937"}],"wp:term":[{"taxonomy":"category","embeddable":true,"href":"https:\/\/www.visit-ulcinj.com\/blog\/wp-json\/wp\/v2\/categories?post=102937"},{"taxonomy":"post_tag","embeddable":true,"href":"https:\/\/www.visit-ulcinj.com\/blog\/wp-json\/wp\/v2\/tags?post=102937"}],"curies":[{"name":"wp","href":"https:\/\/api.w.org\/{rel}","templated":true}]}}