{"id":102941,"date":"2017-02-14T15:55:01","date_gmt":"2017-02-14T14:55:01","guid":{"rendered":"http:\/\/www.visit-ulcinj.com\/blog\/?p=102941"},"modified":"2017-02-14T15:55:01","modified_gmt":"2017-02-14T14:55:01","slug":"ulcinjanin-napravio-elektro-ekoloski-camac-video","status":"publish","type":"post","link":"https:\/\/www.visit-ulcinj.com\/blog\/2017\/02\/14\/ulcinjanin-napravio-elektro-ekoloski-camac-video\/","title":{"rendered":"Ulcinjanin napravio elektro-ekolo\u0161ki \u010damac &#8211; Video"},"content":{"rendered":"<p><strong><a href=\"http:\/\/www.visit-ulcinj.com\/blog\/wp-content\/uploads\/2017\/02\/Electric-Boat-Enterprise-Ulcinj-Montenegro.jpg\"><img loading=\"lazy\" class=\"alignleft wp-image-102943\" src=\"http:\/\/www.visit-ulcinj.com\/blog\/wp-content\/uploads\/2017\/02\/Electric-Boat-Enterprise-Ulcinj-Montenegro.jpg\" alt=\"Electric Boat Enterprise Ulcinj-Montenegro\" width=\"508\" height=\"450\" srcset=\"https:\/\/www.visit-ulcinj.com\/blog\/wp-content\/uploads\/2017\/02\/Electric-Boat-Enterprise-Ulcinj-Montenegro.jpg 576w, https:\/\/www.visit-ulcinj.com\/blog\/wp-content\/uploads\/2017\/02\/Electric-Boat-Enterprise-Ulcinj-Montenegro-300x266.jpg 300w\" sizes=\"(max-width: 508px) 100vw, 508px\" \/><\/a>Foto: <a id=\"js_2a\" class=\"_hli\" href=\"https:\/\/www.facebook.com\/Electric-Boat-Enterprise-1226951990713960\/\" data-ft=\"{&quot;tn&quot;:&quot;k&quot;}\" data-hovercard=\"\/ajax\/hovercard\/page.php?id=1226951990713960\" data-hovercard-prefer-more-content-show=\"1\">Electric Boat Enterprise<\/a> Facebook <\/strong><\/p>\n<p><strong>Ulcinjanin Aleksandar Sa\u0161a Vuki\u0107evi\u0107 dizajnirao je i napravio prvi elektro-ekolo\u0161ki \u010damac u Crnoj Gori, koji je nazvao ,,<a id=\"js_2a\" class=\"_hli\" href=\"https:\/\/www.facebook.com\/Electric-Boat-Enterprise-1226951990713960\/\" data-ft=\"{&quot;tn&quot;:&quot;k&quot;}\" data-hovercard=\"\/ajax\/hovercard\/page.php?id=1226951990713960\" data-hovercard-prefer-more-content-show=\"1\">Electric Boat Enterprise<\/a>\u201d.<\/strong><\/p>\n<p>\u010camac je dug 295 cm, \u0161irina 210 cm, brzina do 4. 5 nauti\u010dke milje, na elektropogon je (na naponu od 24V ) i svaki sklop u njemu ru\u010dno smo pravili ja i moj otac, istakao je Vuki\u0107evi\u0107 za Radio 98. Njihova ideja je i neobi\u010dan dizajn. Ovaj dvojac napravio je ovakva tri \u010damca. Plan je bio \u0161est ali uspjeli su napraviti tri, za vi\u0161e je trebalo jo\u0161 novca.<\/p>\n<p>,,`<strong><a id=\"js_2a\" class=\"_hli\" href=\"https:\/\/www.facebook.com\/Electric-Boat-Enterprise-1226951990713960\/\" data-ft=\"{&quot;tn&quot;:&quot;k&quot;}\" data-hovercard=\"\/ajax\/hovercard\/page.php?id=1226951990713960\" data-hovercard-prefer-more-content-show=\"1\">Electric Boat Enterprise<\/a><\/strong>`\u201d, je ekolo\u0161ka pri\u010da. S obzirom da je na elektropogon, nema nikakvih zaga\u0111iva\u010da. Koristi samo struju za pogon i jako je mali potro\u0161a\u010d, jer to je pogon novije generacije, isti\u010de Vuki\u0107evi\u0107. Motori su \u201ebrushless\u201c , nemaju \u010detkice, ve\u0107 su to sinhroni motori, visokog broja obrtaja.<\/p>\n<p>U &#8220;Enterpris-u\u201dmogu da se voze dvije odrasle osobe i dvoje djece i ra\u0111eni su za jedan vid u\u017eivanja na vodi. Voznja \u010damca kontrolisana je daljinskom komandom. Trajanje baterije je do sat ipo neprestalne vo\u017enje pod maksimalnim optere\u0107enjem s tim \u0161to se mogu ugraditi ja\u010de baterije i pove\u0107ati se vrijeme vo\u017enje. Daljinska komanda dometa je do 4. 5 km i jedan daljinski mo\u017ee kontrolisati do 8 \u010damaca.<\/p>\n<p>Za \u010damce je pisan softver i veoma su ,,inteligentni\u201d. U stanju su da mnoge stvari sami odrade. Taj softver pisao je Aleksandar Sa\u0161a Glaba\u010d iz Podgorice.<\/p>\n<p>,,<strong><a id=\"js_2a\" class=\"_hli\" href=\"https:\/\/www.facebook.com\/Electric-Boat-Enterprise-1226951990713960\/\" data-ft=\"{&quot;tn&quot;:&quot;k&quot;}\" data-hovercard=\"\/ajax\/hovercard\/page.php?id=1226951990713960\" data-hovercard-prefer-more-content-show=\"1\">Electric Boat Enterprise<\/a><\/strong>\u201d je ura\u0111en od poliestera. Jako je lagan. Kori\u0161\u0107eni su i odre\u0111eni metali kod ru\u010dno pravljenog pogona koji je uglavnom od aluminijuma i \u010delika.<\/p>\n<p><a href=\"http:\/\/www.visit-ulcinj.com\/blog\/wp-content\/uploads\/2017\/02\/Electric-Boat-Enterprise-Ulcinj-Montenegro-1.jpg\"><img loading=\"lazy\" class=\"alignleft wp-image-102944\" src=\"http:\/\/www.visit-ulcinj.com\/blog\/wp-content\/uploads\/2017\/02\/Electric-Boat-Enterprise-Ulcinj-Montenegro-1.jpg\" alt=\"Electric Boat Enterprise Ulcinj-Montenegro-1\" width=\"508\" height=\"381\" srcset=\"https:\/\/www.visit-ulcinj.com\/blog\/wp-content\/uploads\/2017\/02\/Electric-Boat-Enterprise-Ulcinj-Montenegro-1.jpg 960w, https:\/\/www.visit-ulcinj.com\/blog\/wp-content\/uploads\/2017\/02\/Electric-Boat-Enterprise-Ulcinj-Montenegro-1-300x225.jpg 300w, https:\/\/www.visit-ulcinj.com\/blog\/wp-content\/uploads\/2017\/02\/Electric-Boat-Enterprise-Ulcinj-Montenegro-1-768x576.jpg 768w\" sizes=\"(max-width: 508px) 100vw, 508px\" \/><\/a><\/p>\n<p>Vuki\u0107evi\u0107, ka\u017ee da je \u010damac sada u fazi ispitivanja, radi se na njegovom unapre\u0111ivanju a potrudi\u0107e se i da u\u0111e u proizvodnju. Ukoliko bi se desilo da \u010damac po\u010dne masovnije da se izra\u0111uje, normalno je da su serije mnogo jeftinije, kupovalo bi se vi\u0161e materijala, samim tim to bi bilo jeftinije, tako da u tim okolnostima to ne bi previ\u0161e ko\u0161talo, kao sada, poru\u010duje Vuki\u0107evi\u0107.<\/p>\n<p>Interesovanje ljudi za ovaj \u010damac je veliko i nadam se da \u0107e neko imati sluha za ovaj i sli\u010dne projekte u Crnoj Gori, kazao je konstruktor prvog elektro-ekolo\u0161kog \u010damca u na\u0161oj zemlji Aleksandar Sa\u0161a Vuki\u0107evi\u0107, za Radio 98.<\/p>\n<p><strong>Foto: <a id=\"js_2a\" class=\"_hli\" href=\"https:\/\/www.facebook.com\/Electric-Boat-Enterprise-1226951990713960\/\" data-ft=\"{&quot;tn&quot;:&quot;k&quot;}\" data-hovercard=\"\/ajax\/hovercard\/page.php?id=1226951990713960\" data-hovercard-prefer-more-content-show=\"1\">Electric Boat Enterprise<\/a> Facebook<\/strong><\/p>\n<p><strong>Sanja Pejovic, Radio 98<\/strong><\/p>\n<p><strong>Izvor: RTCG<\/strong><br \/>\n<iframe loading=\"lazy\" src=\"https:\/\/www.facebook.com\/plugins\/video.php?href=https%3A%2F%2Fwww.facebook.com%2F1226951990713960%2Fvideos%2F1227068864035606%2F&#038;show_text=0&#038;width=508\" width=\"508\" height=\"335\" style=\"border:none;overflow:hidden\" scrolling=\"no\" frameborder=\"0\" allowTransparency=\"true\" allowFullScreen=\"true\"><\/iframe><\/p>\n","protected":false},"excerpt":{"rendered":"<p>Foto: Electric Boat Enterprise Facebook Ulcinjanin Aleksandar Sa\u0161a Vuki\u0107evi\u0107 dizajnirao je i napravio prvi elektro-ekolo\u0161ki \u010damac u Crnoj Gori, koji je nazvao ,,Electric Boat Enterprise\u201d. \u010camac je dug 295 cm, \u0161irina 210 cm, brzina do 4. 5 nauti\u010dke milje, na elektropogon je (na naponu od 24V ) i svaki sklop u njemu ru\u010dno smo pravili [&hellip;]<\/p>\n","protected":false},"author":1,"featured_media":0,"comment_status":"closed","ping_status":"closed","sticky":false,"template":"","format":"standard","meta":{"spay_email":"","jetpack_publicize_message":"","jetpack_is_tweetstorm":false,"jetpack_publicize_feature_enabled":true},"categories":[8337],"tags":[],"jetpack_publicize_connections":[],"yoast_head":"<!-- This site is optimized with the Yoast SEO plugin v19.1 - https:\/\/yoast.com\/wordpress\/plugins\/seo\/ -->\n<title>Ulcinjanin napravio elektro-ekolo\u0161ki \u010damac - Video - Lajme nga Ulqini<\/title>\n<meta name=\"description\" content=\"Foto: Electric Boat Enterprise Facebook Ulcinjanin Aleksandar Sa\u0161a Vuki\u0107evi\u0107 dizajnirao je i napravio prvi elektro-ekolo\u0161ki \u010damac u Crnoj Gori, koji je\" \/>\n<meta name=\"robots\" content=\"index, follow, max-snippet:-1, max-image-preview:large, max-video-preview:-1\" \/>\n<link rel=\"canonical\" href=\"https:\/\/www.visit-ulcinj.com\/blog\/2017\/02\/14\/ulcinjanin-napravio-elektro-ekoloski-camac-video\/\" \/>\n<meta property=\"og:locale\" content=\"en_US\" \/>\n<meta property=\"og:type\" content=\"article\" \/>\n<meta property=\"og:title\" content=\"Ulcinjanin napravio elektro-ekolo\u0161ki \u010damac - Video - Lajme nga Ulqini\" \/>\n<meta property=\"og:description\" content=\"Foto: Electric Boat Enterprise Facebook Ulcinjanin Aleksandar Sa\u0161a Vuki\u0107evi\u0107 dizajnirao je i napravio prvi elektro-ekolo\u0161ki \u010damac u Crnoj Gori, koji je\" \/>\n<meta property=\"og:url\" content=\"https:\/\/www.visit-ulcinj.com\/blog\/2017\/02\/14\/ulcinjanin-napravio-elektro-ekoloski-camac-video\/\" \/>\n<meta property=\"og:site_name\" content=\"Lajme nga Ulqini\" \/>\n<meta property=\"article:published_time\" content=\"2017-02-14T14:55:01+00:00\" \/>\n<meta property=\"og:image\" content=\"http:\/\/www.visit-ulcinj.com\/blog\/wp-content\/uploads\/2017\/02\/Electric-Boat-Enterprise-Ulcinj-Montenegro.jpg\" \/>\n<meta name=\"twitter:label1\" content=\"Written by\" \/>\n\t<meta name=\"twitter:data1\" content=\"ulqini\" \/>\n\t<meta name=\"twitter:label2\" content=\"Est. reading time\" \/>\n\t<meta name=\"twitter:data2\" content=\"2 minutes\" \/>\n<script type=\"application\/ld+json\" class=\"yoast-schema-graph\">{\"@context\":\"https:\/\/schema.org\",\"@graph\":[{\"@type\":\"WebSite\",\"@id\":\"https:\/\/www.visit-ulcinj.com\/blog\/#website\",\"url\":\"https:\/\/www.visit-ulcinj.com\/blog\/\",\"name\":\"Lajme nga Ulqini\",\"description\":\"Lajme,Vijesti,Ulqini,Ulqin,Crna Gora,Mali i Zi\",\"potentialAction\":[{\"@type\":\"SearchAction\",\"target\":{\"@type\":\"EntryPoint\",\"urlTemplate\":\"https:\/\/www.visit-ulcinj.com\/blog\/?s={search_term_string}\"},\"query-input\":\"required name=search_term_string\"}],\"inLanguage\":\"en-US\"},{\"@type\":\"ImageObject\",\"inLanguage\":\"en-US\",\"@id\":\"https:\/\/www.visit-ulcinj.com\/blog\/2017\/02\/14\/ulcinjanin-napravio-elektro-ekoloski-camac-video\/#primaryimage\",\"url\":\"https:\/\/www.visit-ulcinj.com\/blog\/wp-content\/uploads\/2017\/02\/Electric-Boat-Enterprise-Ulcinj-Montenegro.jpg\",\"contentUrl\":\"https:\/\/www.visit-ulcinj.com\/blog\/wp-content\/uploads\/2017\/02\/Electric-Boat-Enterprise-Ulcinj-Montenegro.jpg\",\"width\":576,\"height\":510},{\"@type\":\"WebPage\",\"@id\":\"https:\/\/www.visit-ulcinj.com\/blog\/2017\/02\/14\/ulcinjanin-napravio-elektro-ekoloski-camac-video\/#webpage\",\"url\":\"https:\/\/www.visit-ulcinj.com\/blog\/2017\/02\/14\/ulcinjanin-napravio-elektro-ekoloski-camac-video\/\",\"name\":\"Ulcinjanin napravio elektro-ekolo\u0161ki \u010damac - Video - Lajme nga Ulqini\",\"isPartOf\":{\"@id\":\"https:\/\/www.visit-ulcinj.com\/blog\/#website\"},\"primaryImageOfPage\":{\"@id\":\"https:\/\/www.visit-ulcinj.com\/blog\/2017\/02\/14\/ulcinjanin-napravio-elektro-ekoloski-camac-video\/#primaryimage\"},\"datePublished\":\"2017-02-14T14:55:01+00:00\",\"dateModified\":\"2017-02-14T14:55:01+00:00\",\"author\":{\"@id\":\"https:\/\/www.visit-ulcinj.com\/blog\/#\/schema\/person\/dcab619c614d3038751c63bc2aadc06d\"},\"description\":\"Foto: Electric Boat Enterprise Facebook Ulcinjanin Aleksandar Sa\u0161a Vuki\u0107evi\u0107 dizajnirao je i napravio prvi elektro-ekolo\u0161ki \u010damac u Crnoj Gori, koji je\",\"breadcrumb\":{\"@id\":\"https:\/\/www.visit-ulcinj.com\/blog\/2017\/02\/14\/ulcinjanin-napravio-elektro-ekoloski-camac-video\/#breadcrumb\"},\"inLanguage\":\"en-US\",\"potentialAction\":[{\"@type\":\"ReadAction\",\"target\":[\"https:\/\/www.visit-ulcinj.com\/blog\/2017\/02\/14\/ulcinjanin-napravio-elektro-ekoloski-camac-video\/\"]}]},{\"@type\":\"BreadcrumbList\",\"@id\":\"https:\/\/www.visit-ulcinj.com\/blog\/2017\/02\/14\/ulcinjanin-napravio-elektro-ekoloski-camac-video\/#breadcrumb\",\"itemListElement\":[{\"@type\":\"ListItem\",\"position\":1,\"name\":\"Ulcinjanin napravio elektro-ekolo\u0161ki \u010damac &#8211; Video\"}]},{\"@type\":\"Person\",\"@id\":\"https:\/\/www.visit-ulcinj.com\/blog\/#\/schema\/person\/dcab619c614d3038751c63bc2aadc06d\",\"name\":\"ulqini\",\"sameAs\":[\"http:\/\/www.visit-ulcinj.com\"],\"url\":\"https:\/\/www.visit-ulcinj.com\/blog\/author\/admin\/\"}]}<\/script>\n<!-- \/ Yoast SEO plugin. -->","yoast_head_json":{"title":"Ulcinjanin napravio elektro-ekolo\u0161ki \u010damac - Video - Lajme nga Ulqini","description":"Foto: Electric Boat Enterprise Facebook Ulcinjanin Aleksandar Sa\u0161a Vuki\u0107evi\u0107 dizajnirao je i napravio prvi elektro-ekolo\u0161ki \u010damac u Crnoj Gori, koji je","robots":{"index":"index","follow":"follow","max-snippet":"max-snippet:-1","max-image-preview":"max-image-preview:large","max-video-preview":"max-video-preview:-1"},"canonical":"https:\/\/www.visit-ulcinj.com\/blog\/2017\/02\/14\/ulcinjanin-napravio-elektro-ekoloski-camac-video\/","og_locale":"en_US","og_type":"article","og_title":"Ulcinjanin napravio elektro-ekolo\u0161ki \u010damac - Video - Lajme nga Ulqini","og_description":"Foto: Electric Boat Enterprise Facebook Ulcinjanin Aleksandar Sa\u0161a Vuki\u0107evi\u0107 dizajnirao je i napravio prvi elektro-ekolo\u0161ki \u010damac u Crnoj Gori, koji je","og_url":"https:\/\/www.visit-ulcinj.com\/blog\/2017\/02\/14\/ulcinjanin-napravio-elektro-ekoloski-camac-video\/","og_site_name":"Lajme nga Ulqini","article_published_time":"2017-02-14T14:55:01+00:00","og_image":[{"url":"http:\/\/www.visit-ulcinj.com\/blog\/wp-content\/uploads\/2017\/02\/Electric-Boat-Enterprise-Ulcinj-Montenegro.jpg"}],"twitter_misc":{"Written by":"ulqini","Est. reading time":"2 minutes"},"schema":{"@context":"https:\/\/schema.org","@graph":[{"@type":"WebSite","@id":"https:\/\/www.visit-ulcinj.com\/blog\/#website","url":"https:\/\/www.visit-ulcinj.com\/blog\/","name":"Lajme nga Ulqini","description":"Lajme,Vijesti,Ulqini,Ulqin,Crna Gora,Mali i Zi","potentialAction":[{"@type":"SearchAction","target":{"@type":"EntryPoint","urlTemplate":"https:\/\/www.visit-ulcinj.com\/blog\/?s={search_term_string}"},"query-input":"required name=search_term_string"}],"inLanguage":"en-US"},{"@type":"ImageObject","inLanguage":"en-US","@id":"https:\/\/www.visit-ulcinj.com\/blog\/2017\/02\/14\/ulcinjanin-napravio-elektro-ekoloski-camac-video\/#primaryimage","url":"https:\/\/www.visit-ulcinj.com\/blog\/wp-content\/uploads\/2017\/02\/Electric-Boat-Enterprise-Ulcinj-Montenegro.jpg","contentUrl":"https:\/\/www.visit-ulcinj.com\/blog\/wp-content\/uploads\/2017\/02\/Electric-Boat-Enterprise-Ulcinj-Montenegro.jpg","width":576,"height":510},{"@type":"WebPage","@id":"https:\/\/www.visit-ulcinj.com\/blog\/2017\/02\/14\/ulcinjanin-napravio-elektro-ekoloski-camac-video\/#webpage","url":"https:\/\/www.visit-ulcinj.com\/blog\/2017\/02\/14\/ulcinjanin-napravio-elektro-ekoloski-camac-video\/","name":"Ulcinjanin napravio elektro-ekolo\u0161ki \u010damac - Video - Lajme nga Ulqini","isPartOf":{"@id":"https:\/\/www.visit-ulcinj.com\/blog\/#website"},"primaryImageOfPage":{"@id":"https:\/\/www.visit-ulcinj.com\/blog\/2017\/02\/14\/ulcinjanin-napravio-elektro-ekoloski-camac-video\/#primaryimage"},"datePublished":"2017-02-14T14:55:01+00:00","dateModified":"2017-02-14T14:55:01+00:00","author":{"@id":"https:\/\/www.visit-ulcinj.com\/blog\/#\/schema\/person\/dcab619c614d3038751c63bc2aadc06d"},"description":"Foto: Electric Boat Enterprise Facebook Ulcinjanin Aleksandar Sa\u0161a Vuki\u0107evi\u0107 dizajnirao je i napravio prvi elektro-ekolo\u0161ki \u010damac u Crnoj Gori, koji je","breadcrumb":{"@id":"https:\/\/www.visit-ulcinj.com\/blog\/2017\/02\/14\/ulcinjanin-napravio-elektro-ekoloski-camac-video\/#breadcrumb"},"inLanguage":"en-US","potentialAction":[{"@type":"ReadAction","target":["https:\/\/www.visit-ulcinj.com\/blog\/2017\/02\/14\/ulcinjanin-napravio-elektro-ekoloski-camac-video\/"]}]},{"@type":"BreadcrumbList","@id":"https:\/\/www.visit-ulcinj.com\/blog\/2017\/02\/14\/ulcinjanin-napravio-elektro-ekoloski-camac-video\/#breadcrumb","itemListElement":[{"@type":"ListItem","position":1,"name":"Ulcinjanin napravio elektro-ekolo\u0161ki \u010damac &#8211; Video"}]},{"@type":"Person","@id":"https:\/\/www.visit-ulcinj.com\/blog\/#\/schema\/person\/dcab619c614d3038751c63bc2aadc06d","name":"ulqini","sameAs":["http:\/\/www.visit-ulcinj.com"],"url":"https:\/\/www.visit-ulcinj.com\/blog\/author\/admin\/"}]}},"jetpack_featured_media_url":"","jetpack_sharing_enabled":true,"jetpack_shortlink":"https:\/\/wp.me\/pe6lTn-qMl","_links":{"self":[{"href":"https:\/\/www.visit-ulcinj.com\/blog\/wp-json\/wp\/v2\/posts\/102941"}],"collection":[{"href":"https:\/\/www.visit-ulcinj.com\/blog\/wp-json\/wp\/v2\/posts"}],"about":[{"href":"https:\/\/www.visit-ulcinj.com\/blog\/wp-json\/wp\/v2\/types\/post"}],"author":[{"embeddable":true,"href":"https:\/\/www.visit-ulcinj.com\/blog\/wp-json\/wp\/v2\/users\/1"}],"replies":[{"embeddable":true,"href":"https:\/\/www.visit-ulcinj.com\/blog\/wp-json\/wp\/v2\/comments?post=102941"}],"version-history":[{"count":1,"href":"https:\/\/www.visit-ulcinj.com\/blog\/wp-json\/wp\/v2\/posts\/102941\/revisions"}],"predecessor-version":[{"id":102945,"href":"https:\/\/www.visit-ulcinj.com\/blog\/wp-json\/wp\/v2\/posts\/102941\/revisions\/102945"}],"wp:attachment":[{"href":"https:\/\/www.visit-ulcinj.com\/blog\/wp-json\/wp\/v2\/media?parent=102941"}],"wp:term":[{"taxonomy":"category","embeddable":true,"href":"https:\/\/www.visit-ulcinj.com\/blog\/wp-json\/wp\/v2\/categories?post=102941"},{"taxonomy":"post_tag","embeddable":true,"href":"https:\/\/www.visit-ulcinj.com\/blog\/wp-json\/wp\/v2\/tags?post=102941"}],"curies":[{"name":"wp","href":"https:\/\/api.w.org\/{rel}","templated":true}]}}