{"id":102953,"date":"2017-02-15T15:19:07","date_gmt":"2017-02-15T14:19:07","guid":{"rendered":"http:\/\/www.visit-ulcinj.com\/blog\/?p=102953"},"modified":"2017-02-15T15:19:07","modified_gmt":"2017-02-15T14:19:07","slug":"nika-fajtore-per-gjendjen-ne-keshillin-kombetar-jane-vete-ministri-zenka-dhe-kryetari-gjeka","status":"publish","type":"post","link":"https:\/\/www.visit-ulcinj.com\/blog\/2017\/02\/15\/nika-fajtore-per-gjendjen-ne-keshillin-kombetar-jane-vete-ministri-zenka-dhe-kryetari-gjeka\/","title":{"rendered":"Nika: Fajtor\u00eb p\u00ebr gjendjen n\u00eb k\u00ebshillin komb\u00ebtar jan\u00eb vet\u00eb ministri Zenka dhe kryetari Gjeka"},"content":{"rendered":"<p><strong><em><a href=\"http:\/\/www.visit-ulcinj.com\/blog\/wp-content\/uploads\/2017\/02\/Cungu-Gjeka-Zenka.jpg\"><img loading=\"lazy\" class=\"alignleft size-full wp-image-102954\" src=\"http:\/\/www.visit-ulcinj.com\/blog\/wp-content\/uploads\/2017\/02\/Cungu-Gjeka-Zenka.jpg\" alt=\"Cungu-Gjeka-Zenka\" width=\"713\" height=\"413\" srcset=\"https:\/\/www.visit-ulcinj.com\/blog\/wp-content\/uploads\/2017\/02\/Cungu-Gjeka-Zenka.jpg 713w, https:\/\/www.visit-ulcinj.com\/blog\/wp-content\/uploads\/2017\/02\/Cungu-Gjeka-Zenka-300x174.jpg 300w\" sizes=\"(max-width: 713px) 100vw, 713px\" \/><\/a>Shkruan Muhamet \u00a0Nika<\/em><\/strong><\/p>\n<p>Nuk do t\u00eb isha\u00a0 fare\u00a0 dakord\u00a0 \u00a0me konstatimin e ministrit Zenka kur \u00a0konteston\u00a0 legjitimitetin e Genc Nimanbegut\u00a0 si kryetar i k\u00ebshillit komb\u00ebtar dhe\u00a0 kuptohet as t\u00eb\u00a0 Gjek\u00ebs\u00a0\u00a0 \u00a0q\u00eb \u00a0\u00a0deklaroi se bojkoton pun\u00ebn e K\u00ebshillit komb\u00ebtar t\u00eb Shqiptar\u00ebve (KKSH) prej momentit kur n\u00eb krye t\u00eb tij ndodhet funksionari i lart\u00eb i Forc\u00ebs s\u00eb Re Demokratike Genci Nimanbegu\u2026.?\u201d Duke shtuar\u00a0 edhe k\u00ebt\u00eb se ve\u00e7\u00a0 ekziston n\u00eb ligj dhe q\u00eb do njer\u00ebz punojn\u00eb atje, por realisht:\u201d KKSH p\u00ebr shqiptar\u00ebt\u00a0 nuk\u00a0 b\u00ebn\u00eb asgj\u00eb dhe ai praktikisht nuk ekziston\u201d?!<\/p>\n<p>T\u00eb parin e kujtoj\u00a0 q\u00eb kur u b\u00ebn\u00eb zgjedhjet\u00a0 p\u00ebr\u00a0 k\u00ebshill\u00a0 ai as q\u00eb e angazhoi veten dhe strukturat e partis\u00eb p\u00ebr\u00a0 zgjedhjen e elektor\u00ebve sepse ishte i \u00e7atrafiluar\u00a0 nga goditjet e grupit t\u00eb\u00a0 Gjek\u00ebs p\u00ebr pushtet.<\/p>\n<p>Kurse i dyti bashk\u00eb me eskadril\u00ebn e vet\u00a0 , dit\u00ebn\u00a0 e zgjedhjes\u00a0 s\u00eb k\u00ebshillit komb\u00ebtar\u00a0 q\u00ebndroi \u00a0t\u00ebr\u00eb dit\u00ebn n\u00eb katin e par\u00eb t\u00eb Hotelit\u00a0 Mediteran duke dh\u00ebn\u00eb instruksione\u00a0 me n\u00ebnkryetar. Bile \u00a0skuadrilja e tij dit\u00ebn e mbajtjes s\u00eb kuvendit \u00a0pat \u00a0\u00a0shkuar aq larg me do elektor\u00eb \u201c t\u00eb tyre\u201d, sa q\u00eb mor\u00ebn guxim t\u00eb kobsh\u00ebm p\u00ebr veten e tyre dhe jo p\u00ebr mua\u00a0 duke p\u00ebrpiluar \u00a0edhe nj\u00eb list\u00eb\u00a0 t\u00eb emrave \u00a0\u00a0q\u00eb\u00a0 duheshin votuar \u00a0p\u00ebr\u00a0 kryesi t\u00eb k\u00ebshillit\u00a0 e ku mungonte \u00a0emri im\u00a0 .<\/p>\n<p>Pra\u00a0 \u00a0\u00a0\u201cfrajerat \u201ce An\u00ebs Malit me ato mend e tyre \u201c \u00a0pa e pyetur Zotin- ma vun\u00eb konopin..\u201d?!<\/p>\n<p>E vet\u00eb dihet se nuk u \u00e7atrafilova \u00a0\u00a0dhe me grupin\u00a0 tim \u00a0t\u00eb vog\u00ebl (por me pesh\u00eb specifike m\u00eb t\u00eb madhe) p\u00ebrkrah\u00ebm\u00a0 shumic\u00ebn e\u00a0 Forc\u00ebs\u00a0 duke i qitur \u00a0n\u00eb kok\u00ebrr t\u00eb shpin\u00ebs \u00a0\u00a0tan\u00eb\u201dfrajerat \u201c e An\u00ebs s\u00eb Malit , por edhe ata t\u00eb lidhjes p\u00ebr nja 4 vjet ?! E nga komuna dol\u00ebn vet pa i ndihmuar kush&#8230;.?!<\/p>\n<p>Tjet\u00ebr, \u00a0nuk do t\u00eb isha dakord\u00a0 me at\u00eb q\u00eb k\u00ebshilli nuk po b\u00ebn\u00eb asgj\u00eb p\u00ebr shqiptar\u00ebt\u00a0 nga ai \u00a0m\u00eb par\u00eb sepse\u00a0 me p\u00ebr pikm\u00ebni \u00ebsht\u00eb duke financuar\u00a0 at\u00eb kalendar t\u00eb aktiviteteve q\u00eb k\u00ebshilli kish m\u00eb her\u00ebt.<\/p>\n<p>Nd\u00ebrsa puna\u00a0 \u00a0\u00a0e \u00a0\u00e7\u2019popullimit\u00a0 t\u00eb \u00a0\u00a0k\u00ebshillit \u00a0, nga militant\u00ebt e Gjek\u00ebs \u2013 An\u00ebs \u00eb Malit dhe Bardhit \u2013 Kraj\u00ebs\u00a0 nuk \u00ebsht\u00eb edhe aq humbje.<\/p>\n<p>Por\u00a0 ajo q\u00eb m\u00eb shqet\u00ebson mua \u00ebsht\u00eb fakti i t\u00eb pa k\u00ebnaqurve\u00a0\u00a0 nga intelektual\u00ebt\u00a0 t\u00eb cil\u00ebt\u00a0\u00a0 u bojkotuan dhe bojkotuan kuvendin zgjedhor\u00a0 t\u00eb K\u00ebshillit Komb\u00ebtar.. Dhe m\u00eb shqet\u00ebson , N\u00ebse \u00ebsht\u00eb e v\u00ebrtet\u00eb q\u00eb mjetet e ndara p\u00ebr informim \u2013 \u00a0Koh\u00ebn Javore , mbi 100 mij\u00eb euro nga KUVENDI I MALIT\u00a0 T\u00cb Z, \u00a0\u00a0t\u00eb cilat kalojn\u00eb n\u00eb\u00a0 zhiro llogari t\u00eb k\u00ebshillit komb\u00ebtar\u00eb\u00a0 b\u00ebhen rrush e kumbulla p\u00ebr t\u00eb dh\u00ebn\u00eb\u00a0\u00a0 rroga t\u00eb administrat\u00ebs s\u00eb k\u00ebshillit \u00a0e paguar\u00a0\u00a0 zyra liderucash..?!<\/p>\n<p>Di\u00e7ka \u00a0nga kjo \u00a0\u00a0q\u00eb po them kam d\u00ebgjuar\u00a0 vet\u00eb dhe disa e than\u00eb k\u00ebt\u00eb si n\u00ebp\u00ebr dh\u00ebmb\u00eb n\u00eb kuvendin punues\u00a0 t\u00eb\u00a0 Art Clubit&#8230;?!<\/p>\n<p>A ndaj pyesim, athua\u00a0 se\u00a0 kjo mund t\u00eb jet\u00eb \u00a0edhe shkaku\u00a0 q\u00eb s\u00eb fundmi\u00a0 \u00ebsht\u00eb shtuar oreksi\u00a0 p\u00ebr t\u00eb marr\u00eb komand\u00ebn e k\u00ebshilli dhe kontrollin\u00a0 e mjeteve&#8230;?!! \u00a0\u00a0MBASE PO\u00a0 E MBASE JO..???!!!<\/p>\n<p>&nbsp;<\/p>\n","protected":false},"excerpt":{"rendered":"<p>Shkruan Muhamet \u00a0Nika Nuk do t\u00eb isha\u00a0 fare\u00a0 dakord\u00a0 \u00a0me konstatimin e ministrit Zenka kur \u00a0konteston\u00a0 legjitimitetin e Genc Nimanbegut\u00a0 si kryetar i k\u00ebshillit komb\u00ebtar dhe\u00a0 kuptohet as t\u00eb\u00a0 Gjek\u00ebs\u00a0\u00a0 \u00a0q\u00eb \u00a0\u00a0deklaroi se bojkoton pun\u00ebn e K\u00ebshillit komb\u00ebtar t\u00eb Shqiptar\u00ebve (KKSH) prej momentit kur n\u00eb krye t\u00eb tij ndodhet funksionari i lart\u00eb i Forc\u00ebs s\u00eb [&hellip;]<\/p>\n","protected":false},"author":1,"featured_media":0,"comment_status":"closed","ping_status":"closed","sticky":false,"template":"","format":"standard","meta":{"spay_email":"","jetpack_publicize_message":"","jetpack_is_tweetstorm":false,"jetpack_publicize_feature_enabled":true},"categories":[14249],"tags":[],"jetpack_publicize_connections":[],"yoast_head":"<!-- This site is optimized with the Yoast SEO plugin v19.1 - https:\/\/yoast.com\/wordpress\/plugins\/seo\/ -->\n<title>Nika: Fajtor\u00eb p\u00ebr gjendjen n\u00eb k\u00ebshillin komb\u00ebtar jan\u00eb vet\u00eb ministri Zenka dhe kryetari Gjeka - Lajme nga Ulqini<\/title>\n<meta name=\"description\" content=\"Shkruan Muhamet \u00a0Nika Nuk do t\u00eb isha\u00a0 fare\u00a0 dakord\u00a0 \u00a0me konstatimin e ministrit Zenka kur \u00a0konteston\u00a0 legjitimitetin e Genc Nimanbegut\u00a0 si kryetar i\" \/>\n<meta name=\"robots\" content=\"index, follow, max-snippet:-1, max-image-preview:large, max-video-preview:-1\" \/>\n<link rel=\"canonical\" href=\"https:\/\/www.visit-ulcinj.com\/blog\/2017\/02\/15\/nika-fajtore-per-gjendjen-ne-keshillin-kombetar-jane-vete-ministri-zenka-dhe-kryetari-gjeka\/\" \/>\n<meta property=\"og:locale\" content=\"en_US\" \/>\n<meta property=\"og:type\" content=\"article\" \/>\n<meta property=\"og:title\" content=\"Nika: Fajtor\u00eb p\u00ebr gjendjen n\u00eb k\u00ebshillin komb\u00ebtar jan\u00eb vet\u00eb ministri Zenka dhe kryetari Gjeka - Lajme nga Ulqini\" \/>\n<meta property=\"og:description\" content=\"Shkruan Muhamet \u00a0Nika Nuk do t\u00eb isha\u00a0 fare\u00a0 dakord\u00a0 \u00a0me konstatimin e ministrit Zenka kur \u00a0konteston\u00a0 legjitimitetin e Genc Nimanbegut\u00a0 si kryetar i\" \/>\n<meta property=\"og:url\" content=\"https:\/\/www.visit-ulcinj.com\/blog\/2017\/02\/15\/nika-fajtore-per-gjendjen-ne-keshillin-kombetar-jane-vete-ministri-zenka-dhe-kryetari-gjeka\/\" \/>\n<meta property=\"og:site_name\" content=\"Lajme nga Ulqini\" \/>\n<meta property=\"article:published_time\" content=\"2017-02-15T14:19:07+00:00\" \/>\n<meta property=\"og:image\" content=\"http:\/\/www.visit-ulcinj.com\/blog\/wp-content\/uploads\/2017\/02\/Cungu-Gjeka-Zenka.jpg\" \/>\n<meta name=\"twitter:label1\" content=\"Written by\" \/>\n\t<meta name=\"twitter:data1\" content=\"ulqini\" \/>\n\t<meta name=\"twitter:label2\" content=\"Est. reading time\" \/>\n\t<meta name=\"twitter:data2\" content=\"3 minutes\" \/>\n<script type=\"application\/ld+json\" class=\"yoast-schema-graph\">{\"@context\":\"https:\/\/schema.org\",\"@graph\":[{\"@type\":\"WebSite\",\"@id\":\"https:\/\/www.visit-ulcinj.com\/blog\/#website\",\"url\":\"https:\/\/www.visit-ulcinj.com\/blog\/\",\"name\":\"Lajme nga Ulqini\",\"description\":\"Lajme,Vijesti,Ulqini,Ulqin,Crna Gora,Mali i Zi\",\"potentialAction\":[{\"@type\":\"SearchAction\",\"target\":{\"@type\":\"EntryPoint\",\"urlTemplate\":\"https:\/\/www.visit-ulcinj.com\/blog\/?s={search_term_string}\"},\"query-input\":\"required name=search_term_string\"}],\"inLanguage\":\"en-US\"},{\"@type\":\"ImageObject\",\"inLanguage\":\"en-US\",\"@id\":\"https:\/\/www.visit-ulcinj.com\/blog\/2017\/02\/15\/nika-fajtore-per-gjendjen-ne-keshillin-kombetar-jane-vete-ministri-zenka-dhe-kryetari-gjeka\/#primaryimage\",\"url\":\"https:\/\/www.visit-ulcinj.com\/blog\/wp-content\/uploads\/2017\/02\/Cungu-Gjeka-Zenka.jpg\",\"contentUrl\":\"https:\/\/www.visit-ulcinj.com\/blog\/wp-content\/uploads\/2017\/02\/Cungu-Gjeka-Zenka.jpg\",\"width\":713,\"height\":413},{\"@type\":\"WebPage\",\"@id\":\"https:\/\/www.visit-ulcinj.com\/blog\/2017\/02\/15\/nika-fajtore-per-gjendjen-ne-keshillin-kombetar-jane-vete-ministri-zenka-dhe-kryetari-gjeka\/#webpage\",\"url\":\"https:\/\/www.visit-ulcinj.com\/blog\/2017\/02\/15\/nika-fajtore-per-gjendjen-ne-keshillin-kombetar-jane-vete-ministri-zenka-dhe-kryetari-gjeka\/\",\"name\":\"Nika: Fajtor\u00eb p\u00ebr gjendjen n\u00eb k\u00ebshillin komb\u00ebtar jan\u00eb vet\u00eb ministri Zenka dhe kryetari Gjeka - Lajme nga Ulqini\",\"isPartOf\":{\"@id\":\"https:\/\/www.visit-ulcinj.com\/blog\/#website\"},\"primaryImageOfPage\":{\"@id\":\"https:\/\/www.visit-ulcinj.com\/blog\/2017\/02\/15\/nika-fajtore-per-gjendjen-ne-keshillin-kombetar-jane-vete-ministri-zenka-dhe-kryetari-gjeka\/#primaryimage\"},\"datePublished\":\"2017-02-15T14:19:07+00:00\",\"dateModified\":\"2017-02-15T14:19:07+00:00\",\"author\":{\"@id\":\"https:\/\/www.visit-ulcinj.com\/blog\/#\/schema\/person\/dcab619c614d3038751c63bc2aadc06d\"},\"description\":\"Shkruan Muhamet \u00a0Nika Nuk do t\u00eb isha\u00a0 fare\u00a0 dakord\u00a0 \u00a0me konstatimin e ministrit Zenka kur \u00a0konteston\u00a0 legjitimitetin e Genc Nimanbegut\u00a0 si kryetar i\",\"breadcrumb\":{\"@id\":\"https:\/\/www.visit-ulcinj.com\/blog\/2017\/02\/15\/nika-fajtore-per-gjendjen-ne-keshillin-kombetar-jane-vete-ministri-zenka-dhe-kryetari-gjeka\/#breadcrumb\"},\"inLanguage\":\"en-US\",\"potentialAction\":[{\"@type\":\"ReadAction\",\"target\":[\"https:\/\/www.visit-ulcinj.com\/blog\/2017\/02\/15\/nika-fajtore-per-gjendjen-ne-keshillin-kombetar-jane-vete-ministri-zenka-dhe-kryetari-gjeka\/\"]}]},{\"@type\":\"BreadcrumbList\",\"@id\":\"https:\/\/www.visit-ulcinj.com\/blog\/2017\/02\/15\/nika-fajtore-per-gjendjen-ne-keshillin-kombetar-jane-vete-ministri-zenka-dhe-kryetari-gjeka\/#breadcrumb\",\"itemListElement\":[{\"@type\":\"ListItem\",\"position\":1,\"name\":\"Nika: Fajtor\u00eb p\u00ebr gjendjen n\u00eb k\u00ebshillin komb\u00ebtar jan\u00eb vet\u00eb ministri Zenka dhe kryetari Gjeka\"}]},{\"@type\":\"Person\",\"@id\":\"https:\/\/www.visit-ulcinj.com\/blog\/#\/schema\/person\/dcab619c614d3038751c63bc2aadc06d\",\"name\":\"ulqini\",\"sameAs\":[\"http:\/\/www.visit-ulcinj.com\"],\"url\":\"https:\/\/www.visit-ulcinj.com\/blog\/author\/admin\/\"}]}<\/script>\n<!-- \/ Yoast SEO plugin. -->","yoast_head_json":{"title":"Nika: Fajtor\u00eb p\u00ebr gjendjen n\u00eb k\u00ebshillin komb\u00ebtar jan\u00eb vet\u00eb ministri Zenka dhe kryetari Gjeka - Lajme nga Ulqini","description":"Shkruan Muhamet \u00a0Nika Nuk do t\u00eb isha\u00a0 fare\u00a0 dakord\u00a0 \u00a0me konstatimin e ministrit Zenka kur \u00a0konteston\u00a0 legjitimitetin e Genc Nimanbegut\u00a0 si kryetar i","robots":{"index":"index","follow":"follow","max-snippet":"max-snippet:-1","max-image-preview":"max-image-preview:large","max-video-preview":"max-video-preview:-1"},"canonical":"https:\/\/www.visit-ulcinj.com\/blog\/2017\/02\/15\/nika-fajtore-per-gjendjen-ne-keshillin-kombetar-jane-vete-ministri-zenka-dhe-kryetari-gjeka\/","og_locale":"en_US","og_type":"article","og_title":"Nika: Fajtor\u00eb p\u00ebr gjendjen n\u00eb k\u00ebshillin komb\u00ebtar jan\u00eb vet\u00eb ministri Zenka dhe kryetari Gjeka - Lajme nga Ulqini","og_description":"Shkruan Muhamet \u00a0Nika Nuk do t\u00eb isha\u00a0 fare\u00a0 dakord\u00a0 \u00a0me konstatimin e ministrit Zenka kur \u00a0konteston\u00a0 legjitimitetin e Genc Nimanbegut\u00a0 si kryetar i","og_url":"https:\/\/www.visit-ulcinj.com\/blog\/2017\/02\/15\/nika-fajtore-per-gjendjen-ne-keshillin-kombetar-jane-vete-ministri-zenka-dhe-kryetari-gjeka\/","og_site_name":"Lajme nga Ulqini","article_published_time":"2017-02-15T14:19:07+00:00","og_image":[{"url":"http:\/\/www.visit-ulcinj.com\/blog\/wp-content\/uploads\/2017\/02\/Cungu-Gjeka-Zenka.jpg"}],"twitter_misc":{"Written by":"ulqini","Est. reading time":"3 minutes"},"schema":{"@context":"https:\/\/schema.org","@graph":[{"@type":"WebSite","@id":"https:\/\/www.visit-ulcinj.com\/blog\/#website","url":"https:\/\/www.visit-ulcinj.com\/blog\/","name":"Lajme nga Ulqini","description":"Lajme,Vijesti,Ulqini,Ulqin,Crna Gora,Mali i Zi","potentialAction":[{"@type":"SearchAction","target":{"@type":"EntryPoint","urlTemplate":"https:\/\/www.visit-ulcinj.com\/blog\/?s={search_term_string}"},"query-input":"required name=search_term_string"}],"inLanguage":"en-US"},{"@type":"ImageObject","inLanguage":"en-US","@id":"https:\/\/www.visit-ulcinj.com\/blog\/2017\/02\/15\/nika-fajtore-per-gjendjen-ne-keshillin-kombetar-jane-vete-ministri-zenka-dhe-kryetari-gjeka\/#primaryimage","url":"https:\/\/www.visit-ulcinj.com\/blog\/wp-content\/uploads\/2017\/02\/Cungu-Gjeka-Zenka.jpg","contentUrl":"https:\/\/www.visit-ulcinj.com\/blog\/wp-content\/uploads\/2017\/02\/Cungu-Gjeka-Zenka.jpg","width":713,"height":413},{"@type":"WebPage","@id":"https:\/\/www.visit-ulcinj.com\/blog\/2017\/02\/15\/nika-fajtore-per-gjendjen-ne-keshillin-kombetar-jane-vete-ministri-zenka-dhe-kryetari-gjeka\/#webpage","url":"https:\/\/www.visit-ulcinj.com\/blog\/2017\/02\/15\/nika-fajtore-per-gjendjen-ne-keshillin-kombetar-jane-vete-ministri-zenka-dhe-kryetari-gjeka\/","name":"Nika: Fajtor\u00eb p\u00ebr gjendjen n\u00eb k\u00ebshillin komb\u00ebtar jan\u00eb vet\u00eb ministri Zenka dhe kryetari Gjeka - Lajme nga Ulqini","isPartOf":{"@id":"https:\/\/www.visit-ulcinj.com\/blog\/#website"},"primaryImageOfPage":{"@id":"https:\/\/www.visit-ulcinj.com\/blog\/2017\/02\/15\/nika-fajtore-per-gjendjen-ne-keshillin-kombetar-jane-vete-ministri-zenka-dhe-kryetari-gjeka\/#primaryimage"},"datePublished":"2017-02-15T14:19:07+00:00","dateModified":"2017-02-15T14:19:07+00:00","author":{"@id":"https:\/\/www.visit-ulcinj.com\/blog\/#\/schema\/person\/dcab619c614d3038751c63bc2aadc06d"},"description":"Shkruan Muhamet \u00a0Nika Nuk do t\u00eb isha\u00a0 fare\u00a0 dakord\u00a0 \u00a0me konstatimin e ministrit Zenka kur \u00a0konteston\u00a0 legjitimitetin e Genc Nimanbegut\u00a0 si kryetar i","breadcrumb":{"@id":"https:\/\/www.visit-ulcinj.com\/blog\/2017\/02\/15\/nika-fajtore-per-gjendjen-ne-keshillin-kombetar-jane-vete-ministri-zenka-dhe-kryetari-gjeka\/#breadcrumb"},"inLanguage":"en-US","potentialAction":[{"@type":"ReadAction","target":["https:\/\/www.visit-ulcinj.com\/blog\/2017\/02\/15\/nika-fajtore-per-gjendjen-ne-keshillin-kombetar-jane-vete-ministri-zenka-dhe-kryetari-gjeka\/"]}]},{"@type":"BreadcrumbList","@id":"https:\/\/www.visit-ulcinj.com\/blog\/2017\/02\/15\/nika-fajtore-per-gjendjen-ne-keshillin-kombetar-jane-vete-ministri-zenka-dhe-kryetari-gjeka\/#breadcrumb","itemListElement":[{"@type":"ListItem","position":1,"name":"Nika: Fajtor\u00eb p\u00ebr gjendjen n\u00eb k\u00ebshillin komb\u00ebtar jan\u00eb vet\u00eb ministri Zenka dhe kryetari Gjeka"}]},{"@type":"Person","@id":"https:\/\/www.visit-ulcinj.com\/blog\/#\/schema\/person\/dcab619c614d3038751c63bc2aadc06d","name":"ulqini","sameAs":["http:\/\/www.visit-ulcinj.com"],"url":"https:\/\/www.visit-ulcinj.com\/blog\/author\/admin\/"}]}},"jetpack_featured_media_url":"","jetpack_sharing_enabled":true,"jetpack_shortlink":"https:\/\/wp.me\/pe6lTn-qMx","_links":{"self":[{"href":"https:\/\/www.visit-ulcinj.com\/blog\/wp-json\/wp\/v2\/posts\/102953"}],"collection":[{"href":"https:\/\/www.visit-ulcinj.com\/blog\/wp-json\/wp\/v2\/posts"}],"about":[{"href":"https:\/\/www.visit-ulcinj.com\/blog\/wp-json\/wp\/v2\/types\/post"}],"author":[{"embeddable":true,"href":"https:\/\/www.visit-ulcinj.com\/blog\/wp-json\/wp\/v2\/users\/1"}],"replies":[{"embeddable":true,"href":"https:\/\/www.visit-ulcinj.com\/blog\/wp-json\/wp\/v2\/comments?post=102953"}],"version-history":[{"count":1,"href":"https:\/\/www.visit-ulcinj.com\/blog\/wp-json\/wp\/v2\/posts\/102953\/revisions"}],"predecessor-version":[{"id":102956,"href":"https:\/\/www.visit-ulcinj.com\/blog\/wp-json\/wp\/v2\/posts\/102953\/revisions\/102956"}],"wp:attachment":[{"href":"https:\/\/www.visit-ulcinj.com\/blog\/wp-json\/wp\/v2\/media?parent=102953"}],"wp:term":[{"taxonomy":"category","embeddable":true,"href":"https:\/\/www.visit-ulcinj.com\/blog\/wp-json\/wp\/v2\/categories?post=102953"},{"taxonomy":"post_tag","embeddable":true,"href":"https:\/\/www.visit-ulcinj.com\/blog\/wp-json\/wp\/v2\/tags?post=102953"}],"curies":[{"name":"wp","href":"https:\/\/api.w.org\/{rel}","templated":true}]}}