{"id":102960,"date":"2017-02-15T23:03:27","date_gmt":"2017-02-15T22:03:27","guid":{"rendered":"http:\/\/www.visit-ulcinj.com\/blog\/?p=102960"},"modified":"2017-02-15T23:03:27","modified_gmt":"2017-02-15T22:03:27","slug":"skrelja-prijetio-psovao-mi-je-mrtvu-siptarsku-majku-jasno-glasno","status":"publish","type":"post","link":"https:\/\/www.visit-ulcinj.com\/blog\/2017\/02\/15\/skrelja-prijetio-psovao-mi-je-mrtvu-siptarsku-majku-jasno-glasno\/","title":{"rendered":"\u0160krelja: Prijetio, psovao mi je mrtvu i \u0161iptarsku majku jasno i glasno"},"content":{"rendered":"<div class=\"iconTitle\">\n<p class=\"title\"><strong><a href=\"http:\/\/www.visit-ulcinj.com\/blog\/wp-content\/uploads\/2017\/02\/Luidj-Skrelja-Knezeviq.jpg\"><img loading=\"lazy\" class=\"alignleft wp-image-102961\" src=\"http:\/\/www.visit-ulcinj.com\/blog\/wp-content\/uploads\/2017\/02\/Luidj-Skrelja-Knezeviq.jpg\" alt=\"Luidj-Skrelja-Knezeviq\" width=\"508\" height=\"319\" srcset=\"https:\/\/www.visit-ulcinj.com\/blog\/wp-content\/uploads\/2017\/02\/Luidj-Skrelja-Knezeviq.jpg 560w, https:\/\/www.visit-ulcinj.com\/blog\/wp-content\/uploads\/2017\/02\/Luidj-Skrelja-Knezeviq-300x189.jpg 300w\" sizes=\"(max-width: 508px) 100vw, 508px\" \/><\/a>Kne\u017eevi\u0107 &#8220;Prijetio da \u0107e mi slomiti i drugu nogu&#8221;<\/strong><\/p>\n<\/div>\n<p class=\"lead\"><strong>Poslanik DPS-a Ljui\u0111 \u0160krelja rekao je da je, kao i njegove kolege, danas u skup\u0161tinskom holu bio izlo\u017een brutalnim prijetnjama, psovkama i uvredama.<\/strong><\/p>\n<p>\u201cLi\u010dno mi je Kne\u017eevi\u0107 prijetio da \u0107e mi slomiti i drugu nogu, nazvav\u0161i me \u0160iptarom, uz rije\u010di koje mi li\u010dno i porodi\u010dno vaspitanje ne dozvoljava da javno saop\u0161tavam&#8221;, kazao je \u0160krelja Vijestima.<\/p>\n<p><a href=\"http:\/\/www.rtcg.me\/vijesti\/politika\/156559\/iz-df-a-vrijedjali-i-nasrtali-na-kolege-iz-vlasti.html\">Poslanici Demokratskog fronta izvrije\u0111ali su, ali i fizi\u010dki nasrnuli na kolege iz vladaju\u0107e koalicije<\/a> koji su glasali za skidanje imuniteta Andriji Mandi\u0107u i Milanu Kne\u017eevi\u0107u.<\/p>\n<p>&#8220;Zdu\u0161no, dodu\u0161e iza mojih le\u0111a, Kne\u017eevi\u0107u je pomogao rasni Srbin iz Nik\u0161i\u0107a Milutin \u0110ukanovi\u0107. Psovao mi je mrtvu i \u0161iptarsku majku jasno i glasno, uz odobravanje Budimira Aleksi\u0107a i njegovo zdu\u0161no pridru\u017eivanje u prijetnjama i psovkama&#8221;, ka\u017ee \u0160krelja i dodao:<\/p>\n<p>&#8220;U na\u0161im krajevima nijesu cijenjeni mu\u0161karci koji prijete. Ipak je to odlika slabih ljudi koji, u nedostatku argumenata, posegnu za prijetnjama i vrije\u0111anjem\u201d, rekao je \u0160krelja.<\/p>\n<p>TVCG<\/p>\n<!--YouTube Error: bad URL entered-->\n","protected":false},"excerpt":{"rendered":"<p>Kne\u017eevi\u0107 &#8220;Prijetio da \u0107e mi slomiti i drugu nogu&#8221; Poslanik DPS-a Ljui\u0111 \u0160krelja rekao je da je, kao i njegove kolege, danas u skup\u0161tinskom holu bio izlo\u017een brutalnim prijetnjama, psovkama i uvredama. \u201cLi\u010dno mi je Kne\u017eevi\u0107 prijetio da \u0107e mi slomiti i drugu nogu, nazvav\u0161i me \u0160iptarom, uz rije\u010di koje mi li\u010dno i porodi\u010dno vaspitanje [&hellip;]<\/p>\n","protected":false},"author":1,"featured_media":0,"comment_status":"closed","ping_status":"closed","sticky":false,"template":"","format":"standard","meta":{"spay_email":"","jetpack_publicize_message":"","jetpack_is_tweetstorm":false,"jetpack_publicize_feature_enabled":true},"categories":[8337],"tags":[],"jetpack_publicize_connections":[],"yoast_head":"<!-- This site is optimized with the Yoast SEO plugin v19.1 - https:\/\/yoast.com\/wordpress\/plugins\/seo\/ -->\n<title>\u0160krelja: Prijetio, psovao mi je mrtvu i \u0161iptarsku majku jasno i glasno - Lajme nga Ulqini<\/title>\n<meta name=\"description\" content=\"Kne\u017eevi\u0107 &quot;Prijetio da \u0107e mi slomiti i drugu nogu&quot; Poslanik DPS-a Ljui\u0111 \u0160krelja rekao je da je, kao i njegove kolege, danas u skup\u0161tinskom holu bio izlo\u017een\" \/>\n<meta name=\"robots\" content=\"index, follow, max-snippet:-1, max-image-preview:large, max-video-preview:-1\" \/>\n<link rel=\"canonical\" href=\"https:\/\/www.visit-ulcinj.com\/blog\/2017\/02\/15\/skrelja-prijetio-psovao-mi-je-mrtvu-siptarsku-majku-jasno-glasno\/\" \/>\n<meta property=\"og:locale\" content=\"en_US\" \/>\n<meta property=\"og:type\" content=\"article\" \/>\n<meta property=\"og:title\" content=\"\u0160krelja: Prijetio, psovao mi je mrtvu i \u0161iptarsku majku jasno i glasno - Lajme nga Ulqini\" \/>\n<meta property=\"og:description\" content=\"Kne\u017eevi\u0107 &quot;Prijetio da \u0107e mi slomiti i drugu nogu&quot; Poslanik DPS-a Ljui\u0111 \u0160krelja rekao je da je, kao i njegove kolege, danas u skup\u0161tinskom holu bio izlo\u017een\" \/>\n<meta property=\"og:url\" content=\"https:\/\/www.visit-ulcinj.com\/blog\/2017\/02\/15\/skrelja-prijetio-psovao-mi-je-mrtvu-siptarsku-majku-jasno-glasno\/\" \/>\n<meta property=\"og:site_name\" content=\"Lajme nga Ulqini\" \/>\n<meta property=\"article:published_time\" content=\"2017-02-15T22:03:27+00:00\" \/>\n<meta property=\"og:image\" content=\"http:\/\/www.visit-ulcinj.com\/blog\/wp-content\/uploads\/2017\/02\/Luidj-Skrelja-Knezeviq.jpg\" \/>\n<meta name=\"twitter:label1\" content=\"Written by\" \/>\n\t<meta name=\"twitter:data1\" content=\"ulqini\" \/>\n\t<meta name=\"twitter:label2\" content=\"Est. reading time\" \/>\n\t<meta name=\"twitter:data2\" content=\"1 minute\" \/>\n<script type=\"application\/ld+json\" class=\"yoast-schema-graph\">{\"@context\":\"https:\/\/schema.org\",\"@graph\":[{\"@type\":\"WebSite\",\"@id\":\"https:\/\/www.visit-ulcinj.com\/blog\/#website\",\"url\":\"https:\/\/www.visit-ulcinj.com\/blog\/\",\"name\":\"Lajme nga Ulqini\",\"description\":\"Lajme,Vijesti,Ulqini,Ulqin,Crna Gora,Mali i Zi\",\"potentialAction\":[{\"@type\":\"SearchAction\",\"target\":{\"@type\":\"EntryPoint\",\"urlTemplate\":\"https:\/\/www.visit-ulcinj.com\/blog\/?s={search_term_string}\"},\"query-input\":\"required name=search_term_string\"}],\"inLanguage\":\"en-US\"},{\"@type\":\"ImageObject\",\"inLanguage\":\"en-US\",\"@id\":\"https:\/\/www.visit-ulcinj.com\/blog\/2017\/02\/15\/skrelja-prijetio-psovao-mi-je-mrtvu-siptarsku-majku-jasno-glasno\/#primaryimage\",\"url\":\"https:\/\/www.visit-ulcinj.com\/blog\/wp-content\/uploads\/2017\/02\/Luidj-Skrelja-Knezeviq.jpg\",\"contentUrl\":\"https:\/\/www.visit-ulcinj.com\/blog\/wp-content\/uploads\/2017\/02\/Luidj-Skrelja-Knezeviq.jpg\",\"width\":560,\"height\":352},{\"@type\":\"WebPage\",\"@id\":\"https:\/\/www.visit-ulcinj.com\/blog\/2017\/02\/15\/skrelja-prijetio-psovao-mi-je-mrtvu-siptarsku-majku-jasno-glasno\/#webpage\",\"url\":\"https:\/\/www.visit-ulcinj.com\/blog\/2017\/02\/15\/skrelja-prijetio-psovao-mi-je-mrtvu-siptarsku-majku-jasno-glasno\/\",\"name\":\"\u0160krelja: Prijetio, psovao mi je mrtvu i \u0161iptarsku majku jasno i glasno - Lajme nga Ulqini\",\"isPartOf\":{\"@id\":\"https:\/\/www.visit-ulcinj.com\/blog\/#website\"},\"primaryImageOfPage\":{\"@id\":\"https:\/\/www.visit-ulcinj.com\/blog\/2017\/02\/15\/skrelja-prijetio-psovao-mi-je-mrtvu-siptarsku-majku-jasno-glasno\/#primaryimage\"},\"datePublished\":\"2017-02-15T22:03:27+00:00\",\"dateModified\":\"2017-02-15T22:03:27+00:00\",\"author\":{\"@id\":\"https:\/\/www.visit-ulcinj.com\/blog\/#\/schema\/person\/dcab619c614d3038751c63bc2aadc06d\"},\"description\":\"Kne\u017eevi\u0107 \\\"Prijetio da \u0107e mi slomiti i drugu nogu\\\" Poslanik DPS-a Ljui\u0111 \u0160krelja rekao je da je, kao i njegove kolege, danas u skup\u0161tinskom holu bio izlo\u017een\",\"breadcrumb\":{\"@id\":\"https:\/\/www.visit-ulcinj.com\/blog\/2017\/02\/15\/skrelja-prijetio-psovao-mi-je-mrtvu-siptarsku-majku-jasno-glasno\/#breadcrumb\"},\"inLanguage\":\"en-US\",\"potentialAction\":[{\"@type\":\"ReadAction\",\"target\":[\"https:\/\/www.visit-ulcinj.com\/blog\/2017\/02\/15\/skrelja-prijetio-psovao-mi-je-mrtvu-siptarsku-majku-jasno-glasno\/\"]}]},{\"@type\":\"BreadcrumbList\",\"@id\":\"https:\/\/www.visit-ulcinj.com\/blog\/2017\/02\/15\/skrelja-prijetio-psovao-mi-je-mrtvu-siptarsku-majku-jasno-glasno\/#breadcrumb\",\"itemListElement\":[{\"@type\":\"ListItem\",\"position\":1,\"name\":\"\u0160krelja: Prijetio, psovao mi je mrtvu i \u0161iptarsku majku jasno i glasno\"}]},{\"@type\":\"Person\",\"@id\":\"https:\/\/www.visit-ulcinj.com\/blog\/#\/schema\/person\/dcab619c614d3038751c63bc2aadc06d\",\"name\":\"ulqini\",\"sameAs\":[\"http:\/\/www.visit-ulcinj.com\"],\"url\":\"https:\/\/www.visit-ulcinj.com\/blog\/author\/admin\/\"}]}<\/script>\n<!-- \/ Yoast SEO plugin. -->","yoast_head_json":{"title":"\u0160krelja: Prijetio, psovao mi je mrtvu i \u0161iptarsku majku jasno i glasno - Lajme nga Ulqini","description":"Kne\u017eevi\u0107 \"Prijetio da \u0107e mi slomiti i drugu nogu\" Poslanik DPS-a Ljui\u0111 \u0160krelja rekao je da je, kao i njegove kolege, danas u skup\u0161tinskom holu bio izlo\u017een","robots":{"index":"index","follow":"follow","max-snippet":"max-snippet:-1","max-image-preview":"max-image-preview:large","max-video-preview":"max-video-preview:-1"},"canonical":"https:\/\/www.visit-ulcinj.com\/blog\/2017\/02\/15\/skrelja-prijetio-psovao-mi-je-mrtvu-siptarsku-majku-jasno-glasno\/","og_locale":"en_US","og_type":"article","og_title":"\u0160krelja: Prijetio, psovao mi je mrtvu i \u0161iptarsku majku jasno i glasno - Lajme nga Ulqini","og_description":"Kne\u017eevi\u0107 \"Prijetio da \u0107e mi slomiti i drugu nogu\" Poslanik DPS-a Ljui\u0111 \u0160krelja rekao je da je, kao i njegove kolege, danas u skup\u0161tinskom holu bio izlo\u017een","og_url":"https:\/\/www.visit-ulcinj.com\/blog\/2017\/02\/15\/skrelja-prijetio-psovao-mi-je-mrtvu-siptarsku-majku-jasno-glasno\/","og_site_name":"Lajme nga Ulqini","article_published_time":"2017-02-15T22:03:27+00:00","og_image":[{"url":"http:\/\/www.visit-ulcinj.com\/blog\/wp-content\/uploads\/2017\/02\/Luidj-Skrelja-Knezeviq.jpg"}],"twitter_misc":{"Written by":"ulqini","Est. reading time":"1 minute"},"schema":{"@context":"https:\/\/schema.org","@graph":[{"@type":"WebSite","@id":"https:\/\/www.visit-ulcinj.com\/blog\/#website","url":"https:\/\/www.visit-ulcinj.com\/blog\/","name":"Lajme nga Ulqini","description":"Lajme,Vijesti,Ulqini,Ulqin,Crna Gora,Mali i Zi","potentialAction":[{"@type":"SearchAction","target":{"@type":"EntryPoint","urlTemplate":"https:\/\/www.visit-ulcinj.com\/blog\/?s={search_term_string}"},"query-input":"required name=search_term_string"}],"inLanguage":"en-US"},{"@type":"ImageObject","inLanguage":"en-US","@id":"https:\/\/www.visit-ulcinj.com\/blog\/2017\/02\/15\/skrelja-prijetio-psovao-mi-je-mrtvu-siptarsku-majku-jasno-glasno\/#primaryimage","url":"https:\/\/www.visit-ulcinj.com\/blog\/wp-content\/uploads\/2017\/02\/Luidj-Skrelja-Knezeviq.jpg","contentUrl":"https:\/\/www.visit-ulcinj.com\/blog\/wp-content\/uploads\/2017\/02\/Luidj-Skrelja-Knezeviq.jpg","width":560,"height":352},{"@type":"WebPage","@id":"https:\/\/www.visit-ulcinj.com\/blog\/2017\/02\/15\/skrelja-prijetio-psovao-mi-je-mrtvu-siptarsku-majku-jasno-glasno\/#webpage","url":"https:\/\/www.visit-ulcinj.com\/blog\/2017\/02\/15\/skrelja-prijetio-psovao-mi-je-mrtvu-siptarsku-majku-jasno-glasno\/","name":"\u0160krelja: Prijetio, psovao mi je mrtvu i \u0161iptarsku majku jasno i glasno - Lajme nga Ulqini","isPartOf":{"@id":"https:\/\/www.visit-ulcinj.com\/blog\/#website"},"primaryImageOfPage":{"@id":"https:\/\/www.visit-ulcinj.com\/blog\/2017\/02\/15\/skrelja-prijetio-psovao-mi-je-mrtvu-siptarsku-majku-jasno-glasno\/#primaryimage"},"datePublished":"2017-02-15T22:03:27+00:00","dateModified":"2017-02-15T22:03:27+00:00","author":{"@id":"https:\/\/www.visit-ulcinj.com\/blog\/#\/schema\/person\/dcab619c614d3038751c63bc2aadc06d"},"description":"Kne\u017eevi\u0107 \"Prijetio da \u0107e mi slomiti i drugu nogu\" Poslanik DPS-a Ljui\u0111 \u0160krelja rekao je da je, kao i njegove kolege, danas u skup\u0161tinskom holu bio izlo\u017een","breadcrumb":{"@id":"https:\/\/www.visit-ulcinj.com\/blog\/2017\/02\/15\/skrelja-prijetio-psovao-mi-je-mrtvu-siptarsku-majku-jasno-glasno\/#breadcrumb"},"inLanguage":"en-US","potentialAction":[{"@type":"ReadAction","target":["https:\/\/www.visit-ulcinj.com\/blog\/2017\/02\/15\/skrelja-prijetio-psovao-mi-je-mrtvu-siptarsku-majku-jasno-glasno\/"]}]},{"@type":"BreadcrumbList","@id":"https:\/\/www.visit-ulcinj.com\/blog\/2017\/02\/15\/skrelja-prijetio-psovao-mi-je-mrtvu-siptarsku-majku-jasno-glasno\/#breadcrumb","itemListElement":[{"@type":"ListItem","position":1,"name":"\u0160krelja: Prijetio, psovao mi je mrtvu i \u0161iptarsku majku jasno i glasno"}]},{"@type":"Person","@id":"https:\/\/www.visit-ulcinj.com\/blog\/#\/schema\/person\/dcab619c614d3038751c63bc2aadc06d","name":"ulqini","sameAs":["http:\/\/www.visit-ulcinj.com"],"url":"https:\/\/www.visit-ulcinj.com\/blog\/author\/admin\/"}]}},"jetpack_featured_media_url":"","jetpack_sharing_enabled":true,"jetpack_shortlink":"https:\/\/wp.me\/pe6lTn-qME","_links":{"self":[{"href":"https:\/\/www.visit-ulcinj.com\/blog\/wp-json\/wp\/v2\/posts\/102960"}],"collection":[{"href":"https:\/\/www.visit-ulcinj.com\/blog\/wp-json\/wp\/v2\/posts"}],"about":[{"href":"https:\/\/www.visit-ulcinj.com\/blog\/wp-json\/wp\/v2\/types\/post"}],"author":[{"embeddable":true,"href":"https:\/\/www.visit-ulcinj.com\/blog\/wp-json\/wp\/v2\/users\/1"}],"replies":[{"embeddable":true,"href":"https:\/\/www.visit-ulcinj.com\/blog\/wp-json\/wp\/v2\/comments?post=102960"}],"version-history":[{"count":1,"href":"https:\/\/www.visit-ulcinj.com\/blog\/wp-json\/wp\/v2\/posts\/102960\/revisions"}],"predecessor-version":[{"id":102962,"href":"https:\/\/www.visit-ulcinj.com\/blog\/wp-json\/wp\/v2\/posts\/102960\/revisions\/102962"}],"wp:attachment":[{"href":"https:\/\/www.visit-ulcinj.com\/blog\/wp-json\/wp\/v2\/media?parent=102960"}],"wp:term":[{"taxonomy":"category","embeddable":true,"href":"https:\/\/www.visit-ulcinj.com\/blog\/wp-json\/wp\/v2\/categories?post=102960"},{"taxonomy":"post_tag","embeddable":true,"href":"https:\/\/www.visit-ulcinj.com\/blog\/wp-json\/wp\/v2\/tags?post=102960"}],"curies":[{"name":"wp","href":"https:\/\/api.w.org\/{rel}","templated":true}]}}