{"id":102964,"date":"2017-02-16T06:56:56","date_gmt":"2017-02-16T05:56:56","guid":{"rendered":"http:\/\/www.visit-ulcinj.com\/blog\/?p=102964"},"modified":"2017-02-16T06:58:10","modified_gmt":"2017-02-16T05:58:10","slug":"shkreli-15-shkurt-1909-lindi-dielli","status":"publish","type":"post","link":"https:\/\/www.visit-ulcinj.com\/blog\/2017\/02\/16\/shkreli-15-shkurt-1909-lindi-dielli\/","title":{"rendered":"Shkreli: Me 15 shkurt 1909 Lindi \u201cDielli\u201d"},"content":{"rendered":"<p><strong><a href=\"http:\/\/www.visit-ulcinj.com\/blog\/wp-content\/uploads\/2016\/11\/Frank-Shkreli.jpg\"><img loading=\"lazy\" class=\"alignleft wp-image-101032 size-medium\" src=\"http:\/\/www.visit-ulcinj.com\/blog\/wp-content\/uploads\/2016\/11\/Frank-Shkreli-300x198.jpg\" alt=\"Frank Shkreli\" width=\"300\" height=\"198\" srcset=\"https:\/\/www.visit-ulcinj.com\/blog\/wp-content\/uploads\/2016\/11\/Frank-Shkreli-300x198.jpg 300w, https:\/\/www.visit-ulcinj.com\/blog\/wp-content\/uploads\/2016\/11\/Frank-Shkreli.jpg 600w\" sizes=\"(max-width: 300px) 100vw, 300px\" \/><\/a>P\u00ebrgatiti Frank Shkreli<\/strong><\/p>\n<p>108 vjet\u00eb m\u00eb par\u00eb, ekzakt\u00ebrisht me 15 Shkurt, 1909 doli n\u00eb Boston t\u00eb Shteteve t\u00eb Bashkuara numri i par\u00eb i gazet\u00ebs Dielli, organ i Organizat\u00ebs Panshqiptare Vatra, gazet\u00eb q\u00eb edhe sot botohet rregullisht n\u00eb internet dhe nj\u00ebher\u00eb n\u00eb muaj del n\u00eb versionin e printuar, duke p\u00ebrmbledhur n\u00eb \u2018t\u00eb artikujt dhe veprimtarit\u00eb m\u00eb t\u00eb dalluara mujore t\u00eb organizat\u00ebs Vatra.<\/p>\n<p>&nbsp;<\/p>\n<p>Vendosa q\u00eb m\u00eb rastin e k\u00ebtij p\u00ebrvjetori t\u00eb gazet\u00ebs Dielli, n\u00eb vend t\u00eb fjal\u00ebve t\u00eb mia, t\u00eb p\u00ebrmbledh\u00eb nj\u00eb editorial q\u00eb m\u2019u kujtua se e kisha lexuar vite m\u00eb par\u00eb, t\u00eb shkruar nga Ernest Koliqi n\u00eb revist\u00ebn e tij t\u00eb famshme, \u201cSh\u00ebjzat\u201d t\u00eb vitit 1959, n\u00eb sh\u00ebnim t\u00eb 50-vjetorit t\u00eb botimit t\u00eb gazet\u00ebs shqiptaro-amerikane, Dielli.\u00a0 Por si\u00e7 ve n\u00eb dukje edhe Profesor Ernest Koliqi, n\u00eb editorialin kushtuar 50-vjetorit, gazeta Dielli nuk ishte thjesht\u00eb \u00a0nj\u00eb gazet\u00eb vet\u00ebm p\u00ebr shqiptaro-amerikan\u00ebt.\u00a0\u00a0 Ai filllon vlersimin e tij t\u00eb \u00a0historis\u00eb s\u00eb gazet\u00ebs Dielli, duke shkruar se, \u201cKush kujdeset, pak a shum\u00eb p\u00ebr historin\u00eb e vendlindjes, e di rolin kryesuer q\u00eb ka luajtun kjo fletore n\u00eb l\u00ebvizjet komb\u00ebtare.\u00a0 Ajo e nisi pun\u00ebn e vet me kryefjal\u00ebn fatlume t\u00eb Nolit, \u201cNj\u00eb Shqip\u00ebri p\u00ebr Shqiptar\u00ebt\u201d, shkruan Koliqi, nj\u00eb moto kjo me t\u00eb cil\u00ebn shprehet ai, \u201cNoli ia ndielli t\u00eb mir\u00ebn Atdheut dhe Ora e kombit mbas pak vjetve ia fali gjindes shqiptare \u2013 tekembramja &#8212; nj\u00eb truell t\u00eb lir\u00eb ku ajo t\u00eb rronte e t\u00eb zhvillohej si mbas prirjeve t\u00eb veta landore dhe shpirt\u00ebnore.\u201d<\/p>\n<p>&nbsp;<\/p>\n<p>Ernest Koliqi, botimin e gazet\u00ebs Dielli dhe themelimin e organizat\u00ebs Vatra, i lidh\u00eb drejt\u00eb p\u00ebr s\u00eb drejti me pavar\u00ebsin\u00eb e Shqip\u00ebris\u00eb, duke komentuar se \u00a0\u201cBotimi i Diellit solli themelimin e \u201cVatr\u00ebs\u201d, e cila me 28 prill 1912 e shpalli veten si Federat\u00eb panshqiptare. \u00c7do grumbullim energjish\u00eb e veprimtarish\u00eb ka urat\u00ebn e Perendis\u00eb dhe buzqeshjen e fatit. K\u00ebt\u00eb, na Shqiptar\u00ebt s\u2019duhet ta harrojm\u00eb. Si t\u00eb donte Provanija hyjnore me shp\u00ebrblye ringjalljen e frym\u00ebs s\u00eb v\u00ebllaznimit nd\u00ebr Shqiptar\u00eb \u2013 mbas gjasht\u00eb muajve t\u00eb themelimit t\u00eb Vatr\u00ebs \u2013 Shqipnija fitoi pamvarsin\u00eb. \u00a0\u00a0Me 28 prill 1912 u krijue Vatra dhe me 28 nanduer po t\u00eb atij vjeti e puthi rrezja e liris\u00eb flamurin e Sk\u00ebnderbeut mbas pesqind vjet\u00ebsh q\u00eb ai rrinte i paluem si leck\u00eb e pavler\u00eb n\u00eb terr e n\u00eb harres\u00eb\u201d, shkruante Koliqi, me rastin e 50-vjetorit t\u00eb botimit t\u00eb gazet\u00ebs Dielli, n\u00eb revist\u00ebn e tij Sh\u00ebjzat, t\u00eb botuar n\u00eb Rom\u00eb.<\/p>\n<p>&nbsp;<\/p>\n<p>Me rastin e 50-vjetorit t\u00eb Diellit, Ernest Koliqi e cil\u00ebson veprimtarin\u00eb e Vatr\u00ebs dhe t\u00eb Diellit si nj\u00eb \u201cvarg tubzash epiko-lirike\u201d, duke vlersuar se gazeta Dielli p\u00ebrcolli besnik\u00ebrisht ngjarjet shqiptare dhe bot\u00ebrore t\u00eb asaj periudhe, gjithmon\u00eb e gatshme p\u00ebr t\u00eb mbrojtur qendrimet e shqiptarizmit. Si shembull, Koliqi citon n\u00eb editorialin e tij nj\u00eb shkrim t\u00eb gazet\u00ebs Dielli t\u00eb 3 qershorit, 1913 ku p\u00ebrshkruhet gj\u00ebndja e at\u00ebhershme n\u00eb Ballkan, por shum\u00eb e ngjashme me p\u00ebrpjekjet e sot\u00ebme t\u00eb Rusis\u00eb putiniste p\u00ebr t\u00eb influencuar ngjarjet n\u00eb interes t\u00eb saj dhe m\u00eb n\u00eb fund p\u00ebr t\u00eb kontrolluar gj\u00ebndjen n\u00eb Ballkan, p\u00ebrfshir\u00eb trojet shqiptare. \u00a0Gazeta Dielli sipas Koliqit, \u00a0i kishte dh\u00ebn\u00eb nj\u00eb\u00a0 paralajm\u00ebrim bot\u00ebs shqiptare n\u00eb fillim t\u00eb shekullit t\u00eb kaluar se, \u201cNuk duhet kurr\u00eb Shqip\u00ebria t\u00eb pres\u00eb ndonj\u00eb t\u00eb mir\u00eb ase ndihm\u00eb nga Rusia, se interesat e saj kan\u00eb qen\u00eb dhe do t\u00eb jen\u00eb kurdoher\u00eb p\u00ebr t\u00eb cop\u00ebtuar Shqip\u00ebrin\u00eb dhe t\u2019ua shp\u00ebrndaj\u00eb copat k\u00eblyshve sllav\u00eb p\u00ebr fitim t\u00eb saj. \u00a0\u00a0Programi i Rusis\u00eb \u00ebsht\u00eb q\u00eb t\u00eb p\u00ebrfshij\u00eb nj\u00eb dit\u00eb gjith\u00eb shtetet e Ballkanit, t\u00eb lidh\u00eb Detin e Zi me Egjen e me Adriatikun\u201d.<\/p>\n<p>&nbsp;<\/p>\n<p>Profesor Ernest Koliqi vler\u00ebsonte n\u00eb komentin e tij botuar n\u00eb revist\u00ebn Sh\u00ebjzat, se veprimtaria patriotike e gazet\u00ebs Dielli dhe e p\u00ebrfaqsuesve t\u00eb Organizat\u00ebs Pan-shqiptare Vatra, arrin\u00eb kulmin n\u00eb vitin 1918.\u00a0 \u00a0At\u00ebher\u00eb kur sipas tij, \u201cFan Noli ban mrekullina n\u00eb Europ\u00eb si delegat i Vatr\u00ebs.\u201d\u00a0 Ai n\u00ebnvijon takimet e Fan Nolit me Presidentin Wilson dhe me ish-presidentin Theodore Roosevelt n\u00eb Washington, para se t\u00eb nisej p\u00ebr n\u00eb Konferenc\u00ebn e Paq\u00ebs n\u00eb Paris, ku sipas Koliqit, \u201cNoli u p\u00ebrpoq p\u00ebr atdhe me vetit\u00eb e nalta t\u00eb tija&#8230; shp\u00ebtoi Shqip\u00ebnin\u00eb asokohe nga cungimi ma i shemtuet\u201d, nd\u00ebrkoh\u00eb q\u00eb p\u00ebrve\u00e7 mb\u00ebshtetjes s\u00eb presidentit amerikan Wilsonit p\u00ebr Shqip\u00ebrin\u00eb, iu shtua edhe p\u00ebrkrahja\u00a0 e Papa Benediktit t\u00eb XVI, shkruante Koliqi n\u00eb komentin kushtuar 50-vjetorit t\u00eb botimit t\u00eb par\u00eb t\u00eb gazet\u00ebs Dielli, duke komentuar mbi rolin q\u00eb luajti Fan Noli n\u00eb situat\u00ebn e at\u00ebhershme.<\/p>\n<p>&nbsp;<\/p>\n<p>N\u00eb komentin me titull, \u201cPes\u00ebdhjet\u00ebvjetori i Fletores \u201cDielli\u201d, botuar n\u00eb revist\u00ebn Sh\u00ebjzat t\u00eb vitit 1959, Profesor Ernest Koliqi u jep kredin\u00eb m\u00eb t\u00eb madhe p\u00ebr veprimtarit\u00eb historike t\u00eb Diellit dhe t\u00eb Vatr\u00ebs, \u201cDy kampion\u00ebve t\u00eb m\u00ebdhej t\u00eb shqiptarizmit, At Fan Noli dhe Faik Konica&#8230;si g\u00ebrshetuesit kryesor\u00eb t\u00eb veprimtaris\u00eb s\u00eb shk\u00eblqyeshme t\u00eb Vatr\u00ebs dhe vatran\u00ebve\u201d, por pa harruar, shton ai, as veprimtar\u00ebt e tjer\u00eb t\u00eb shumt\u00eb t\u00eb Diellit e t\u00eb Vatr\u00ebs, t\u00eb cil\u00ebt i p\u00ebrmend Koliqi n\u00eb editorialin e tij, veprimtar\u00eb si, \u201cKost \u00c7ekrezi, Kristo Floqi, Kol Tomara, Kristo Kirka, Bahri Omari e Sotir Peci\u201d, nd\u00ebr t\u00eb tjer\u00eb.<\/p>\n<p>&nbsp;<\/p>\n<p>Por, ja ku jemi sot. Gazeta Dielli kujton 108-vjetorin e daljes n\u00eb drit\u00eb.\u00a0 \u00a0Shum\u00eb gj\u00ebra kan\u00eb ndryshuar e disa gjithnj\u00eb vazhdojn\u00eb t\u00eb jen\u00eb t\u00eb ngjashme me situatat e sot\u00ebme aktuale politike dhe gazetareske, me t\u00eb cilat p\u00ebrballet jo vet\u00ebm Vatra e Dielli dhe komuniteti shqiptaro-amerikan, por edhe mbar\u00eb shqiptar\u00ebt n\u00eb trojet e veta n\u00eb Ballkan.\u00a0 Duket sikur\u00eb situatat e dikurshme po p\u00ebrs\u00ebriten, t\u00eb vjetrat pra, jan\u00eb prap\u00eb t\u00eb reja. Pandaj, Dielli dhe Vatra kan\u00eb gjithnj\u00eb nj\u00eb rol p\u00ebr t\u00eb luajtur, duke u bazuar n\u00eb rolin historik t\u00eb saj t\u00eb shekullit t\u00eb kaluar. \u00a0\u00a0I takon k\u00ebtij brezi t\u00eb ri t\u00eb shqiptaro-amerikan\u00ebve, i cili p\u00ebr nga numri dhe p\u00ebr nga pasuria, jan\u00eb n\u00eb gj\u00ebndje shum\u00eb t\u00eb t\u00eb mir\u00eb se sa bashkohasit e Fan Nolit dhe t\u00eb Faik Konic\u00ebs, q\u00eb t\u00eb jen\u00eb nj\u00eb \u201cshtyll\u00eb m\u00eb e fort\u00eb\u201d se kurr\u00eb m\u00eb par\u00eb e shqiptarizmit n\u00eb Amerik\u00eb.\u00a0 N\u00eb editorialin e tij me rastin e 50-vjetorit t\u00eb Diellit, Ernest Koliqi iu drejtua shqiptar\u00ebve t\u00eb Amerik\u00ebs, me nj\u00eb thirrje q\u00eb \u00ebsht\u00eb edhe sot aktuale: \u00a0\u201cBashkatdhetar\u00ebt e Amerik\u00ebs, t\u00eb cil\u00ebt dijt\u00ebn t\u00eb nd\u00ebrtojn\u00eb k\u00ebt\u00eb q\u00ebnd\u00ebr t\u00eb fort\u00eb atdhedashunie \u2013 duhet sidomos sot t\u00eb jen\u00eb n\u00eb nalt\u00ebsin\u00eb e misjonit historik q\u00eb u p\u00ebrket, mbasi jetojn\u00eb e veprojn\u00eb n\u00eb preh\u00ebn t\u00eb Demokracis\u00eb s\u00eb Madhe amerikane, n\u00eb dor\u00eb t\u00eb cil\u00ebs \u00ebsht\u00eb fati i bot\u00ebs e prandej edhe i vendit ton\u00eb.\u201d\u00a0 Nj\u00eb thirrje kjo shum\u00eb me vend n\u00eb vitin 1959, por gjithnj\u00eb aktuale edhe sot.<\/p>\n<p>&nbsp;<\/p>\n<p>Urojm\u00eb n\u00eb k\u00ebt\u00eb p\u00ebrvjetor q\u00eb Dielli, Vatra dhe t\u00eb gjith\u00eb ne \u2013 megjith\u00eb peripecit\u00eb q\u00eb kan\u00eb p\u00ebrballur gjat\u00eb historis\u00eb &#8212; t\u00eb m\u00ebsojm\u00eb nga historia e gjat\u00eb dhe pozitive e veprimtaris\u00eb s\u00eb k\u00ebtyre dy institucioneve shqiptaro-amerikane dhe komb\u00ebtare si dhe nga p\u00ebrvoja e udh\u00ebheqsve t\u00eb tyre t\u00eb shekullit t\u00eb kaluar, p\u00ebr t\u00eb mir\u00ebn e p\u00ebrbashk\u00ebt dhe n\u00eb interesin komb\u00ebtar, k\u00ebtu dhe n\u00eb trojet shqiptare. T\u00eb urojm\u00eb s\u00eb bashku me Ernest Koliqin, \u00a0si\u00e7 b\u00ebri ai me rastin e 50-vjetorit t\u00eb gazet\u00ebs Dielli, q\u00eb udh\u00ebheqsit e tanish\u00ebm dhe t\u00eb ardh\u00ebsh\u00ebm t\u00eb Vatr\u00ebs dhe t\u00eb Diellit &#8212; q\u00eb ashtu si\u00e7 kan\u00eb b\u00ebr\u00eb edhe para-ardh\u00ebsit e tyre me pun\u00ebn e tyre t\u00eb palodhur gjat\u00eb 200-vjetorit t\u00eb dyt\u00eb t\u00eb ekzistenc\u00ebs &#8212; t\u00eb ken\u00eb rast, mund\u00ebsi e vullnet q\u00eb t\u00eb, \u201ckorrin dafina shum\u00eb t\u00eb shk\u00eblqyeshme\u201d, p\u00ebr Shqip\u00ebrin\u00eb dhe p\u00ebr Shqiptar\u00ebt kudo.<\/p>\n<p><strong><br \/>\nFrank Shkreli<\/strong><\/p>\n<p><strong>\u00a0<\/strong><\/p>\n","protected":false},"excerpt":{"rendered":"<p>P\u00ebrgatiti Frank Shkreli 108 vjet\u00eb m\u00eb par\u00eb, ekzakt\u00ebrisht me 15 Shkurt, 1909 doli n\u00eb Boston t\u00eb Shteteve t\u00eb Bashkuara numri i par\u00eb i gazet\u00ebs Dielli, organ i Organizat\u00ebs Panshqiptare Vatra, gazet\u00eb q\u00eb edhe sot botohet rregullisht n\u00eb internet dhe nj\u00ebher\u00eb n\u00eb muaj del n\u00eb versionin e printuar, duke p\u00ebrmbledhur n\u00eb \u2018t\u00eb artikujt dhe veprimtarit\u00eb m\u00eb [&hellip;]<\/p>\n","protected":false},"author":1,"featured_media":0,"comment_status":"closed","ping_status":"closed","sticky":false,"template":"","format":"standard","meta":{"spay_email":"","jetpack_publicize_message":"","jetpack_is_tweetstorm":false,"jetpack_publicize_feature_enabled":true},"categories":[7],"tags":[],"jetpack_publicize_connections":[],"yoast_head":"<!-- This site is optimized with the Yoast SEO plugin v19.1 - https:\/\/yoast.com\/wordpress\/plugins\/seo\/ -->\n<title>Shkreli: Me 15 shkurt 1909 Lindi \u201cDielli\u201d - Lajme nga Ulqini<\/title>\n<meta name=\"description\" content=\"P\u00ebrgatiti Frank Shkreli 108 vjet\u00eb m\u00eb par\u00eb, ekzakt\u00ebrisht me 15 Shkurt, 1909 doli n\u00eb Boston t\u00eb Shteteve t\u00eb Bashkuara numri i par\u00eb i gazet\u00ebs Dielli, organ i\" \/>\n<meta name=\"robots\" content=\"index, follow, max-snippet:-1, max-image-preview:large, max-video-preview:-1\" \/>\n<link rel=\"canonical\" href=\"https:\/\/www.visit-ulcinj.com\/blog\/2017\/02\/16\/shkreli-15-shkurt-1909-lindi-dielli\/\" \/>\n<meta property=\"og:locale\" content=\"en_US\" \/>\n<meta property=\"og:type\" content=\"article\" \/>\n<meta property=\"og:title\" content=\"Shkreli: Me 15 shkurt 1909 Lindi \u201cDielli\u201d - Lajme nga Ulqini\" \/>\n<meta property=\"og:description\" content=\"P\u00ebrgatiti Frank Shkreli 108 vjet\u00eb m\u00eb par\u00eb, ekzakt\u00ebrisht me 15 Shkurt, 1909 doli n\u00eb Boston t\u00eb Shteteve t\u00eb Bashkuara numri i par\u00eb i gazet\u00ebs Dielli, organ i\" \/>\n<meta property=\"og:url\" content=\"https:\/\/www.visit-ulcinj.com\/blog\/2017\/02\/16\/shkreli-15-shkurt-1909-lindi-dielli\/\" \/>\n<meta property=\"og:site_name\" content=\"Lajme nga Ulqini\" \/>\n<meta property=\"article:published_time\" content=\"2017-02-16T05:56:56+00:00\" \/>\n<meta property=\"article:modified_time\" content=\"2017-02-16T05:58:10+00:00\" \/>\n<meta property=\"og:image\" content=\"http:\/\/www.visit-ulcinj.com\/blog\/wp-content\/uploads\/2016\/11\/Frank-Shkreli-300x198.jpg\" \/>\n<meta name=\"twitter:label1\" content=\"Written by\" \/>\n\t<meta name=\"twitter:data1\" content=\"ulqini\" \/>\n\t<meta name=\"twitter:label2\" content=\"Est. reading time\" \/>\n\t<meta name=\"twitter:data2\" content=\"7 minutes\" \/>\n<script type=\"application\/ld+json\" class=\"yoast-schema-graph\">{\"@context\":\"https:\/\/schema.org\",\"@graph\":[{\"@type\":\"WebSite\",\"@id\":\"https:\/\/www.visit-ulcinj.com\/blog\/#website\",\"url\":\"https:\/\/www.visit-ulcinj.com\/blog\/\",\"name\":\"Lajme nga Ulqini\",\"description\":\"Lajme,Vijesti,Ulqini,Ulqin,Crna Gora,Mali i Zi\",\"potentialAction\":[{\"@type\":\"SearchAction\",\"target\":{\"@type\":\"EntryPoint\",\"urlTemplate\":\"https:\/\/www.visit-ulcinj.com\/blog\/?s={search_term_string}\"},\"query-input\":\"required name=search_term_string\"}],\"inLanguage\":\"en-US\"},{\"@type\":\"ImageObject\",\"inLanguage\":\"en-US\",\"@id\":\"https:\/\/www.visit-ulcinj.com\/blog\/2017\/02\/16\/shkreli-15-shkurt-1909-lindi-dielli\/#primaryimage\",\"url\":\"https:\/\/www.visit-ulcinj.com\/blog\/wp-content\/uploads\/2016\/11\/Frank-Shkreli.jpg\",\"contentUrl\":\"https:\/\/www.visit-ulcinj.com\/blog\/wp-content\/uploads\/2016\/11\/Frank-Shkreli.jpg\",\"width\":600,\"height\":395},{\"@type\":\"WebPage\",\"@id\":\"https:\/\/www.visit-ulcinj.com\/blog\/2017\/02\/16\/shkreli-15-shkurt-1909-lindi-dielli\/#webpage\",\"url\":\"https:\/\/www.visit-ulcinj.com\/blog\/2017\/02\/16\/shkreli-15-shkurt-1909-lindi-dielli\/\",\"name\":\"Shkreli: Me 15 shkurt 1909 Lindi \u201cDielli\u201d - Lajme nga Ulqini\",\"isPartOf\":{\"@id\":\"https:\/\/www.visit-ulcinj.com\/blog\/#website\"},\"primaryImageOfPage\":{\"@id\":\"https:\/\/www.visit-ulcinj.com\/blog\/2017\/02\/16\/shkreli-15-shkurt-1909-lindi-dielli\/#primaryimage\"},\"datePublished\":\"2017-02-16T05:56:56+00:00\",\"dateModified\":\"2017-02-16T05:58:10+00:00\",\"author\":{\"@id\":\"https:\/\/www.visit-ulcinj.com\/blog\/#\/schema\/person\/dcab619c614d3038751c63bc2aadc06d\"},\"description\":\"P\u00ebrgatiti Frank Shkreli 108 vjet\u00eb m\u00eb par\u00eb, ekzakt\u00ebrisht me 15 Shkurt, 1909 doli n\u00eb Boston t\u00eb Shteteve t\u00eb Bashkuara numri i par\u00eb i gazet\u00ebs Dielli, organ i\",\"breadcrumb\":{\"@id\":\"https:\/\/www.visit-ulcinj.com\/blog\/2017\/02\/16\/shkreli-15-shkurt-1909-lindi-dielli\/#breadcrumb\"},\"inLanguage\":\"en-US\",\"potentialAction\":[{\"@type\":\"ReadAction\",\"target\":[\"https:\/\/www.visit-ulcinj.com\/blog\/2017\/02\/16\/shkreli-15-shkurt-1909-lindi-dielli\/\"]}]},{\"@type\":\"BreadcrumbList\",\"@id\":\"https:\/\/www.visit-ulcinj.com\/blog\/2017\/02\/16\/shkreli-15-shkurt-1909-lindi-dielli\/#breadcrumb\",\"itemListElement\":[{\"@type\":\"ListItem\",\"position\":1,\"name\":\"Shkreli: Me 15 shkurt 1909 Lindi \u201cDielli\u201d\"}]},{\"@type\":\"Person\",\"@id\":\"https:\/\/www.visit-ulcinj.com\/blog\/#\/schema\/person\/dcab619c614d3038751c63bc2aadc06d\",\"name\":\"ulqini\",\"sameAs\":[\"http:\/\/www.visit-ulcinj.com\"],\"url\":\"https:\/\/www.visit-ulcinj.com\/blog\/author\/admin\/\"}]}<\/script>\n<!-- \/ Yoast SEO plugin. -->","yoast_head_json":{"title":"Shkreli: Me 15 shkurt 1909 Lindi \u201cDielli\u201d - Lajme nga Ulqini","description":"P\u00ebrgatiti Frank Shkreli 108 vjet\u00eb m\u00eb par\u00eb, ekzakt\u00ebrisht me 15 Shkurt, 1909 doli n\u00eb Boston t\u00eb Shteteve t\u00eb Bashkuara numri i par\u00eb i gazet\u00ebs Dielli, organ i","robots":{"index":"index","follow":"follow","max-snippet":"max-snippet:-1","max-image-preview":"max-image-preview:large","max-video-preview":"max-video-preview:-1"},"canonical":"https:\/\/www.visit-ulcinj.com\/blog\/2017\/02\/16\/shkreli-15-shkurt-1909-lindi-dielli\/","og_locale":"en_US","og_type":"article","og_title":"Shkreli: Me 15 shkurt 1909 Lindi \u201cDielli\u201d - Lajme nga Ulqini","og_description":"P\u00ebrgatiti Frank Shkreli 108 vjet\u00eb m\u00eb par\u00eb, ekzakt\u00ebrisht me 15 Shkurt, 1909 doli n\u00eb Boston t\u00eb Shteteve t\u00eb Bashkuara numri i par\u00eb i gazet\u00ebs Dielli, organ i","og_url":"https:\/\/www.visit-ulcinj.com\/blog\/2017\/02\/16\/shkreli-15-shkurt-1909-lindi-dielli\/","og_site_name":"Lajme nga Ulqini","article_published_time":"2017-02-16T05:56:56+00:00","article_modified_time":"2017-02-16T05:58:10+00:00","og_image":[{"url":"http:\/\/www.visit-ulcinj.com\/blog\/wp-content\/uploads\/2016\/11\/Frank-Shkreli-300x198.jpg"}],"twitter_misc":{"Written by":"ulqini","Est. reading time":"7 minutes"},"schema":{"@context":"https:\/\/schema.org","@graph":[{"@type":"WebSite","@id":"https:\/\/www.visit-ulcinj.com\/blog\/#website","url":"https:\/\/www.visit-ulcinj.com\/blog\/","name":"Lajme nga Ulqini","description":"Lajme,Vijesti,Ulqini,Ulqin,Crna Gora,Mali i Zi","potentialAction":[{"@type":"SearchAction","target":{"@type":"EntryPoint","urlTemplate":"https:\/\/www.visit-ulcinj.com\/blog\/?s={search_term_string}"},"query-input":"required name=search_term_string"}],"inLanguage":"en-US"},{"@type":"ImageObject","inLanguage":"en-US","@id":"https:\/\/www.visit-ulcinj.com\/blog\/2017\/02\/16\/shkreli-15-shkurt-1909-lindi-dielli\/#primaryimage","url":"https:\/\/www.visit-ulcinj.com\/blog\/wp-content\/uploads\/2016\/11\/Frank-Shkreli.jpg","contentUrl":"https:\/\/www.visit-ulcinj.com\/blog\/wp-content\/uploads\/2016\/11\/Frank-Shkreli.jpg","width":600,"height":395},{"@type":"WebPage","@id":"https:\/\/www.visit-ulcinj.com\/blog\/2017\/02\/16\/shkreli-15-shkurt-1909-lindi-dielli\/#webpage","url":"https:\/\/www.visit-ulcinj.com\/blog\/2017\/02\/16\/shkreli-15-shkurt-1909-lindi-dielli\/","name":"Shkreli: Me 15 shkurt 1909 Lindi \u201cDielli\u201d - Lajme nga Ulqini","isPartOf":{"@id":"https:\/\/www.visit-ulcinj.com\/blog\/#website"},"primaryImageOfPage":{"@id":"https:\/\/www.visit-ulcinj.com\/blog\/2017\/02\/16\/shkreli-15-shkurt-1909-lindi-dielli\/#primaryimage"},"datePublished":"2017-02-16T05:56:56+00:00","dateModified":"2017-02-16T05:58:10+00:00","author":{"@id":"https:\/\/www.visit-ulcinj.com\/blog\/#\/schema\/person\/dcab619c614d3038751c63bc2aadc06d"},"description":"P\u00ebrgatiti Frank Shkreli 108 vjet\u00eb m\u00eb par\u00eb, ekzakt\u00ebrisht me 15 Shkurt, 1909 doli n\u00eb Boston t\u00eb Shteteve t\u00eb Bashkuara numri i par\u00eb i gazet\u00ebs Dielli, organ i","breadcrumb":{"@id":"https:\/\/www.visit-ulcinj.com\/blog\/2017\/02\/16\/shkreli-15-shkurt-1909-lindi-dielli\/#breadcrumb"},"inLanguage":"en-US","potentialAction":[{"@type":"ReadAction","target":["https:\/\/www.visit-ulcinj.com\/blog\/2017\/02\/16\/shkreli-15-shkurt-1909-lindi-dielli\/"]}]},{"@type":"BreadcrumbList","@id":"https:\/\/www.visit-ulcinj.com\/blog\/2017\/02\/16\/shkreli-15-shkurt-1909-lindi-dielli\/#breadcrumb","itemListElement":[{"@type":"ListItem","position":1,"name":"Shkreli: Me 15 shkurt 1909 Lindi \u201cDielli\u201d"}]},{"@type":"Person","@id":"https:\/\/www.visit-ulcinj.com\/blog\/#\/schema\/person\/dcab619c614d3038751c63bc2aadc06d","name":"ulqini","sameAs":["http:\/\/www.visit-ulcinj.com"],"url":"https:\/\/www.visit-ulcinj.com\/blog\/author\/admin\/"}]}},"jetpack_featured_media_url":"","jetpack_sharing_enabled":true,"jetpack_shortlink":"https:\/\/wp.me\/pe6lTn-qMI","_links":{"self":[{"href":"https:\/\/www.visit-ulcinj.com\/blog\/wp-json\/wp\/v2\/posts\/102964"}],"collection":[{"href":"https:\/\/www.visit-ulcinj.com\/blog\/wp-json\/wp\/v2\/posts"}],"about":[{"href":"https:\/\/www.visit-ulcinj.com\/blog\/wp-json\/wp\/v2\/types\/post"}],"author":[{"embeddable":true,"href":"https:\/\/www.visit-ulcinj.com\/blog\/wp-json\/wp\/v2\/users\/1"}],"replies":[{"embeddable":true,"href":"https:\/\/www.visit-ulcinj.com\/blog\/wp-json\/wp\/v2\/comments?post=102964"}],"version-history":[{"count":1,"href":"https:\/\/www.visit-ulcinj.com\/blog\/wp-json\/wp\/v2\/posts\/102964\/revisions"}],"predecessor-version":[{"id":102965,"href":"https:\/\/www.visit-ulcinj.com\/blog\/wp-json\/wp\/v2\/posts\/102964\/revisions\/102965"}],"wp:attachment":[{"href":"https:\/\/www.visit-ulcinj.com\/blog\/wp-json\/wp\/v2\/media?parent=102964"}],"wp:term":[{"taxonomy":"category","embeddable":true,"href":"https:\/\/www.visit-ulcinj.com\/blog\/wp-json\/wp\/v2\/categories?post=102964"},{"taxonomy":"post_tag","embeddable":true,"href":"https:\/\/www.visit-ulcinj.com\/blog\/wp-json\/wp\/v2\/tags?post=102964"}],"curies":[{"name":"wp","href":"https:\/\/api.w.org\/{rel}","templated":true}]}}