{"id":102966,"date":"2017-02-16T07:07:42","date_gmt":"2017-02-16T06:07:42","guid":{"rendered":"http:\/\/www.visit-ulcinj.com\/blog\/?p=102966"},"modified":"2017-02-16T07:07:42","modified_gmt":"2017-02-16T06:07:42","slug":"drejtesia-e-malit-te-zi-heq-dore-nga-arrestimi-dy-opozitareve","status":"publish","type":"post","link":"https:\/\/www.visit-ulcinj.com\/blog\/2017\/02\/16\/drejtesia-e-malit-te-zi-heq-dore-nga-arrestimi-dy-opozitareve\/","title":{"rendered":"Drejt\u00ebsia e Malit t\u00eb Zi heq dor\u00eb nga arrestimi i dy opozitar\u00ebve"},"content":{"rendered":"<p><a href=\"http:\/\/www.visit-ulcinj.com\/blog\/wp-content\/uploads\/2017\/02\/Andrija-Mandiq-Milan-Knezeviq-1.jpg\"><img loading=\"lazy\" class=\"alignleft wp-image-102967\" src=\"http:\/\/www.visit-ulcinj.com\/blog\/wp-content\/uploads\/2017\/02\/Andrija-Mandiq-Milan-Knezeviq-1.jpg\" alt=\"Andrija Mandiq-Milan Knezeviq\" width=\"508\" height=\"319\" srcset=\"https:\/\/www.visit-ulcinj.com\/blog\/wp-content\/uploads\/2017\/02\/Andrija-Mandiq-Milan-Knezeviq-1.jpg 560w, https:\/\/www.visit-ulcinj.com\/blog\/wp-content\/uploads\/2017\/02\/Andrija-Mandiq-Milan-Knezeviq-1-300x189.jpg 300w\" sizes=\"(max-width: 508px) 100vw, 508px\" \/><\/a>Parlamenti i Malit t\u00eb Zi ka ngjallur sot nervozizmin e opozit\u00ebs proruse duke hequr imunitetin e dy shefave t\u00eb saj, por drejt\u00ebsia ka p\u00ebrjashtuar arrestimin e tyre n\u00eb nj\u00eb hetim p\u00ebr grusht shteti t\u00eb d\u00ebshtuar.<\/p>\n<p>Nd\u00ebrkoh\u00eb q\u00eb prokurori i ngarkuar me k\u00ebt\u00eb \u00e7\u00ebshtje kishte marr\u00eb nga deputet\u00ebt drit\u00ebn e gjelb\u00ebr p\u00ebr arrestimin e Andrija Mandi\u00e7, 52 vje\u00e7 dhe Milan Knezevi\u00e7, 36 vje\u00e7, nj\u00eb prej magjistrat\u00ebve m\u00eb t\u00eb lart\u00eb n\u00eb vend, prokurori i p\u00ebrgjithsh\u00ebm, Ivica Stankovi\u00e7 e ka anuluar duke p\u00ebrmendur prezumimin e pafajsis\u00eb.<\/p>\n<p>Ky urdh\u00ebr nuk i jep fund hetimit kund\u00ebr k\u00ebtyre deputet\u00ebve t\u00eb koalicionit t\u00eb opozit\u00ebs Fronti Demokratik, por duket i natyr\u00ebs p\u00ebr t\u00eb zbutur tensionin n\u00eb rritje n\u00eb Podgoric\u00eb.<\/p>\n<p>Drejt\u00ebsia dyshon p\u00ebr Andrija Mandi\u00e7 dhe Milan Knezevi\u00e7 p\u00ebr pjes\u00ebmarrje n\u00eb k\u00ebt\u00eb grusht shteti misterioz, q\u00eb sipas drejt\u00ebsis\u00eb malazeze, ishte p\u00ebrgatitur nga kund\u00ebrshtar\u00ebt e an\u00ebtar\u00ebsimit t\u00eb vendit n\u00eb NATO, por q\u00eb kishte d\u00ebshtuar disa or\u00eb para zgjedhjeve legjislative t\u00eb 16 tetorit 2016.<\/p>\n","protected":false},"excerpt":{"rendered":"<p>Parlamenti i Malit t\u00eb Zi ka ngjallur sot nervozizmin e opozit\u00ebs proruse duke hequr imunitetin e dy shefave t\u00eb saj, por drejt\u00ebsia ka p\u00ebrjashtuar arrestimin e tyre n\u00eb nj\u00eb hetim p\u00ebr grusht shteti t\u00eb d\u00ebshtuar. Nd\u00ebrkoh\u00eb q\u00eb prokurori i ngarkuar me k\u00ebt\u00eb \u00e7\u00ebshtje kishte marr\u00eb nga deputet\u00ebt drit\u00ebn e gjelb\u00ebr p\u00ebr arrestimin e Andrija Mandi\u00e7, [&hellip;]<\/p>\n","protected":false},"author":1,"featured_media":0,"comment_status":"closed","ping_status":"closed","sticky":false,"template":"","format":"standard","meta":{"spay_email":"","jetpack_publicize_message":"","jetpack_is_tweetstorm":false,"jetpack_publicize_feature_enabled":true},"categories":[6950],"tags":[],"jetpack_publicize_connections":[],"yoast_head":"<!-- This site is optimized with the Yoast SEO plugin v19.1 - https:\/\/yoast.com\/wordpress\/plugins\/seo\/ -->\n<title>Drejt\u00ebsia e Malit t\u00eb Zi heq dor\u00eb nga arrestimi i dy opozitar\u00ebve - Lajme nga Ulqini<\/title>\n<meta name=\"description\" content=\"Parlamenti i Malit t\u00eb Zi ka ngjallur sot nervozizmin e opozit\u00ebs proruse duke hequr imunitetin e dy shefave t\u00eb saj, por drejt\u00ebsia ka p\u00ebrjashtuar arrestimin\" \/>\n<meta name=\"robots\" content=\"index, follow, max-snippet:-1, max-image-preview:large, max-video-preview:-1\" \/>\n<link rel=\"canonical\" href=\"https:\/\/www.visit-ulcinj.com\/blog\/2017\/02\/16\/drejtesia-e-malit-te-zi-heq-dore-nga-arrestimi-dy-opozitareve\/\" \/>\n<meta property=\"og:locale\" content=\"en_US\" \/>\n<meta property=\"og:type\" content=\"article\" \/>\n<meta property=\"og:title\" content=\"Drejt\u00ebsia e Malit t\u00eb Zi heq dor\u00eb nga arrestimi i dy opozitar\u00ebve - Lajme nga Ulqini\" \/>\n<meta property=\"og:description\" content=\"Parlamenti i Malit t\u00eb Zi ka ngjallur sot nervozizmin e opozit\u00ebs proruse duke hequr imunitetin e dy shefave t\u00eb saj, por drejt\u00ebsia ka p\u00ebrjashtuar arrestimin\" \/>\n<meta property=\"og:url\" content=\"https:\/\/www.visit-ulcinj.com\/blog\/2017\/02\/16\/drejtesia-e-malit-te-zi-heq-dore-nga-arrestimi-dy-opozitareve\/\" \/>\n<meta property=\"og:site_name\" content=\"Lajme nga Ulqini\" \/>\n<meta property=\"article:published_time\" content=\"2017-02-16T06:07:42+00:00\" \/>\n<meta property=\"og:image\" content=\"http:\/\/www.visit-ulcinj.com\/blog\/wp-content\/uploads\/2017\/02\/Andrija-Mandiq-Milan-Knezeviq-1.jpg\" \/>\n<meta name=\"twitter:label1\" content=\"Written by\" \/>\n\t<meta name=\"twitter:data1\" content=\"ulqini\" \/>\n\t<meta name=\"twitter:label2\" content=\"Est. reading time\" \/>\n\t<meta name=\"twitter:data2\" content=\"1 minute\" \/>\n<script type=\"application\/ld+json\" class=\"yoast-schema-graph\">{\"@context\":\"https:\/\/schema.org\",\"@graph\":[{\"@type\":\"WebSite\",\"@id\":\"https:\/\/www.visit-ulcinj.com\/blog\/#website\",\"url\":\"https:\/\/www.visit-ulcinj.com\/blog\/\",\"name\":\"Lajme nga Ulqini\",\"description\":\"Lajme,Vijesti,Ulqini,Ulqin,Crna Gora,Mali i Zi\",\"potentialAction\":[{\"@type\":\"SearchAction\",\"target\":{\"@type\":\"EntryPoint\",\"urlTemplate\":\"https:\/\/www.visit-ulcinj.com\/blog\/?s={search_term_string}\"},\"query-input\":\"required name=search_term_string\"}],\"inLanguage\":\"en-US\"},{\"@type\":\"ImageObject\",\"inLanguage\":\"en-US\",\"@id\":\"https:\/\/www.visit-ulcinj.com\/blog\/2017\/02\/16\/drejtesia-e-malit-te-zi-heq-dore-nga-arrestimi-dy-opozitareve\/#primaryimage\",\"url\":\"https:\/\/www.visit-ulcinj.com\/blog\/wp-content\/uploads\/2017\/02\/Andrija-Mandiq-Milan-Knezeviq-1.jpg\",\"contentUrl\":\"https:\/\/www.visit-ulcinj.com\/blog\/wp-content\/uploads\/2017\/02\/Andrija-Mandiq-Milan-Knezeviq-1.jpg\",\"width\":560,\"height\":352},{\"@type\":\"WebPage\",\"@id\":\"https:\/\/www.visit-ulcinj.com\/blog\/2017\/02\/16\/drejtesia-e-malit-te-zi-heq-dore-nga-arrestimi-dy-opozitareve\/#webpage\",\"url\":\"https:\/\/www.visit-ulcinj.com\/blog\/2017\/02\/16\/drejtesia-e-malit-te-zi-heq-dore-nga-arrestimi-dy-opozitareve\/\",\"name\":\"Drejt\u00ebsia e Malit t\u00eb Zi heq dor\u00eb nga arrestimi i dy opozitar\u00ebve - Lajme nga Ulqini\",\"isPartOf\":{\"@id\":\"https:\/\/www.visit-ulcinj.com\/blog\/#website\"},\"primaryImageOfPage\":{\"@id\":\"https:\/\/www.visit-ulcinj.com\/blog\/2017\/02\/16\/drejtesia-e-malit-te-zi-heq-dore-nga-arrestimi-dy-opozitareve\/#primaryimage\"},\"datePublished\":\"2017-02-16T06:07:42+00:00\",\"dateModified\":\"2017-02-16T06:07:42+00:00\",\"author\":{\"@id\":\"https:\/\/www.visit-ulcinj.com\/blog\/#\/schema\/person\/dcab619c614d3038751c63bc2aadc06d\"},\"description\":\"Parlamenti i Malit t\u00eb Zi ka ngjallur sot nervozizmin e opozit\u00ebs proruse duke hequr imunitetin e dy shefave t\u00eb saj, por drejt\u00ebsia ka p\u00ebrjashtuar arrestimin\",\"breadcrumb\":{\"@id\":\"https:\/\/www.visit-ulcinj.com\/blog\/2017\/02\/16\/drejtesia-e-malit-te-zi-heq-dore-nga-arrestimi-dy-opozitareve\/#breadcrumb\"},\"inLanguage\":\"en-US\",\"potentialAction\":[{\"@type\":\"ReadAction\",\"target\":[\"https:\/\/www.visit-ulcinj.com\/blog\/2017\/02\/16\/drejtesia-e-malit-te-zi-heq-dore-nga-arrestimi-dy-opozitareve\/\"]}]},{\"@type\":\"BreadcrumbList\",\"@id\":\"https:\/\/www.visit-ulcinj.com\/blog\/2017\/02\/16\/drejtesia-e-malit-te-zi-heq-dore-nga-arrestimi-dy-opozitareve\/#breadcrumb\",\"itemListElement\":[{\"@type\":\"ListItem\",\"position\":1,\"name\":\"Drejt\u00ebsia e Malit t\u00eb Zi heq dor\u00eb nga arrestimi i dy opozitar\u00ebve\"}]},{\"@type\":\"Person\",\"@id\":\"https:\/\/www.visit-ulcinj.com\/blog\/#\/schema\/person\/dcab619c614d3038751c63bc2aadc06d\",\"name\":\"ulqini\",\"sameAs\":[\"http:\/\/www.visit-ulcinj.com\"],\"url\":\"https:\/\/www.visit-ulcinj.com\/blog\/author\/admin\/\"}]}<\/script>\n<!-- \/ Yoast SEO plugin. -->","yoast_head_json":{"title":"Drejt\u00ebsia e Malit t\u00eb Zi heq dor\u00eb nga arrestimi i dy opozitar\u00ebve - Lajme nga Ulqini","description":"Parlamenti i Malit t\u00eb Zi ka ngjallur sot nervozizmin e opozit\u00ebs proruse duke hequr imunitetin e dy shefave t\u00eb saj, por drejt\u00ebsia ka p\u00ebrjashtuar arrestimin","robots":{"index":"index","follow":"follow","max-snippet":"max-snippet:-1","max-image-preview":"max-image-preview:large","max-video-preview":"max-video-preview:-1"},"canonical":"https:\/\/www.visit-ulcinj.com\/blog\/2017\/02\/16\/drejtesia-e-malit-te-zi-heq-dore-nga-arrestimi-dy-opozitareve\/","og_locale":"en_US","og_type":"article","og_title":"Drejt\u00ebsia e Malit t\u00eb Zi heq dor\u00eb nga arrestimi i dy opozitar\u00ebve - Lajme nga Ulqini","og_description":"Parlamenti i Malit t\u00eb Zi ka ngjallur sot nervozizmin e opozit\u00ebs proruse duke hequr imunitetin e dy shefave t\u00eb saj, por drejt\u00ebsia ka p\u00ebrjashtuar arrestimin","og_url":"https:\/\/www.visit-ulcinj.com\/blog\/2017\/02\/16\/drejtesia-e-malit-te-zi-heq-dore-nga-arrestimi-dy-opozitareve\/","og_site_name":"Lajme nga Ulqini","article_published_time":"2017-02-16T06:07:42+00:00","og_image":[{"url":"http:\/\/www.visit-ulcinj.com\/blog\/wp-content\/uploads\/2017\/02\/Andrija-Mandiq-Milan-Knezeviq-1.jpg"}],"twitter_misc":{"Written by":"ulqini","Est. reading time":"1 minute"},"schema":{"@context":"https:\/\/schema.org","@graph":[{"@type":"WebSite","@id":"https:\/\/www.visit-ulcinj.com\/blog\/#website","url":"https:\/\/www.visit-ulcinj.com\/blog\/","name":"Lajme nga Ulqini","description":"Lajme,Vijesti,Ulqini,Ulqin,Crna Gora,Mali i Zi","potentialAction":[{"@type":"SearchAction","target":{"@type":"EntryPoint","urlTemplate":"https:\/\/www.visit-ulcinj.com\/blog\/?s={search_term_string}"},"query-input":"required name=search_term_string"}],"inLanguage":"en-US"},{"@type":"ImageObject","inLanguage":"en-US","@id":"https:\/\/www.visit-ulcinj.com\/blog\/2017\/02\/16\/drejtesia-e-malit-te-zi-heq-dore-nga-arrestimi-dy-opozitareve\/#primaryimage","url":"https:\/\/www.visit-ulcinj.com\/blog\/wp-content\/uploads\/2017\/02\/Andrija-Mandiq-Milan-Knezeviq-1.jpg","contentUrl":"https:\/\/www.visit-ulcinj.com\/blog\/wp-content\/uploads\/2017\/02\/Andrija-Mandiq-Milan-Knezeviq-1.jpg","width":560,"height":352},{"@type":"WebPage","@id":"https:\/\/www.visit-ulcinj.com\/blog\/2017\/02\/16\/drejtesia-e-malit-te-zi-heq-dore-nga-arrestimi-dy-opozitareve\/#webpage","url":"https:\/\/www.visit-ulcinj.com\/blog\/2017\/02\/16\/drejtesia-e-malit-te-zi-heq-dore-nga-arrestimi-dy-opozitareve\/","name":"Drejt\u00ebsia e Malit t\u00eb Zi heq dor\u00eb nga arrestimi i dy opozitar\u00ebve - Lajme nga Ulqini","isPartOf":{"@id":"https:\/\/www.visit-ulcinj.com\/blog\/#website"},"primaryImageOfPage":{"@id":"https:\/\/www.visit-ulcinj.com\/blog\/2017\/02\/16\/drejtesia-e-malit-te-zi-heq-dore-nga-arrestimi-dy-opozitareve\/#primaryimage"},"datePublished":"2017-02-16T06:07:42+00:00","dateModified":"2017-02-16T06:07:42+00:00","author":{"@id":"https:\/\/www.visit-ulcinj.com\/blog\/#\/schema\/person\/dcab619c614d3038751c63bc2aadc06d"},"description":"Parlamenti i Malit t\u00eb Zi ka ngjallur sot nervozizmin e opozit\u00ebs proruse duke hequr imunitetin e dy shefave t\u00eb saj, por drejt\u00ebsia ka p\u00ebrjashtuar arrestimin","breadcrumb":{"@id":"https:\/\/www.visit-ulcinj.com\/blog\/2017\/02\/16\/drejtesia-e-malit-te-zi-heq-dore-nga-arrestimi-dy-opozitareve\/#breadcrumb"},"inLanguage":"en-US","potentialAction":[{"@type":"ReadAction","target":["https:\/\/www.visit-ulcinj.com\/blog\/2017\/02\/16\/drejtesia-e-malit-te-zi-heq-dore-nga-arrestimi-dy-opozitareve\/"]}]},{"@type":"BreadcrumbList","@id":"https:\/\/www.visit-ulcinj.com\/blog\/2017\/02\/16\/drejtesia-e-malit-te-zi-heq-dore-nga-arrestimi-dy-opozitareve\/#breadcrumb","itemListElement":[{"@type":"ListItem","position":1,"name":"Drejt\u00ebsia e Malit t\u00eb Zi heq dor\u00eb nga arrestimi i dy opozitar\u00ebve"}]},{"@type":"Person","@id":"https:\/\/www.visit-ulcinj.com\/blog\/#\/schema\/person\/dcab619c614d3038751c63bc2aadc06d","name":"ulqini","sameAs":["http:\/\/www.visit-ulcinj.com"],"url":"https:\/\/www.visit-ulcinj.com\/blog\/author\/admin\/"}]}},"jetpack_featured_media_url":"","jetpack_sharing_enabled":true,"jetpack_shortlink":"https:\/\/wp.me\/pe6lTn-qMK","_links":{"self":[{"href":"https:\/\/www.visit-ulcinj.com\/blog\/wp-json\/wp\/v2\/posts\/102966"}],"collection":[{"href":"https:\/\/www.visit-ulcinj.com\/blog\/wp-json\/wp\/v2\/posts"}],"about":[{"href":"https:\/\/www.visit-ulcinj.com\/blog\/wp-json\/wp\/v2\/types\/post"}],"author":[{"embeddable":true,"href":"https:\/\/www.visit-ulcinj.com\/blog\/wp-json\/wp\/v2\/users\/1"}],"replies":[{"embeddable":true,"href":"https:\/\/www.visit-ulcinj.com\/blog\/wp-json\/wp\/v2\/comments?post=102966"}],"version-history":[{"count":1,"href":"https:\/\/www.visit-ulcinj.com\/blog\/wp-json\/wp\/v2\/posts\/102966\/revisions"}],"predecessor-version":[{"id":102968,"href":"https:\/\/www.visit-ulcinj.com\/blog\/wp-json\/wp\/v2\/posts\/102966\/revisions\/102968"}],"wp:attachment":[{"href":"https:\/\/www.visit-ulcinj.com\/blog\/wp-json\/wp\/v2\/media?parent=102966"}],"wp:term":[{"taxonomy":"category","embeddable":true,"href":"https:\/\/www.visit-ulcinj.com\/blog\/wp-json\/wp\/v2\/categories?post=102966"},{"taxonomy":"post_tag","embeddable":true,"href":"https:\/\/www.visit-ulcinj.com\/blog\/wp-json\/wp\/v2\/tags?post=102966"}],"curies":[{"name":"wp","href":"https:\/\/api.w.org\/{rel}","templated":true}]}}