{"id":102971,"date":"2017-02-16T08:18:02","date_gmt":"2017-02-16T07:18:02","guid":{"rendered":"http:\/\/www.visit-ulcinj.com\/blog\/?p=102971"},"modified":"2017-02-16T08:18:02","modified_gmt":"2017-02-16T07:18:02","slug":"ministar-zenka-romima-egipcanima-za-stipendije-80-000e","status":"publish","type":"post","link":"https:\/\/www.visit-ulcinj.com\/blog\/2017\/02\/16\/ministar-zenka-romima-egipcanima-za-stipendije-80-000e\/","title":{"rendered":"Ministar Zenka: Romima i Egip\u0107anima za stipendije 80.000\u20ac"},"content":{"rendered":"<p><strong><a href=\"http:\/\/www.visit-ulcinj.com\/blog\/wp-content\/uploads\/2017\/02\/Ministarstvo-za-ljudska-i-manjinska-prava-Mehmed-Zenka.jpg\"><img loading=\"lazy\" class=\"alignleft wp-image-102972\" src=\"http:\/\/www.visit-ulcinj.com\/blog\/wp-content\/uploads\/2017\/02\/Ministarstvo-za-ljudska-i-manjinska-prava-Mehmed-Zenka.jpg\" alt=\"Ministarstvo za ljudska i manjinska prava -Mehmed Zenka\" width=\"508\" height=\"339\" srcset=\"https:\/\/www.visit-ulcinj.com\/blog\/wp-content\/uploads\/2017\/02\/Ministarstvo-za-ljudska-i-manjinska-prava-Mehmed-Zenka.jpg 749w, https:\/\/www.visit-ulcinj.com\/blog\/wp-content\/uploads\/2017\/02\/Ministarstvo-za-ljudska-i-manjinska-prava-Mehmed-Zenka-300x200.jpg 300w\" sizes=\"(max-width: 508px) 100vw, 508px\" \/><\/a>Ministarstvo za ljudska i manjinska prava svake godine, obezbje\u0111uje stipendije za srednjo\u0161kolce i studente romske i egip\u0107anske populacije, a za \u0161kolsku 2015\/16 godinu izdvojeno je iz bud\u017eeta 80.000 eura, saop\u0161tio je ministar Mehmed Zenka.<\/strong><\/p>\n<p>Projekat &#8220;Promocija i za\u0161tita ljudskih prava Roma\/kinja, Egip\u0107ana\/ki i ostalih ranjivih grupa\u201d, koji traje traje 18 mjeseci, danas je zvani\u010dno prezentovan u Podgorici.<\/p>\n<p>&#8220;Ministarstvo za ljudska i manjinska prava ima uspje\u0161nu praksu apliciranja za IPA projekte, i zadovoljstvo \u0161to je i projekat &#8220;Promocija i za\u0161tita ljudskih prava Roma\/kinja, Egip\u0107ana\/ki i ostalih ranjivih grupa\u201d, koji je pripremilo i sa kojim je apliciralo za potrebna sredstva, odobren od strane Evropske komisije&#8221;, saop\u0161teno je iz tog resora.<\/p>\n<p>Evropska komisija je za projekat obezbjedila milion eura, a implementator projekta je me\u0111unarodna organizacija HELP. Partneri u implementaciji projekta su Romski obrazovni fond, Crveni krst Crne Gore i Centar za demokratiju i ljudska prava.<\/p>\n<p>&#8220;Projekat se odnosi na promociju i za\u0161titu ljudskih prava romske i egip\u0107anske populacije i ostalih ranjivih grupa, a direktno je usmjeren na pobolj\u0161anje njihovog polo\u017eaja na trajan i odr\u017eiv na\u010din, u skladu sa me\u0111unarodnim standardima&#8221;, navode iz Ministarstva.<\/p>\n<p>Specifi\u010dni cilj projekta je, kako se navodi, obezbje\u0111ivanje boljeg pristupa u ostvarivanju njihovih socijalnih, ekonomskih i kulturnih prava, ali i ja\u010danje kapaciteta dr\u017eavne i lokalne uprave za socijalnu inkluziju romske i egip\u0107anske zajednice u Nik\u0161i\u0107u, Beranama i Podgorici.<\/p>\n<p>&#8220;Kada imamo priliku da pomognemo, onda treba da smo dodatno motivisani da postignemo najbolje mogu\u0107e i prije svega odr\u017eive rezultate&#8221;, kazao je Zenka na promociji projekta.<\/p>\n<p>On je ponovio da je posve\u0107enost Vlade Crne Gore kreiranju i implementaciji politika za br\u017ee i potpuno socijalno uklju\u010divanje i pobolj\u0161anje ekonomskog polo\u017eaja ove populacije \u0161iroko prepoznata.<\/p>\n<p>&#8220;Ministar je naveo va\u017enost segmenta obrazovanja, i podsjetio da se kontinuirano radi na pobolj\u0161anju obrazovne strukture romske i egip\u0107anske populacije, \u0161to je od klju\u010dne va\u017enosti za dalje pomake u integraciji ove populacije. S tim u vezi, Ministarstvo za ljudska i manjinska prava svake godine, u kontinuitetu, obezbje\u0111uje stipendije za srednjo\u0161kolce\/ke i studente\/kinje. Za \u0161kolsku 2015\/16. godinu, za tu namjenu izdvojeno je iz bud\u017eeta 80.000 eura&#8221;, sap\u0161teno je iz Ministarstva.<\/p>\n<p><a href=\"http:\/\/www.visit-ulcinj.com\/blog\/wp-content\/uploads\/2017\/02\/Ministarstvo-za-ljudska-i-manjinska-prava-Mehmed-Zenka-1.jpg\"><img loading=\"lazy\" class=\"alignleft wp-image-102973\" src=\"http:\/\/www.visit-ulcinj.com\/blog\/wp-content\/uploads\/2017\/02\/Ministarstvo-za-ljudska-i-manjinska-prava-Mehmed-Zenka-1.jpg\" alt=\"Ministarstvo za ljudska i manjinska prava -Mehmed Zenka-1\" width=\"508\" height=\"339\" srcset=\"https:\/\/www.visit-ulcinj.com\/blog\/wp-content\/uploads\/2017\/02\/Ministarstvo-za-ljudska-i-manjinska-prava-Mehmed-Zenka-1.jpg 749w, https:\/\/www.visit-ulcinj.com\/blog\/wp-content\/uploads\/2017\/02\/Ministarstvo-za-ljudska-i-manjinska-prava-Mehmed-Zenka-1-300x200.jpg 300w\" sizes=\"(max-width: 508px) 100vw, 508px\" \/><\/a><\/p>\n<p>\u0160ef sektora za saradnju u Delegaciji Evropske unije u Crnoj Gori, Andre Lis, naglasio je da je Evropska komisija i u svom posljednjem izvje\u0161taju konstatovala da je romska populacija najugro\u017eenija grupa.<\/p>\n<p>&#8220;S tim u vezi, izra\u017eena je puna spremnost Evropske unije za pru\u017eanje potrebne podr\u0161ke u cilju uspje\u0161nijeg integrisanja ove ranjive grupe, rekao je Lis, i dodao, da je pro\u0161logodi\u0161nji Romski seminar, odr\u017ean u Podgorici, dao veoma dobre smjernice za dalji rad u ovoj oblasti&#8221;, navodi se u saop\u0161tenju.<\/p>\n<p>On je izrazio zadovoljstvo zbog aktivne participacije svih u\u010desnika i rekao da \u0107e Evropska Unija nastaviti da podr\u017eava sve aktivnosti u vezi sa integracijom ove ranjive dru\u0161tvene grupa, i da je najve\u0107a odgovornost na Crnoj Gori da istraje u ovim reformama sa svojim raspolo\u017eivim resursima.<\/p>\n<p>Sekretarka Romskog savjeta, Ana Popovi\u0107, zahvalila je svim akterima koji u\u010destvuju u procesu uspje\u0161nijeg uklju\u010divanja romske i egip\u0107anske zajednice, &#8220;a posebnu zahvalnost za dalja zalaganja Vlade Crne Gore i resornog ministra, u rje\u0161avanju problematike sa kojom se ova zajednica konstantno i ve\u0107 du\u017ei period suo\u010dava&#8221;.<\/p>\n<p>Danijela Vujo\u0161evi\u0107 je ispred organizacije HELP, kao implementatora projekta predstavila ukratko najva\u017enije detalje, klju\u010dne rezultate i o\u010dekivanja po oblastima.<\/p>\n<p>&#8220;Ona je navela da \u0107e se rezultati ostvariti kroz \u010detiri oblasti socijalne iknluzije romske i egip\u0107anske populacije, odnosno zapo\u0161ljavanje, obrazovanje, zdravstvo i socijalnu za\u0161titu&#8221;, pi\u0161e u saop\u0161tenju.<\/p>\n<p>Izvor: TVCG<\/p>\n","protected":false},"excerpt":{"rendered":"<p>Ministarstvo za ljudska i manjinska prava svake godine, obezbje\u0111uje stipendije za srednjo\u0161kolce i studente romske i egip\u0107anske populacije, a za \u0161kolsku 2015\/16 godinu izdvojeno je iz bud\u017eeta 80.000 eura, saop\u0161tio je ministar Mehmed Zenka. Projekat &#8220;Promocija i za\u0161tita ljudskih prava Roma\/kinja, Egip\u0107ana\/ki i ostalih ranjivih grupa\u201d, koji traje traje 18 mjeseci, danas je zvani\u010dno prezentovan [&hellip;]<\/p>\n","protected":false},"author":1,"featured_media":0,"comment_status":"closed","ping_status":"closed","sticky":false,"template":"","format":"standard","meta":{"spay_email":"","jetpack_publicize_message":"","jetpack_is_tweetstorm":false,"jetpack_publicize_feature_enabled":true},"categories":[8337],"tags":[],"jetpack_publicize_connections":[],"yoast_head":"<!-- This site is optimized with the Yoast SEO plugin v19.1 - https:\/\/yoast.com\/wordpress\/plugins\/seo\/ -->\n<title>Ministar Zenka: Romima i Egip\u0107anima za stipendije 80.000\u20ac - Lajme nga Ulqini<\/title>\n<meta name=\"description\" content=\"Ministarstvo za ljudska i manjinska prava svake godine, obezbje\u0111uje stipendije za srednjo\u0161kolce i studente romske i egip\u0107anske populacije, a za \u0161kolsku\" \/>\n<meta name=\"robots\" content=\"index, follow, max-snippet:-1, max-image-preview:large, max-video-preview:-1\" \/>\n<link rel=\"canonical\" href=\"https:\/\/www.visit-ulcinj.com\/blog\/2017\/02\/16\/ministar-zenka-romima-egipcanima-za-stipendije-80-000e\/\" \/>\n<meta property=\"og:locale\" content=\"en_US\" \/>\n<meta property=\"og:type\" content=\"article\" \/>\n<meta property=\"og:title\" content=\"Ministar Zenka: Romima i Egip\u0107anima za stipendije 80.000\u20ac - Lajme nga Ulqini\" \/>\n<meta property=\"og:description\" content=\"Ministarstvo za ljudska i manjinska prava svake godine, obezbje\u0111uje stipendije za srednjo\u0161kolce i studente romske i egip\u0107anske populacije, a za \u0161kolsku\" \/>\n<meta property=\"og:url\" content=\"https:\/\/www.visit-ulcinj.com\/blog\/2017\/02\/16\/ministar-zenka-romima-egipcanima-za-stipendije-80-000e\/\" \/>\n<meta property=\"og:site_name\" content=\"Lajme nga Ulqini\" \/>\n<meta property=\"article:published_time\" content=\"2017-02-16T07:18:02+00:00\" \/>\n<meta property=\"og:image\" content=\"http:\/\/www.visit-ulcinj.com\/blog\/wp-content\/uploads\/2017\/02\/Ministarstvo-za-ljudska-i-manjinska-prava-Mehmed-Zenka.jpg\" \/>\n<meta name=\"twitter:label1\" content=\"Written by\" \/>\n\t<meta name=\"twitter:data1\" content=\"ulqini\" \/>\n\t<meta name=\"twitter:label2\" content=\"Est. reading time\" \/>\n\t<meta name=\"twitter:data2\" content=\"3 minutes\" \/>\n<script type=\"application\/ld+json\" class=\"yoast-schema-graph\">{\"@context\":\"https:\/\/schema.org\",\"@graph\":[{\"@type\":\"WebSite\",\"@id\":\"https:\/\/www.visit-ulcinj.com\/blog\/#website\",\"url\":\"https:\/\/www.visit-ulcinj.com\/blog\/\",\"name\":\"Lajme nga Ulqini\",\"description\":\"Lajme,Vijesti,Ulqini,Ulqin,Crna Gora,Mali i Zi\",\"potentialAction\":[{\"@type\":\"SearchAction\",\"target\":{\"@type\":\"EntryPoint\",\"urlTemplate\":\"https:\/\/www.visit-ulcinj.com\/blog\/?s={search_term_string}\"},\"query-input\":\"required name=search_term_string\"}],\"inLanguage\":\"en-US\"},{\"@type\":\"ImageObject\",\"inLanguage\":\"en-US\",\"@id\":\"https:\/\/www.visit-ulcinj.com\/blog\/2017\/02\/16\/ministar-zenka-romima-egipcanima-za-stipendije-80-000e\/#primaryimage\",\"url\":\"https:\/\/www.visit-ulcinj.com\/blog\/wp-content\/uploads\/2017\/02\/Ministarstvo-za-ljudska-i-manjinska-prava-Mehmed-Zenka.jpg\",\"contentUrl\":\"https:\/\/www.visit-ulcinj.com\/blog\/wp-content\/uploads\/2017\/02\/Ministarstvo-za-ljudska-i-manjinska-prava-Mehmed-Zenka.jpg\",\"width\":749,\"height\":500},{\"@type\":\"WebPage\",\"@id\":\"https:\/\/www.visit-ulcinj.com\/blog\/2017\/02\/16\/ministar-zenka-romima-egipcanima-za-stipendije-80-000e\/#webpage\",\"url\":\"https:\/\/www.visit-ulcinj.com\/blog\/2017\/02\/16\/ministar-zenka-romima-egipcanima-za-stipendije-80-000e\/\",\"name\":\"Ministar Zenka: Romima i Egip\u0107anima za stipendije 80.000\u20ac - Lajme nga Ulqini\",\"isPartOf\":{\"@id\":\"https:\/\/www.visit-ulcinj.com\/blog\/#website\"},\"primaryImageOfPage\":{\"@id\":\"https:\/\/www.visit-ulcinj.com\/blog\/2017\/02\/16\/ministar-zenka-romima-egipcanima-za-stipendije-80-000e\/#primaryimage\"},\"datePublished\":\"2017-02-16T07:18:02+00:00\",\"dateModified\":\"2017-02-16T07:18:02+00:00\",\"author\":{\"@id\":\"https:\/\/www.visit-ulcinj.com\/blog\/#\/schema\/person\/dcab619c614d3038751c63bc2aadc06d\"},\"description\":\"Ministarstvo za ljudska i manjinska prava svake godine, obezbje\u0111uje stipendije za srednjo\u0161kolce i studente romske i egip\u0107anske populacije, a za \u0161kolsku\",\"breadcrumb\":{\"@id\":\"https:\/\/www.visit-ulcinj.com\/blog\/2017\/02\/16\/ministar-zenka-romima-egipcanima-za-stipendije-80-000e\/#breadcrumb\"},\"inLanguage\":\"en-US\",\"potentialAction\":[{\"@type\":\"ReadAction\",\"target\":[\"https:\/\/www.visit-ulcinj.com\/blog\/2017\/02\/16\/ministar-zenka-romima-egipcanima-za-stipendije-80-000e\/\"]}]},{\"@type\":\"BreadcrumbList\",\"@id\":\"https:\/\/www.visit-ulcinj.com\/blog\/2017\/02\/16\/ministar-zenka-romima-egipcanima-za-stipendije-80-000e\/#breadcrumb\",\"itemListElement\":[{\"@type\":\"ListItem\",\"position\":1,\"name\":\"Ministar Zenka: Romima i Egip\u0107anima za stipendije 80.000\u20ac\"}]},{\"@type\":\"Person\",\"@id\":\"https:\/\/www.visit-ulcinj.com\/blog\/#\/schema\/person\/dcab619c614d3038751c63bc2aadc06d\",\"name\":\"ulqini\",\"sameAs\":[\"http:\/\/www.visit-ulcinj.com\"],\"url\":\"https:\/\/www.visit-ulcinj.com\/blog\/author\/admin\/\"}]}<\/script>\n<!-- \/ Yoast SEO plugin. -->","yoast_head_json":{"title":"Ministar Zenka: Romima i Egip\u0107anima za stipendije 80.000\u20ac - Lajme nga Ulqini","description":"Ministarstvo za ljudska i manjinska prava svake godine, obezbje\u0111uje stipendije za srednjo\u0161kolce i studente romske i egip\u0107anske populacije, a za \u0161kolsku","robots":{"index":"index","follow":"follow","max-snippet":"max-snippet:-1","max-image-preview":"max-image-preview:large","max-video-preview":"max-video-preview:-1"},"canonical":"https:\/\/www.visit-ulcinj.com\/blog\/2017\/02\/16\/ministar-zenka-romima-egipcanima-za-stipendije-80-000e\/","og_locale":"en_US","og_type":"article","og_title":"Ministar Zenka: Romima i Egip\u0107anima za stipendije 80.000\u20ac - Lajme nga Ulqini","og_description":"Ministarstvo za ljudska i manjinska prava svake godine, obezbje\u0111uje stipendije za srednjo\u0161kolce i studente romske i egip\u0107anske populacije, a za \u0161kolsku","og_url":"https:\/\/www.visit-ulcinj.com\/blog\/2017\/02\/16\/ministar-zenka-romima-egipcanima-za-stipendije-80-000e\/","og_site_name":"Lajme nga Ulqini","article_published_time":"2017-02-16T07:18:02+00:00","og_image":[{"url":"http:\/\/www.visit-ulcinj.com\/blog\/wp-content\/uploads\/2017\/02\/Ministarstvo-za-ljudska-i-manjinska-prava-Mehmed-Zenka.jpg"}],"twitter_misc":{"Written by":"ulqini","Est. reading time":"3 minutes"},"schema":{"@context":"https:\/\/schema.org","@graph":[{"@type":"WebSite","@id":"https:\/\/www.visit-ulcinj.com\/blog\/#website","url":"https:\/\/www.visit-ulcinj.com\/blog\/","name":"Lajme nga Ulqini","description":"Lajme,Vijesti,Ulqini,Ulqin,Crna Gora,Mali i Zi","potentialAction":[{"@type":"SearchAction","target":{"@type":"EntryPoint","urlTemplate":"https:\/\/www.visit-ulcinj.com\/blog\/?s={search_term_string}"},"query-input":"required name=search_term_string"}],"inLanguage":"en-US"},{"@type":"ImageObject","inLanguage":"en-US","@id":"https:\/\/www.visit-ulcinj.com\/blog\/2017\/02\/16\/ministar-zenka-romima-egipcanima-za-stipendije-80-000e\/#primaryimage","url":"https:\/\/www.visit-ulcinj.com\/blog\/wp-content\/uploads\/2017\/02\/Ministarstvo-za-ljudska-i-manjinska-prava-Mehmed-Zenka.jpg","contentUrl":"https:\/\/www.visit-ulcinj.com\/blog\/wp-content\/uploads\/2017\/02\/Ministarstvo-za-ljudska-i-manjinska-prava-Mehmed-Zenka.jpg","width":749,"height":500},{"@type":"WebPage","@id":"https:\/\/www.visit-ulcinj.com\/blog\/2017\/02\/16\/ministar-zenka-romima-egipcanima-za-stipendije-80-000e\/#webpage","url":"https:\/\/www.visit-ulcinj.com\/blog\/2017\/02\/16\/ministar-zenka-romima-egipcanima-za-stipendije-80-000e\/","name":"Ministar Zenka: Romima i Egip\u0107anima za stipendije 80.000\u20ac - Lajme nga Ulqini","isPartOf":{"@id":"https:\/\/www.visit-ulcinj.com\/blog\/#website"},"primaryImageOfPage":{"@id":"https:\/\/www.visit-ulcinj.com\/blog\/2017\/02\/16\/ministar-zenka-romima-egipcanima-za-stipendije-80-000e\/#primaryimage"},"datePublished":"2017-02-16T07:18:02+00:00","dateModified":"2017-02-16T07:18:02+00:00","author":{"@id":"https:\/\/www.visit-ulcinj.com\/blog\/#\/schema\/person\/dcab619c614d3038751c63bc2aadc06d"},"description":"Ministarstvo za ljudska i manjinska prava svake godine, obezbje\u0111uje stipendije za srednjo\u0161kolce i studente romske i egip\u0107anske populacije, a za \u0161kolsku","breadcrumb":{"@id":"https:\/\/www.visit-ulcinj.com\/blog\/2017\/02\/16\/ministar-zenka-romima-egipcanima-za-stipendije-80-000e\/#breadcrumb"},"inLanguage":"en-US","potentialAction":[{"@type":"ReadAction","target":["https:\/\/www.visit-ulcinj.com\/blog\/2017\/02\/16\/ministar-zenka-romima-egipcanima-za-stipendije-80-000e\/"]}]},{"@type":"BreadcrumbList","@id":"https:\/\/www.visit-ulcinj.com\/blog\/2017\/02\/16\/ministar-zenka-romima-egipcanima-za-stipendije-80-000e\/#breadcrumb","itemListElement":[{"@type":"ListItem","position":1,"name":"Ministar Zenka: Romima i Egip\u0107anima za stipendije 80.000\u20ac"}]},{"@type":"Person","@id":"https:\/\/www.visit-ulcinj.com\/blog\/#\/schema\/person\/dcab619c614d3038751c63bc2aadc06d","name":"ulqini","sameAs":["http:\/\/www.visit-ulcinj.com"],"url":"https:\/\/www.visit-ulcinj.com\/blog\/author\/admin\/"}]}},"jetpack_featured_media_url":"","jetpack_sharing_enabled":true,"jetpack_shortlink":"https:\/\/wp.me\/pe6lTn-qMP","_links":{"self":[{"href":"https:\/\/www.visit-ulcinj.com\/blog\/wp-json\/wp\/v2\/posts\/102971"}],"collection":[{"href":"https:\/\/www.visit-ulcinj.com\/blog\/wp-json\/wp\/v2\/posts"}],"about":[{"href":"https:\/\/www.visit-ulcinj.com\/blog\/wp-json\/wp\/v2\/types\/post"}],"author":[{"embeddable":true,"href":"https:\/\/www.visit-ulcinj.com\/blog\/wp-json\/wp\/v2\/users\/1"}],"replies":[{"embeddable":true,"href":"https:\/\/www.visit-ulcinj.com\/blog\/wp-json\/wp\/v2\/comments?post=102971"}],"version-history":[{"count":1,"href":"https:\/\/www.visit-ulcinj.com\/blog\/wp-json\/wp\/v2\/posts\/102971\/revisions"}],"predecessor-version":[{"id":102974,"href":"https:\/\/www.visit-ulcinj.com\/blog\/wp-json\/wp\/v2\/posts\/102971\/revisions\/102974"}],"wp:attachment":[{"href":"https:\/\/www.visit-ulcinj.com\/blog\/wp-json\/wp\/v2\/media?parent=102971"}],"wp:term":[{"taxonomy":"category","embeddable":true,"href":"https:\/\/www.visit-ulcinj.com\/blog\/wp-json\/wp\/v2\/categories?post=102971"},{"taxonomy":"post_tag","embeddable":true,"href":"https:\/\/www.visit-ulcinj.com\/blog\/wp-json\/wp\/v2\/tags?post=102971"}],"curies":[{"name":"wp","href":"https:\/\/api.w.org\/{rel}","templated":true}]}}