{"id":102983,"date":"2017-02-16T20:18:18","date_gmt":"2017-02-16T19:18:18","guid":{"rendered":"http:\/\/www.visit-ulcinj.com\/blog\/?p=102983"},"modified":"2017-02-17T10:24:16","modified_gmt":"2017-02-17T09:24:16","slug":"banoret-e-ulqinit-pike-te-re-kufitare-shqiperi","status":"publish","type":"post","link":"https:\/\/www.visit-ulcinj.com\/blog\/2017\/02\/16\/banoret-e-ulqinit-pike-te-re-kufitare-shqiperi\/","title":{"rendered":"Banor\u00ebt e Ulqinit, me pik\u00eb t\u00eb re kufitare me Shqip\u00ebri"},"content":{"rendered":"<p><strong>Mali i Zi s\u00eb shpejti do t\u00eb hap\u00eb nj\u00eb vendkalim t\u00eb ri kufitar me Shqip\u00ebrin. Kalimi i p\u00ebrbashk\u00ebt do t\u00eb hapet n\u00eb Bun\u00eb, njofton kryetari i Ulqinit Nazif Cungu n\u00eb faqen personale t\u00eb Facebookut.<br \/>\n<\/strong><\/p>\n<p>Kam k\u00ebnaq\u00ebsin\u00eb e madhe t\u00eb konfirmoj se i shum\u00ebprituri Plani Hap\u00ebsinor p\u00ebr territorin e Komun\u00ebs s\u00eb Ulqinit u aprovua. Ky \u00ebsht\u00eb kuror\u00ebzimi me sukses i pothuaj nj\u00eb dekade betejash politike, me an\u00eb t\u00eb k\u00ebtij plani ia dol\u00ebm t\u00eb p\u00ebrmbushim disa prej k\u00ebrkesave m\u00eb t\u00eb r\u00ebnd\u00ebsishme t\u00eb popullit shqiptar n\u00eb Mal t\u00eb Zi.<\/p>\n<p><a href=\"http:\/\/www.visit-ulcinj.com\/blog\/wp-content\/uploads\/2017\/02\/Banor\u00ebt-e-Ulqinit-me-pik\u00eb-t\u00eb-re-kufitare-me-Shqip\u00ebri.jpg\"><img loading=\"lazy\" class=\"alignleft wp-image-102984\" src=\"http:\/\/www.visit-ulcinj.com\/blog\/wp-content\/uploads\/2017\/02\/Banor\u00ebt-e-Ulqinit-me-pik\u00eb-t\u00eb-re-kufitare-me-Shqip\u00ebri.jpg\" alt=\"Banor\u00ebt e Ulqinit, me pik\u00eb t\u00eb re kufitare me Shqip\u00ebri\" width=\"508\" height=\"677\" srcset=\"https:\/\/www.visit-ulcinj.com\/blog\/wp-content\/uploads\/2017\/02\/Banor\u00ebt-e-Ulqinit-me-pik\u00eb-t\u00eb-re-kufitare-me-Shqip\u00ebri.jpg 720w, https:\/\/www.visit-ulcinj.com\/blog\/wp-content\/uploads\/2017\/02\/Banor\u00ebt-e-Ulqinit-me-pik\u00eb-t\u00eb-re-kufitare-me-Shqip\u00ebri-225x300.jpg 225w\" sizes=\"(max-width: 508px) 100vw, 508px\" \/><\/a><\/p>\n<p>Ky plan mund\u00ebson mbrojtjen e ullisht\u00ebs s\u00eb Valdanosit si dhe t\u00eb kripores s\u00eb Ulqinit e cila do t\u00eb shnd\u00ebrrohet n\u00eb nj\u00eb park natyror duke mos lejuar asnj\u00eb nd\u00ebrtim n\u00eb t\u00eb ardhmen. P<span class=\"text_exposed_show\">o ashtu ky plan p\u00ebrmbush edhe k\u00ebrkes\u00ebn ton\u00eb p\u00ebr ta zgjeruar rrug\u00ebn e Shtojit nga dy n\u00eb kat\u00ebr korsi dhe p\u00ebr t\u00eb nd\u00ebrtuar nj\u00eb pike t\u00eb re kufitare n\u00eb Bun\u00eb. <\/span><\/p>\n<p><span class=\"text_exposed_show\">Kjo pik\u00eb e re kufitare me ur\u00ebn p\u00ebrkat\u00ebse do ta afroj\u00eb m\u00eb shum\u00eb Ulqinin me Tiran\u00ebn dhe Prishtin\u00eb dhe do ta integroj\u00eb ofert\u00ebn turistike t\u00eb bregdetit ton\u00eb me at\u00eb t\u00eb Velipoj\u00ebs. Ky plan gjithashtu i hap rrug\u00ebn investimeve serioze t\u00eb huaja n\u00eb Ulqin t\u00eb cilat kan\u00eb p\u00ebr t\u00eb hapur vende t\u00eb reja pune dhe p\u00ebr t\u00eb rritur mir\u00ebqenien e gjith\u00eb qytetar\u00ebve tan\u00eb.<\/span><\/p>\n<p><a href=\"http:\/\/www.visit-ulcinj.com\/blog\/wp-content\/uploads\/2017\/02\/Banor\u00ebt-e-Ulqinit-me-pik\u00eb-t\u00eb-re-kufitare-me-Shqip\u00ebri-1.jpg\"><img loading=\"lazy\" class=\"alignleft wp-image-102985\" src=\"http:\/\/www.visit-ulcinj.com\/blog\/wp-content\/uploads\/2017\/02\/Banor\u00ebt-e-Ulqinit-me-pik\u00eb-t\u00eb-re-kufitare-me-Shqip\u00ebri-1.jpg\" alt=\"Banor\u00ebt e Ulqinit, me pik\u00eb t\u00eb re kufitare me Shqip\u00ebri-1\" width=\"508\" height=\"677\" srcset=\"https:\/\/www.visit-ulcinj.com\/blog\/wp-content\/uploads\/2017\/02\/Banor\u00ebt-e-Ulqinit-me-pik\u00eb-t\u00eb-re-kufitare-me-Shqip\u00ebri-1.jpg 720w, https:\/\/www.visit-ulcinj.com\/blog\/wp-content\/uploads\/2017\/02\/Banor\u00ebt-e-Ulqinit-me-pik\u00eb-t\u00eb-re-kufitare-me-Shqip\u00ebri-1-225x300.jpg 225w\" sizes=\"(max-width: 508px) 100vw, 508px\" \/><\/a><\/p>\n<p>&nbsp;<\/p>\n","protected":false},"excerpt":{"rendered":"<p>Mali i Zi s\u00eb shpejti do t\u00eb hap\u00eb nj\u00eb vendkalim t\u00eb ri kufitar me Shqip\u00ebrin. Kalimi i p\u00ebrbashk\u00ebt do t\u00eb hapet n\u00eb Bun\u00eb, njofton kryetari i Ulqinit Nazif Cungu n\u00eb faqen personale t\u00eb Facebookut. Kam k\u00ebnaq\u00ebsin\u00eb e madhe t\u00eb konfirmoj se i shum\u00ebprituri Plani Hap\u00ebsinor p\u00ebr territorin e Komun\u00ebs s\u00eb Ulqinit u aprovua. Ky \u00ebsht\u00eb [&hellip;]<\/p>\n","protected":false},"author":1,"featured_media":0,"comment_status":"closed","ping_status":"closed","sticky":false,"template":"","format":"standard","meta":{"spay_email":"","jetpack_publicize_message":"","jetpack_is_tweetstorm":false,"jetpack_publicize_feature_enabled":true},"categories":[10,1],"tags":[],"jetpack_publicize_connections":[],"yoast_head":"<!-- This site is optimized with the Yoast SEO plugin v19.1 - https:\/\/yoast.com\/wordpress\/plugins\/seo\/ -->\n<title>Banor\u00ebt e Ulqinit, me pik\u00eb t\u00eb re kufitare me Shqip\u00ebri - Lajme nga Ulqini<\/title>\n<meta name=\"description\" content=\"Mali i Zi s\u00eb shpejti do t\u00eb hap\u00eb nj\u00eb vendkalim t\u00eb ri kufitar me Shqip\u00ebrin. Kalimi i p\u00ebrbashk\u00ebt do t\u00eb hapet n\u00eb Bun\u00eb, njofton kryetari i Ulqinit Nazif Cungu\" \/>\n<meta name=\"robots\" content=\"index, follow, max-snippet:-1, max-image-preview:large, max-video-preview:-1\" \/>\n<link rel=\"canonical\" href=\"https:\/\/www.visit-ulcinj.com\/blog\/2017\/02\/16\/banoret-e-ulqinit-pike-te-re-kufitare-shqiperi\/\" \/>\n<meta property=\"og:locale\" content=\"en_US\" \/>\n<meta property=\"og:type\" content=\"article\" \/>\n<meta property=\"og:title\" content=\"Banor\u00ebt e Ulqinit, me pik\u00eb t\u00eb re kufitare me Shqip\u00ebri - Lajme nga Ulqini\" \/>\n<meta property=\"og:description\" content=\"Mali i Zi s\u00eb shpejti do t\u00eb hap\u00eb nj\u00eb vendkalim t\u00eb ri kufitar me Shqip\u00ebrin. Kalimi i p\u00ebrbashk\u00ebt do t\u00eb hapet n\u00eb Bun\u00eb, njofton kryetari i Ulqinit Nazif Cungu\" \/>\n<meta property=\"og:url\" content=\"https:\/\/www.visit-ulcinj.com\/blog\/2017\/02\/16\/banoret-e-ulqinit-pike-te-re-kufitare-shqiperi\/\" \/>\n<meta property=\"og:site_name\" content=\"Lajme nga Ulqini\" \/>\n<meta property=\"article:published_time\" content=\"2017-02-16T19:18:18+00:00\" \/>\n<meta property=\"article:modified_time\" content=\"2017-02-17T09:24:16+00:00\" \/>\n<meta name=\"twitter:label1\" content=\"Written by\" \/>\n\t<meta name=\"twitter:data1\" content=\"ulqini\" \/>\n\t<meta name=\"twitter:label2\" content=\"Est. reading time\" \/>\n\t<meta name=\"twitter:data2\" content=\"1 minute\" \/>\n<script type=\"application\/ld+json\" class=\"yoast-schema-graph\">{\"@context\":\"https:\/\/schema.org\",\"@graph\":[{\"@type\":\"WebSite\",\"@id\":\"https:\/\/www.visit-ulcinj.com\/blog\/#website\",\"url\":\"https:\/\/www.visit-ulcinj.com\/blog\/\",\"name\":\"Lajme nga Ulqini\",\"description\":\"Lajme,Vijesti,Ulqini,Ulqin,Crna Gora,Mali i Zi\",\"potentialAction\":[{\"@type\":\"SearchAction\",\"target\":{\"@type\":\"EntryPoint\",\"urlTemplate\":\"https:\/\/www.visit-ulcinj.com\/blog\/?s={search_term_string}\"},\"query-input\":\"required name=search_term_string\"}],\"inLanguage\":\"en-US\"},{\"@type\":\"WebPage\",\"@id\":\"https:\/\/www.visit-ulcinj.com\/blog\/2017\/02\/16\/banoret-e-ulqinit-pike-te-re-kufitare-shqiperi\/#webpage\",\"url\":\"https:\/\/www.visit-ulcinj.com\/blog\/2017\/02\/16\/banoret-e-ulqinit-pike-te-re-kufitare-shqiperi\/\",\"name\":\"Banor\u00ebt e Ulqinit, me pik\u00eb t\u00eb re kufitare me Shqip\u00ebri - Lajme nga Ulqini\",\"isPartOf\":{\"@id\":\"https:\/\/www.visit-ulcinj.com\/blog\/#website\"},\"datePublished\":\"2017-02-16T19:18:18+00:00\",\"dateModified\":\"2017-02-17T09:24:16+00:00\",\"author\":{\"@id\":\"https:\/\/www.visit-ulcinj.com\/blog\/#\/schema\/person\/dcab619c614d3038751c63bc2aadc06d\"},\"description\":\"Mali i Zi s\u00eb shpejti do t\u00eb hap\u00eb nj\u00eb vendkalim t\u00eb ri kufitar me Shqip\u00ebrin. Kalimi i p\u00ebrbashk\u00ebt do t\u00eb hapet n\u00eb Bun\u00eb, njofton kryetari i Ulqinit Nazif Cungu\",\"breadcrumb\":{\"@id\":\"https:\/\/www.visit-ulcinj.com\/blog\/2017\/02\/16\/banoret-e-ulqinit-pike-te-re-kufitare-shqiperi\/#breadcrumb\"},\"inLanguage\":\"en-US\",\"potentialAction\":[{\"@type\":\"ReadAction\",\"target\":[\"https:\/\/www.visit-ulcinj.com\/blog\/2017\/02\/16\/banoret-e-ulqinit-pike-te-re-kufitare-shqiperi\/\"]}]},{\"@type\":\"BreadcrumbList\",\"@id\":\"https:\/\/www.visit-ulcinj.com\/blog\/2017\/02\/16\/banoret-e-ulqinit-pike-te-re-kufitare-shqiperi\/#breadcrumb\",\"itemListElement\":[{\"@type\":\"ListItem\",\"position\":1,\"name\":\"Banor\u00ebt e Ulqinit, me pik\u00eb t\u00eb re kufitare me Shqip\u00ebri\"}]},{\"@type\":\"Person\",\"@id\":\"https:\/\/www.visit-ulcinj.com\/blog\/#\/schema\/person\/dcab619c614d3038751c63bc2aadc06d\",\"name\":\"ulqini\",\"sameAs\":[\"http:\/\/www.visit-ulcinj.com\"],\"url\":\"https:\/\/www.visit-ulcinj.com\/blog\/author\/admin\/\"}]}<\/script>\n<!-- \/ Yoast SEO plugin. -->","yoast_head_json":{"title":"Banor\u00ebt e Ulqinit, me pik\u00eb t\u00eb re kufitare me Shqip\u00ebri - Lajme nga Ulqini","description":"Mali i Zi s\u00eb shpejti do t\u00eb hap\u00eb nj\u00eb vendkalim t\u00eb ri kufitar me Shqip\u00ebrin. Kalimi i p\u00ebrbashk\u00ebt do t\u00eb hapet n\u00eb Bun\u00eb, njofton kryetari i Ulqinit Nazif Cungu","robots":{"index":"index","follow":"follow","max-snippet":"max-snippet:-1","max-image-preview":"max-image-preview:large","max-video-preview":"max-video-preview:-1"},"canonical":"https:\/\/www.visit-ulcinj.com\/blog\/2017\/02\/16\/banoret-e-ulqinit-pike-te-re-kufitare-shqiperi\/","og_locale":"en_US","og_type":"article","og_title":"Banor\u00ebt e Ulqinit, me pik\u00eb t\u00eb re kufitare me Shqip\u00ebri - Lajme nga Ulqini","og_description":"Mali i Zi s\u00eb shpejti do t\u00eb hap\u00eb nj\u00eb vendkalim t\u00eb ri kufitar me Shqip\u00ebrin. Kalimi i p\u00ebrbashk\u00ebt do t\u00eb hapet n\u00eb Bun\u00eb, njofton kryetari i Ulqinit Nazif Cungu","og_url":"https:\/\/www.visit-ulcinj.com\/blog\/2017\/02\/16\/banoret-e-ulqinit-pike-te-re-kufitare-shqiperi\/","og_site_name":"Lajme nga Ulqini","article_published_time":"2017-02-16T19:18:18+00:00","article_modified_time":"2017-02-17T09:24:16+00:00","twitter_misc":{"Written by":"ulqini","Est. reading time":"1 minute"},"schema":{"@context":"https:\/\/schema.org","@graph":[{"@type":"WebSite","@id":"https:\/\/www.visit-ulcinj.com\/blog\/#website","url":"https:\/\/www.visit-ulcinj.com\/blog\/","name":"Lajme nga Ulqini","description":"Lajme,Vijesti,Ulqini,Ulqin,Crna Gora,Mali i Zi","potentialAction":[{"@type":"SearchAction","target":{"@type":"EntryPoint","urlTemplate":"https:\/\/www.visit-ulcinj.com\/blog\/?s={search_term_string}"},"query-input":"required name=search_term_string"}],"inLanguage":"en-US"},{"@type":"WebPage","@id":"https:\/\/www.visit-ulcinj.com\/blog\/2017\/02\/16\/banoret-e-ulqinit-pike-te-re-kufitare-shqiperi\/#webpage","url":"https:\/\/www.visit-ulcinj.com\/blog\/2017\/02\/16\/banoret-e-ulqinit-pike-te-re-kufitare-shqiperi\/","name":"Banor\u00ebt e Ulqinit, me pik\u00eb t\u00eb re kufitare me Shqip\u00ebri - Lajme nga Ulqini","isPartOf":{"@id":"https:\/\/www.visit-ulcinj.com\/blog\/#website"},"datePublished":"2017-02-16T19:18:18+00:00","dateModified":"2017-02-17T09:24:16+00:00","author":{"@id":"https:\/\/www.visit-ulcinj.com\/blog\/#\/schema\/person\/dcab619c614d3038751c63bc2aadc06d"},"description":"Mali i Zi s\u00eb shpejti do t\u00eb hap\u00eb nj\u00eb vendkalim t\u00eb ri kufitar me Shqip\u00ebrin. Kalimi i p\u00ebrbashk\u00ebt do t\u00eb hapet n\u00eb Bun\u00eb, njofton kryetari i Ulqinit Nazif Cungu","breadcrumb":{"@id":"https:\/\/www.visit-ulcinj.com\/blog\/2017\/02\/16\/banoret-e-ulqinit-pike-te-re-kufitare-shqiperi\/#breadcrumb"},"inLanguage":"en-US","potentialAction":[{"@type":"ReadAction","target":["https:\/\/www.visit-ulcinj.com\/blog\/2017\/02\/16\/banoret-e-ulqinit-pike-te-re-kufitare-shqiperi\/"]}]},{"@type":"BreadcrumbList","@id":"https:\/\/www.visit-ulcinj.com\/blog\/2017\/02\/16\/banoret-e-ulqinit-pike-te-re-kufitare-shqiperi\/#breadcrumb","itemListElement":[{"@type":"ListItem","position":1,"name":"Banor\u00ebt e Ulqinit, me pik\u00eb t\u00eb re kufitare me Shqip\u00ebri"}]},{"@type":"Person","@id":"https:\/\/www.visit-ulcinj.com\/blog\/#\/schema\/person\/dcab619c614d3038751c63bc2aadc06d","name":"ulqini","sameAs":["http:\/\/www.visit-ulcinj.com"],"url":"https:\/\/www.visit-ulcinj.com\/blog\/author\/admin\/"}]}},"jetpack_featured_media_url":"","jetpack_sharing_enabled":true,"jetpack_shortlink":"https:\/\/wp.me\/pe6lTn-qN1","_links":{"self":[{"href":"https:\/\/www.visit-ulcinj.com\/blog\/wp-json\/wp\/v2\/posts\/102983"}],"collection":[{"href":"https:\/\/www.visit-ulcinj.com\/blog\/wp-json\/wp\/v2\/posts"}],"about":[{"href":"https:\/\/www.visit-ulcinj.com\/blog\/wp-json\/wp\/v2\/types\/post"}],"author":[{"embeddable":true,"href":"https:\/\/www.visit-ulcinj.com\/blog\/wp-json\/wp\/v2\/users\/1"}],"replies":[{"embeddable":true,"href":"https:\/\/www.visit-ulcinj.com\/blog\/wp-json\/wp\/v2\/comments?post=102983"}],"version-history":[{"count":1,"href":"https:\/\/www.visit-ulcinj.com\/blog\/wp-json\/wp\/v2\/posts\/102983\/revisions"}],"predecessor-version":[{"id":102986,"href":"https:\/\/www.visit-ulcinj.com\/blog\/wp-json\/wp\/v2\/posts\/102983\/revisions\/102986"}],"wp:attachment":[{"href":"https:\/\/www.visit-ulcinj.com\/blog\/wp-json\/wp\/v2\/media?parent=102983"}],"wp:term":[{"taxonomy":"category","embeddable":true,"href":"https:\/\/www.visit-ulcinj.com\/blog\/wp-json\/wp\/v2\/categories?post=102983"},{"taxonomy":"post_tag","embeddable":true,"href":"https:\/\/www.visit-ulcinj.com\/blog\/wp-json\/wp\/v2\/tags?post=102983"}],"curies":[{"name":"wp","href":"https:\/\/api.w.org\/{rel}","templated":true}]}}