{"id":102987,"date":"2017-02-16T20:26:53","date_gmt":"2017-02-16T19:26:53","guid":{"rendered":"http:\/\/www.visit-ulcinj.com\/blog\/?p=102987"},"modified":"2017-02-16T20:31:07","modified_gmt":"2017-02-16T19:31:07","slug":"ura-ulqin-si-media-behet-buletin-njoftimi-nje-partie","status":"publish","type":"post","link":"https:\/\/www.visit-ulcinj.com\/blog\/2017\/02\/16\/ura-ulqin-si-media-behet-buletin-njoftimi-nje-partie\/","title":{"rendered":"URA Ulqin: Si media b\u00ebhet buletin njoftimi i nje partie"},"content":{"rendered":"<p><strong><a href=\"http:\/\/www.visit-ulcinj.com\/blog\/wp-content\/uploads\/2015\/09\/URA.jpg\"><img loading=\"lazy\" class=\"alignleft wp-image-92382\" src=\"http:\/\/www.visit-ulcinj.com\/blog\/wp-content\/uploads\/2015\/09\/URA.jpg\" alt=\"URA\" width=\"508\" height=\"243\" srcset=\"https:\/\/www.visit-ulcinj.com\/blog\/wp-content\/uploads\/2015\/09\/URA.jpg 960w, https:\/\/www.visit-ulcinj.com\/blog\/wp-content\/uploads\/2015\/09\/URA-300x144.jpg 300w\" sizes=\"(max-width: 508px) 100vw, 508px\" \/><\/a>T\u00eb nderuar qytetar\u00eb!<\/strong><br \/>\nRoli i medias n\u00eb shoq\u00ebri dhe tek individi \u00ebsht\u00eb shum\u00eb i madh n\u00eb shoq\u00ebrin\u00eb e sotme, k\u00ebshtu q\u00eb media duhet t\u00eb marr\u00eb mbi vete p\u00ebrgjegj\u00ebsin\u00eb p\u00ebr at\u00eb q\u00eb plason publikut. Fuqia e medias nd\u00ebr tjerash shfaqet n\u00eb p\u00ebrcaktimin e axhend\u00ebs s\u00eb temave t\u00eb debatit publik.<br \/>\nN\u00eb nj\u00eb shum\u00ebllojshm\u00ebri t\u00eb programeve q\u00eb kan\u00eb t\u00eb b\u00ebjn\u00eb me zgjedhjet parlamentare t\u00eb vitit 2016, por dhe m\u00eb pas, dukek se redaktor\u00ebt e mediave, sakt\u00ebsisht <span class=\"text_exposed_show\">stacioni televiziv lokal &#8220;TV Teuta&#8221; nuk kishin asnj\u00eb filt\u00ebr p\u00ebrmes t\u00eb cilit informacioni duhet t\u00eb kalonte.<br \/>\nAjo q\u00eb ne duam t\u00eb ndajm\u00eb me ju \u00ebsht\u00eb nj\u00eb dokument q\u00eb v\u00ebrteton at\u00eb q\u00eb t\u00eb gjith\u00eb ne pak a shum\u00eb e dinim, dhe kjo \u00ebsht\u00eb ajo se si nj\u00eb parti politike, sakt\u00ebsisht FORCA, kryen politik\u00ebn editoriale t\u00eb medias s\u00eb lart\u00ebcekur, duke iu referuar emisioneve m\u00eb t\u00eb shikuara, &#8220;Kronika&#8221;, &#8220;Portreti&#8221; dhe &#8220;Emisioni i m\u00ebngjesit&#8221; , aq m\u00eb trisht\u00eb b\u00ebhet dhe p\u00ebrzgjedhja e filmave dokumentar\u00eb q\u00eb duhen t\u00eb emitohen.<br \/>\nNga ky dokument q\u00eb ne duam t\u00eb ndajm\u00eb me ju \u00ebsht\u00eb e leht\u00eb t\u00eb konkludohet se politika editoriale e medias s\u00eb lart\u00ebcekur n\u00eb periudhen parazgjedhore ishte e nj\u00ebjt\u00eb me programin politik t\u00eb k\u00ebsaj partie.<br \/>\nKjo vet\u00ebm tregon se si disa politikan\u00eb dhe grupacione politike jan\u00eb t\u00eb fokusuar n\u00eb manipulime me q\u00ebllim p\u00ebr ta p\u00ebrmir\u00ebsuar rejtingun e vet politik, i cili \u00ebsht\u00eb n\u00eb r\u00ebnie e sip\u00ebr.<\/span><\/p>\n<p><a href=\"http:\/\/www.visit-ulcinj.com\/blog\/wp-content\/uploads\/2017\/02\/URA-Ulcinj-Kako-medij-postaje-oglasna-tabla-jedne-stranke.jpg\"><img loading=\"lazy\" class=\"alignleft wp-image-102990\" src=\"http:\/\/www.visit-ulcinj.com\/blog\/wp-content\/uploads\/2017\/02\/URA-Ulcinj-Kako-medij-postaje-oglasna-tabla-jedne-stranke.jpg\" alt=\"URA Ulcinj- Kako medij postaje oglasna tabla jedne stranke\" width=\"508\" height=\"657\" srcset=\"https:\/\/www.visit-ulcinj.com\/blog\/wp-content\/uploads\/2017\/02\/URA-Ulcinj-Kako-medij-postaje-oglasna-tabla-jedne-stranke.jpg 742w, https:\/\/www.visit-ulcinj.com\/blog\/wp-content\/uploads\/2017\/02\/URA-Ulcinj-Kako-medij-postaje-oglasna-tabla-jedne-stranke-232x300.jpg 232w\" sizes=\"(max-width: 508px) 100vw, 508px\" \/><\/a><\/p>\n","protected":false},"excerpt":{"rendered":"<p>T\u00eb nderuar qytetar\u00eb! Roli i medias n\u00eb shoq\u00ebri dhe tek individi \u00ebsht\u00eb shum\u00eb i madh n\u00eb shoq\u00ebrin\u00eb e sotme, k\u00ebshtu q\u00eb media duhet t\u00eb marr\u00eb mbi vete p\u00ebrgjegj\u00ebsin\u00eb p\u00ebr at\u00eb q\u00eb plason publikut. Fuqia e medias nd\u00ebr tjerash shfaqet n\u00eb p\u00ebrcaktimin e axhend\u00ebs s\u00eb temave t\u00eb debatit publik. N\u00eb nj\u00eb shum\u00ebllojshm\u00ebri t\u00eb programeve q\u00eb kan\u00eb [&hellip;]<\/p>\n","protected":false},"author":1,"featured_media":0,"comment_status":"closed","ping_status":"closed","sticky":false,"template":"","format":"standard","meta":{"spay_email":"","jetpack_publicize_message":"","jetpack_is_tweetstorm":false,"jetpack_publicize_feature_enabled":true},"categories":[11],"tags":[],"jetpack_publicize_connections":[],"yoast_head":"<!-- This site is optimized with the Yoast SEO plugin v19.1 - https:\/\/yoast.com\/wordpress\/plugins\/seo\/ -->\n<title>URA Ulqin: Si media b\u00ebhet buletin njoftimi i nje partie - Lajme nga Ulqini<\/title>\n<meta name=\"description\" content=\"T\u00eb nderuar qytetar\u00eb! Roli i medias n\u00eb shoq\u00ebri dhe tek individi \u00ebsht\u00eb shum\u00eb i madh n\u00eb shoq\u00ebrin\u00eb e sotme, k\u00ebshtu q\u00eb media duhet t\u00eb marr\u00eb mbi vete\" \/>\n<meta name=\"robots\" content=\"index, follow, max-snippet:-1, max-image-preview:large, max-video-preview:-1\" \/>\n<link rel=\"canonical\" href=\"https:\/\/www.visit-ulcinj.com\/blog\/2017\/02\/16\/ura-ulqin-si-media-behet-buletin-njoftimi-nje-partie\/\" \/>\n<meta property=\"og:locale\" content=\"en_US\" \/>\n<meta property=\"og:type\" content=\"article\" \/>\n<meta property=\"og:title\" content=\"URA Ulqin: Si media b\u00ebhet buletin njoftimi i nje partie - Lajme nga Ulqini\" \/>\n<meta property=\"og:description\" content=\"T\u00eb nderuar qytetar\u00eb! Roli i medias n\u00eb shoq\u00ebri dhe tek individi \u00ebsht\u00eb shum\u00eb i madh n\u00eb shoq\u00ebrin\u00eb e sotme, k\u00ebshtu q\u00eb media duhet t\u00eb marr\u00eb mbi vete\" \/>\n<meta property=\"og:url\" content=\"https:\/\/www.visit-ulcinj.com\/blog\/2017\/02\/16\/ura-ulqin-si-media-behet-buletin-njoftimi-nje-partie\/\" \/>\n<meta property=\"og:site_name\" content=\"Lajme nga Ulqini\" \/>\n<meta property=\"article:published_time\" content=\"2017-02-16T19:26:53+00:00\" \/>\n<meta property=\"article:modified_time\" content=\"2017-02-16T19:31:07+00:00\" \/>\n<meta property=\"og:image\" content=\"http:\/\/www.visit-ulcinj.com\/blog\/wp-content\/uploads\/2015\/09\/URA.jpg\" \/>\n<meta name=\"twitter:label1\" content=\"Written by\" \/>\n\t<meta name=\"twitter:data1\" content=\"ulqini\" \/>\n\t<meta name=\"twitter:label2\" content=\"Est. reading time\" \/>\n\t<meta name=\"twitter:data2\" content=\"1 minute\" \/>\n<script type=\"application\/ld+json\" class=\"yoast-schema-graph\">{\"@context\":\"https:\/\/schema.org\",\"@graph\":[{\"@type\":\"WebSite\",\"@id\":\"https:\/\/www.visit-ulcinj.com\/blog\/#website\",\"url\":\"https:\/\/www.visit-ulcinj.com\/blog\/\",\"name\":\"Lajme nga Ulqini\",\"description\":\"Lajme,Vijesti,Ulqini,Ulqin,Crna Gora,Mali i Zi\",\"potentialAction\":[{\"@type\":\"SearchAction\",\"target\":{\"@type\":\"EntryPoint\",\"urlTemplate\":\"https:\/\/www.visit-ulcinj.com\/blog\/?s={search_term_string}\"},\"query-input\":\"required name=search_term_string\"}],\"inLanguage\":\"en-US\"},{\"@type\":\"ImageObject\",\"inLanguage\":\"en-US\",\"@id\":\"https:\/\/www.visit-ulcinj.com\/blog\/2017\/02\/16\/ura-ulqin-si-media-behet-buletin-njoftimi-nje-partie\/#primaryimage\",\"url\":\"https:\/\/www.visit-ulcinj.com\/blog\/wp-content\/uploads\/2015\/09\/URA.jpg\",\"contentUrl\":\"https:\/\/www.visit-ulcinj.com\/blog\/wp-content\/uploads\/2015\/09\/URA.jpg\",\"width\":960,\"height\":460},{\"@type\":\"WebPage\",\"@id\":\"https:\/\/www.visit-ulcinj.com\/blog\/2017\/02\/16\/ura-ulqin-si-media-behet-buletin-njoftimi-nje-partie\/#webpage\",\"url\":\"https:\/\/www.visit-ulcinj.com\/blog\/2017\/02\/16\/ura-ulqin-si-media-behet-buletin-njoftimi-nje-partie\/\",\"name\":\"URA Ulqin: Si media b\u00ebhet buletin njoftimi i nje partie - Lajme nga Ulqini\",\"isPartOf\":{\"@id\":\"https:\/\/www.visit-ulcinj.com\/blog\/#website\"},\"primaryImageOfPage\":{\"@id\":\"https:\/\/www.visit-ulcinj.com\/blog\/2017\/02\/16\/ura-ulqin-si-media-behet-buletin-njoftimi-nje-partie\/#primaryimage\"},\"datePublished\":\"2017-02-16T19:26:53+00:00\",\"dateModified\":\"2017-02-16T19:31:07+00:00\",\"author\":{\"@id\":\"https:\/\/www.visit-ulcinj.com\/blog\/#\/schema\/person\/dcab619c614d3038751c63bc2aadc06d\"},\"description\":\"T\u00eb nderuar qytetar\u00eb! Roli i medias n\u00eb shoq\u00ebri dhe tek individi \u00ebsht\u00eb shum\u00eb i madh n\u00eb shoq\u00ebrin\u00eb e sotme, k\u00ebshtu q\u00eb media duhet t\u00eb marr\u00eb mbi vete\",\"breadcrumb\":{\"@id\":\"https:\/\/www.visit-ulcinj.com\/blog\/2017\/02\/16\/ura-ulqin-si-media-behet-buletin-njoftimi-nje-partie\/#breadcrumb\"},\"inLanguage\":\"en-US\",\"potentialAction\":[{\"@type\":\"ReadAction\",\"target\":[\"https:\/\/www.visit-ulcinj.com\/blog\/2017\/02\/16\/ura-ulqin-si-media-behet-buletin-njoftimi-nje-partie\/\"]}]},{\"@type\":\"BreadcrumbList\",\"@id\":\"https:\/\/www.visit-ulcinj.com\/blog\/2017\/02\/16\/ura-ulqin-si-media-behet-buletin-njoftimi-nje-partie\/#breadcrumb\",\"itemListElement\":[{\"@type\":\"ListItem\",\"position\":1,\"name\":\"URA Ulqin: Si media b\u00ebhet buletin njoftimi i nje partie\"}]},{\"@type\":\"Person\",\"@id\":\"https:\/\/www.visit-ulcinj.com\/blog\/#\/schema\/person\/dcab619c614d3038751c63bc2aadc06d\",\"name\":\"ulqini\",\"sameAs\":[\"http:\/\/www.visit-ulcinj.com\"],\"url\":\"https:\/\/www.visit-ulcinj.com\/blog\/author\/admin\/\"}]}<\/script>\n<!-- \/ Yoast SEO plugin. -->","yoast_head_json":{"title":"URA Ulqin: Si media b\u00ebhet buletin njoftimi i nje partie - Lajme nga Ulqini","description":"T\u00eb nderuar qytetar\u00eb! Roli i medias n\u00eb shoq\u00ebri dhe tek individi \u00ebsht\u00eb shum\u00eb i madh n\u00eb shoq\u00ebrin\u00eb e sotme, k\u00ebshtu q\u00eb media duhet t\u00eb marr\u00eb mbi vete","robots":{"index":"index","follow":"follow","max-snippet":"max-snippet:-1","max-image-preview":"max-image-preview:large","max-video-preview":"max-video-preview:-1"},"canonical":"https:\/\/www.visit-ulcinj.com\/blog\/2017\/02\/16\/ura-ulqin-si-media-behet-buletin-njoftimi-nje-partie\/","og_locale":"en_US","og_type":"article","og_title":"URA Ulqin: Si media b\u00ebhet buletin njoftimi i nje partie - Lajme nga Ulqini","og_description":"T\u00eb nderuar qytetar\u00eb! Roli i medias n\u00eb shoq\u00ebri dhe tek individi \u00ebsht\u00eb shum\u00eb i madh n\u00eb shoq\u00ebrin\u00eb e sotme, k\u00ebshtu q\u00eb media duhet t\u00eb marr\u00eb mbi vete","og_url":"https:\/\/www.visit-ulcinj.com\/blog\/2017\/02\/16\/ura-ulqin-si-media-behet-buletin-njoftimi-nje-partie\/","og_site_name":"Lajme nga Ulqini","article_published_time":"2017-02-16T19:26:53+00:00","article_modified_time":"2017-02-16T19:31:07+00:00","og_image":[{"url":"http:\/\/www.visit-ulcinj.com\/blog\/wp-content\/uploads\/2015\/09\/URA.jpg"}],"twitter_misc":{"Written by":"ulqini","Est. reading time":"1 minute"},"schema":{"@context":"https:\/\/schema.org","@graph":[{"@type":"WebSite","@id":"https:\/\/www.visit-ulcinj.com\/blog\/#website","url":"https:\/\/www.visit-ulcinj.com\/blog\/","name":"Lajme nga Ulqini","description":"Lajme,Vijesti,Ulqini,Ulqin,Crna Gora,Mali i Zi","potentialAction":[{"@type":"SearchAction","target":{"@type":"EntryPoint","urlTemplate":"https:\/\/www.visit-ulcinj.com\/blog\/?s={search_term_string}"},"query-input":"required name=search_term_string"}],"inLanguage":"en-US"},{"@type":"ImageObject","inLanguage":"en-US","@id":"https:\/\/www.visit-ulcinj.com\/blog\/2017\/02\/16\/ura-ulqin-si-media-behet-buletin-njoftimi-nje-partie\/#primaryimage","url":"https:\/\/www.visit-ulcinj.com\/blog\/wp-content\/uploads\/2015\/09\/URA.jpg","contentUrl":"https:\/\/www.visit-ulcinj.com\/blog\/wp-content\/uploads\/2015\/09\/URA.jpg","width":960,"height":460},{"@type":"WebPage","@id":"https:\/\/www.visit-ulcinj.com\/blog\/2017\/02\/16\/ura-ulqin-si-media-behet-buletin-njoftimi-nje-partie\/#webpage","url":"https:\/\/www.visit-ulcinj.com\/blog\/2017\/02\/16\/ura-ulqin-si-media-behet-buletin-njoftimi-nje-partie\/","name":"URA Ulqin: Si media b\u00ebhet buletin njoftimi i nje partie - Lajme nga Ulqini","isPartOf":{"@id":"https:\/\/www.visit-ulcinj.com\/blog\/#website"},"primaryImageOfPage":{"@id":"https:\/\/www.visit-ulcinj.com\/blog\/2017\/02\/16\/ura-ulqin-si-media-behet-buletin-njoftimi-nje-partie\/#primaryimage"},"datePublished":"2017-02-16T19:26:53+00:00","dateModified":"2017-02-16T19:31:07+00:00","author":{"@id":"https:\/\/www.visit-ulcinj.com\/blog\/#\/schema\/person\/dcab619c614d3038751c63bc2aadc06d"},"description":"T\u00eb nderuar qytetar\u00eb! Roli i medias n\u00eb shoq\u00ebri dhe tek individi \u00ebsht\u00eb shum\u00eb i madh n\u00eb shoq\u00ebrin\u00eb e sotme, k\u00ebshtu q\u00eb media duhet t\u00eb marr\u00eb mbi vete","breadcrumb":{"@id":"https:\/\/www.visit-ulcinj.com\/blog\/2017\/02\/16\/ura-ulqin-si-media-behet-buletin-njoftimi-nje-partie\/#breadcrumb"},"inLanguage":"en-US","potentialAction":[{"@type":"ReadAction","target":["https:\/\/www.visit-ulcinj.com\/blog\/2017\/02\/16\/ura-ulqin-si-media-behet-buletin-njoftimi-nje-partie\/"]}]},{"@type":"BreadcrumbList","@id":"https:\/\/www.visit-ulcinj.com\/blog\/2017\/02\/16\/ura-ulqin-si-media-behet-buletin-njoftimi-nje-partie\/#breadcrumb","itemListElement":[{"@type":"ListItem","position":1,"name":"URA Ulqin: Si media b\u00ebhet buletin njoftimi i nje partie"}]},{"@type":"Person","@id":"https:\/\/www.visit-ulcinj.com\/blog\/#\/schema\/person\/dcab619c614d3038751c63bc2aadc06d","name":"ulqini","sameAs":["http:\/\/www.visit-ulcinj.com"],"url":"https:\/\/www.visit-ulcinj.com\/blog\/author\/admin\/"}]}},"jetpack_featured_media_url":"","jetpack_sharing_enabled":true,"jetpack_shortlink":"https:\/\/wp.me\/pe6lTn-qN5","_links":{"self":[{"href":"https:\/\/www.visit-ulcinj.com\/blog\/wp-json\/wp\/v2\/posts\/102987"}],"collection":[{"href":"https:\/\/www.visit-ulcinj.com\/blog\/wp-json\/wp\/v2\/posts"}],"about":[{"href":"https:\/\/www.visit-ulcinj.com\/blog\/wp-json\/wp\/v2\/types\/post"}],"author":[{"embeddable":true,"href":"https:\/\/www.visit-ulcinj.com\/blog\/wp-json\/wp\/v2\/users\/1"}],"replies":[{"embeddable":true,"href":"https:\/\/www.visit-ulcinj.com\/blog\/wp-json\/wp\/v2\/comments?post=102987"}],"version-history":[{"count":2,"href":"https:\/\/www.visit-ulcinj.com\/blog\/wp-json\/wp\/v2\/posts\/102987\/revisions"}],"predecessor-version":[{"id":102992,"href":"https:\/\/www.visit-ulcinj.com\/blog\/wp-json\/wp\/v2\/posts\/102987\/revisions\/102992"}],"wp:attachment":[{"href":"https:\/\/www.visit-ulcinj.com\/blog\/wp-json\/wp\/v2\/media?parent=102987"}],"wp:term":[{"taxonomy":"category","embeddable":true,"href":"https:\/\/www.visit-ulcinj.com\/blog\/wp-json\/wp\/v2\/categories?post=102987"},{"taxonomy":"post_tag","embeddable":true,"href":"https:\/\/www.visit-ulcinj.com\/blog\/wp-json\/wp\/v2\/tags?post=102987"}],"curies":[{"name":"wp","href":"https:\/\/api.w.org\/{rel}","templated":true}]}}