{"id":102993,"date":"2017-02-16T23:15:19","date_gmt":"2017-02-16T22:15:19","guid":{"rendered":"http:\/\/www.visit-ulcinj.com\/blog\/?p=102993"},"modified":"2017-02-16T23:15:19","modified_gmt":"2017-02-16T22:15:19","slug":"mali-zi-e-kosova-te-perkushtuara-per-investime-te-perbashketa","status":"publish","type":"post","link":"https:\/\/www.visit-ulcinj.com\/blog\/2017\/02\/16\/mali-zi-e-kosova-te-perkushtuara-per-investime-te-perbashketa\/","title":{"rendered":"Mali i Zi e Kosova, t\u00eb p\u00ebrkushtuara p\u00ebr investime t\u00eb p\u00ebrbashk\u00ebta"},"content":{"rendered":"<p><strong><a href=\"http:\/\/www.visit-ulcinj.com\/blog\/wp-content\/uploads\/2017\/02\/Bajram-Gecaj-Ferhat-Dinosha.jpg\"><img loading=\"lazy\" class=\"alignleft wp-image-102994\" src=\"http:\/\/www.visit-ulcinj.com\/blog\/wp-content\/uploads\/2017\/02\/Bajram-Gecaj-Ferhat-Dinosha.jpg\" alt=\"Bajram Gecaj-Ferhat Dinosha\" width=\"508\" height=\"338\" srcset=\"https:\/\/www.visit-ulcinj.com\/blog\/wp-content\/uploads\/2017\/02\/Bajram-Gecaj-Ferhat-Dinosha.jpg 400w, https:\/\/www.visit-ulcinj.com\/blog\/wp-content\/uploads\/2017\/02\/Bajram-Gecaj-Ferhat-Dinosha-300x200.jpg 300w\" sizes=\"(max-width: 508px) 100vw, 508px\" \/><\/a>Z\u00ebvend\u00ebsministri Bajram Gecaj priti n\u00eb takim Ambasadorin e Malit t\u00eb Zi n\u00eb Kosov\u00eb z. Ferhat Dinosha<\/strong><\/p>\n<p><span class=\"short-text\">Z\u00ebvend\u00ebsministri i Ministris\u00eb s\u00eb Administrimit t\u00eb Pushtetit Lokal, z. Bajram Gecaj, priti sot n\u00eb takim e Ambasadorin e Malit t\u00eb Zi, n\u00eb Kosov\u00eb z.Ferhat Dinosha me t\u00eb cilin biseduan p\u00ebr bashk\u00ebpunimin shtet\u00ebror mes dyja vendeve.<\/p>\n<p>Gjat\u00eb takimit, Z\u00ebvend\u00ebsministri Gecaj e njoftoi Ambasadorin Dinosha me p\u00ebrgjegj\u00ebsit\u00eb dhe objektivat strategjike t\u00eb Ministris\u00eb s\u00eb Administrimit t\u00eb Pushtetit Lokal dhe veprimet\u00a0 q\u00eb jan\u00eb nd\u00ebrmarr\u00eb n\u00eb avancimin e qeverisjes lokale n\u00eb Kosov\u00eb.<\/p>\n<p>Z\u00ebvend\u00ebsministri Gecaj dhe Ambasadori Dinosha, me theks t\u00eb ve\u00e7ant\u00eb diskutuan p\u00ebr marr\u00ebdh\u00ebniet e mira fqinj\u00ebsore nd\u00ebrmjet Kosov\u00ebs dhe Malit t\u00eb Zi, n\u00eb ve\u00e7anti p\u00ebr bashk\u00ebpunimin e nd\u00ebrsjell\u00eb t\u00eb t\u00eb dyja vendeve n\u00eb realizimin e aspiratave\u00a0 p\u00ebrbashk\u00ebta\u00a0 p\u00ebr integrim n\u00eb Bashkimin Evropian.<\/p>\n<p>Ambasadori i Malit t\u00eb Zi n\u00eb Kosov\u00eb, z. Ferhat Dinosha tha se marr\u00ebdh\u00ebniet e mira nd\u00ebrshtet\u00ebrore mes Kosov\u00ebs dhe Malit t\u00eb Zi do t\u00eb vazhdojn\u00eb edhe n\u00eb t\u00eb ardhmen duke investuar bashk\u00ebrisht n\u00eb \u00e7\u00ebshtje me interes t\u00eb p\u00ebrbashk\u00ebt q\u00eb lidhin Republik\u00ebn e Kosov\u00ebs dhe Malit t\u00eb Zi. <\/span><\/p>\n<p><strong>Ministria e Administrimit t\u00eb Pushtetit Loka<\/strong><\/p>\n","protected":false},"excerpt":{"rendered":"<p>Z\u00ebvend\u00ebsministri Bajram Gecaj priti n\u00eb takim Ambasadorin e Malit t\u00eb Zi n\u00eb Kosov\u00eb z. Ferhat Dinosha Z\u00ebvend\u00ebsministri i Ministris\u00eb s\u00eb Administrimit t\u00eb Pushtetit Lokal, z. Bajram Gecaj, priti sot n\u00eb takim e Ambasadorin e Malit t\u00eb Zi, n\u00eb Kosov\u00eb z.Ferhat Dinosha me t\u00eb cilin biseduan p\u00ebr bashk\u00ebpunimin shtet\u00ebror mes dyja vendeve. Gjat\u00eb takimit, Z\u00ebvend\u00ebsministri Gecaj [&hellip;]<\/p>\n","protected":false},"author":1,"featured_media":0,"comment_status":"closed","ping_status":"closed","sticky":false,"template":"","format":"standard","meta":{"spay_email":"","jetpack_publicize_message":"","jetpack_is_tweetstorm":false,"jetpack_publicize_feature_enabled":true},"categories":[14],"tags":[],"jetpack_publicize_connections":[],"yoast_head":"<!-- This site is optimized with the Yoast SEO plugin v19.1 - https:\/\/yoast.com\/wordpress\/plugins\/seo\/ -->\n<title>Mali i Zi e Kosova, t\u00eb p\u00ebrkushtuara p\u00ebr investime t\u00eb p\u00ebrbashk\u00ebta - Lajme nga Ulqini<\/title>\n<meta name=\"description\" content=\"Z\u00ebvend\u00ebsministri Bajram Gecaj priti n\u00eb takim Ambasadorin e Malit t\u00eb Zi n\u00eb Kosov\u00eb z. Ferhat Dinosha Z\u00ebvend\u00ebsministri i Ministris\u00eb s\u00eb Administrimit t\u00eb\" \/>\n<meta name=\"robots\" content=\"index, follow, max-snippet:-1, max-image-preview:large, max-video-preview:-1\" \/>\n<link rel=\"canonical\" href=\"https:\/\/www.visit-ulcinj.com\/blog\/2017\/02\/16\/mali-zi-e-kosova-te-perkushtuara-per-investime-te-perbashketa\/\" \/>\n<meta property=\"og:locale\" content=\"en_US\" \/>\n<meta property=\"og:type\" content=\"article\" \/>\n<meta property=\"og:title\" content=\"Mali i Zi e Kosova, t\u00eb p\u00ebrkushtuara p\u00ebr investime t\u00eb p\u00ebrbashk\u00ebta - Lajme nga Ulqini\" \/>\n<meta property=\"og:description\" content=\"Z\u00ebvend\u00ebsministri Bajram Gecaj priti n\u00eb takim Ambasadorin e Malit t\u00eb Zi n\u00eb Kosov\u00eb z. Ferhat Dinosha Z\u00ebvend\u00ebsministri i Ministris\u00eb s\u00eb Administrimit t\u00eb\" \/>\n<meta property=\"og:url\" content=\"https:\/\/www.visit-ulcinj.com\/blog\/2017\/02\/16\/mali-zi-e-kosova-te-perkushtuara-per-investime-te-perbashketa\/\" \/>\n<meta property=\"og:site_name\" content=\"Lajme nga Ulqini\" \/>\n<meta property=\"article:published_time\" content=\"2017-02-16T22:15:19+00:00\" \/>\n<meta property=\"og:image\" content=\"http:\/\/www.visit-ulcinj.com\/blog\/wp-content\/uploads\/2017\/02\/Bajram-Gecaj-Ferhat-Dinosha.jpg\" \/>\n<meta name=\"twitter:label1\" content=\"Written by\" \/>\n\t<meta name=\"twitter:data1\" content=\"ulqini\" \/>\n\t<meta name=\"twitter:label2\" content=\"Est. reading time\" \/>\n\t<meta name=\"twitter:data2\" content=\"1 minute\" \/>\n<script type=\"application\/ld+json\" class=\"yoast-schema-graph\">{\"@context\":\"https:\/\/schema.org\",\"@graph\":[{\"@type\":\"WebSite\",\"@id\":\"https:\/\/www.visit-ulcinj.com\/blog\/#website\",\"url\":\"https:\/\/www.visit-ulcinj.com\/blog\/\",\"name\":\"Lajme nga Ulqini\",\"description\":\"Lajme,Vijesti,Ulqini,Ulqin,Crna Gora,Mali i Zi\",\"potentialAction\":[{\"@type\":\"SearchAction\",\"target\":{\"@type\":\"EntryPoint\",\"urlTemplate\":\"https:\/\/www.visit-ulcinj.com\/blog\/?s={search_term_string}\"},\"query-input\":\"required name=search_term_string\"}],\"inLanguage\":\"en-US\"},{\"@type\":\"ImageObject\",\"inLanguage\":\"en-US\",\"@id\":\"https:\/\/www.visit-ulcinj.com\/blog\/2017\/02\/16\/mali-zi-e-kosova-te-perkushtuara-per-investime-te-perbashketa\/#primaryimage\",\"url\":\"https:\/\/www.visit-ulcinj.com\/blog\/wp-content\/uploads\/2017\/02\/Bajram-Gecaj-Ferhat-Dinosha.jpg\",\"contentUrl\":\"https:\/\/www.visit-ulcinj.com\/blog\/wp-content\/uploads\/2017\/02\/Bajram-Gecaj-Ferhat-Dinosha.jpg\",\"width\":400,\"height\":266},{\"@type\":\"WebPage\",\"@id\":\"https:\/\/www.visit-ulcinj.com\/blog\/2017\/02\/16\/mali-zi-e-kosova-te-perkushtuara-per-investime-te-perbashketa\/#webpage\",\"url\":\"https:\/\/www.visit-ulcinj.com\/blog\/2017\/02\/16\/mali-zi-e-kosova-te-perkushtuara-per-investime-te-perbashketa\/\",\"name\":\"Mali i Zi e Kosova, t\u00eb p\u00ebrkushtuara p\u00ebr investime t\u00eb p\u00ebrbashk\u00ebta - Lajme nga Ulqini\",\"isPartOf\":{\"@id\":\"https:\/\/www.visit-ulcinj.com\/blog\/#website\"},\"primaryImageOfPage\":{\"@id\":\"https:\/\/www.visit-ulcinj.com\/blog\/2017\/02\/16\/mali-zi-e-kosova-te-perkushtuara-per-investime-te-perbashketa\/#primaryimage\"},\"datePublished\":\"2017-02-16T22:15:19+00:00\",\"dateModified\":\"2017-02-16T22:15:19+00:00\",\"author\":{\"@id\":\"https:\/\/www.visit-ulcinj.com\/blog\/#\/schema\/person\/dcab619c614d3038751c63bc2aadc06d\"},\"description\":\"Z\u00ebvend\u00ebsministri Bajram Gecaj priti n\u00eb takim Ambasadorin e Malit t\u00eb Zi n\u00eb Kosov\u00eb z. Ferhat Dinosha Z\u00ebvend\u00ebsministri i Ministris\u00eb s\u00eb Administrimit t\u00eb\",\"breadcrumb\":{\"@id\":\"https:\/\/www.visit-ulcinj.com\/blog\/2017\/02\/16\/mali-zi-e-kosova-te-perkushtuara-per-investime-te-perbashketa\/#breadcrumb\"},\"inLanguage\":\"en-US\",\"potentialAction\":[{\"@type\":\"ReadAction\",\"target\":[\"https:\/\/www.visit-ulcinj.com\/blog\/2017\/02\/16\/mali-zi-e-kosova-te-perkushtuara-per-investime-te-perbashketa\/\"]}]},{\"@type\":\"BreadcrumbList\",\"@id\":\"https:\/\/www.visit-ulcinj.com\/blog\/2017\/02\/16\/mali-zi-e-kosova-te-perkushtuara-per-investime-te-perbashketa\/#breadcrumb\",\"itemListElement\":[{\"@type\":\"ListItem\",\"position\":1,\"name\":\"Mali i Zi e Kosova, t\u00eb p\u00ebrkushtuara p\u00ebr investime t\u00eb p\u00ebrbashk\u00ebta\"}]},{\"@type\":\"Person\",\"@id\":\"https:\/\/www.visit-ulcinj.com\/blog\/#\/schema\/person\/dcab619c614d3038751c63bc2aadc06d\",\"name\":\"ulqini\",\"sameAs\":[\"http:\/\/www.visit-ulcinj.com\"],\"url\":\"https:\/\/www.visit-ulcinj.com\/blog\/author\/admin\/\"}]}<\/script>\n<!-- \/ Yoast SEO plugin. -->","yoast_head_json":{"title":"Mali i Zi e Kosova, t\u00eb p\u00ebrkushtuara p\u00ebr investime t\u00eb p\u00ebrbashk\u00ebta - Lajme nga Ulqini","description":"Z\u00ebvend\u00ebsministri Bajram Gecaj priti n\u00eb takim Ambasadorin e Malit t\u00eb Zi n\u00eb Kosov\u00eb z. Ferhat Dinosha Z\u00ebvend\u00ebsministri i Ministris\u00eb s\u00eb Administrimit t\u00eb","robots":{"index":"index","follow":"follow","max-snippet":"max-snippet:-1","max-image-preview":"max-image-preview:large","max-video-preview":"max-video-preview:-1"},"canonical":"https:\/\/www.visit-ulcinj.com\/blog\/2017\/02\/16\/mali-zi-e-kosova-te-perkushtuara-per-investime-te-perbashketa\/","og_locale":"en_US","og_type":"article","og_title":"Mali i Zi e Kosova, t\u00eb p\u00ebrkushtuara p\u00ebr investime t\u00eb p\u00ebrbashk\u00ebta - Lajme nga Ulqini","og_description":"Z\u00ebvend\u00ebsministri Bajram Gecaj priti n\u00eb takim Ambasadorin e Malit t\u00eb Zi n\u00eb Kosov\u00eb z. Ferhat Dinosha Z\u00ebvend\u00ebsministri i Ministris\u00eb s\u00eb Administrimit t\u00eb","og_url":"https:\/\/www.visit-ulcinj.com\/blog\/2017\/02\/16\/mali-zi-e-kosova-te-perkushtuara-per-investime-te-perbashketa\/","og_site_name":"Lajme nga Ulqini","article_published_time":"2017-02-16T22:15:19+00:00","og_image":[{"url":"http:\/\/www.visit-ulcinj.com\/blog\/wp-content\/uploads\/2017\/02\/Bajram-Gecaj-Ferhat-Dinosha.jpg"}],"twitter_misc":{"Written by":"ulqini","Est. reading time":"1 minute"},"schema":{"@context":"https:\/\/schema.org","@graph":[{"@type":"WebSite","@id":"https:\/\/www.visit-ulcinj.com\/blog\/#website","url":"https:\/\/www.visit-ulcinj.com\/blog\/","name":"Lajme nga Ulqini","description":"Lajme,Vijesti,Ulqini,Ulqin,Crna Gora,Mali i Zi","potentialAction":[{"@type":"SearchAction","target":{"@type":"EntryPoint","urlTemplate":"https:\/\/www.visit-ulcinj.com\/blog\/?s={search_term_string}"},"query-input":"required name=search_term_string"}],"inLanguage":"en-US"},{"@type":"ImageObject","inLanguage":"en-US","@id":"https:\/\/www.visit-ulcinj.com\/blog\/2017\/02\/16\/mali-zi-e-kosova-te-perkushtuara-per-investime-te-perbashketa\/#primaryimage","url":"https:\/\/www.visit-ulcinj.com\/blog\/wp-content\/uploads\/2017\/02\/Bajram-Gecaj-Ferhat-Dinosha.jpg","contentUrl":"https:\/\/www.visit-ulcinj.com\/blog\/wp-content\/uploads\/2017\/02\/Bajram-Gecaj-Ferhat-Dinosha.jpg","width":400,"height":266},{"@type":"WebPage","@id":"https:\/\/www.visit-ulcinj.com\/blog\/2017\/02\/16\/mali-zi-e-kosova-te-perkushtuara-per-investime-te-perbashketa\/#webpage","url":"https:\/\/www.visit-ulcinj.com\/blog\/2017\/02\/16\/mali-zi-e-kosova-te-perkushtuara-per-investime-te-perbashketa\/","name":"Mali i Zi e Kosova, t\u00eb p\u00ebrkushtuara p\u00ebr investime t\u00eb p\u00ebrbashk\u00ebta - Lajme nga Ulqini","isPartOf":{"@id":"https:\/\/www.visit-ulcinj.com\/blog\/#website"},"primaryImageOfPage":{"@id":"https:\/\/www.visit-ulcinj.com\/blog\/2017\/02\/16\/mali-zi-e-kosova-te-perkushtuara-per-investime-te-perbashketa\/#primaryimage"},"datePublished":"2017-02-16T22:15:19+00:00","dateModified":"2017-02-16T22:15:19+00:00","author":{"@id":"https:\/\/www.visit-ulcinj.com\/blog\/#\/schema\/person\/dcab619c614d3038751c63bc2aadc06d"},"description":"Z\u00ebvend\u00ebsministri Bajram Gecaj priti n\u00eb takim Ambasadorin e Malit t\u00eb Zi n\u00eb Kosov\u00eb z. Ferhat Dinosha Z\u00ebvend\u00ebsministri i Ministris\u00eb s\u00eb Administrimit t\u00eb","breadcrumb":{"@id":"https:\/\/www.visit-ulcinj.com\/blog\/2017\/02\/16\/mali-zi-e-kosova-te-perkushtuara-per-investime-te-perbashketa\/#breadcrumb"},"inLanguage":"en-US","potentialAction":[{"@type":"ReadAction","target":["https:\/\/www.visit-ulcinj.com\/blog\/2017\/02\/16\/mali-zi-e-kosova-te-perkushtuara-per-investime-te-perbashketa\/"]}]},{"@type":"BreadcrumbList","@id":"https:\/\/www.visit-ulcinj.com\/blog\/2017\/02\/16\/mali-zi-e-kosova-te-perkushtuara-per-investime-te-perbashketa\/#breadcrumb","itemListElement":[{"@type":"ListItem","position":1,"name":"Mali i Zi e Kosova, t\u00eb p\u00ebrkushtuara p\u00ebr investime t\u00eb p\u00ebrbashk\u00ebta"}]},{"@type":"Person","@id":"https:\/\/www.visit-ulcinj.com\/blog\/#\/schema\/person\/dcab619c614d3038751c63bc2aadc06d","name":"ulqini","sameAs":["http:\/\/www.visit-ulcinj.com"],"url":"https:\/\/www.visit-ulcinj.com\/blog\/author\/admin\/"}]}},"jetpack_featured_media_url":"","jetpack_sharing_enabled":true,"jetpack_shortlink":"https:\/\/wp.me\/pe6lTn-qNb","_links":{"self":[{"href":"https:\/\/www.visit-ulcinj.com\/blog\/wp-json\/wp\/v2\/posts\/102993"}],"collection":[{"href":"https:\/\/www.visit-ulcinj.com\/blog\/wp-json\/wp\/v2\/posts"}],"about":[{"href":"https:\/\/www.visit-ulcinj.com\/blog\/wp-json\/wp\/v2\/types\/post"}],"author":[{"embeddable":true,"href":"https:\/\/www.visit-ulcinj.com\/blog\/wp-json\/wp\/v2\/users\/1"}],"replies":[{"embeddable":true,"href":"https:\/\/www.visit-ulcinj.com\/blog\/wp-json\/wp\/v2\/comments?post=102993"}],"version-history":[{"count":1,"href":"https:\/\/www.visit-ulcinj.com\/blog\/wp-json\/wp\/v2\/posts\/102993\/revisions"}],"predecessor-version":[{"id":102995,"href":"https:\/\/www.visit-ulcinj.com\/blog\/wp-json\/wp\/v2\/posts\/102993\/revisions\/102995"}],"wp:attachment":[{"href":"https:\/\/www.visit-ulcinj.com\/blog\/wp-json\/wp\/v2\/media?parent=102993"}],"wp:term":[{"taxonomy":"category","embeddable":true,"href":"https:\/\/www.visit-ulcinj.com\/blog\/wp-json\/wp\/v2\/categories?post=102993"},{"taxonomy":"post_tag","embeddable":true,"href":"https:\/\/www.visit-ulcinj.com\/blog\/wp-json\/wp\/v2\/tags?post=102993"}],"curies":[{"name":"wp","href":"https:\/\/api.w.org\/{rel}","templated":true}]}}